{"id":83447,"date":"2014-06-24T08:13:38","date_gmt":"2014-06-24T07:13:38","guid":{"rendered":"http:\/\/www.visit-ulcinj.com\/blog\/?p=83447"},"modified":"2014-06-24T08:13:38","modified_gmt":"2014-06-24T07:13:38","slug":"guci-keshilltaret-e-ldnemz-bojkotuan-hymnin-e-malit-te-zi-video","status":"publish","type":"post","link":"https:\/\/www.visit-ulcinj.com\/blog\/2014\/06\/24\/guci-keshilltaret-e-ldnemz-bojkotuan-hymnin-e-malit-te-zi-video\/","title":{"rendered":"Guci: K\u00ebshilltar\u00ebt e LDn\u00ebMZ bojkotuan hymnin e Malit t\u00eb Zi &#8211; Video"},"content":{"rendered":"<p><a href=\"http:\/\/www.visit-ulcinj.com\/blog\/wp-content\/uploads\/2010\/04\/lidhja-demokratike-ne-mal-te-zi-2.jpg\"><img loading=\"lazy\" class=\"alignleft  wp-image-32101\" alt=\"lidhja-demokratike-ne-mal-te-zi (2)\" src=\"http:\/\/www.visit-ulcinj.com\/blog\/wp-content\/uploads\/2010\/04\/lidhja-demokratike-ne-mal-te-zi-2.jpg\" width=\"508\" height=\"400\" \/><\/a>K\u00ebshilltar\u00ebt e Lidhjes Demokratike t\u00eb Shqiptarve n\u00eb MZ , n\u00eb Kuvendin Komunal t\u00eb Gucis\u00eb, nuk jan\u00eb ngritur n\u00eb k\u00ebmb\u00eb dhe nuk kan respektuar intonimin e Hymnit Malazez, dhe kan\u00eb k\u00ebrkuar q\u00eb t\u00eb vendoset flamuri Shqip\u00ebtar n\u00eb Kuvendin Komunal t\u00eb Gucis\u00eb.<\/p>\n<p>K\u00ebshilltaret e Lidhjes Demokratike, kan k\u00ebrkuar nderprerje t\u00eb seances , p\u00ebr shkak se flamuri Shqip\u00ebtar nuk ndodhej n\u00eb Kuvendin Komunal t\u00eb Gucis\u00eb, por kan mbetur t\u00eb vetem n\u00eb votim, pasi q\u00eb propozimi i LD-s\u00eb, nuk u votua nga shumica e k\u00ebshilltareve, madje nuk u votua as nga k\u00ebshilltar\u00ebt e partive politike shqiptare UDSH dhe Aleanca Shqiptare q\u00eb u hyn\u00eb n\u00eb koalicion pas-zgjedhor me partit\u00eb politike DPS, SDP dhe PB.<\/p>\n<p>N\u00eb sall\u00ebn e kuvendit ku u b\u00eb edhe zgjedhja e kryetarit t\u00eb ri t\u00eb komun\u00ebs z. Edis Omeragiq, ishin vet\u00ebm flamuri malazez dhe ai boshnjak por jo edhe ai shqiptar.<\/p>\n<p>\u201cNj\u00eb arsye m\u00eb shum\u00eb p\u00ebr k\u00ebt\u00eb ishte q\u00eb n\u00eb seanc\u00ebn e par\u00eb t\u00eb Kuvendit Komunal t\u00eb Gucis\u00eb nuk\u00a0 ishte v\u00ebndosur flamuri shqiptar, nd\u00ebrsa shqiptar\u00ebt n\u00eb Guci p\u00ebrb\u00ebjn\u00eb shumic\u00eb t\u00eb konsiderueshme,\u201d deklaroi Kryetari dhe k\u00ebshilltari LDn\u00ebMZ-Dega e Gucis\u00eb Bujar Hasangjekaj.<\/p>\n<p>K\u00ebrkojm\u00eb q\u00eb flamuri yn\u00eb t\u00eb v\u00ebndoset n\u00eb Kuvend, dhe nuk do respektojm\u00eb asnj\u00eb seanc\u00eb pa u v\u00ebndosur flamuri shqip\u00ebtar ketu, kan\u00eb th\u00ebn\u00eb K\u00ebshilltar\u00ebt e kesaj\u00eb Partie Shqiptare. <strong>\/Malesia.Org\/<\/strong><\/p>\n<p><strong>Komunikat\u00eb e LDn\u00ebMZ<\/strong><\/p>\n<p>Sot, m\u00eb 23.06.2014 u mbajt mbledhja konstituive e Kuvendit t\u00eb Komun\u00ebs s\u00eb sapo formuar t\u00eb Gucis\u00eb.<\/p>\n<p>Paraprakisht, pikat e rendit t\u00eb dites ishin t\u00eb cakuara si n\u00eb vijim:<\/p>\n<p>1. Raporti i Komisionit Zgjedhor Komunal p\u00ebr rezultatet e zgjedhjes s\u00eb k\u00ebshilltar\u00ebve n\u00eb Kuvendin Komunal t\u00eb Gucis\u00eb; dhe 2. Verifikimi i mandateve t\u00eb k\u00ebshilltar\u00ebve t\u00eb Kuvendit Komunal t\u00eb Gucis\u00eb.<\/p>\n<p>Pas raportimit t\u00eb Komisionit Zgjedhor Komunal dhe verifikimit t\u00eb mandateve t\u00eb k\u00ebshilltar\u00ebve t\u00eb Kuvendit Komunal, si propozim nga p\u00ebrfaq\u00ebsuesja e partis\u00eb politike DPS dhe partnereve t\u00eb saj doli edhe zgjedhja e Kryetarit t\u00eb Kuvendit Komunal t\u00eb Gucis\u00eb. Ky propozim i DPS-it u mb\u00ebshtet nga Koalicioni \u201cT\u00eb bashkuar p\u00ebr Gucin\u00eb\u201d i p\u00ebrb\u00ebr\u00eb nga subjeketet politike DPS, SDP dhe PB si dhe nga dy partit\u00eb shqiptare Unioni Demokratik i Shqiptareve-UDSH dhe Aleanca Shqiptare. Si rrjedhoj\u00eb e k\u00ebsaj mb\u00ebshtetjeje u zgjodh Kryetari i Kuvendit Komunal t\u00eb Gucis\u00eb z, Elvis Omeragic nga partia SDP, i cili morri 16 vota pro, 10 kund\u00ebr dhe 4 vota t\u00eb p\u00ebrmbajtura. K\u00ebshilltar\u00ebt e Lidhjes Demokratike n\u00eb Mal t\u00eb Zi abstenuan gjat\u00eb votimit.<\/p>\n<p>Edhe n\u00eb seancen plenare shqiptaret si \u00e7do her\u00eb tjet\u00ebr ishtin t\u00eb diskriminuar p\u00ebr arsyen se flamuri yn\u00eb komb\u00ebtar nuk ishte v\u00ebndosur fare n\u00eb sall\u00ebn e Kuvendit. Aty ishin t\u00eb v\u00ebndosur flamuri shtet\u00ebror i Malit t\u00eb Zi dhe ai i komunitetit boshnjak. Si pasoj\u00eb, e k\u00ebsaj padrejt\u00ebsie ndaj popullit shqiptar asnj\u00eb nga 4 k\u00ebshilltar\u00ebt e LDn\u00ebMZ nuk \u00ebsht\u00eb ngritur n\u00eb k\u00ebmb\u00eb gjat\u00eb intonimit t\u00eb himnit shtet\u00ebror Malazez.<\/p>\n<p>Pas, intonimit t\u00eb himnit shtet\u00ebror Malazez, k\u00ebshilltari nga rradh\u00ebt e LDn\u00ebMZ z. Asdren \u00c7elaj, n\u00eb fjal\u00ebn p\u00ebrsh\u00ebndet\u00ebse propozi q\u00eb seanca t\u00eb nderpritet gjegj\u00ebsisht k\u00ebrkoi pauz\u00eb 10 minut\u00ebshe deri sa n\u00eb sall\u00eb t\u00eb t\u00eb v\u00ebndosej edhe flamuri komb\u00ebtar Shqiptar.<\/p>\n<p>Kryesuesi i mbledhjes s\u00eb Kuvendit Komunal e hodhi n\u00eb votim propozimin e z. \u00c7elaj, por ky propozim nuk u votua nga shumica e k\u00ebshilltareve, madje q\u00eb \u00ebsht\u00eb p\u00ebr k\u00ebqardhje nuk u votua as nga k\u00ebshilltar\u00ebt e partive politike shqiptare UDSH dhe Aleanca Shqiptare q\u00eb u hyn\u00eb n\u00eb koalicion pas-zgjedhor me partit\u00eb politike DPS, SDP dhe PB.<\/p>\n<p>Megjith\u00eb rezultatin, kryesusi dha nj\u00eb pauze 10 minuteshe gjat\u00eb s\u00eb cil\u00ebs na siguroi se n\u00eb seancat e rradh\u00ebs do t\u00eb vendoset edhe flamuri komb\u00ebtar shqiptar n\u00eb sall\u00ebn e mbledhjes. N\u00eb t\u00eb kund\u00ebrt\u00ebn, ne si Lidhje Demokratike nuk do t\u00eb marrim pjes\u00eb n\u00eb seanca t\u00eb rradh\u00ebs.<\/p>\n<p><strong>Sherbimi informativ\u00a0 i LDn\u00ebMZ-Dega e Gucis\u00eb<\/strong><\/p>\n<div style=\"width: 640px;\" class=\"wp-video\"><!--[if lt IE 9]><script>document.createElement('video');<\/script><![endif]-->\n<video class=\"wp-video-shortcode\" id=\"video-83447-1\" width=\"640\" height=\"360\" preload=\"metadata\" controls=\"controls\"><source type=\"video\/x-flv\" src=\"http:\/\/www.rtcg.me\/upload\/boxFileData\/2014\/06\/23\/76157\/23.06.23%2006%20post%20vanja%20%20rakonjac%20201%20gusinje_001.flv?_=1\" \/><a href=\"http:\/\/www.rtcg.me\/upload\/boxFileData\/2014\/06\/23\/76157\/23.06.23%2006%20post%20vanja%20%20rakonjac%20201%20gusinje_001.flv\">http:\/\/www.rtcg.me\/upload\/boxFileData\/2014\/06\/23\/76157\/23.06.23%2006%20post%20vanja%20%20rakonjac%20201%20gusinje_001.flv<\/a><\/video><\/div>\n","protected":false},"excerpt":{"rendered":"<p>K\u00ebshilltar\u00ebt e Lidhjes Demokratike t\u00eb Shqiptarve n\u00eb MZ , n\u00eb Kuvendin Komunal t\u00eb Gucis\u00eb, nuk jan\u00eb ngritur n\u00eb k\u00ebmb\u00eb dhe nuk kan respektuar intonimin e Hymnit Malazez, dhe kan\u00eb k\u00ebrkuar q\u00eb t\u00eb vendoset flamuri Shqip\u00ebtar n\u00eb Kuvendin Komunal t\u00eb Gucis\u00eb. K\u00ebshilltaret e Lidhjes Demokratike, kan k\u00ebrkuar nderprerje t\u00eb seances , p\u00ebr shkak se flamuri Shqip\u00ebtar [&hellip;]<\/p>\n","protected":false},"author":1,"featured_media":0,"comment_status":"closed","ping_status":"closed","sticky":false,"template":"","format":"standard","meta":{"spay_email":"","jetpack_publicize_message":"","jetpack_is_tweetstorm":false,"jetpack_publicize_feature_enabled":true},"categories":[14],"tags":[],"jetpack_publicize_connections":[],"yoast_head":"<!-- This site is optimized with the Yoast SEO plugin v19.1 - https:\/\/yoast.com\/wordpress\/plugins\/seo\/ -->\n<title>Guci: K\u00ebshilltar\u00ebt e LDn\u00ebMZ bojkotuan hymnin e Malit t\u00eb Zi - Video - Lajme nga Ulqini<\/title>\n<meta name=\"description\" content=\"K\u00ebshilltar\u00ebt e Lidhjes Demokratike t\u00eb Shqiptarve n\u00eb MZ , n\u00eb Kuvendin Komunal t\u00eb Gucis\u00eb, nuk jan\u00eb ngritur n\u00eb k\u00ebmb\u00eb dhe nuk kan respektuar intonimin e\" \/>\n<meta name=\"robots\" content=\"index, follow, max-snippet:-1, max-image-preview:large, max-video-preview:-1\" \/>\n<link rel=\"canonical\" href=\"https:\/\/www.visit-ulcinj.com\/blog\/2014\/06\/24\/guci-keshilltaret-e-ldnemz-bojkotuan-hymnin-e-malit-te-zi-video\/\" \/>\n<meta property=\"og:locale\" content=\"en_US\" \/>\n<meta property=\"og:type\" content=\"article\" \/>\n<meta property=\"og:title\" content=\"Guci: K\u00ebshilltar\u00ebt e LDn\u00ebMZ bojkotuan hymnin e Malit t\u00eb Zi - Video - Lajme nga Ulqini\" \/>\n<meta property=\"og:description\" content=\"K\u00ebshilltar\u00ebt e Lidhjes Demokratike t\u00eb Shqiptarve n\u00eb MZ , n\u00eb Kuvendin Komunal t\u00eb Gucis\u00eb, nuk jan\u00eb ngritur n\u00eb k\u00ebmb\u00eb dhe nuk kan respektuar intonimin e\" \/>\n<meta property=\"og:url\" content=\"https:\/\/www.visit-ulcinj.com\/blog\/2014\/06\/24\/guci-keshilltaret-e-ldnemz-bojkotuan-hymnin-e-malit-te-zi-video\/\" \/>\n<meta property=\"og:site_name\" content=\"Lajme nga Ulqini\" \/>\n<meta property=\"article:published_time\" content=\"2014-06-24T07:13:38+00:00\" \/>\n<meta property=\"og:image\" content=\"http:\/\/www.visit-ulcinj.com\/blog\/wp-content\/uploads\/2010\/04\/lidhja-demokratike-ne-mal-te-zi-2.jpg\" \/>\n<meta name=\"twitter:label1\" content=\"Written by\" \/>\n\t<meta name=\"twitter:data1\" content=\"ulqini\" \/>\n\t<meta name=\"twitter:label2\" content=\"Est. reading time\" \/>\n\t<meta name=\"twitter:data2\" content=\"3 minutes\" \/>\n<script type=\"application\/ld+json\" class=\"yoast-schema-graph\">{\"@context\":\"https:\/\/schema.org\",\"@graph\":[{\"@type\":\"WebSite\",\"@id\":\"https:\/\/www.visit-ulcinj.com\/blog\/#website\",\"url\":\"https:\/\/www.visit-ulcinj.com\/blog\/\",\"name\":\"Lajme nga Ulqini\",\"description\":\"Lajme,Vijesti,Ulqini,Ulqin,Crna Gora,Mali i Zi\",\"potentialAction\":[{\"@type\":\"SearchAction\",\"target\":{\"@type\":\"EntryPoint\",\"urlTemplate\":\"https:\/\/www.visit-ulcinj.com\/blog\/?s={search_term_string}\"},\"query-input\":\"required name=search_term_string\"}],\"inLanguage\":\"en-US\"},{\"@type\":\"ImageObject\",\"inLanguage\":\"en-US\",\"@id\":\"https:\/\/www.visit-ulcinj.com\/blog\/2014\/06\/24\/guci-keshilltaret-e-ldnemz-bojkotuan-hymnin-e-malit-te-zi-video\/#primaryimage\",\"url\":\"https:\/\/www.visit-ulcinj.com\/blog\/wp-content\/uploads\/2010\/04\/lidhja-demokratike-ne-mal-te-zi-2.jpg\",\"contentUrl\":\"https:\/\/www.visit-ulcinj.com\/blog\/wp-content\/uploads\/2010\/04\/lidhja-demokratike-ne-mal-te-zi-2.jpg\",\"width\":\"800\",\"height\":\"636\"},{\"@type\":\"WebPage\",\"@id\":\"https:\/\/www.visit-ulcinj.com\/blog\/2014\/06\/24\/guci-keshilltaret-e-ldnemz-bojkotuan-hymnin-e-malit-te-zi-video\/#webpage\",\"url\":\"https:\/\/www.visit-ulcinj.com\/blog\/2014\/06\/24\/guci-keshilltaret-e-ldnemz-bojkotuan-hymnin-e-malit-te-zi-video\/\",\"name\":\"Guci: K\u00ebshilltar\u00ebt e LDn\u00ebMZ bojkotuan hymnin e Malit t\u00eb Zi - Video - Lajme nga Ulqini\",\"isPartOf\":{\"@id\":\"https:\/\/www.visit-ulcinj.com\/blog\/#website\"},\"primaryImageOfPage\":{\"@id\":\"https:\/\/www.visit-ulcinj.com\/blog\/2014\/06\/24\/guci-keshilltaret-e-ldnemz-bojkotuan-hymnin-e-malit-te-zi-video\/#primaryimage\"},\"datePublished\":\"2014-06-24T07:13:38+00:00\",\"dateModified\":\"2014-06-24T07:13:38+00:00\",\"author\":{\"@id\":\"https:\/\/www.visit-ulcinj.com\/blog\/#\/schema\/person\/dcab619c614d3038751c63bc2aadc06d\"},\"description\":\"K\u00ebshilltar\u00ebt e Lidhjes Demokratike t\u00eb Shqiptarve n\u00eb MZ , n\u00eb Kuvendin Komunal t\u00eb Gucis\u00eb, nuk jan\u00eb ngritur n\u00eb k\u00ebmb\u00eb dhe nuk kan respektuar intonimin e\",\"breadcrumb\":{\"@id\":\"https:\/\/www.visit-ulcinj.com\/blog\/2014\/06\/24\/guci-keshilltaret-e-ldnemz-bojkotuan-hymnin-e-malit-te-zi-video\/#breadcrumb\"},\"inLanguage\":\"en-US\",\"potentialAction\":[{\"@type\":\"ReadAction\",\"target\":[\"https:\/\/www.visit-ulcinj.com\/blog\/2014\/06\/24\/guci-keshilltaret-e-ldnemz-bojkotuan-hymnin-e-malit-te-zi-video\/\"]}]},{\"@type\":\"BreadcrumbList\",\"@id\":\"https:\/\/www.visit-ulcinj.com\/blog\/2014\/06\/24\/guci-keshilltaret-e-ldnemz-bojkotuan-hymnin-e-malit-te-zi-video\/#breadcrumb\",\"itemListElement\":[{\"@type\":\"ListItem\",\"position\":1,\"name\":\"Guci: K\u00ebshilltar\u00ebt e LDn\u00ebMZ bojkotuan hymnin e Malit t\u00eb Zi &#8211; Video\"}]},{\"@type\":\"Person\",\"@id\":\"https:\/\/www.visit-ulcinj.com\/blog\/#\/schema\/person\/dcab619c614d3038751c63bc2aadc06d\",\"name\":\"ulqini\",\"sameAs\":[\"http:\/\/www.visit-ulcinj.com\"],\"url\":\"https:\/\/www.visit-ulcinj.com\/blog\/author\/admin\/\"}]}<\/script>\n<!-- \/ Yoast SEO plugin. -->","yoast_head_json":{"title":"Guci: K\u00ebshilltar\u00ebt e LDn\u00ebMZ bojkotuan hymnin e Malit t\u00eb Zi - Video - Lajme nga Ulqini","description":"K\u00ebshilltar\u00ebt e Lidhjes Demokratike t\u00eb Shqiptarve n\u00eb MZ , n\u00eb Kuvendin Komunal t\u00eb Gucis\u00eb, nuk jan\u00eb ngritur n\u00eb k\u00ebmb\u00eb dhe nuk kan respektuar intonimin e","robots":{"index":"index","follow":"follow","max-snippet":"max-snippet:-1","max-image-preview":"max-image-preview:large","max-video-preview":"max-video-preview:-1"},"canonical":"https:\/\/www.visit-ulcinj.com\/blog\/2014\/06\/24\/guci-keshilltaret-e-ldnemz-bojkotuan-hymnin-e-malit-te-zi-video\/","og_locale":"en_US","og_type":"article","og_title":"Guci: K\u00ebshilltar\u00ebt e LDn\u00ebMZ bojkotuan hymnin e Malit t\u00eb Zi - Video - Lajme nga Ulqini","og_description":"K\u00ebshilltar\u00ebt e Lidhjes Demokratike t\u00eb Shqiptarve n\u00eb MZ , n\u00eb Kuvendin Komunal t\u00eb Gucis\u00eb, nuk jan\u00eb ngritur n\u00eb k\u00ebmb\u00eb dhe nuk kan respektuar intonimin e","og_url":"https:\/\/www.visit-ulcinj.com\/blog\/2014\/06\/24\/guci-keshilltaret-e-ldnemz-bojkotuan-hymnin-e-malit-te-zi-video\/","og_site_name":"Lajme nga Ulqini","article_published_time":"2014-06-24T07:13:38+00:00","og_image":[{"url":"http:\/\/www.visit-ulcinj.com\/blog\/wp-content\/uploads\/2010\/04\/lidhja-demokratike-ne-mal-te-zi-2.jpg"}],"twitter_misc":{"Written by":"ulqini","Est. reading time":"3 minutes"},"schema":{"@context":"https:\/\/schema.org","@graph":[{"@type":"WebSite","@id":"https:\/\/www.visit-ulcinj.com\/blog\/#website","url":"https:\/\/www.visit-ulcinj.com\/blog\/","name":"Lajme nga Ulqini","description":"Lajme,Vijesti,Ulqini,Ulqin,Crna Gora,Mali i Zi","potentialAction":[{"@type":"SearchAction","target":{"@type":"EntryPoint","urlTemplate":"https:\/\/www.visit-ulcinj.com\/blog\/?s={search_term_string}"},"query-input":"required name=search_term_string"}],"inLanguage":"en-US"},{"@type":"ImageObject","inLanguage":"en-US","@id":"https:\/\/www.visit-ulcinj.com\/blog\/2014\/06\/24\/guci-keshilltaret-e-ldnemz-bojkotuan-hymnin-e-malit-te-zi-video\/#primaryimage","url":"https:\/\/www.visit-ulcinj.com\/blog\/wp-content\/uploads\/2010\/04\/lidhja-demokratike-ne-mal-te-zi-2.jpg","contentUrl":"https:\/\/www.visit-ulcinj.com\/blog\/wp-content\/uploads\/2010\/04\/lidhja-demokratike-ne-mal-te-zi-2.jpg","width":"800","height":"636"},{"@type":"WebPage","@id":"https:\/\/www.visit-ulcinj.com\/blog\/2014\/06\/24\/guci-keshilltaret-e-ldnemz-bojkotuan-hymnin-e-malit-te-zi-video\/#webpage","url":"https:\/\/www.visit-ulcinj.com\/blog\/2014\/06\/24\/guci-keshilltaret-e-ldnemz-bojkotuan-hymnin-e-malit-te-zi-video\/","name":"Guci: K\u00ebshilltar\u00ebt e LDn\u00ebMZ bojkotuan hymnin e Malit t\u00eb Zi - Video - Lajme nga Ulqini","isPartOf":{"@id":"https:\/\/www.visit-ulcinj.com\/blog\/#website"},"primaryImageOfPage":{"@id":"https:\/\/www.visit-ulcinj.com\/blog\/2014\/06\/24\/guci-keshilltaret-e-ldnemz-bojkotuan-hymnin-e-malit-te-zi-video\/#primaryimage"},"datePublished":"2014-06-24T07:13:38+00:00","dateModified":"2014-06-24T07:13:38+00:00","author":{"@id":"https:\/\/www.visit-ulcinj.com\/blog\/#\/schema\/person\/dcab619c614d3038751c63bc2aadc06d"},"description":"K\u00ebshilltar\u00ebt e Lidhjes Demokratike t\u00eb Shqiptarve n\u00eb MZ , n\u00eb Kuvendin Komunal t\u00eb Gucis\u00eb, nuk jan\u00eb ngritur n\u00eb k\u00ebmb\u00eb dhe nuk kan respektuar intonimin e","breadcrumb":{"@id":"https:\/\/www.visit-ulcinj.com\/blog\/2014\/06\/24\/guci-keshilltaret-e-ldnemz-bojkotuan-hymnin-e-malit-te-zi-video\/#breadcrumb"},"inLanguage":"en-US","potentialAction":[{"@type":"ReadAction","target":["https:\/\/www.visit-ulcinj.com\/blog\/2014\/06\/24\/guci-keshilltaret-e-ldnemz-bojkotuan-hymnin-e-malit-te-zi-video\/"]}]},{"@type":"BreadcrumbList","@id":"https:\/\/www.visit-ulcinj.com\/blog\/2014\/06\/24\/guci-keshilltaret-e-ldnemz-bojkotuan-hymnin-e-malit-te-zi-video\/#breadcrumb","itemListElement":[{"@type":"ListItem","position":1,"name":"Guci: K\u00ebshilltar\u00ebt e LDn\u00ebMZ bojkotuan hymnin e Malit t\u00eb Zi &#8211; Video"}]},{"@type":"Person","@id":"https:\/\/www.visit-ulcinj.com\/blog\/#\/schema\/person\/dcab619c614d3038751c63bc2aadc06d","name":"ulqini","sameAs":["http:\/\/www.visit-ulcinj.com"],"url":"https:\/\/www.visit-ulcinj.com\/blog\/author\/admin\/"}]}},"jetpack_featured_media_url":"","jetpack_sharing_enabled":true,"jetpack_shortlink":"https:\/\/wp.me\/pe6lTn-lHV","_links":{"self":[{"href":"https:\/\/www.visit-ulcinj.com\/blog\/wp-json\/wp\/v2\/posts\/83447"}],"collection":[{"href":"https:\/\/www.visit-ulcinj.com\/blog\/wp-json\/wp\/v2\/posts"}],"about":[{"href":"https:\/\/www.visit-ulcinj.com\/blog\/wp-json\/wp\/v2\/types\/post"}],"author":[{"embeddable":true,"href":"https:\/\/www.visit-ulcinj.com\/blog\/wp-json\/wp\/v2\/users\/1"}],"replies":[{"embeddable":true,"href":"https:\/\/www.visit-ulcinj.com\/blog\/wp-json\/wp\/v2\/comments?post=83447"}],"version-history":[{"count":1,"href":"https:\/\/www.visit-ulcinj.com\/blog\/wp-json\/wp\/v2\/posts\/83447\/revisions"}],"predecessor-version":[{"id":83448,"href":"https:\/\/www.visit-ulcinj.com\/blog\/wp-json\/wp\/v2\/posts\/83447\/revisions\/83448"}],"wp:attachment":[{"href":"https:\/\/www.visit-ulcinj.com\/blog\/wp-json\/wp\/v2\/media?parent=83447"}],"wp:term":[{"taxonomy":"category","embeddable":true,"href":"https:\/\/www.visit-ulcinj.com\/blog\/wp-json\/wp\/v2\/categories?post=83447"},{"taxonomy":"post_tag","embeddable":true,"href":"https:\/\/www.visit-ulcinj.com\/blog\/wp-json\/wp\/v2\/tags?post=83447"}],"curies":[{"name":"wp","href":"https:\/\/api.w.org\/{rel}","templated":true}]}}