{"id":83454,"date":"2014-06-24T18:04:46","date_gmt":"2014-06-24T17:04:46","guid":{"rendered":"http:\/\/www.visit-ulcinj.com\/blog\/?p=83454"},"modified":"2014-06-24T18:05:04","modified_gmt":"2014-06-24T17:05:04","slug":"fatmir-deka-sve-ce-biti-spremno-za-izbor-za-miss-albanije","status":"publish","type":"post","link":"https:\/\/www.visit-ulcinj.com\/blog\/2014\/06\/24\/fatmir-deka-sve-ce-biti-spremno-za-izbor-za-miss-albanije\/","title":{"rendered":"Fatmir \u0110EKA: Sve \u0107e biti spremno za izbor za miss Albanije"},"content":{"rendered":"<p><a href=\"http:\/\/www.visit-ulcinj.com\/blog\/wp-content\/uploads\/2014\/06\/Miss-Shqiperia-2014_Ulqin.jpg\"><img loading=\"lazy\" class=\"alignleft  wp-image-83397\" alt=\"Miss-Shqiperia-2014_Ulqin\" src=\"http:\/\/www.visit-ulcinj.com\/blog\/wp-content\/uploads\/2014\/06\/Miss-Shqiperia-2014_Ulqin.jpg\" width=\"508\" height=\"360\" \/><\/a>Predsjednik Op\u0161tine Ulcinj Fatmir \u0110eka izjavio je Vijestima da \u0107e i pored blokade ra\u010duna lokalne samouprave sve biti spremno za odr\u017eavanje manifestacije izbor za miss Albanije, zakazane u petak ve\u010de na Velikoj skeli na Pristanu.<\/p>\n<p>-Ljepotice, koje su u Ulcinj stigle prije tri dana, do\u0161le su u zao \u010das za lokalnu vlast. Sud je u sporu izme\u0111u Op\u0161tine Ulcinj i &#8220;Partizanskog puta&#8221; presudio u korist Beogra\u0111ana, pa se prvi \u010dovjek grada u me\u0111uvremenu suo\u010dio sa blokadom ra\u010duna zbog duga od vi\u0161e od pola miliona eura na ime kamata glavnih potra\u017eivanja koja datiraju od prije vi\u0161e od dvije decenije. Zbog toga je \u0110eka bio primoran da u pomo\u0107 pozove lokalne biznismene, koji su do ju\u010de u podne na poseban \u017eiro ra\u010dun Op\u0161tine uplatili ne\u0161to vi\u0161e od pet hiljada eura- pi\u0161u Vijesti.<\/p>\n<p>&#8220;Do petka \u0107emo ispuniti svoje obaveze i vjerujem da \u0107emo svi u\u017eivati u istinskom spektaklu- kazao je \u0110eka.<\/p>\n<p>On je sa indignacijom odbacio optu\u017ebe dijela javnosti da je u pitanju provokacija, isti\u010du\u0107i da je u pitanju promocija ulcinjskog turizma i da \u0107e doga\u0111aju prisustvovati vi\u0161e hiljada gostiju iz zemlje i regiona.<\/p>\n<p>Kandidatkinje za miss Albanije, njih 31, smje\u0161tene su u hotelu &#8220;Olimpik&#8221; na Velikoj pla\u017ei.<\/p>\n<p><strong>Izvor: Analitika &#8211; Informativni Portal<\/strong><\/p>\n","protected":false},"excerpt":{"rendered":"<p>Predsjednik Op\u0161tine Ulcinj Fatmir \u0110eka izjavio je Vijestima da \u0107e i pored blokade ra\u010duna lokalne samouprave sve biti spremno za odr\u017eavanje manifestacije izbor za miss Albanije, zakazane u petak ve\u010de na Velikoj skeli na Pristanu. -Ljepotice, koje su u Ulcinj stigle prije tri dana, do\u0161le su u zao \u010das za lokalnu vlast. Sud je u [&hellip;]<\/p>\n","protected":false},"author":1,"featured_media":0,"comment_status":"closed","ping_status":"closed","sticky":false,"template":"","format":"standard","meta":{"spay_email":"","jetpack_publicize_message":"","jetpack_is_tweetstorm":false,"jetpack_publicize_feature_enabled":true},"categories":[8337],"tags":[],"jetpack_publicize_connections":[],"yoast_head":"<!-- This site is optimized with the Yoast SEO plugin v19.1 - https:\/\/yoast.com\/wordpress\/plugins\/seo\/ -->\n<title>Fatmir \u0110EKA: Sve \u0107e biti spremno za izbor za miss Albanije - Lajme nga Ulqini<\/title>\n<meta name=\"description\" content=\"Predsjednik Op\u0161tine Ulcinj Fatmir \u0110eka izjavio je Vijestima da \u0107e i pored blokade ra\u010duna lokalne samouprave sve biti spremno za odr\u017eavanje manifestacije\" \/>\n<meta name=\"robots\" content=\"index, follow, max-snippet:-1, max-image-preview:large, max-video-preview:-1\" \/>\n<link rel=\"canonical\" href=\"https:\/\/www.visit-ulcinj.com\/blog\/2014\/06\/24\/fatmir-deka-sve-ce-biti-spremno-za-izbor-za-miss-albanije\/\" \/>\n<meta property=\"og:locale\" content=\"en_US\" \/>\n<meta property=\"og:type\" content=\"article\" \/>\n<meta property=\"og:title\" content=\"Fatmir \u0110EKA: Sve \u0107e biti spremno za izbor za miss Albanije - Lajme nga Ulqini\" \/>\n<meta property=\"og:description\" content=\"Predsjednik Op\u0161tine Ulcinj Fatmir \u0110eka izjavio je Vijestima da \u0107e i pored blokade ra\u010duna lokalne samouprave sve biti spremno za odr\u017eavanje manifestacije\" \/>\n<meta property=\"og:url\" content=\"https:\/\/www.visit-ulcinj.com\/blog\/2014\/06\/24\/fatmir-deka-sve-ce-biti-spremno-za-izbor-za-miss-albanije\/\" \/>\n<meta property=\"og:site_name\" content=\"Lajme nga Ulqini\" \/>\n<meta property=\"article:published_time\" content=\"2014-06-24T17:04:46+00:00\" \/>\n<meta property=\"article:modified_time\" content=\"2014-06-24T17:05:04+00:00\" \/>\n<meta property=\"og:image\" content=\"http:\/\/www.visit-ulcinj.com\/blog\/wp-content\/uploads\/2014\/06\/Miss-Shqiperia-2014_Ulqin.jpg\" \/>\n<meta name=\"twitter:label1\" content=\"Written by\" \/>\n\t<meta name=\"twitter:data1\" content=\"ulqini\" \/>\n\t<meta name=\"twitter:label2\" content=\"Est. reading time\" \/>\n\t<meta name=\"twitter:data2\" content=\"1 minute\" \/>\n<script type=\"application\/ld+json\" class=\"yoast-schema-graph\">{\"@context\":\"https:\/\/schema.org\",\"@graph\":[{\"@type\":\"WebSite\",\"@id\":\"https:\/\/www.visit-ulcinj.com\/blog\/#website\",\"url\":\"https:\/\/www.visit-ulcinj.com\/blog\/\",\"name\":\"Lajme nga Ulqini\",\"description\":\"Lajme,Vijesti,Ulqini,Ulqin,Crna Gora,Mali i Zi\",\"potentialAction\":[{\"@type\":\"SearchAction\",\"target\":{\"@type\":\"EntryPoint\",\"urlTemplate\":\"https:\/\/www.visit-ulcinj.com\/blog\/?s={search_term_string}\"},\"query-input\":\"required name=search_term_string\"}],\"inLanguage\":\"en-US\"},{\"@type\":\"ImageObject\",\"inLanguage\":\"en-US\",\"@id\":\"https:\/\/www.visit-ulcinj.com\/blog\/2014\/06\/24\/fatmir-deka-sve-ce-biti-spremno-za-izbor-za-miss-albanije\/#primaryimage\",\"url\":\"https:\/\/www.visit-ulcinj.com\/blog\/wp-content\/uploads\/2014\/06\/Miss-Shqiperia-2014_Ulqin.jpg\",\"contentUrl\":\"https:\/\/www.visit-ulcinj.com\/blog\/wp-content\/uploads\/2014\/06\/Miss-Shqiperia-2014_Ulqin.jpg\",\"width\":975,\"height\":436},{\"@type\":\"WebPage\",\"@id\":\"https:\/\/www.visit-ulcinj.com\/blog\/2014\/06\/24\/fatmir-deka-sve-ce-biti-spremno-za-izbor-za-miss-albanije\/#webpage\",\"url\":\"https:\/\/www.visit-ulcinj.com\/blog\/2014\/06\/24\/fatmir-deka-sve-ce-biti-spremno-za-izbor-za-miss-albanije\/\",\"name\":\"Fatmir \u0110EKA: Sve \u0107e biti spremno za izbor za miss Albanije - Lajme nga Ulqini\",\"isPartOf\":{\"@id\":\"https:\/\/www.visit-ulcinj.com\/blog\/#website\"},\"primaryImageOfPage\":{\"@id\":\"https:\/\/www.visit-ulcinj.com\/blog\/2014\/06\/24\/fatmir-deka-sve-ce-biti-spremno-za-izbor-za-miss-albanije\/#primaryimage\"},\"datePublished\":\"2014-06-24T17:04:46+00:00\",\"dateModified\":\"2014-06-24T17:05:04+00:00\",\"author\":{\"@id\":\"https:\/\/www.visit-ulcinj.com\/blog\/#\/schema\/person\/dcab619c614d3038751c63bc2aadc06d\"},\"description\":\"Predsjednik Op\u0161tine Ulcinj Fatmir \u0110eka izjavio je Vijestima da \u0107e i pored blokade ra\u010duna lokalne samouprave sve biti spremno za odr\u017eavanje manifestacije\",\"breadcrumb\":{\"@id\":\"https:\/\/www.visit-ulcinj.com\/blog\/2014\/06\/24\/fatmir-deka-sve-ce-biti-spremno-za-izbor-za-miss-albanije\/#breadcrumb\"},\"inLanguage\":\"en-US\",\"potentialAction\":[{\"@type\":\"ReadAction\",\"target\":[\"https:\/\/www.visit-ulcinj.com\/blog\/2014\/06\/24\/fatmir-deka-sve-ce-biti-spremno-za-izbor-za-miss-albanije\/\"]}]},{\"@type\":\"BreadcrumbList\",\"@id\":\"https:\/\/www.visit-ulcinj.com\/blog\/2014\/06\/24\/fatmir-deka-sve-ce-biti-spremno-za-izbor-za-miss-albanije\/#breadcrumb\",\"itemListElement\":[{\"@type\":\"ListItem\",\"position\":1,\"name\":\"Fatmir \u0110EKA: Sve \u0107e biti spremno za izbor za miss Albanije\"}]},{\"@type\":\"Person\",\"@id\":\"https:\/\/www.visit-ulcinj.com\/blog\/#\/schema\/person\/dcab619c614d3038751c63bc2aadc06d\",\"name\":\"ulqini\",\"sameAs\":[\"http:\/\/www.visit-ulcinj.com\"],\"url\":\"https:\/\/www.visit-ulcinj.com\/blog\/author\/admin\/\"}]}<\/script>\n<!-- \/ Yoast SEO plugin. -->","yoast_head_json":{"title":"Fatmir \u0110EKA: Sve \u0107e biti spremno za izbor za miss Albanije - Lajme nga Ulqini","description":"Predsjednik Op\u0161tine Ulcinj Fatmir \u0110eka izjavio je Vijestima da \u0107e i pored blokade ra\u010duna lokalne samouprave sve biti spremno za odr\u017eavanje manifestacije","robots":{"index":"index","follow":"follow","max-snippet":"max-snippet:-1","max-image-preview":"max-image-preview:large","max-video-preview":"max-video-preview:-1"},"canonical":"https:\/\/www.visit-ulcinj.com\/blog\/2014\/06\/24\/fatmir-deka-sve-ce-biti-spremno-za-izbor-za-miss-albanije\/","og_locale":"en_US","og_type":"article","og_title":"Fatmir \u0110EKA: Sve \u0107e biti spremno za izbor za miss Albanije - Lajme nga Ulqini","og_description":"Predsjednik Op\u0161tine Ulcinj Fatmir \u0110eka izjavio je Vijestima da \u0107e i pored blokade ra\u010duna lokalne samouprave sve biti spremno za odr\u017eavanje manifestacije","og_url":"https:\/\/www.visit-ulcinj.com\/blog\/2014\/06\/24\/fatmir-deka-sve-ce-biti-spremno-za-izbor-za-miss-albanije\/","og_site_name":"Lajme nga Ulqini","article_published_time":"2014-06-24T17:04:46+00:00","article_modified_time":"2014-06-24T17:05:04+00:00","og_image":[{"url":"http:\/\/www.visit-ulcinj.com\/blog\/wp-content\/uploads\/2014\/06\/Miss-Shqiperia-2014_Ulqin.jpg"}],"twitter_misc":{"Written by":"ulqini","Est. reading time":"1 minute"},"schema":{"@context":"https:\/\/schema.org","@graph":[{"@type":"WebSite","@id":"https:\/\/www.visit-ulcinj.com\/blog\/#website","url":"https:\/\/www.visit-ulcinj.com\/blog\/","name":"Lajme nga Ulqini","description":"Lajme,Vijesti,Ulqini,Ulqin,Crna Gora,Mali i Zi","potentialAction":[{"@type":"SearchAction","target":{"@type":"EntryPoint","urlTemplate":"https:\/\/www.visit-ulcinj.com\/blog\/?s={search_term_string}"},"query-input":"required name=search_term_string"}],"inLanguage":"en-US"},{"@type":"ImageObject","inLanguage":"en-US","@id":"https:\/\/www.visit-ulcinj.com\/blog\/2014\/06\/24\/fatmir-deka-sve-ce-biti-spremno-za-izbor-za-miss-albanije\/#primaryimage","url":"https:\/\/www.visit-ulcinj.com\/blog\/wp-content\/uploads\/2014\/06\/Miss-Shqiperia-2014_Ulqin.jpg","contentUrl":"https:\/\/www.visit-ulcinj.com\/blog\/wp-content\/uploads\/2014\/06\/Miss-Shqiperia-2014_Ulqin.jpg","width":975,"height":436},{"@type":"WebPage","@id":"https:\/\/www.visit-ulcinj.com\/blog\/2014\/06\/24\/fatmir-deka-sve-ce-biti-spremno-za-izbor-za-miss-albanije\/#webpage","url":"https:\/\/www.visit-ulcinj.com\/blog\/2014\/06\/24\/fatmir-deka-sve-ce-biti-spremno-za-izbor-za-miss-albanije\/","name":"Fatmir \u0110EKA: Sve \u0107e biti spremno za izbor za miss Albanije - Lajme nga Ulqini","isPartOf":{"@id":"https:\/\/www.visit-ulcinj.com\/blog\/#website"},"primaryImageOfPage":{"@id":"https:\/\/www.visit-ulcinj.com\/blog\/2014\/06\/24\/fatmir-deka-sve-ce-biti-spremno-za-izbor-za-miss-albanije\/#primaryimage"},"datePublished":"2014-06-24T17:04:46+00:00","dateModified":"2014-06-24T17:05:04+00:00","author":{"@id":"https:\/\/www.visit-ulcinj.com\/blog\/#\/schema\/person\/dcab619c614d3038751c63bc2aadc06d"},"description":"Predsjednik Op\u0161tine Ulcinj Fatmir \u0110eka izjavio je Vijestima da \u0107e i pored blokade ra\u010duna lokalne samouprave sve biti spremno za odr\u017eavanje manifestacije","breadcrumb":{"@id":"https:\/\/www.visit-ulcinj.com\/blog\/2014\/06\/24\/fatmir-deka-sve-ce-biti-spremno-za-izbor-za-miss-albanije\/#breadcrumb"},"inLanguage":"en-US","potentialAction":[{"@type":"ReadAction","target":["https:\/\/www.visit-ulcinj.com\/blog\/2014\/06\/24\/fatmir-deka-sve-ce-biti-spremno-za-izbor-za-miss-albanije\/"]}]},{"@type":"BreadcrumbList","@id":"https:\/\/www.visit-ulcinj.com\/blog\/2014\/06\/24\/fatmir-deka-sve-ce-biti-spremno-za-izbor-za-miss-albanije\/#breadcrumb","itemListElement":[{"@type":"ListItem","position":1,"name":"Fatmir \u0110EKA: Sve \u0107e biti spremno za izbor za miss Albanije"}]},{"@type":"Person","@id":"https:\/\/www.visit-ulcinj.com\/blog\/#\/schema\/person\/dcab619c614d3038751c63bc2aadc06d","name":"ulqini","sameAs":["http:\/\/www.visit-ulcinj.com"],"url":"https:\/\/www.visit-ulcinj.com\/blog\/author\/admin\/"}]}},"jetpack_featured_media_url":"","jetpack_sharing_enabled":true,"jetpack_shortlink":"https:\/\/wp.me\/pe6lTn-lI2","_links":{"self":[{"href":"https:\/\/www.visit-ulcinj.com\/blog\/wp-json\/wp\/v2\/posts\/83454"}],"collection":[{"href":"https:\/\/www.visit-ulcinj.com\/blog\/wp-json\/wp\/v2\/posts"}],"about":[{"href":"https:\/\/www.visit-ulcinj.com\/blog\/wp-json\/wp\/v2\/types\/post"}],"author":[{"embeddable":true,"href":"https:\/\/www.visit-ulcinj.com\/blog\/wp-json\/wp\/v2\/users\/1"}],"replies":[{"embeddable":true,"href":"https:\/\/www.visit-ulcinj.com\/blog\/wp-json\/wp\/v2\/comments?post=83454"}],"version-history":[{"count":1,"href":"https:\/\/www.visit-ulcinj.com\/blog\/wp-json\/wp\/v2\/posts\/83454\/revisions"}],"predecessor-version":[{"id":83455,"href":"https:\/\/www.visit-ulcinj.com\/blog\/wp-json\/wp\/v2\/posts\/83454\/revisions\/83455"}],"wp:attachment":[{"href":"https:\/\/www.visit-ulcinj.com\/blog\/wp-json\/wp\/v2\/media?parent=83454"}],"wp:term":[{"taxonomy":"category","embeddable":true,"href":"https:\/\/www.visit-ulcinj.com\/blog\/wp-json\/wp\/v2\/categories?post=83454"},{"taxonomy":"post_tag","embeddable":true,"href":"https:\/\/www.visit-ulcinj.com\/blog\/wp-json\/wp\/v2\/tags?post=83454"}],"curies":[{"name":"wp","href":"https:\/\/api.w.org\/{rel}","templated":true}]}}