{"id":83456,"date":"2014-06-24T18:11:35","date_gmt":"2014-06-24T17:11:35","guid":{"rendered":"http:\/\/www.visit-ulcinj.com\/blog\/?p=83456"},"modified":"2014-06-24T18:11:35","modified_gmt":"2014-06-24T17:11:35","slug":"mis-albanije-promovise-ulcinj","status":"publish","type":"post","link":"https:\/\/www.visit-ulcinj.com\/blog\/2014\/06\/24\/mis-albanije-promovise-ulcinj\/","title":{"rendered":"Mis Albanije promovi\u0161e Ulcinj"},"content":{"rendered":"<p><strong><a href=\"http:\/\/www.visit-ulcinj.com\/blog\/wp-content\/uploads\/2014\/02\/Fatmir-Gjeka-Ulqin.jpg\"><img loading=\"lazy\" class=\"alignleft  wp-image-80131\" alt=\"Fatmir-Gjeka-Ulqin\" src=\"http:\/\/www.visit-ulcinj.com\/blog\/wp-content\/uploads\/2014\/02\/Fatmir-Gjeka-Ulqin.jpg\" width=\"508\" height=\"360\" \/><\/a>Gradona\u010delnik Ulcinja Fatmir \u0110eka rekao je da \u0107e do petka biti sve spremno kako bi u tom gradu bila odr\u017eana manifestacija Izbor za mis Albanije.<\/strong><\/p>\n<p>Naime, \u00a0Op\u0161tina Ulcinj na\u0161la se u problemu kako da obezbijedi deset hiljada eura organizatorima izbora za mis Albanije.<\/p>\n<p>Sud je u sporu izme\u0111u \u201ePartizanskog puta\u201c i Op\u0161tine Ulcinj, presudio u korist Beogra\u0111ana, pa se prvi \u010dovjek grada u me\u0111uvremenu suo\u010dio sa blokadom ra\u010duna zbog duga od vi\u0161e od pola miliona eura na ime kamata glavnih potra\u017eivanja koja datiraju od prije vi\u0161e od dvije decenije. Zbog toga je \u0110eka bio primoran da u pomo\u0107 pozove lokalne biznismene koji ba\u0161 i nijesu bili \u0161iroke ruke.<\/p>\n<p><a href=\"http:\/\/www.visit-ulcinj.com\/blog\/wp-content\/uploads\/2014\/06\/Miss-Albanije-Ulcinj-4.jpg\"><img loading=\"lazy\" class=\"alignleft  wp-image-83457\" alt=\"Miss-Albanije-Ulcinj-4\" src=\"http:\/\/www.visit-ulcinj.com\/blog\/wp-content\/uploads\/2014\/06\/Miss-Albanije-Ulcinj-4.jpg\" width=\"508\" height=\"360\" \/><\/a><\/p>\n<p>Do ju\u010de u podne na poseban \u017eiro-ra\u010dun Op\u0161tine predvi\u0111en za donacije povodom izbora, upla\u0107eno je ne\u0161to vi\u0161e od pet hiljada eura.<\/p>\n<p>\u201cDo petka \u0107emo ispuniti svoje obaveze i vjerujem da \u0107emo svi zajedno u\u017eivati u istinskom spektaklu\u201d, kazao je \u0110eka Vijestima.<\/p>\n<p>On je naveo da je pozive za prisustvo uputio na brojne adrese visokih crnogorskih zvani\u010dnika, ambasada i dr\u017eavnika iz okru\u017eenja. Sa indignacijom je odbacio optu\u017ebe dijela javnosti da je u pitanju provokacija.<\/p>\n<p><a href=\"http:\/\/www.visit-ulcinj.com\/blog\/wp-content\/uploads\/2014\/06\/Miss-Albanije-Ulcinj-5.jpg\"><img loading=\"lazy\" class=\"alignleft  wp-image-83458\" alt=\"Miss-Albanije-Ulcinj-5\" src=\"http:\/\/www.visit-ulcinj.com\/blog\/wp-content\/uploads\/2014\/06\/Miss-Albanije-Ulcinj-5.jpg\" width=\"508\" height=\"360\" \/><\/a><\/p>\n<p>\u201cU pitanju je promocija ulcinjskog turizma. Tu \u0107e biti sigurno vi\u0161e hiljada gostiju iz zemlje i okru\u017eenja. I kome mo\u017ee da smeta to \u0161to \u0107e ti posjetioci te no\u0107i ostaviti novac u na\u0161em gradu i upoznati se sa njegovim istorijskim, tradicionalnim i turisti\u010dkim vrijednostima i potencijalima\u201d, kazao je \u0110eka.<\/p>\n<p>I \u010duveni direktor fotografije na RAI, Franko Ferara trebalo je sino\u0107 da stigne u Ulcinj gdje \u0107e prisustvovati izboru za mis Albanije. Kako je kazao \u0110eka, Ferara \u0107e kreirati scenu na Velikoj skeli gdje \u0107e biti odr\u017ean izbor.<\/p>\n<p>\u201cFerara \u0107e i nakon izbora ostati na\u0161 gost jo\u0161 nekoliko dana. Dogovorili smo se, pored ostalog, da uradi projekat osvjetljenja zidina Starog grada\u201d, rekao je \u0110eka.<\/p>\n<p><em><strong>Izvor: RTCG<\/strong><\/em><\/p>\n","protected":false},"excerpt":{"rendered":"<p>Gradona\u010delnik Ulcinja Fatmir \u0110eka rekao je da \u0107e do petka biti sve spremno kako bi u tom gradu bila odr\u017eana manifestacija Izbor za mis Albanije. Naime, \u00a0Op\u0161tina Ulcinj na\u0161la se u problemu kako da obezbijedi deset hiljada eura organizatorima izbora za mis Albanije. Sud je u sporu izme\u0111u \u201ePartizanskog puta\u201c i Op\u0161tine Ulcinj, presudio u [&hellip;]<\/p>\n","protected":false},"author":1,"featured_media":0,"comment_status":"closed","ping_status":"closed","sticky":false,"template":"","format":"standard","meta":{"spay_email":"","jetpack_publicize_message":"","jetpack_is_tweetstorm":false,"jetpack_publicize_feature_enabled":true},"categories":[6950],"tags":[],"jetpack_publicize_connections":[],"yoast_head":"<!-- This site is optimized with the Yoast SEO plugin v19.1 - https:\/\/yoast.com\/wordpress\/plugins\/seo\/ -->\n<title>Mis Albanije promovi\u0161e Ulcinj - Lajme nga Ulqini<\/title>\n<meta name=\"description\" content=\"Gradona\u010delnik Ulcinja Fatmir \u0110eka rekao je da \u0107e do petka biti sve spremno kako bi u tom gradu bila odr\u017eana manifestacija Izbor za mis Albanije. Naime,\" \/>\n<meta name=\"robots\" content=\"index, follow, max-snippet:-1, max-image-preview:large, max-video-preview:-1\" \/>\n<link rel=\"canonical\" href=\"https:\/\/www.visit-ulcinj.com\/blog\/2014\/06\/24\/mis-albanije-promovise-ulcinj\/\" \/>\n<meta property=\"og:locale\" content=\"en_US\" \/>\n<meta property=\"og:type\" content=\"article\" \/>\n<meta property=\"og:title\" content=\"Mis Albanije promovi\u0161e Ulcinj - Lajme nga Ulqini\" \/>\n<meta property=\"og:description\" content=\"Gradona\u010delnik Ulcinja Fatmir \u0110eka rekao je da \u0107e do petka biti sve spremno kako bi u tom gradu bila odr\u017eana manifestacija Izbor za mis Albanije. Naime,\" \/>\n<meta property=\"og:url\" content=\"https:\/\/www.visit-ulcinj.com\/blog\/2014\/06\/24\/mis-albanije-promovise-ulcinj\/\" \/>\n<meta property=\"og:site_name\" content=\"Lajme nga Ulqini\" \/>\n<meta property=\"article:published_time\" content=\"2014-06-24T17:11:35+00:00\" \/>\n<meta property=\"og:image\" content=\"http:\/\/www.visit-ulcinj.com\/blog\/wp-content\/uploads\/2014\/02\/Fatmir-Gjeka-Ulqin.jpg\" \/>\n<meta name=\"twitter:label1\" content=\"Written by\" \/>\n\t<meta name=\"twitter:data1\" content=\"ulqini\" \/>\n\t<meta name=\"twitter:label2\" content=\"Est. reading time\" \/>\n\t<meta name=\"twitter:data2\" content=\"2 minutes\" \/>\n<script type=\"application\/ld+json\" class=\"yoast-schema-graph\">{\"@context\":\"https:\/\/schema.org\",\"@graph\":[{\"@type\":\"WebSite\",\"@id\":\"https:\/\/www.visit-ulcinj.com\/blog\/#website\",\"url\":\"https:\/\/www.visit-ulcinj.com\/blog\/\",\"name\":\"Lajme nga Ulqini\",\"description\":\"Lajme,Vijesti,Ulqini,Ulqin,Crna Gora,Mali i Zi\",\"potentialAction\":[{\"@type\":\"SearchAction\",\"target\":{\"@type\":\"EntryPoint\",\"urlTemplate\":\"https:\/\/www.visit-ulcinj.com\/blog\/?s={search_term_string}\"},\"query-input\":\"required name=search_term_string\"}],\"inLanguage\":\"en-US\"},{\"@type\":\"ImageObject\",\"inLanguage\":\"en-US\",\"@id\":\"https:\/\/www.visit-ulcinj.com\/blog\/2014\/06\/24\/mis-albanije-promovise-ulcinj\/#primaryimage\",\"url\":\"https:\/\/www.visit-ulcinj.com\/blog\/wp-content\/uploads\/2014\/02\/Fatmir-Gjeka-Ulqin.jpg\",\"contentUrl\":\"https:\/\/www.visit-ulcinj.com\/blog\/wp-content\/uploads\/2014\/02\/Fatmir-Gjeka-Ulqin.jpg\",\"width\":900,\"height\":598},{\"@type\":\"WebPage\",\"@id\":\"https:\/\/www.visit-ulcinj.com\/blog\/2014\/06\/24\/mis-albanije-promovise-ulcinj\/#webpage\",\"url\":\"https:\/\/www.visit-ulcinj.com\/blog\/2014\/06\/24\/mis-albanije-promovise-ulcinj\/\",\"name\":\"Mis Albanije promovi\u0161e Ulcinj - Lajme nga Ulqini\",\"isPartOf\":{\"@id\":\"https:\/\/www.visit-ulcinj.com\/blog\/#website\"},\"primaryImageOfPage\":{\"@id\":\"https:\/\/www.visit-ulcinj.com\/blog\/2014\/06\/24\/mis-albanije-promovise-ulcinj\/#primaryimage\"},\"datePublished\":\"2014-06-24T17:11:35+00:00\",\"dateModified\":\"2014-06-24T17:11:35+00:00\",\"author\":{\"@id\":\"https:\/\/www.visit-ulcinj.com\/blog\/#\/schema\/person\/dcab619c614d3038751c63bc2aadc06d\"},\"description\":\"Gradona\u010delnik Ulcinja Fatmir \u0110eka rekao je da \u0107e do petka biti sve spremno kako bi u tom gradu bila odr\u017eana manifestacija Izbor za mis Albanije. Naime,\",\"breadcrumb\":{\"@id\":\"https:\/\/www.visit-ulcinj.com\/blog\/2014\/06\/24\/mis-albanije-promovise-ulcinj\/#breadcrumb\"},\"inLanguage\":\"en-US\",\"potentialAction\":[{\"@type\":\"ReadAction\",\"target\":[\"https:\/\/www.visit-ulcinj.com\/blog\/2014\/06\/24\/mis-albanije-promovise-ulcinj\/\"]}]},{\"@type\":\"BreadcrumbList\",\"@id\":\"https:\/\/www.visit-ulcinj.com\/blog\/2014\/06\/24\/mis-albanije-promovise-ulcinj\/#breadcrumb\",\"itemListElement\":[{\"@type\":\"ListItem\",\"position\":1,\"name\":\"Mis Albanije promovi\u0161e Ulcinj\"}]},{\"@type\":\"Person\",\"@id\":\"https:\/\/www.visit-ulcinj.com\/blog\/#\/schema\/person\/dcab619c614d3038751c63bc2aadc06d\",\"name\":\"ulqini\",\"sameAs\":[\"http:\/\/www.visit-ulcinj.com\"],\"url\":\"https:\/\/www.visit-ulcinj.com\/blog\/author\/admin\/\"}]}<\/script>\n<!-- \/ Yoast SEO plugin. -->","yoast_head_json":{"title":"Mis Albanije promovi\u0161e Ulcinj - Lajme nga Ulqini","description":"Gradona\u010delnik Ulcinja Fatmir \u0110eka rekao je da \u0107e do petka biti sve spremno kako bi u tom gradu bila odr\u017eana manifestacija Izbor za mis Albanije. Naime,","robots":{"index":"index","follow":"follow","max-snippet":"max-snippet:-1","max-image-preview":"max-image-preview:large","max-video-preview":"max-video-preview:-1"},"canonical":"https:\/\/www.visit-ulcinj.com\/blog\/2014\/06\/24\/mis-albanije-promovise-ulcinj\/","og_locale":"en_US","og_type":"article","og_title":"Mis Albanije promovi\u0161e Ulcinj - Lajme nga Ulqini","og_description":"Gradona\u010delnik Ulcinja Fatmir \u0110eka rekao je da \u0107e do petka biti sve spremno kako bi u tom gradu bila odr\u017eana manifestacija Izbor za mis Albanije. Naime,","og_url":"https:\/\/www.visit-ulcinj.com\/blog\/2014\/06\/24\/mis-albanije-promovise-ulcinj\/","og_site_name":"Lajme nga Ulqini","article_published_time":"2014-06-24T17:11:35+00:00","og_image":[{"url":"http:\/\/www.visit-ulcinj.com\/blog\/wp-content\/uploads\/2014\/02\/Fatmir-Gjeka-Ulqin.jpg"}],"twitter_misc":{"Written by":"ulqini","Est. reading time":"2 minutes"},"schema":{"@context":"https:\/\/schema.org","@graph":[{"@type":"WebSite","@id":"https:\/\/www.visit-ulcinj.com\/blog\/#website","url":"https:\/\/www.visit-ulcinj.com\/blog\/","name":"Lajme nga Ulqini","description":"Lajme,Vijesti,Ulqini,Ulqin,Crna Gora,Mali i Zi","potentialAction":[{"@type":"SearchAction","target":{"@type":"EntryPoint","urlTemplate":"https:\/\/www.visit-ulcinj.com\/blog\/?s={search_term_string}"},"query-input":"required name=search_term_string"}],"inLanguage":"en-US"},{"@type":"ImageObject","inLanguage":"en-US","@id":"https:\/\/www.visit-ulcinj.com\/blog\/2014\/06\/24\/mis-albanije-promovise-ulcinj\/#primaryimage","url":"https:\/\/www.visit-ulcinj.com\/blog\/wp-content\/uploads\/2014\/02\/Fatmir-Gjeka-Ulqin.jpg","contentUrl":"https:\/\/www.visit-ulcinj.com\/blog\/wp-content\/uploads\/2014\/02\/Fatmir-Gjeka-Ulqin.jpg","width":900,"height":598},{"@type":"WebPage","@id":"https:\/\/www.visit-ulcinj.com\/blog\/2014\/06\/24\/mis-albanije-promovise-ulcinj\/#webpage","url":"https:\/\/www.visit-ulcinj.com\/blog\/2014\/06\/24\/mis-albanije-promovise-ulcinj\/","name":"Mis Albanije promovi\u0161e Ulcinj - Lajme nga Ulqini","isPartOf":{"@id":"https:\/\/www.visit-ulcinj.com\/blog\/#website"},"primaryImageOfPage":{"@id":"https:\/\/www.visit-ulcinj.com\/blog\/2014\/06\/24\/mis-albanije-promovise-ulcinj\/#primaryimage"},"datePublished":"2014-06-24T17:11:35+00:00","dateModified":"2014-06-24T17:11:35+00:00","author":{"@id":"https:\/\/www.visit-ulcinj.com\/blog\/#\/schema\/person\/dcab619c614d3038751c63bc2aadc06d"},"description":"Gradona\u010delnik Ulcinja Fatmir \u0110eka rekao je da \u0107e do petka biti sve spremno kako bi u tom gradu bila odr\u017eana manifestacija Izbor za mis Albanije. Naime,","breadcrumb":{"@id":"https:\/\/www.visit-ulcinj.com\/blog\/2014\/06\/24\/mis-albanije-promovise-ulcinj\/#breadcrumb"},"inLanguage":"en-US","potentialAction":[{"@type":"ReadAction","target":["https:\/\/www.visit-ulcinj.com\/blog\/2014\/06\/24\/mis-albanije-promovise-ulcinj\/"]}]},{"@type":"BreadcrumbList","@id":"https:\/\/www.visit-ulcinj.com\/blog\/2014\/06\/24\/mis-albanije-promovise-ulcinj\/#breadcrumb","itemListElement":[{"@type":"ListItem","position":1,"name":"Mis Albanije promovi\u0161e Ulcinj"}]},{"@type":"Person","@id":"https:\/\/www.visit-ulcinj.com\/blog\/#\/schema\/person\/dcab619c614d3038751c63bc2aadc06d","name":"ulqini","sameAs":["http:\/\/www.visit-ulcinj.com"],"url":"https:\/\/www.visit-ulcinj.com\/blog\/author\/admin\/"}]}},"jetpack_featured_media_url":"","jetpack_sharing_enabled":true,"jetpack_shortlink":"https:\/\/wp.me\/pe6lTn-lI4","_links":{"self":[{"href":"https:\/\/www.visit-ulcinj.com\/blog\/wp-json\/wp\/v2\/posts\/83456"}],"collection":[{"href":"https:\/\/www.visit-ulcinj.com\/blog\/wp-json\/wp\/v2\/posts"}],"about":[{"href":"https:\/\/www.visit-ulcinj.com\/blog\/wp-json\/wp\/v2\/types\/post"}],"author":[{"embeddable":true,"href":"https:\/\/www.visit-ulcinj.com\/blog\/wp-json\/wp\/v2\/users\/1"}],"replies":[{"embeddable":true,"href":"https:\/\/www.visit-ulcinj.com\/blog\/wp-json\/wp\/v2\/comments?post=83456"}],"version-history":[{"count":1,"href":"https:\/\/www.visit-ulcinj.com\/blog\/wp-json\/wp\/v2\/posts\/83456\/revisions"}],"predecessor-version":[{"id":83459,"href":"https:\/\/www.visit-ulcinj.com\/blog\/wp-json\/wp\/v2\/posts\/83456\/revisions\/83459"}],"wp:attachment":[{"href":"https:\/\/www.visit-ulcinj.com\/blog\/wp-json\/wp\/v2\/media?parent=83456"}],"wp:term":[{"taxonomy":"category","embeddable":true,"href":"https:\/\/www.visit-ulcinj.com\/blog\/wp-json\/wp\/v2\/categories?post=83456"},{"taxonomy":"post_tag","embeddable":true,"href":"https:\/\/www.visit-ulcinj.com\/blog\/wp-json\/wp\/v2\/tags?post=83456"}],"curies":[{"name":"wp","href":"https:\/\/api.w.org\/{rel}","templated":true}]}}