{"id":83529,"date":"2014-06-27T07:29:18","date_gmt":"2014-06-27T06:29:18","guid":{"rendered":"http:\/\/www.visit-ulcinj.com\/blog\/?p=83529"},"modified":"2014-06-27T19:31:03","modified_gmt":"2014-06-27T18:31:03","slug":"instituti-idea-mesazh-urimi-rastin-e-fillimit-te-muajit-te-ramazanit","status":"publish","type":"post","link":"https:\/\/www.visit-ulcinj.com\/blog\/2014\/06\/27\/instituti-idea-mesazh-urimi-rastin-e-fillimit-te-muajit-te-ramazanit\/","title":{"rendered":"Instituti IDEA: Mesazh urimi me rastin e fillimit t\u00eb muajit t\u00eb Ramazanit"},"content":{"rendered":"<p><a href=\"http:\/\/www.visit-ulcinj.com\/blog\/wp-content\/uploads\/2014\/06\/Instituti-IDEA.jpg\"><img loading=\"lazy\" class=\"alignleft  wp-image-83530\" alt=\"Instituti IDEA\" src=\"http:\/\/www.visit-ulcinj.com\/blog\/wp-content\/uploads\/2014\/06\/Instituti-IDEA.jpg\" width=\"508\" height=\"330\" \/><\/a>Instituti IDEA, me rastin e Muajit t\u00eb Madh\u00ebruesh\u00ebm t\u00eb Ramazanit, t\u00eb gjith\u00eb besimtar\u00ebve t\u00eb fes Islame, ju urojm\u00eb q\u00eb t\u00eb kaloni nj\u00eb agj\u00ebrim t\u00eb leht\u00eb dhe t\u00eb pranuesh\u00ebm nga Zoti i Plot\u00ebfuqish\u00ebm, ju urojm\u00eb q\u00eb k\u00ebt\u00eb muaj ta kaloni n\u00eb harmoni, lumturi e mir\u00ebqenie t\u00eb p\u00ebrgjithshme. Duke ju d\u00ebshiruar t\u00eb gjitha t\u00eb mirat, ju urojm\u00eb dhe ngroht\u00ebsisht ju p\u00ebrsh\u00ebndesim.<br \/>\nN\u00eb k\u00ebt\u00eb muaj dhe si \u00e7do her\u00eb, ju ftojm\u00eb q\u00eb n\u00eb zemrat dhe shpirtin tuaj t\u00eb sh\u00ebndrit\u00eb besimi i sinqert\u00eb, q\u00eb me veprat tuaja t\u00eb jeni mir\u00ebb\u00ebr\u00ebs, human\u00eb e solidar\u00eb, q\u00eb n\u00eb sjelljet tuaja t\u00eb dominojn\u00eb respekti dhe rahmeti, toleranca dhe mir\u00ebkuptimi.<br \/>\nEdhe nj\u00eb her\u00eb Instituti IDEA ju uron k\u00ebt\u00eb muaj t\u00eb gjith\u00eb v\u00ebllez\u00ebrve dhe motrave dhe Zoti ju pranoft\u00eb \u00e7do ibadet dhe \u00e7do vep\u00ebr t\u00eb mir\u00eb Zoti ju pranoft\u00eb dhe ju shp\u00ebrbleft\u00eb.<br \/>\nE kalofshim n\u00eb ibadet ndaj Zotit xh.sh. ashtu si\u00e7 d\u00ebshiron dhe na ka urdh\u00ebruar Zoti i Plotfuqish\u00ebm.<\/p>\n<p><strong>Me nderime dhe respekt.<\/strong><br \/>\n<strong> Departamenti i Institutit IDEA<\/strong><br \/>\n<strong> Zyra p\u00ebr informim, Ulqin \u2013 Mali i Zi<\/strong><\/p>\n","protected":false},"excerpt":{"rendered":"<p>Instituti IDEA, me rastin e Muajit t\u00eb Madh\u00ebruesh\u00ebm t\u00eb Ramazanit, t\u00eb gjith\u00eb besimtar\u00ebve t\u00eb fes Islame, ju urojm\u00eb q\u00eb t\u00eb kaloni nj\u00eb agj\u00ebrim t\u00eb leht\u00eb dhe t\u00eb pranuesh\u00ebm nga Zoti i Plot\u00ebfuqish\u00ebm, ju urojm\u00eb q\u00eb k\u00ebt\u00eb muaj ta kaloni n\u00eb harmoni, lumturi e mir\u00ebqenie t\u00eb p\u00ebrgjithshme. Duke ju d\u00ebshiruar t\u00eb gjitha t\u00eb mirat, ju urojm\u00eb [&hellip;]<\/p>\n","protected":false},"author":1,"featured_media":0,"comment_status":"closed","ping_status":"closed","sticky":false,"template":"","format":"standard","meta":{"spay_email":"","jetpack_publicize_message":"","jetpack_is_tweetstorm":false,"jetpack_publicize_feature_enabled":true},"categories":[4,6950],"tags":[],"jetpack_publicize_connections":[],"yoast_head":"<!-- This site is optimized with the Yoast SEO plugin v19.1 - https:\/\/yoast.com\/wordpress\/plugins\/seo\/ -->\n<title>Instituti IDEA: Mesazh urimi me rastin e fillimit t\u00eb muajit t\u00eb Ramazanit - Lajme nga Ulqini<\/title>\n<meta name=\"description\" content=\"Instituti IDEA, me rastin e Muajit t\u00eb Madh\u00ebruesh\u00ebm t\u00eb Ramazanit, t\u00eb gjith\u00eb besimtar\u00ebve t\u00eb fes Islame, ju urojm\u00eb q\u00eb t\u00eb kaloni nj\u00eb agj\u00ebrim t\u00eb leht\u00eb dhe t\u00eb\" \/>\n<meta name=\"robots\" content=\"index, follow, max-snippet:-1, max-image-preview:large, max-video-preview:-1\" \/>\n<link rel=\"canonical\" href=\"https:\/\/www.visit-ulcinj.com\/blog\/2014\/06\/27\/instituti-idea-mesazh-urimi-rastin-e-fillimit-te-muajit-te-ramazanit\/\" \/>\n<meta property=\"og:locale\" content=\"en_US\" \/>\n<meta property=\"og:type\" content=\"article\" \/>\n<meta property=\"og:title\" content=\"Instituti IDEA: Mesazh urimi me rastin e fillimit t\u00eb muajit t\u00eb Ramazanit - Lajme nga Ulqini\" \/>\n<meta property=\"og:description\" content=\"Instituti IDEA, me rastin e Muajit t\u00eb Madh\u00ebruesh\u00ebm t\u00eb Ramazanit, t\u00eb gjith\u00eb besimtar\u00ebve t\u00eb fes Islame, ju urojm\u00eb q\u00eb t\u00eb kaloni nj\u00eb agj\u00ebrim t\u00eb leht\u00eb dhe t\u00eb\" \/>\n<meta property=\"og:url\" content=\"https:\/\/www.visit-ulcinj.com\/blog\/2014\/06\/27\/instituti-idea-mesazh-urimi-rastin-e-fillimit-te-muajit-te-ramazanit\/\" \/>\n<meta property=\"og:site_name\" content=\"Lajme nga Ulqini\" \/>\n<meta property=\"article:published_time\" content=\"2014-06-27T06:29:18+00:00\" \/>\n<meta property=\"article:modified_time\" content=\"2014-06-27T18:31:03+00:00\" \/>\n<meta property=\"og:image\" content=\"http:\/\/www.visit-ulcinj.com\/blog\/wp-content\/uploads\/2014\/06\/Instituti-IDEA.jpg\" \/>\n<meta name=\"twitter:label1\" content=\"Written by\" \/>\n\t<meta name=\"twitter:data1\" content=\"ulqini\" \/>\n\t<meta name=\"twitter:label2\" content=\"Est. reading time\" \/>\n\t<meta name=\"twitter:data2\" content=\"1 minute\" \/>\n<script type=\"application\/ld+json\" class=\"yoast-schema-graph\">{\"@context\":\"https:\/\/schema.org\",\"@graph\":[{\"@type\":\"WebSite\",\"@id\":\"https:\/\/www.visit-ulcinj.com\/blog\/#website\",\"url\":\"https:\/\/www.visit-ulcinj.com\/blog\/\",\"name\":\"Lajme nga Ulqini\",\"description\":\"Lajme,Vijesti,Ulqini,Ulqin,Crna Gora,Mali i Zi\",\"potentialAction\":[{\"@type\":\"SearchAction\",\"target\":{\"@type\":\"EntryPoint\",\"urlTemplate\":\"https:\/\/www.visit-ulcinj.com\/blog\/?s={search_term_string}\"},\"query-input\":\"required name=search_term_string\"}],\"inLanguage\":\"en-US\"},{\"@type\":\"ImageObject\",\"inLanguage\":\"en-US\",\"@id\":\"https:\/\/www.visit-ulcinj.com\/blog\/2014\/06\/27\/instituti-idea-mesazh-urimi-rastin-e-fillimit-te-muajit-te-ramazanit\/#primaryimage\",\"url\":\"https:\/\/www.visit-ulcinj.com\/blog\/wp-content\/uploads\/2014\/06\/Instituti-IDEA.jpg\",\"contentUrl\":\"https:\/\/www.visit-ulcinj.com\/blog\/wp-content\/uploads\/2014\/06\/Instituti-IDEA.jpg\",\"width\":660,\"height\":330},{\"@type\":\"WebPage\",\"@id\":\"https:\/\/www.visit-ulcinj.com\/blog\/2014\/06\/27\/instituti-idea-mesazh-urimi-rastin-e-fillimit-te-muajit-te-ramazanit\/#webpage\",\"url\":\"https:\/\/www.visit-ulcinj.com\/blog\/2014\/06\/27\/instituti-idea-mesazh-urimi-rastin-e-fillimit-te-muajit-te-ramazanit\/\",\"name\":\"Instituti IDEA: Mesazh urimi me rastin e fillimit t\u00eb muajit t\u00eb Ramazanit - Lajme nga Ulqini\",\"isPartOf\":{\"@id\":\"https:\/\/www.visit-ulcinj.com\/blog\/#website\"},\"primaryImageOfPage\":{\"@id\":\"https:\/\/www.visit-ulcinj.com\/blog\/2014\/06\/27\/instituti-idea-mesazh-urimi-rastin-e-fillimit-te-muajit-te-ramazanit\/#primaryimage\"},\"datePublished\":\"2014-06-27T06:29:18+00:00\",\"dateModified\":\"2014-06-27T18:31:03+00:00\",\"author\":{\"@id\":\"https:\/\/www.visit-ulcinj.com\/blog\/#\/schema\/person\/dcab619c614d3038751c63bc2aadc06d\"},\"description\":\"Instituti IDEA, me rastin e Muajit t\u00eb Madh\u00ebruesh\u00ebm t\u00eb Ramazanit, t\u00eb gjith\u00eb besimtar\u00ebve t\u00eb fes Islame, ju urojm\u00eb q\u00eb t\u00eb kaloni nj\u00eb agj\u00ebrim t\u00eb leht\u00eb dhe t\u00eb\",\"breadcrumb\":{\"@id\":\"https:\/\/www.visit-ulcinj.com\/blog\/2014\/06\/27\/instituti-idea-mesazh-urimi-rastin-e-fillimit-te-muajit-te-ramazanit\/#breadcrumb\"},\"inLanguage\":\"en-US\",\"potentialAction\":[{\"@type\":\"ReadAction\",\"target\":[\"https:\/\/www.visit-ulcinj.com\/blog\/2014\/06\/27\/instituti-idea-mesazh-urimi-rastin-e-fillimit-te-muajit-te-ramazanit\/\"]}]},{\"@type\":\"BreadcrumbList\",\"@id\":\"https:\/\/www.visit-ulcinj.com\/blog\/2014\/06\/27\/instituti-idea-mesazh-urimi-rastin-e-fillimit-te-muajit-te-ramazanit\/#breadcrumb\",\"itemListElement\":[{\"@type\":\"ListItem\",\"position\":1,\"name\":\"Instituti IDEA: Mesazh urimi me rastin e fillimit t\u00eb muajit t\u00eb Ramazanit\"}]},{\"@type\":\"Person\",\"@id\":\"https:\/\/www.visit-ulcinj.com\/blog\/#\/schema\/person\/dcab619c614d3038751c63bc2aadc06d\",\"name\":\"ulqini\",\"sameAs\":[\"http:\/\/www.visit-ulcinj.com\"],\"url\":\"https:\/\/www.visit-ulcinj.com\/blog\/author\/admin\/\"}]}<\/script>\n<!-- \/ Yoast SEO plugin. -->","yoast_head_json":{"title":"Instituti IDEA: Mesazh urimi me rastin e fillimit t\u00eb muajit t\u00eb Ramazanit - Lajme nga Ulqini","description":"Instituti IDEA, me rastin e Muajit t\u00eb Madh\u00ebruesh\u00ebm t\u00eb Ramazanit, t\u00eb gjith\u00eb besimtar\u00ebve t\u00eb fes Islame, ju urojm\u00eb q\u00eb t\u00eb kaloni nj\u00eb agj\u00ebrim t\u00eb leht\u00eb dhe t\u00eb","robots":{"index":"index","follow":"follow","max-snippet":"max-snippet:-1","max-image-preview":"max-image-preview:large","max-video-preview":"max-video-preview:-1"},"canonical":"https:\/\/www.visit-ulcinj.com\/blog\/2014\/06\/27\/instituti-idea-mesazh-urimi-rastin-e-fillimit-te-muajit-te-ramazanit\/","og_locale":"en_US","og_type":"article","og_title":"Instituti IDEA: Mesazh urimi me rastin e fillimit t\u00eb muajit t\u00eb Ramazanit - Lajme nga Ulqini","og_description":"Instituti IDEA, me rastin e Muajit t\u00eb Madh\u00ebruesh\u00ebm t\u00eb Ramazanit, t\u00eb gjith\u00eb besimtar\u00ebve t\u00eb fes Islame, ju urojm\u00eb q\u00eb t\u00eb kaloni nj\u00eb agj\u00ebrim t\u00eb leht\u00eb dhe t\u00eb","og_url":"https:\/\/www.visit-ulcinj.com\/blog\/2014\/06\/27\/instituti-idea-mesazh-urimi-rastin-e-fillimit-te-muajit-te-ramazanit\/","og_site_name":"Lajme nga Ulqini","article_published_time":"2014-06-27T06:29:18+00:00","article_modified_time":"2014-06-27T18:31:03+00:00","og_image":[{"url":"http:\/\/www.visit-ulcinj.com\/blog\/wp-content\/uploads\/2014\/06\/Instituti-IDEA.jpg"}],"twitter_misc":{"Written by":"ulqini","Est. reading time":"1 minute"},"schema":{"@context":"https:\/\/schema.org","@graph":[{"@type":"WebSite","@id":"https:\/\/www.visit-ulcinj.com\/blog\/#website","url":"https:\/\/www.visit-ulcinj.com\/blog\/","name":"Lajme nga Ulqini","description":"Lajme,Vijesti,Ulqini,Ulqin,Crna Gora,Mali i Zi","potentialAction":[{"@type":"SearchAction","target":{"@type":"EntryPoint","urlTemplate":"https:\/\/www.visit-ulcinj.com\/blog\/?s={search_term_string}"},"query-input":"required name=search_term_string"}],"inLanguage":"en-US"},{"@type":"ImageObject","inLanguage":"en-US","@id":"https:\/\/www.visit-ulcinj.com\/blog\/2014\/06\/27\/instituti-idea-mesazh-urimi-rastin-e-fillimit-te-muajit-te-ramazanit\/#primaryimage","url":"https:\/\/www.visit-ulcinj.com\/blog\/wp-content\/uploads\/2014\/06\/Instituti-IDEA.jpg","contentUrl":"https:\/\/www.visit-ulcinj.com\/blog\/wp-content\/uploads\/2014\/06\/Instituti-IDEA.jpg","width":660,"height":330},{"@type":"WebPage","@id":"https:\/\/www.visit-ulcinj.com\/blog\/2014\/06\/27\/instituti-idea-mesazh-urimi-rastin-e-fillimit-te-muajit-te-ramazanit\/#webpage","url":"https:\/\/www.visit-ulcinj.com\/blog\/2014\/06\/27\/instituti-idea-mesazh-urimi-rastin-e-fillimit-te-muajit-te-ramazanit\/","name":"Instituti IDEA: Mesazh urimi me rastin e fillimit t\u00eb muajit t\u00eb Ramazanit - Lajme nga Ulqini","isPartOf":{"@id":"https:\/\/www.visit-ulcinj.com\/blog\/#website"},"primaryImageOfPage":{"@id":"https:\/\/www.visit-ulcinj.com\/blog\/2014\/06\/27\/instituti-idea-mesazh-urimi-rastin-e-fillimit-te-muajit-te-ramazanit\/#primaryimage"},"datePublished":"2014-06-27T06:29:18+00:00","dateModified":"2014-06-27T18:31:03+00:00","author":{"@id":"https:\/\/www.visit-ulcinj.com\/blog\/#\/schema\/person\/dcab619c614d3038751c63bc2aadc06d"},"description":"Instituti IDEA, me rastin e Muajit t\u00eb Madh\u00ebruesh\u00ebm t\u00eb Ramazanit, t\u00eb gjith\u00eb besimtar\u00ebve t\u00eb fes Islame, ju urojm\u00eb q\u00eb t\u00eb kaloni nj\u00eb agj\u00ebrim t\u00eb leht\u00eb dhe t\u00eb","breadcrumb":{"@id":"https:\/\/www.visit-ulcinj.com\/blog\/2014\/06\/27\/instituti-idea-mesazh-urimi-rastin-e-fillimit-te-muajit-te-ramazanit\/#breadcrumb"},"inLanguage":"en-US","potentialAction":[{"@type":"ReadAction","target":["https:\/\/www.visit-ulcinj.com\/blog\/2014\/06\/27\/instituti-idea-mesazh-urimi-rastin-e-fillimit-te-muajit-te-ramazanit\/"]}]},{"@type":"BreadcrumbList","@id":"https:\/\/www.visit-ulcinj.com\/blog\/2014\/06\/27\/instituti-idea-mesazh-urimi-rastin-e-fillimit-te-muajit-te-ramazanit\/#breadcrumb","itemListElement":[{"@type":"ListItem","position":1,"name":"Instituti IDEA: Mesazh urimi me rastin e fillimit t\u00eb muajit t\u00eb Ramazanit"}]},{"@type":"Person","@id":"https:\/\/www.visit-ulcinj.com\/blog\/#\/schema\/person\/dcab619c614d3038751c63bc2aadc06d","name":"ulqini","sameAs":["http:\/\/www.visit-ulcinj.com"],"url":"https:\/\/www.visit-ulcinj.com\/blog\/author\/admin\/"}]}},"jetpack_featured_media_url":"","jetpack_sharing_enabled":true,"jetpack_shortlink":"https:\/\/wp.me\/pe6lTn-lJf","_links":{"self":[{"href":"https:\/\/www.visit-ulcinj.com\/blog\/wp-json\/wp\/v2\/posts\/83529"}],"collection":[{"href":"https:\/\/www.visit-ulcinj.com\/blog\/wp-json\/wp\/v2\/posts"}],"about":[{"href":"https:\/\/www.visit-ulcinj.com\/blog\/wp-json\/wp\/v2\/types\/post"}],"author":[{"embeddable":true,"href":"https:\/\/www.visit-ulcinj.com\/blog\/wp-json\/wp\/v2\/users\/1"}],"replies":[{"embeddable":true,"href":"https:\/\/www.visit-ulcinj.com\/blog\/wp-json\/wp\/v2\/comments?post=83529"}],"version-history":[{"count":1,"href":"https:\/\/www.visit-ulcinj.com\/blog\/wp-json\/wp\/v2\/posts\/83529\/revisions"}],"predecessor-version":[{"id":83531,"href":"https:\/\/www.visit-ulcinj.com\/blog\/wp-json\/wp\/v2\/posts\/83529\/revisions\/83531"}],"wp:attachment":[{"href":"https:\/\/www.visit-ulcinj.com\/blog\/wp-json\/wp\/v2\/media?parent=83529"}],"wp:term":[{"taxonomy":"category","embeddable":true,"href":"https:\/\/www.visit-ulcinj.com\/blog\/wp-json\/wp\/v2\/categories?post=83529"},{"taxonomy":"post_tag","embeddable":true,"href":"https:\/\/www.visit-ulcinj.com\/blog\/wp-json\/wp\/v2\/tags?post=83529"}],"curies":[{"name":"wp","href":"https:\/\/api.w.org\/{rel}","templated":true}]}}