{"id":83589,"date":"2014-06-27T22:03:54","date_gmt":"2014-06-27T21:03:54","guid":{"rendered":"http:\/\/www.visit-ulcinj.com\/blog\/?p=83589"},"modified":"2014-06-28T15:50:42","modified_gmt":"2014-06-28T14:50:42","slug":"martohet-lorik-cana","status":"publish","type":"post","link":"https:\/\/www.visit-ulcinj.com\/blog\/2014\/06\/27\/martohet-lorik-cana\/","title":{"rendered":"Martohet Lorik Cana"},"content":{"rendered":"<p><strong><a href=\"http:\/\/www.visit-ulcinj.com\/blog\/wp-content\/uploads\/2014\/06\/Martohet-Lorik-Cana.jpg\"><img loading=\"lazy\" class=\"alignleft  wp-image-83590\" alt=\"Martohet Lorik Cana\" src=\"http:\/\/www.visit-ulcinj.com\/blog\/wp-content\/uploads\/2014\/06\/Martohet-Lorik-Cana.jpg\" width=\"508\" height=\"360\" \/><\/a>Kapiteni kuqezi, Lorik Cana, sonte do t\u2019i jap fund beqaris\u00eb, teksa kuror\u00ebzon me martes\u00eb lidhjen e tij me modelen italiane, Monika.<\/strong><br \/>\nYlli shqiptar i futbollit, Lorik Cana, sonte do t\u2019i jap fund beqaris\u00eb pik\u00ebrisht n\u00eb vendlindjen e tij, n\u00eb Kosov\u00eb.<\/p>\n<p>Loriku do t\u00eb martohet sonte me t\u00eb dashur\u00ebn e tij, modelen italiane, Monica n\u00eb nj\u00eb ceremoni madh\u00ebshtore n\u00eb hotel Emerald.<\/p>\n<p>Cana ka t\u00eb ftuar rreth 500 mysafir\u00eb, me t\u00eb cil\u00ebt do t\u00eb ndaj\u00eb k\u00ebt\u00eb g\u00ebzim, teksa n\u00eb mesin e t\u00eb ftuarve jan\u00eb shum\u00eb bashk\u00eblojtar\u00eb t\u00eb tij.<\/p>\n<p>Ndryshe, nj\u00eb dit\u00eb m\u00eb par\u00eb Cana dhuroi gjak n\u00eb SOS fshatin e f\u00ebmij\u00ebve pik\u00ebrisht me bashk\u00ebshorten e tij t\u00eb ardhshme.<\/p>\n<p>Revista <strong>KOSOVARJA<\/strong><\/p>\n<p><a href=\"http:\/\/www.visit-ulcinj.com\/blog\/wp-content\/uploads\/2014\/06\/Martesa-Lorik-Canes.jpg\"><img loading=\"lazy\" class=\"alignleft  wp-image-83630\" alt=\"Martesa-Lorik-Canes\" src=\"http:\/\/www.visit-ulcinj.com\/blog\/wp-content\/uploads\/2014\/06\/Martesa-Lorik-Canes.jpg\" width=\"508\" height=\"600\" \/><\/a><\/p>\n","protected":false},"excerpt":{"rendered":"<p>Kapiteni kuqezi, Lorik Cana, sonte do t\u2019i jap fund beqaris\u00eb, teksa kuror\u00ebzon me martes\u00eb lidhjen e tij me modelen italiane, Monika. Ylli shqiptar i futbollit, Lorik Cana, sonte do t\u2019i jap fund beqaris\u00eb pik\u00ebrisht n\u00eb vendlindjen e tij, n\u00eb Kosov\u00eb. Loriku do t\u00eb martohet sonte me t\u00eb dashur\u00ebn e tij, modelen italiane, Monica n\u00eb nj\u00eb [&hellip;]<\/p>\n","protected":false},"author":1,"featured_media":0,"comment_status":"closed","ping_status":"closed","sticky":false,"template":"","format":"standard","meta":{"spay_email":"","jetpack_publicize_message":"","jetpack_is_tweetstorm":false,"jetpack_publicize_feature_enabled":true},"categories":[6950],"tags":[],"jetpack_publicize_connections":[],"yoast_head":"<!-- This site is optimized with the Yoast SEO plugin v19.1 - https:\/\/yoast.com\/wordpress\/plugins\/seo\/ -->\n<title>Martohet Lorik Cana - Lajme nga Ulqini<\/title>\n<meta name=\"description\" content=\"Kapiteni kuqezi, Lorik Cana, sonte do t\u2019i jap fund beqaris\u00eb, teksa kuror\u00ebzon me martes\u00eb lidhjen e tij me modelen italiane, Monika. Ylli shqiptar i\" \/>\n<meta name=\"robots\" content=\"index, follow, max-snippet:-1, max-image-preview:large, max-video-preview:-1\" \/>\n<link rel=\"canonical\" href=\"https:\/\/www.visit-ulcinj.com\/blog\/2014\/06\/27\/martohet-lorik-cana\/\" \/>\n<meta property=\"og:locale\" content=\"en_US\" \/>\n<meta property=\"og:type\" content=\"article\" \/>\n<meta property=\"og:title\" content=\"Martohet Lorik Cana - Lajme nga Ulqini\" \/>\n<meta property=\"og:description\" content=\"Kapiteni kuqezi, Lorik Cana, sonte do t\u2019i jap fund beqaris\u00eb, teksa kuror\u00ebzon me martes\u00eb lidhjen e tij me modelen italiane, Monika. Ylli shqiptar i\" \/>\n<meta property=\"og:url\" content=\"https:\/\/www.visit-ulcinj.com\/blog\/2014\/06\/27\/martohet-lorik-cana\/\" \/>\n<meta property=\"og:site_name\" content=\"Lajme nga Ulqini\" \/>\n<meta property=\"article:published_time\" content=\"2014-06-27T21:03:54+00:00\" \/>\n<meta property=\"article:modified_time\" content=\"2014-06-28T14:50:42+00:00\" \/>\n<meta property=\"og:image\" content=\"http:\/\/www.visit-ulcinj.com\/blog\/wp-content\/uploads\/2014\/06\/Martohet-Lorik-Cana.jpg\" \/>\n<meta name=\"twitter:label1\" content=\"Written by\" \/>\n\t<meta name=\"twitter:data1\" content=\"ulqini\" \/>\n\t<meta name=\"twitter:label2\" content=\"Est. reading time\" \/>\n\t<meta name=\"twitter:data2\" content=\"1 minute\" \/>\n<script type=\"application\/ld+json\" class=\"yoast-schema-graph\">{\"@context\":\"https:\/\/schema.org\",\"@graph\":[{\"@type\":\"WebSite\",\"@id\":\"https:\/\/www.visit-ulcinj.com\/blog\/#website\",\"url\":\"https:\/\/www.visit-ulcinj.com\/blog\/\",\"name\":\"Lajme nga Ulqini\",\"description\":\"Lajme,Vijesti,Ulqini,Ulqin,Crna Gora,Mali i Zi\",\"potentialAction\":[{\"@type\":\"SearchAction\",\"target\":{\"@type\":\"EntryPoint\",\"urlTemplate\":\"https:\/\/www.visit-ulcinj.com\/blog\/?s={search_term_string}\"},\"query-input\":\"required name=search_term_string\"}],\"inLanguage\":\"en-US\"},{\"@type\":\"ImageObject\",\"inLanguage\":\"en-US\",\"@id\":\"https:\/\/www.visit-ulcinj.com\/blog\/2014\/06\/27\/martohet-lorik-cana\/#primaryimage\",\"url\":\"http:\/\/www.visit-ulcinj.com\/blog\/wp-content\/uploads\/2014\/06\/Martohet-Lorik-Cana.jpg\",\"contentUrl\":\"http:\/\/www.visit-ulcinj.com\/blog\/wp-content\/uploads\/2014\/06\/Martohet-Lorik-Cana.jpg\"},{\"@type\":\"WebPage\",\"@id\":\"https:\/\/www.visit-ulcinj.com\/blog\/2014\/06\/27\/martohet-lorik-cana\/#webpage\",\"url\":\"https:\/\/www.visit-ulcinj.com\/blog\/2014\/06\/27\/martohet-lorik-cana\/\",\"name\":\"Martohet Lorik Cana - Lajme nga Ulqini\",\"isPartOf\":{\"@id\":\"https:\/\/www.visit-ulcinj.com\/blog\/#website\"},\"primaryImageOfPage\":{\"@id\":\"https:\/\/www.visit-ulcinj.com\/blog\/2014\/06\/27\/martohet-lorik-cana\/#primaryimage\"},\"datePublished\":\"2014-06-27T21:03:54+00:00\",\"dateModified\":\"2014-06-28T14:50:42+00:00\",\"author\":{\"@id\":\"https:\/\/www.visit-ulcinj.com\/blog\/#\/schema\/person\/dcab619c614d3038751c63bc2aadc06d\"},\"description\":\"Kapiteni kuqezi, Lorik Cana, sonte do t\u2019i jap fund beqaris\u00eb, teksa kuror\u00ebzon me martes\u00eb lidhjen e tij me modelen italiane, Monika. Ylli shqiptar i\",\"breadcrumb\":{\"@id\":\"https:\/\/www.visit-ulcinj.com\/blog\/2014\/06\/27\/martohet-lorik-cana\/#breadcrumb\"},\"inLanguage\":\"en-US\",\"potentialAction\":[{\"@type\":\"ReadAction\",\"target\":[\"https:\/\/www.visit-ulcinj.com\/blog\/2014\/06\/27\/martohet-lorik-cana\/\"]}]},{\"@type\":\"BreadcrumbList\",\"@id\":\"https:\/\/www.visit-ulcinj.com\/blog\/2014\/06\/27\/martohet-lorik-cana\/#breadcrumb\",\"itemListElement\":[{\"@type\":\"ListItem\",\"position\":1,\"name\":\"Martohet Lorik Cana\"}]},{\"@type\":\"Person\",\"@id\":\"https:\/\/www.visit-ulcinj.com\/blog\/#\/schema\/person\/dcab619c614d3038751c63bc2aadc06d\",\"name\":\"ulqini\",\"sameAs\":[\"http:\/\/www.visit-ulcinj.com\"],\"url\":\"https:\/\/www.visit-ulcinj.com\/blog\/author\/admin\/\"}]}<\/script>\n<!-- \/ Yoast SEO plugin. -->","yoast_head_json":{"title":"Martohet Lorik Cana - Lajme nga Ulqini","description":"Kapiteni kuqezi, Lorik Cana, sonte do t\u2019i jap fund beqaris\u00eb, teksa kuror\u00ebzon me martes\u00eb lidhjen e tij me modelen italiane, Monika. Ylli shqiptar i","robots":{"index":"index","follow":"follow","max-snippet":"max-snippet:-1","max-image-preview":"max-image-preview:large","max-video-preview":"max-video-preview:-1"},"canonical":"https:\/\/www.visit-ulcinj.com\/blog\/2014\/06\/27\/martohet-lorik-cana\/","og_locale":"en_US","og_type":"article","og_title":"Martohet Lorik Cana - Lajme nga Ulqini","og_description":"Kapiteni kuqezi, Lorik Cana, sonte do t\u2019i jap fund beqaris\u00eb, teksa kuror\u00ebzon me martes\u00eb lidhjen e tij me modelen italiane, Monika. Ylli shqiptar i","og_url":"https:\/\/www.visit-ulcinj.com\/blog\/2014\/06\/27\/martohet-lorik-cana\/","og_site_name":"Lajme nga Ulqini","article_published_time":"2014-06-27T21:03:54+00:00","article_modified_time":"2014-06-28T14:50:42+00:00","og_image":[{"url":"http:\/\/www.visit-ulcinj.com\/blog\/wp-content\/uploads\/2014\/06\/Martohet-Lorik-Cana.jpg"}],"twitter_misc":{"Written by":"ulqini","Est. reading time":"1 minute"},"schema":{"@context":"https:\/\/schema.org","@graph":[{"@type":"WebSite","@id":"https:\/\/www.visit-ulcinj.com\/blog\/#website","url":"https:\/\/www.visit-ulcinj.com\/blog\/","name":"Lajme nga Ulqini","description":"Lajme,Vijesti,Ulqini,Ulqin,Crna Gora,Mali i Zi","potentialAction":[{"@type":"SearchAction","target":{"@type":"EntryPoint","urlTemplate":"https:\/\/www.visit-ulcinj.com\/blog\/?s={search_term_string}"},"query-input":"required name=search_term_string"}],"inLanguage":"en-US"},{"@type":"ImageObject","inLanguage":"en-US","@id":"https:\/\/www.visit-ulcinj.com\/blog\/2014\/06\/27\/martohet-lorik-cana\/#primaryimage","url":"http:\/\/www.visit-ulcinj.com\/blog\/wp-content\/uploads\/2014\/06\/Martohet-Lorik-Cana.jpg","contentUrl":"http:\/\/www.visit-ulcinj.com\/blog\/wp-content\/uploads\/2014\/06\/Martohet-Lorik-Cana.jpg"},{"@type":"WebPage","@id":"https:\/\/www.visit-ulcinj.com\/blog\/2014\/06\/27\/martohet-lorik-cana\/#webpage","url":"https:\/\/www.visit-ulcinj.com\/blog\/2014\/06\/27\/martohet-lorik-cana\/","name":"Martohet Lorik Cana - Lajme nga Ulqini","isPartOf":{"@id":"https:\/\/www.visit-ulcinj.com\/blog\/#website"},"primaryImageOfPage":{"@id":"https:\/\/www.visit-ulcinj.com\/blog\/2014\/06\/27\/martohet-lorik-cana\/#primaryimage"},"datePublished":"2014-06-27T21:03:54+00:00","dateModified":"2014-06-28T14:50:42+00:00","author":{"@id":"https:\/\/www.visit-ulcinj.com\/blog\/#\/schema\/person\/dcab619c614d3038751c63bc2aadc06d"},"description":"Kapiteni kuqezi, Lorik Cana, sonte do t\u2019i jap fund beqaris\u00eb, teksa kuror\u00ebzon me martes\u00eb lidhjen e tij me modelen italiane, Monika. Ylli shqiptar i","breadcrumb":{"@id":"https:\/\/www.visit-ulcinj.com\/blog\/2014\/06\/27\/martohet-lorik-cana\/#breadcrumb"},"inLanguage":"en-US","potentialAction":[{"@type":"ReadAction","target":["https:\/\/www.visit-ulcinj.com\/blog\/2014\/06\/27\/martohet-lorik-cana\/"]}]},{"@type":"BreadcrumbList","@id":"https:\/\/www.visit-ulcinj.com\/blog\/2014\/06\/27\/martohet-lorik-cana\/#breadcrumb","itemListElement":[{"@type":"ListItem","position":1,"name":"Martohet Lorik Cana"}]},{"@type":"Person","@id":"https:\/\/www.visit-ulcinj.com\/blog\/#\/schema\/person\/dcab619c614d3038751c63bc2aadc06d","name":"ulqini","sameAs":["http:\/\/www.visit-ulcinj.com"],"url":"https:\/\/www.visit-ulcinj.com\/blog\/author\/admin\/"}]}},"jetpack_featured_media_url":"","jetpack_sharing_enabled":true,"jetpack_shortlink":"https:\/\/wp.me\/pe6lTn-lKd","_links":{"self":[{"href":"https:\/\/www.visit-ulcinj.com\/blog\/wp-json\/wp\/v2\/posts\/83589"}],"collection":[{"href":"https:\/\/www.visit-ulcinj.com\/blog\/wp-json\/wp\/v2\/posts"}],"about":[{"href":"https:\/\/www.visit-ulcinj.com\/blog\/wp-json\/wp\/v2\/types\/post"}],"author":[{"embeddable":true,"href":"https:\/\/www.visit-ulcinj.com\/blog\/wp-json\/wp\/v2\/users\/1"}],"replies":[{"embeddable":true,"href":"https:\/\/www.visit-ulcinj.com\/blog\/wp-json\/wp\/v2\/comments?post=83589"}],"version-history":[{"count":2,"href":"https:\/\/www.visit-ulcinj.com\/blog\/wp-json\/wp\/v2\/posts\/83589\/revisions"}],"predecessor-version":[{"id":83631,"href":"https:\/\/www.visit-ulcinj.com\/blog\/wp-json\/wp\/v2\/posts\/83589\/revisions\/83631"}],"wp:attachment":[{"href":"https:\/\/www.visit-ulcinj.com\/blog\/wp-json\/wp\/v2\/media?parent=83589"}],"wp:term":[{"taxonomy":"category","embeddable":true,"href":"https:\/\/www.visit-ulcinj.com\/blog\/wp-json\/wp\/v2\/categories?post=83589"},{"taxonomy":"post_tag","embeddable":true,"href":"https:\/\/www.visit-ulcinj.com\/blog\/wp-json\/wp\/v2\/tags?post=83589"}],"curies":[{"name":"wp","href":"https:\/\/api.w.org\/{rel}","templated":true}]}}