{"id":83598,"date":"2014-06-28T04:15:19","date_gmt":"2014-06-28T03:15:19","guid":{"rendered":"http:\/\/www.visit-ulcinj.com\/blog\/?p=83598"},"modified":"2014-06-28T04:15:19","modified_gmt":"2014-06-28T03:15:19","slug":"mediat-nga-kosova-te-padeshiruara-ne-spektaklin-miss-shqiperia-2014","status":"publish","type":"post","link":"https:\/\/www.visit-ulcinj.com\/blog\/2014\/06\/28\/mediat-nga-kosova-te-padeshiruara-ne-spektaklin-miss-shqiperia-2014\/","title":{"rendered":"Mediat nga Kosova t\u00eb pad\u00ebshiruara n\u00eb spektaklin \u201cMiss Shqip\u00ebria 2014\u201d"},"content":{"rendered":"<div id=\"stcpDiv\">Miss Shqip\u00ebria 2014 k\u00ebt\u00eb vit po organizohet n\u00eb Ulqin. Atje po q\u00ebndron edhe nj\u00eb grup gazetar\u00ebsh nga Kosova, t\u00eb cil\u00ebt jan\u00eb penguar, duke mos u lejuar q\u00eb t\u00eb p\u00ebrcjellin k\u00ebt\u00eb ngjarje.<\/div>\n<div><a href=\"http:\/\/www.visit-ulcinj.com\/blog\/wp-content\/uploads\/2014\/06\/spektakli-miss-shqiperia-2014.jpg\"><img loading=\"lazy\" class=\"alignleft  wp-image-83599\" alt=\"spektakli-miss-shqiperia-2014\" src=\"http:\/\/www.visit-ulcinj.com\/blog\/wp-content\/uploads\/2014\/06\/spektakli-miss-shqiperia-2014.jpg\" width=\"508\" height=\"360\" \/><\/a><\/div>\n<div>\n<div id=\"stcpDiv\">\n<p>Gazetarja e agjencis\u00eb s\u00eb lajmeve KosovaPress e cila \u00ebsht\u00eb n\u00eb grupin e gazetar\u00ebve, ka treguar se ata jan\u00eb fyer dhe jan\u00eb penguar q\u00eb t\u00eb filmojn\u00eb spektaklin e \u201cMiss Shqip\u00ebria\u201d e cila po mbahet p\u00ebr her\u00eb t\u00eb par\u00eb jasht\u00eb territorit t\u00eb Shqip\u00ebris\u00eb.<\/p>\n<p>\u201c\u00c7ka po e l\u00ebni kamer\u00ebn k\u00ebtu. Ose rrini prapa publikut ose ja u gjuaj kamer\u00ebn n\u00eb deti\u201d, citohet t\u2019u ket\u00eb th\u00ebn\u00eb regjisori i Miss Shqip\u00ebria, Petri Bozo, gazetar\u00ebve.<br \/>\n<a href=\"http:\/\/www.visit-ulcinj.com\/blog\/wp-content\/uploads\/2014\/06\/Petri-Bozo-miss-shqiperia-2014.jpg\"><img loading=\"lazy\" class=\"alignleft  wp-image-83600\" alt=\"Petri Bozo-miss-shqiperia-2014\" src=\"http:\/\/www.visit-ulcinj.com\/blog\/wp-content\/uploads\/2014\/06\/Petri-Bozo-miss-shqiperia-2014.jpg\" width=\"508\" height=\"360\" \/><\/a><\/p>\n<p>\u201cKy regjisor e ka larguar kamer\u00ebn e televizionit Rrokum dhe ka fyer k\u00ebt\u00eb ekip. K\u00ebshtu ekipet kosovare nuk u lejuan t\u00eb q\u00ebndrojn\u00eb af\u00ebr q\u00eb t\u00eb filmojn\u00eb. Ne na fut\u00ebn brenda mir\u00ebpo na kan\u00eb l\u00ebn\u00eb n\u00eb nj\u00eb pozicion ku nuk mund t\u00eb shihej asgj\u00eb nga spektakli dhe k\u00ebshtu vendos\u00ebm q\u00eb t\u00eb gjith\u00eb ta bojkotojm\u00eb k\u00ebt\u00eb ngjarje\u201d, ka th\u00ebn\u00eb gazetarja e KosovaPress.<\/p>\n<p><strong>Lajme.net<\/strong><\/div>\n<\/div>\n","protected":false},"excerpt":{"rendered":"<p>Miss Shqip\u00ebria 2014 k\u00ebt\u00eb vit po organizohet n\u00eb Ulqin. Atje po q\u00ebndron edhe nj\u00eb grup gazetar\u00ebsh nga Kosova, t\u00eb cil\u00ebt jan\u00eb penguar, duke mos u lejuar q\u00eb t\u00eb p\u00ebrcjellin k\u00ebt\u00eb ngjarje. Gazetarja e agjencis\u00eb s\u00eb lajmeve KosovaPress e cila \u00ebsht\u00eb n\u00eb grupin e gazetar\u00ebve, ka treguar se ata jan\u00eb fyer dhe jan\u00eb penguar q\u00eb t\u00eb [&hellip;]<\/p>\n","protected":false},"author":1,"featured_media":0,"comment_status":"closed","ping_status":"closed","sticky":false,"template":"","format":"standard","meta":{"spay_email":"","jetpack_publicize_message":"","jetpack_is_tweetstorm":false,"jetpack_publicize_feature_enabled":true},"categories":[14],"tags":[],"jetpack_publicize_connections":[],"yoast_head":"<!-- This site is optimized with the Yoast SEO plugin v19.1 - https:\/\/yoast.com\/wordpress\/plugins\/seo\/ -->\n<title>Mediat nga Kosova t\u00eb pad\u00ebshiruara n\u00eb spektaklin \u201cMiss Shqip\u00ebria 2014\u201d - Lajme nga Ulqini<\/title>\n<meta name=\"description\" content=\"Miss Shqip\u00ebria 2014 k\u00ebt\u00eb vit po organizohet n\u00eb Ulqin. Atje po q\u00ebndron edhe nj\u00eb grup gazetar\u00ebsh nga Kosova, t\u00eb cil\u00ebt jan\u00eb penguar, duke mos u lejuar q\u00eb t\u00eb\" \/>\n<meta name=\"robots\" content=\"index, follow, max-snippet:-1, max-image-preview:large, max-video-preview:-1\" \/>\n<link rel=\"canonical\" href=\"https:\/\/www.visit-ulcinj.com\/blog\/2014\/06\/28\/mediat-nga-kosova-te-padeshiruara-ne-spektaklin-miss-shqiperia-2014\/\" \/>\n<meta property=\"og:locale\" content=\"en_US\" \/>\n<meta property=\"og:type\" content=\"article\" \/>\n<meta property=\"og:title\" content=\"Mediat nga Kosova t\u00eb pad\u00ebshiruara n\u00eb spektaklin \u201cMiss Shqip\u00ebria 2014\u201d - Lajme nga Ulqini\" \/>\n<meta property=\"og:description\" content=\"Miss Shqip\u00ebria 2014 k\u00ebt\u00eb vit po organizohet n\u00eb Ulqin. Atje po q\u00ebndron edhe nj\u00eb grup gazetar\u00ebsh nga Kosova, t\u00eb cil\u00ebt jan\u00eb penguar, duke mos u lejuar q\u00eb t\u00eb\" \/>\n<meta property=\"og:url\" content=\"https:\/\/www.visit-ulcinj.com\/blog\/2014\/06\/28\/mediat-nga-kosova-te-padeshiruara-ne-spektaklin-miss-shqiperia-2014\/\" \/>\n<meta property=\"og:site_name\" content=\"Lajme nga Ulqini\" \/>\n<meta property=\"article:published_time\" content=\"2014-06-28T03:15:19+00:00\" \/>\n<meta property=\"og:image\" content=\"http:\/\/www.visit-ulcinj.com\/blog\/wp-content\/uploads\/2014\/06\/spektakli-miss-shqiperia-2014.jpg\" \/>\n<meta name=\"twitter:label1\" content=\"Written by\" \/>\n\t<meta name=\"twitter:data1\" content=\"ulqini\" \/>\n\t<meta name=\"twitter:label2\" content=\"Est. reading time\" \/>\n\t<meta name=\"twitter:data2\" content=\"1 minute\" \/>\n<script type=\"application\/ld+json\" class=\"yoast-schema-graph\">{\"@context\":\"https:\/\/schema.org\",\"@graph\":[{\"@type\":\"WebSite\",\"@id\":\"https:\/\/www.visit-ulcinj.com\/blog\/#website\",\"url\":\"https:\/\/www.visit-ulcinj.com\/blog\/\",\"name\":\"Lajme nga Ulqini\",\"description\":\"Lajme,Vijesti,Ulqini,Ulqin,Crna Gora,Mali i Zi\",\"potentialAction\":[{\"@type\":\"SearchAction\",\"target\":{\"@type\":\"EntryPoint\",\"urlTemplate\":\"https:\/\/www.visit-ulcinj.com\/blog\/?s={search_term_string}\"},\"query-input\":\"required name=search_term_string\"}],\"inLanguage\":\"en-US\"},{\"@type\":\"ImageObject\",\"inLanguage\":\"en-US\",\"@id\":\"https:\/\/www.visit-ulcinj.com\/blog\/2014\/06\/28\/mediat-nga-kosova-te-padeshiruara-ne-spektaklin-miss-shqiperia-2014\/#primaryimage\",\"url\":\"https:\/\/www.visit-ulcinj.com\/blog\/wp-content\/uploads\/2014\/06\/spektakli-miss-shqiperia-2014.jpg\",\"contentUrl\":\"https:\/\/www.visit-ulcinj.com\/blog\/wp-content\/uploads\/2014\/06\/spektakli-miss-shqiperia-2014.jpg\",\"width\":960,\"height\":720},{\"@type\":\"WebPage\",\"@id\":\"https:\/\/www.visit-ulcinj.com\/blog\/2014\/06\/28\/mediat-nga-kosova-te-padeshiruara-ne-spektaklin-miss-shqiperia-2014\/#webpage\",\"url\":\"https:\/\/www.visit-ulcinj.com\/blog\/2014\/06\/28\/mediat-nga-kosova-te-padeshiruara-ne-spektaklin-miss-shqiperia-2014\/\",\"name\":\"Mediat nga Kosova t\u00eb pad\u00ebshiruara n\u00eb spektaklin \u201cMiss Shqip\u00ebria 2014\u201d - Lajme nga Ulqini\",\"isPartOf\":{\"@id\":\"https:\/\/www.visit-ulcinj.com\/blog\/#website\"},\"primaryImageOfPage\":{\"@id\":\"https:\/\/www.visit-ulcinj.com\/blog\/2014\/06\/28\/mediat-nga-kosova-te-padeshiruara-ne-spektaklin-miss-shqiperia-2014\/#primaryimage\"},\"datePublished\":\"2014-06-28T03:15:19+00:00\",\"dateModified\":\"2014-06-28T03:15:19+00:00\",\"author\":{\"@id\":\"https:\/\/www.visit-ulcinj.com\/blog\/#\/schema\/person\/dcab619c614d3038751c63bc2aadc06d\"},\"description\":\"Miss Shqip\u00ebria 2014 k\u00ebt\u00eb vit po organizohet n\u00eb Ulqin. Atje po q\u00ebndron edhe nj\u00eb grup gazetar\u00ebsh nga Kosova, t\u00eb cil\u00ebt jan\u00eb penguar, duke mos u lejuar q\u00eb t\u00eb\",\"breadcrumb\":{\"@id\":\"https:\/\/www.visit-ulcinj.com\/blog\/2014\/06\/28\/mediat-nga-kosova-te-padeshiruara-ne-spektaklin-miss-shqiperia-2014\/#breadcrumb\"},\"inLanguage\":\"en-US\",\"potentialAction\":[{\"@type\":\"ReadAction\",\"target\":[\"https:\/\/www.visit-ulcinj.com\/blog\/2014\/06\/28\/mediat-nga-kosova-te-padeshiruara-ne-spektaklin-miss-shqiperia-2014\/\"]}]},{\"@type\":\"BreadcrumbList\",\"@id\":\"https:\/\/www.visit-ulcinj.com\/blog\/2014\/06\/28\/mediat-nga-kosova-te-padeshiruara-ne-spektaklin-miss-shqiperia-2014\/#breadcrumb\",\"itemListElement\":[{\"@type\":\"ListItem\",\"position\":1,\"name\":\"Mediat nga Kosova t\u00eb pad\u00ebshiruara n\u00eb spektaklin \u201cMiss Shqip\u00ebria 2014\u201d\"}]},{\"@type\":\"Person\",\"@id\":\"https:\/\/www.visit-ulcinj.com\/blog\/#\/schema\/person\/dcab619c614d3038751c63bc2aadc06d\",\"name\":\"ulqini\",\"sameAs\":[\"http:\/\/www.visit-ulcinj.com\"],\"url\":\"https:\/\/www.visit-ulcinj.com\/blog\/author\/admin\/\"}]}<\/script>\n<!-- \/ Yoast SEO plugin. -->","yoast_head_json":{"title":"Mediat nga Kosova t\u00eb pad\u00ebshiruara n\u00eb spektaklin \u201cMiss Shqip\u00ebria 2014\u201d - Lajme nga Ulqini","description":"Miss Shqip\u00ebria 2014 k\u00ebt\u00eb vit po organizohet n\u00eb Ulqin. Atje po q\u00ebndron edhe nj\u00eb grup gazetar\u00ebsh nga Kosova, t\u00eb cil\u00ebt jan\u00eb penguar, duke mos u lejuar q\u00eb t\u00eb","robots":{"index":"index","follow":"follow","max-snippet":"max-snippet:-1","max-image-preview":"max-image-preview:large","max-video-preview":"max-video-preview:-1"},"canonical":"https:\/\/www.visit-ulcinj.com\/blog\/2014\/06\/28\/mediat-nga-kosova-te-padeshiruara-ne-spektaklin-miss-shqiperia-2014\/","og_locale":"en_US","og_type":"article","og_title":"Mediat nga Kosova t\u00eb pad\u00ebshiruara n\u00eb spektaklin \u201cMiss Shqip\u00ebria 2014\u201d - Lajme nga Ulqini","og_description":"Miss Shqip\u00ebria 2014 k\u00ebt\u00eb vit po organizohet n\u00eb Ulqin. Atje po q\u00ebndron edhe nj\u00eb grup gazetar\u00ebsh nga Kosova, t\u00eb cil\u00ebt jan\u00eb penguar, duke mos u lejuar q\u00eb t\u00eb","og_url":"https:\/\/www.visit-ulcinj.com\/blog\/2014\/06\/28\/mediat-nga-kosova-te-padeshiruara-ne-spektaklin-miss-shqiperia-2014\/","og_site_name":"Lajme nga Ulqini","article_published_time":"2014-06-28T03:15:19+00:00","og_image":[{"url":"http:\/\/www.visit-ulcinj.com\/blog\/wp-content\/uploads\/2014\/06\/spektakli-miss-shqiperia-2014.jpg"}],"twitter_misc":{"Written by":"ulqini","Est. reading time":"1 minute"},"schema":{"@context":"https:\/\/schema.org","@graph":[{"@type":"WebSite","@id":"https:\/\/www.visit-ulcinj.com\/blog\/#website","url":"https:\/\/www.visit-ulcinj.com\/blog\/","name":"Lajme nga Ulqini","description":"Lajme,Vijesti,Ulqini,Ulqin,Crna Gora,Mali i Zi","potentialAction":[{"@type":"SearchAction","target":{"@type":"EntryPoint","urlTemplate":"https:\/\/www.visit-ulcinj.com\/blog\/?s={search_term_string}"},"query-input":"required name=search_term_string"}],"inLanguage":"en-US"},{"@type":"ImageObject","inLanguage":"en-US","@id":"https:\/\/www.visit-ulcinj.com\/blog\/2014\/06\/28\/mediat-nga-kosova-te-padeshiruara-ne-spektaklin-miss-shqiperia-2014\/#primaryimage","url":"https:\/\/www.visit-ulcinj.com\/blog\/wp-content\/uploads\/2014\/06\/spektakli-miss-shqiperia-2014.jpg","contentUrl":"https:\/\/www.visit-ulcinj.com\/blog\/wp-content\/uploads\/2014\/06\/spektakli-miss-shqiperia-2014.jpg","width":960,"height":720},{"@type":"WebPage","@id":"https:\/\/www.visit-ulcinj.com\/blog\/2014\/06\/28\/mediat-nga-kosova-te-padeshiruara-ne-spektaklin-miss-shqiperia-2014\/#webpage","url":"https:\/\/www.visit-ulcinj.com\/blog\/2014\/06\/28\/mediat-nga-kosova-te-padeshiruara-ne-spektaklin-miss-shqiperia-2014\/","name":"Mediat nga Kosova t\u00eb pad\u00ebshiruara n\u00eb spektaklin \u201cMiss Shqip\u00ebria 2014\u201d - Lajme nga Ulqini","isPartOf":{"@id":"https:\/\/www.visit-ulcinj.com\/blog\/#website"},"primaryImageOfPage":{"@id":"https:\/\/www.visit-ulcinj.com\/blog\/2014\/06\/28\/mediat-nga-kosova-te-padeshiruara-ne-spektaklin-miss-shqiperia-2014\/#primaryimage"},"datePublished":"2014-06-28T03:15:19+00:00","dateModified":"2014-06-28T03:15:19+00:00","author":{"@id":"https:\/\/www.visit-ulcinj.com\/blog\/#\/schema\/person\/dcab619c614d3038751c63bc2aadc06d"},"description":"Miss Shqip\u00ebria 2014 k\u00ebt\u00eb vit po organizohet n\u00eb Ulqin. Atje po q\u00ebndron edhe nj\u00eb grup gazetar\u00ebsh nga Kosova, t\u00eb cil\u00ebt jan\u00eb penguar, duke mos u lejuar q\u00eb t\u00eb","breadcrumb":{"@id":"https:\/\/www.visit-ulcinj.com\/blog\/2014\/06\/28\/mediat-nga-kosova-te-padeshiruara-ne-spektaklin-miss-shqiperia-2014\/#breadcrumb"},"inLanguage":"en-US","potentialAction":[{"@type":"ReadAction","target":["https:\/\/www.visit-ulcinj.com\/blog\/2014\/06\/28\/mediat-nga-kosova-te-padeshiruara-ne-spektaklin-miss-shqiperia-2014\/"]}]},{"@type":"BreadcrumbList","@id":"https:\/\/www.visit-ulcinj.com\/blog\/2014\/06\/28\/mediat-nga-kosova-te-padeshiruara-ne-spektaklin-miss-shqiperia-2014\/#breadcrumb","itemListElement":[{"@type":"ListItem","position":1,"name":"Mediat nga Kosova t\u00eb pad\u00ebshiruara n\u00eb spektaklin \u201cMiss Shqip\u00ebria 2014\u201d"}]},{"@type":"Person","@id":"https:\/\/www.visit-ulcinj.com\/blog\/#\/schema\/person\/dcab619c614d3038751c63bc2aadc06d","name":"ulqini","sameAs":["http:\/\/www.visit-ulcinj.com"],"url":"https:\/\/www.visit-ulcinj.com\/blog\/author\/admin\/"}]}},"jetpack_featured_media_url":"","jetpack_sharing_enabled":true,"jetpack_shortlink":"https:\/\/wp.me\/pe6lTn-lKm","_links":{"self":[{"href":"https:\/\/www.visit-ulcinj.com\/blog\/wp-json\/wp\/v2\/posts\/83598"}],"collection":[{"href":"https:\/\/www.visit-ulcinj.com\/blog\/wp-json\/wp\/v2\/posts"}],"about":[{"href":"https:\/\/www.visit-ulcinj.com\/blog\/wp-json\/wp\/v2\/types\/post"}],"author":[{"embeddable":true,"href":"https:\/\/www.visit-ulcinj.com\/blog\/wp-json\/wp\/v2\/users\/1"}],"replies":[{"embeddable":true,"href":"https:\/\/www.visit-ulcinj.com\/blog\/wp-json\/wp\/v2\/comments?post=83598"}],"version-history":[{"count":1,"href":"https:\/\/www.visit-ulcinj.com\/blog\/wp-json\/wp\/v2\/posts\/83598\/revisions"}],"predecessor-version":[{"id":83601,"href":"https:\/\/www.visit-ulcinj.com\/blog\/wp-json\/wp\/v2\/posts\/83598\/revisions\/83601"}],"wp:attachment":[{"href":"https:\/\/www.visit-ulcinj.com\/blog\/wp-json\/wp\/v2\/media?parent=83598"}],"wp:term":[{"taxonomy":"category","embeddable":true,"href":"https:\/\/www.visit-ulcinj.com\/blog\/wp-json\/wp\/v2\/categories?post=83598"},{"taxonomy":"post_tag","embeddable":true,"href":"https:\/\/www.visit-ulcinj.com\/blog\/wp-json\/wp\/v2\/tags?post=83598"}],"curies":[{"name":"wp","href":"https:\/\/api.w.org\/{rel}","templated":true}]}}