{"id":83656,"date":"2014-06-28T22:16:14","date_gmt":"2014-06-28T21:16:14","guid":{"rendered":"http:\/\/www.visit-ulcinj.com\/blog\/?p=83656"},"modified":"2014-06-28T22:16:14","modified_gmt":"2014-06-28T21:16:14","slug":"skoro-izgradnja-djecjeg-vrtica-u-ulcinj","status":"publish","type":"post","link":"https:\/\/www.visit-ulcinj.com\/blog\/2014\/06\/28\/skoro-izgradnja-djecjeg-vrtica-u-ulcinj\/","title":{"rendered":"Skoro izgradnja dje\u010djeg vrti\u0107a u Ulcinj"},"content":{"rendered":"<p><strong><a href=\"http:\/\/www.visit-ulcinj.com\/blog\/wp-content\/uploads\/2014\/06\/decji-vrtic.jpg\"><img loading=\"lazy\" class=\"alignleft  wp-image-83657\" alt=\"decji-vrtic\" src=\"http:\/\/www.visit-ulcinj.com\/blog\/wp-content\/uploads\/2014\/06\/decji-vrtic.jpg\" width=\"508\" height=\"338\" \/><\/a>Decenijski crnogorski problem \u2013 gu\u017eva u vrti\u0107ima, ponavlja se i ove godine.<\/strong><\/p>\n<p>Umjesto po oko dvije hiljade i tristo djece, u oba podgori\u010dka dr\u017eavna vrti\u0107a, upisano je po ne\u0161to vi\u0161e od tri hiljade mali\u0161ana, potvr\u0111eno je Atlas televiziji. Prekobrojnost, me\u0111utim, ka\u017eu vaspita\u010di, nije razlog za brigu roditelja da ne\u0107e imati ko da vodi ra\u010duna o njihovoj djeci. Problem \u0107e se rije\u0161ti anga\u017eovanjem dodatnog osoblja. Na trajno rje\u0161enje, me\u0111utim, mora\u0107emo da sa\u010dekamo, makar do realizacije kredita od 10 miliona eura, kog je vlada dobila od Razvojne banke Savjeta Evrope. Od tog novca, nove vrti\u0107e bi, osim Podgorice, trebalo da dobiju Pljevlja, Ulcinj i Bar.<\/p>\n<p>Ista pri\u010da svake godine. Gu\u017eva u podgori\u010dkim vrti\u0107ima, izvjesno je da \u0107e se ponoviti i od septembra. \u201eLjubica Popovi\u0107\u201c i \u201e\u0110ina Vrbica\u201c upisale su po oko hiljadu djece vi\u0161e nego \u0161to je bilo predvi\u0111eno konkursom. Umjesto po oko dvije hiljade i 300, ove vrti\u0107e poha\u0111a\u0107e ne\u0161to vi\u0161e od tri hiljade mali\u0161ana.<\/p>\n<p>\u201eNa osnovu prakse iz prethodnih godina znamo da pojedini roditelji koji su prijavili svoju djecu ne\u0107e zaklju\u010diti ugovore \u0161to se i ovog puta desilo. U skladu sa tim Komisija je donijela odluku da se prime sva djeca \u010diji su roditelji podnijeli molbu ili prigovor direktoru\u201c, saop\u0161teno je Atlas televiziji iz JPU \u201e\u0110ina Vrbica\u201c.<\/p>\n<p>Uprave i vaspita\u010de pitamo da li je upisivanje znatno ve\u0107eg broja djece od predvi\u0111enog pravilo.<\/p>\n<p>\u201cNije pravilo, to je na\u0161a praksa. Jeste sa jedne strane kada ka\u017eemo da je konkurs raspisan za 2100 djece, a da je upisano 3000 to zvu\u010di stra\u0161no. Ali u drugu ruku, kada smo prije par godina poku\u0161ali da napravimo rang liste, veliki broj roditelja koji su se prije toga bunili za\u0161to su grupe prekobrojne u odnosu na zakonsku regulativu odnosno na pedago\u0161ke standarde pa su mo\u017eda ba\u0161 njihova djeca bila ispod crte. Ja ovo govorim hipoteti\u010dki, naravno. Onda je bio strahovit problem \u2013 \u0161ta sada sa tom djecom?\u201d, navodi Sanja Laban, vaspita\u010dica vrti\u0107a \u201eLjubica Popovi\u0107\u201c.<\/p>\n<p>Ipak, i roditelji imaju zamjerku na samu proceduru upisa djece u vrti\u0107e.<\/p>\n<p>\u201cDefinitivno postoje pravila, postoje pravilnici koji defini\u0161u pravila koja trebaju da se ispo\u0161tuju. \u010cinjenica je da se svake godine ta pravila vi\u0161e ne ispo\u0161tuju nego \u0161to se ispo\u0161tuju. De\u0161ava se da pravila koja su primijenjena u jednoj i drugoj pred\u0161kolskoj ustanovi nisu ista. Mo\u017eda bi trebalo o tome voditi ra\u010duna, dakle ako postoje pravila. Ili da se ta pravila promijene, da ne budu vi\u0161e takva. A onda kada se ta pravila usvoje da se ona primjenjuju i da su jednaka za sve i da roditelji ta\u010dno znaju \u0161ta je to na \u0161ta oni mogu da ra\u010dunaju odnosno \u0161ta slijedi ukoliko se ne ispo\u0161tuje procedura\u201d, nagla\u0161ava Kristina \u0106etkovi\u0107 iz Udru\u017eenja Roditelji.<\/p>\n<p>Ipak, po\u0161to su skoro sva djeca, na kraju i upisana, postavlja se pitanje da li \u0107e imati ko da vodi ra\u010duna o njima, s obzirom na to da ih je u oba vrti\u0107a skoro po hiljadu vi\u0161e nego \u0161to bi trebalo.<\/p>\n<p>\u201eProblem prekobrojnosti u pred\u0161kolskim ustanovama ne datira od prije godinu dana ili dvije. Taj problem se pojavio u zadnjoj deceniji, tako da smo imali vremena da nau\u010dimo kako trebamo da funkcioni\u0161emo. Tako da se anga\u017euje osoblje \u2013 vaspita\u010di, medicinske sestre, i svi ostali da bi se poja\u010dao nadzor odnosno da djeca ne bi ispa\u0161tala zbog prekobrojnosti\u201c, isti\u010de Laban.<\/p>\n<p>Ipak, na trajno rje\u0161enje sa\u010deka\u0107emo neko vrijeme, makar do realzacije kredita od 10 miliona eura, koliko je vladi odborila Razvojna banka Savjeta Evrope za projekat unaprije\u0111enja pred\u0161kolskog vaspitanja i obrazovanja.<\/p>\n<p>\u201eKreditnim aran\u017emanom predvi\u0111ena je izgradnja objekata u Pljevljima, Ulcinju, Baru i u Podgorici u naseljima: Stari aerodrom, Blok VI, Zagori\u010d, kao i izgradnja dje\u010djeg vrti\u0107a i jaslica u Gradskoj op\u0161tini Tuzi\u201c, saop\u0161teno je Atlas televiziji iz Ministarstva prosvjete.<\/p>\n<p>Do daljenjeg, cijena mjese\u010dnog boravka djece u dr\u017eavnim vrti\u0107ima ko\u0161ta 40 eura.<\/p>\n<p><strong>Izvor: Analitika &#8211; Informativni Portal<\/strong><\/p>\n","protected":false},"excerpt":{"rendered":"<p>Decenijski crnogorski problem \u2013 gu\u017eva u vrti\u0107ima, ponavlja se i ove godine. Umjesto po oko dvije hiljade i tristo djece, u oba podgori\u010dka dr\u017eavna vrti\u0107a, upisano je po ne\u0161to vi\u0161e od tri hiljade mali\u0161ana, potvr\u0111eno je Atlas televiziji. Prekobrojnost, me\u0111utim, ka\u017eu vaspita\u010di, nije razlog za brigu roditelja da ne\u0107e imati ko da vodi ra\u010duna o [&hellip;]<\/p>\n","protected":false},"author":1,"featured_media":0,"comment_status":"closed","ping_status":"closed","sticky":false,"template":"","format":"standard","meta":{"spay_email":"","jetpack_publicize_message":"","jetpack_is_tweetstorm":false,"jetpack_publicize_feature_enabled":true},"categories":[6950],"tags":[],"jetpack_publicize_connections":[],"yoast_head":"<!-- This site is optimized with the Yoast SEO plugin v19.1 - https:\/\/yoast.com\/wordpress\/plugins\/seo\/ -->\n<title>Skoro izgradnja dje\u010djeg vrti\u0107a u Ulcinj - Lajme nga Ulqini<\/title>\n<meta name=\"description\" content=\"Decenijski crnogorski problem \u2013 gu\u017eva u vrti\u0107ima, ponavlja se i ove godine. Umjesto po oko dvije hiljade i tristo djece, u oba podgori\u010dka dr\u017eavna vrti\u0107a,\" \/>\n<meta name=\"robots\" content=\"index, follow, max-snippet:-1, max-image-preview:large, max-video-preview:-1\" \/>\n<link rel=\"canonical\" href=\"https:\/\/www.visit-ulcinj.com\/blog\/2014\/06\/28\/skoro-izgradnja-djecjeg-vrtica-u-ulcinj\/\" \/>\n<meta property=\"og:locale\" content=\"en_US\" \/>\n<meta property=\"og:type\" content=\"article\" \/>\n<meta property=\"og:title\" content=\"Skoro izgradnja dje\u010djeg vrti\u0107a u Ulcinj - Lajme nga Ulqini\" \/>\n<meta property=\"og:description\" content=\"Decenijski crnogorski problem \u2013 gu\u017eva u vrti\u0107ima, ponavlja se i ove godine. Umjesto po oko dvije hiljade i tristo djece, u oba podgori\u010dka dr\u017eavna vrti\u0107a,\" \/>\n<meta property=\"og:url\" content=\"https:\/\/www.visit-ulcinj.com\/blog\/2014\/06\/28\/skoro-izgradnja-djecjeg-vrtica-u-ulcinj\/\" \/>\n<meta property=\"og:site_name\" content=\"Lajme nga Ulqini\" \/>\n<meta property=\"article:published_time\" content=\"2014-06-28T21:16:14+00:00\" \/>\n<meta property=\"og:image\" content=\"http:\/\/www.visit-ulcinj.com\/blog\/wp-content\/uploads\/2014\/06\/decji-vrtic.jpg\" \/>\n<meta name=\"twitter:label1\" content=\"Written by\" \/>\n\t<meta name=\"twitter:data1\" content=\"ulqini\" \/>\n\t<meta name=\"twitter:label2\" content=\"Est. reading time\" \/>\n\t<meta name=\"twitter:data2\" content=\"4 minutes\" \/>\n<script type=\"application\/ld+json\" class=\"yoast-schema-graph\">{\"@context\":\"https:\/\/schema.org\",\"@graph\":[{\"@type\":\"WebSite\",\"@id\":\"https:\/\/www.visit-ulcinj.com\/blog\/#website\",\"url\":\"https:\/\/www.visit-ulcinj.com\/blog\/\",\"name\":\"Lajme nga Ulqini\",\"description\":\"Lajme,Vijesti,Ulqini,Ulqin,Crna Gora,Mali i Zi\",\"potentialAction\":[{\"@type\":\"SearchAction\",\"target\":{\"@type\":\"EntryPoint\",\"urlTemplate\":\"https:\/\/www.visit-ulcinj.com\/blog\/?s={search_term_string}\"},\"query-input\":\"required name=search_term_string\"}],\"inLanguage\":\"en-US\"},{\"@type\":\"ImageObject\",\"inLanguage\":\"en-US\",\"@id\":\"https:\/\/www.visit-ulcinj.com\/blog\/2014\/06\/28\/skoro-izgradnja-djecjeg-vrtica-u-ulcinj\/#primaryimage\",\"url\":\"https:\/\/www.visit-ulcinj.com\/blog\/wp-content\/uploads\/2014\/06\/decji-vrtic.jpg\",\"contentUrl\":\"https:\/\/www.visit-ulcinj.com\/blog\/wp-content\/uploads\/2014\/06\/decji-vrtic.jpg\",\"width\":450,\"height\":338},{\"@type\":\"WebPage\",\"@id\":\"https:\/\/www.visit-ulcinj.com\/blog\/2014\/06\/28\/skoro-izgradnja-djecjeg-vrtica-u-ulcinj\/#webpage\",\"url\":\"https:\/\/www.visit-ulcinj.com\/blog\/2014\/06\/28\/skoro-izgradnja-djecjeg-vrtica-u-ulcinj\/\",\"name\":\"Skoro izgradnja dje\u010djeg vrti\u0107a u Ulcinj - Lajme nga Ulqini\",\"isPartOf\":{\"@id\":\"https:\/\/www.visit-ulcinj.com\/blog\/#website\"},\"primaryImageOfPage\":{\"@id\":\"https:\/\/www.visit-ulcinj.com\/blog\/2014\/06\/28\/skoro-izgradnja-djecjeg-vrtica-u-ulcinj\/#primaryimage\"},\"datePublished\":\"2014-06-28T21:16:14+00:00\",\"dateModified\":\"2014-06-28T21:16:14+00:00\",\"author\":{\"@id\":\"https:\/\/www.visit-ulcinj.com\/blog\/#\/schema\/person\/dcab619c614d3038751c63bc2aadc06d\"},\"description\":\"Decenijski crnogorski problem \u2013 gu\u017eva u vrti\u0107ima, ponavlja se i ove godine. Umjesto po oko dvije hiljade i tristo djece, u oba podgori\u010dka dr\u017eavna vrti\u0107a,\",\"breadcrumb\":{\"@id\":\"https:\/\/www.visit-ulcinj.com\/blog\/2014\/06\/28\/skoro-izgradnja-djecjeg-vrtica-u-ulcinj\/#breadcrumb\"},\"inLanguage\":\"en-US\",\"potentialAction\":[{\"@type\":\"ReadAction\",\"target\":[\"https:\/\/www.visit-ulcinj.com\/blog\/2014\/06\/28\/skoro-izgradnja-djecjeg-vrtica-u-ulcinj\/\"]}]},{\"@type\":\"BreadcrumbList\",\"@id\":\"https:\/\/www.visit-ulcinj.com\/blog\/2014\/06\/28\/skoro-izgradnja-djecjeg-vrtica-u-ulcinj\/#breadcrumb\",\"itemListElement\":[{\"@type\":\"ListItem\",\"position\":1,\"name\":\"Skoro izgradnja dje\u010djeg vrti\u0107a u Ulcinj\"}]},{\"@type\":\"Person\",\"@id\":\"https:\/\/www.visit-ulcinj.com\/blog\/#\/schema\/person\/dcab619c614d3038751c63bc2aadc06d\",\"name\":\"ulqini\",\"sameAs\":[\"http:\/\/www.visit-ulcinj.com\"],\"url\":\"https:\/\/www.visit-ulcinj.com\/blog\/author\/admin\/\"}]}<\/script>\n<!-- \/ Yoast SEO plugin. -->","yoast_head_json":{"title":"Skoro izgradnja dje\u010djeg vrti\u0107a u Ulcinj - Lajme nga Ulqini","description":"Decenijski crnogorski problem \u2013 gu\u017eva u vrti\u0107ima, ponavlja se i ove godine. Umjesto po oko dvije hiljade i tristo djece, u oba podgori\u010dka dr\u017eavna vrti\u0107a,","robots":{"index":"index","follow":"follow","max-snippet":"max-snippet:-1","max-image-preview":"max-image-preview:large","max-video-preview":"max-video-preview:-1"},"canonical":"https:\/\/www.visit-ulcinj.com\/blog\/2014\/06\/28\/skoro-izgradnja-djecjeg-vrtica-u-ulcinj\/","og_locale":"en_US","og_type":"article","og_title":"Skoro izgradnja dje\u010djeg vrti\u0107a u Ulcinj - Lajme nga Ulqini","og_description":"Decenijski crnogorski problem \u2013 gu\u017eva u vrti\u0107ima, ponavlja se i ove godine. Umjesto po oko dvije hiljade i tristo djece, u oba podgori\u010dka dr\u017eavna vrti\u0107a,","og_url":"https:\/\/www.visit-ulcinj.com\/blog\/2014\/06\/28\/skoro-izgradnja-djecjeg-vrtica-u-ulcinj\/","og_site_name":"Lajme nga Ulqini","article_published_time":"2014-06-28T21:16:14+00:00","og_image":[{"url":"http:\/\/www.visit-ulcinj.com\/blog\/wp-content\/uploads\/2014\/06\/decji-vrtic.jpg"}],"twitter_misc":{"Written by":"ulqini","Est. reading time":"4 minutes"},"schema":{"@context":"https:\/\/schema.org","@graph":[{"@type":"WebSite","@id":"https:\/\/www.visit-ulcinj.com\/blog\/#website","url":"https:\/\/www.visit-ulcinj.com\/blog\/","name":"Lajme nga Ulqini","description":"Lajme,Vijesti,Ulqini,Ulqin,Crna Gora,Mali i Zi","potentialAction":[{"@type":"SearchAction","target":{"@type":"EntryPoint","urlTemplate":"https:\/\/www.visit-ulcinj.com\/blog\/?s={search_term_string}"},"query-input":"required name=search_term_string"}],"inLanguage":"en-US"},{"@type":"ImageObject","inLanguage":"en-US","@id":"https:\/\/www.visit-ulcinj.com\/blog\/2014\/06\/28\/skoro-izgradnja-djecjeg-vrtica-u-ulcinj\/#primaryimage","url":"https:\/\/www.visit-ulcinj.com\/blog\/wp-content\/uploads\/2014\/06\/decji-vrtic.jpg","contentUrl":"https:\/\/www.visit-ulcinj.com\/blog\/wp-content\/uploads\/2014\/06\/decji-vrtic.jpg","width":450,"height":338},{"@type":"WebPage","@id":"https:\/\/www.visit-ulcinj.com\/blog\/2014\/06\/28\/skoro-izgradnja-djecjeg-vrtica-u-ulcinj\/#webpage","url":"https:\/\/www.visit-ulcinj.com\/blog\/2014\/06\/28\/skoro-izgradnja-djecjeg-vrtica-u-ulcinj\/","name":"Skoro izgradnja dje\u010djeg vrti\u0107a u Ulcinj - Lajme nga Ulqini","isPartOf":{"@id":"https:\/\/www.visit-ulcinj.com\/blog\/#website"},"primaryImageOfPage":{"@id":"https:\/\/www.visit-ulcinj.com\/blog\/2014\/06\/28\/skoro-izgradnja-djecjeg-vrtica-u-ulcinj\/#primaryimage"},"datePublished":"2014-06-28T21:16:14+00:00","dateModified":"2014-06-28T21:16:14+00:00","author":{"@id":"https:\/\/www.visit-ulcinj.com\/blog\/#\/schema\/person\/dcab619c614d3038751c63bc2aadc06d"},"description":"Decenijski crnogorski problem \u2013 gu\u017eva u vrti\u0107ima, ponavlja se i ove godine. Umjesto po oko dvije hiljade i tristo djece, u oba podgori\u010dka dr\u017eavna vrti\u0107a,","breadcrumb":{"@id":"https:\/\/www.visit-ulcinj.com\/blog\/2014\/06\/28\/skoro-izgradnja-djecjeg-vrtica-u-ulcinj\/#breadcrumb"},"inLanguage":"en-US","potentialAction":[{"@type":"ReadAction","target":["https:\/\/www.visit-ulcinj.com\/blog\/2014\/06\/28\/skoro-izgradnja-djecjeg-vrtica-u-ulcinj\/"]}]},{"@type":"BreadcrumbList","@id":"https:\/\/www.visit-ulcinj.com\/blog\/2014\/06\/28\/skoro-izgradnja-djecjeg-vrtica-u-ulcinj\/#breadcrumb","itemListElement":[{"@type":"ListItem","position":1,"name":"Skoro izgradnja dje\u010djeg vrti\u0107a u Ulcinj"}]},{"@type":"Person","@id":"https:\/\/www.visit-ulcinj.com\/blog\/#\/schema\/person\/dcab619c614d3038751c63bc2aadc06d","name":"ulqini","sameAs":["http:\/\/www.visit-ulcinj.com"],"url":"https:\/\/www.visit-ulcinj.com\/blog\/author\/admin\/"}]}},"jetpack_featured_media_url":"","jetpack_sharing_enabled":true,"jetpack_shortlink":"https:\/\/wp.me\/pe6lTn-lLi","_links":{"self":[{"href":"https:\/\/www.visit-ulcinj.com\/blog\/wp-json\/wp\/v2\/posts\/83656"}],"collection":[{"href":"https:\/\/www.visit-ulcinj.com\/blog\/wp-json\/wp\/v2\/posts"}],"about":[{"href":"https:\/\/www.visit-ulcinj.com\/blog\/wp-json\/wp\/v2\/types\/post"}],"author":[{"embeddable":true,"href":"https:\/\/www.visit-ulcinj.com\/blog\/wp-json\/wp\/v2\/users\/1"}],"replies":[{"embeddable":true,"href":"https:\/\/www.visit-ulcinj.com\/blog\/wp-json\/wp\/v2\/comments?post=83656"}],"version-history":[{"count":1,"href":"https:\/\/www.visit-ulcinj.com\/blog\/wp-json\/wp\/v2\/posts\/83656\/revisions"}],"predecessor-version":[{"id":83658,"href":"https:\/\/www.visit-ulcinj.com\/blog\/wp-json\/wp\/v2\/posts\/83656\/revisions\/83658"}],"wp:attachment":[{"href":"https:\/\/www.visit-ulcinj.com\/blog\/wp-json\/wp\/v2\/media?parent=83656"}],"wp:term":[{"taxonomy":"category","embeddable":true,"href":"https:\/\/www.visit-ulcinj.com\/blog\/wp-json\/wp\/v2\/categories?post=83656"},{"taxonomy":"post_tag","embeddable":true,"href":"https:\/\/www.visit-ulcinj.com\/blog\/wp-json\/wp\/v2\/tags?post=83656"}],"curies":[{"name":"wp","href":"https:\/\/api.w.org\/{rel}","templated":true}]}}