{"id":83670,"date":"2014-06-29T15:11:29","date_gmt":"2014-06-29T14:11:29","guid":{"rendered":"http:\/\/www.visit-ulcinj.com\/blog\/?p=83670"},"modified":"2014-06-29T15:11:29","modified_gmt":"2014-06-29T14:11:29","slug":"meda-kendon-bixhozit-bum-klikimesh-ne-youtube-video","status":"publish","type":"post","link":"https:\/\/www.visit-ulcinj.com\/blog\/2014\/06\/29\/meda-kendon-bixhozit-bum-klikimesh-ne-youtube-video\/","title":{"rendered":"Meda i k\u00ebndon bixhozit, bum klikimesh n\u00eb YouTube &#8211; Video"},"content":{"rendered":"<p><a href=\"http:\/\/www.visit-ulcinj.com\/blog\/wp-content\/uploads\/2014\/06\/MEDA.jpg\"><img loading=\"lazy\" class=\"alignleft  wp-image-83671\" alt=\"MEDA\" src=\"http:\/\/www.visit-ulcinj.com\/blog\/wp-content\/uploads\/2014\/06\/MEDA.jpg\" width=\"508\" height=\"360\" \/><\/a>Si asnj\u00ebher\u00eb tjet\u00ebr, k\u00ebng\u00ebtari Meda vjen shum\u00eb ndryshe nga sa e kemi par\u00eb. K\u00ebnga trajton nj\u00eb tem\u00eb sociale, gjegj\u00ebsisht flet p\u00ebr njer\u00ebzit q\u00eb merren me bixhoz.<\/p>\n<p>Ai ka prezantuar projektin e tij m\u00eb t\u00eb ri, i cili ka b\u00ebr\u00eb buj\u00eb n\u00eb pak or\u00eb.<br \/>\nPer 2 dite shkon mbi 610 mij\u00eb her\u00eb n\u00eb YouTube&#8230; Kjo kenge nuk quhet hit por quhet gur i madh ne historine e muzikes Shqipetare! Thjeshte e mrekullueshme!<\/p>\n<p>EMF Creative e ka realizuar videoklipin, nd\u00ebrsa p\u00ebr m\u00eb pak se 24 or\u00eb, k\u00ebnga \u00ebsht\u00eb shikuar mbi 610 mij\u00eb her\u00eb n\u00eb YouTube.<\/p>\n<p>Ju pershendes dhe ju falenderoj per mbeshtetjen!<br \/>\n<strong>Meda<\/strong><\/p>\n<!--YouTube Error: bad URL entered-->\n","protected":false},"excerpt":{"rendered":"<p>Si asnj\u00ebher\u00eb tjet\u00ebr, k\u00ebng\u00ebtari Meda vjen shum\u00eb ndryshe nga sa e kemi par\u00eb. K\u00ebnga trajton nj\u00eb tem\u00eb sociale, gjegj\u00ebsisht flet p\u00ebr njer\u00ebzit q\u00eb merren me bixhoz. Ai ka prezantuar projektin e tij m\u00eb t\u00eb ri, i cili ka b\u00ebr\u00eb buj\u00eb n\u00eb pak or\u00eb. Per 2 dite shkon mbi 610 mij\u00eb her\u00eb n\u00eb YouTube&#8230; Kjo kenge [&hellip;]<\/p>\n","protected":false},"author":1,"featured_media":0,"comment_status":"closed","ping_status":"closed","sticky":false,"template":"","format":"standard","meta":{"spay_email":"","jetpack_publicize_message":"","jetpack_is_tweetstorm":false,"jetpack_publicize_feature_enabled":true},"categories":[1],"tags":[],"jetpack_publicize_connections":[],"yoast_head":"<!-- This site is optimized with the Yoast SEO plugin v19.1 - https:\/\/yoast.com\/wordpress\/plugins\/seo\/ -->\n<title>Meda i k\u00ebndon bixhozit, bum klikimesh n\u00eb YouTube - Video - Lajme nga Ulqini<\/title>\n<meta name=\"description\" content=\"Si asnj\u00ebher\u00eb tjet\u00ebr, k\u00ebng\u00ebtari Meda vjen shum\u00eb ndryshe nga sa e kemi par\u00eb. K\u00ebnga trajton nj\u00eb tem\u00eb sociale, gjegj\u00ebsisht flet p\u00ebr njer\u00ebzit q\u00eb merren me\" \/>\n<meta name=\"robots\" content=\"index, follow, max-snippet:-1, max-image-preview:large, max-video-preview:-1\" \/>\n<link rel=\"canonical\" href=\"https:\/\/www.visit-ulcinj.com\/blog\/2014\/06\/29\/meda-kendon-bixhozit-bum-klikimesh-ne-youtube-video\/\" \/>\n<meta property=\"og:locale\" content=\"en_US\" \/>\n<meta property=\"og:type\" content=\"article\" \/>\n<meta property=\"og:title\" content=\"Meda i k\u00ebndon bixhozit, bum klikimesh n\u00eb YouTube - Video - Lajme nga Ulqini\" \/>\n<meta property=\"og:description\" content=\"Si asnj\u00ebher\u00eb tjet\u00ebr, k\u00ebng\u00ebtari Meda vjen shum\u00eb ndryshe nga sa e kemi par\u00eb. K\u00ebnga trajton nj\u00eb tem\u00eb sociale, gjegj\u00ebsisht flet p\u00ebr njer\u00ebzit q\u00eb merren me\" \/>\n<meta property=\"og:url\" content=\"https:\/\/www.visit-ulcinj.com\/blog\/2014\/06\/29\/meda-kendon-bixhozit-bum-klikimesh-ne-youtube-video\/\" \/>\n<meta property=\"og:site_name\" content=\"Lajme nga Ulqini\" \/>\n<meta property=\"article:published_time\" content=\"2014-06-29T14:11:29+00:00\" \/>\n<meta property=\"og:image\" content=\"http:\/\/www.visit-ulcinj.com\/blog\/wp-content\/uploads\/2014\/06\/MEDA.jpg\" \/>\n<meta name=\"twitter:label1\" content=\"Written by\" \/>\n\t<meta name=\"twitter:data1\" content=\"ulqini\" \/>\n\t<meta name=\"twitter:label2\" content=\"Est. reading time\" \/>\n\t<meta name=\"twitter:data2\" content=\"1 minute\" \/>\n<script type=\"application\/ld+json\" class=\"yoast-schema-graph\">{\"@context\":\"https:\/\/schema.org\",\"@graph\":[{\"@type\":\"WebSite\",\"@id\":\"https:\/\/www.visit-ulcinj.com\/blog\/#website\",\"url\":\"https:\/\/www.visit-ulcinj.com\/blog\/\",\"name\":\"Lajme nga Ulqini\",\"description\":\"Lajme,Vijesti,Ulqini,Ulqin,Crna Gora,Mali i Zi\",\"potentialAction\":[{\"@type\":\"SearchAction\",\"target\":{\"@type\":\"EntryPoint\",\"urlTemplate\":\"https:\/\/www.visit-ulcinj.com\/blog\/?s={search_term_string}\"},\"query-input\":\"required name=search_term_string\"}],\"inLanguage\":\"en-US\"},{\"@type\":\"ImageObject\",\"inLanguage\":\"en-US\",\"@id\":\"https:\/\/www.visit-ulcinj.com\/blog\/2014\/06\/29\/meda-kendon-bixhozit-bum-klikimesh-ne-youtube-video\/#primaryimage\",\"url\":\"https:\/\/www.visit-ulcinj.com\/blog\/wp-content\/uploads\/2014\/06\/MEDA.jpg\",\"contentUrl\":\"https:\/\/www.visit-ulcinj.com\/blog\/wp-content\/uploads\/2014\/06\/MEDA.jpg\",\"width\":943,\"height\":395},{\"@type\":\"WebPage\",\"@id\":\"https:\/\/www.visit-ulcinj.com\/blog\/2014\/06\/29\/meda-kendon-bixhozit-bum-klikimesh-ne-youtube-video\/#webpage\",\"url\":\"https:\/\/www.visit-ulcinj.com\/blog\/2014\/06\/29\/meda-kendon-bixhozit-bum-klikimesh-ne-youtube-video\/\",\"name\":\"Meda i k\u00ebndon bixhozit, bum klikimesh n\u00eb YouTube - Video - Lajme nga Ulqini\",\"isPartOf\":{\"@id\":\"https:\/\/www.visit-ulcinj.com\/blog\/#website\"},\"primaryImageOfPage\":{\"@id\":\"https:\/\/www.visit-ulcinj.com\/blog\/2014\/06\/29\/meda-kendon-bixhozit-bum-klikimesh-ne-youtube-video\/#primaryimage\"},\"datePublished\":\"2014-06-29T14:11:29+00:00\",\"dateModified\":\"2014-06-29T14:11:29+00:00\",\"author\":{\"@id\":\"https:\/\/www.visit-ulcinj.com\/blog\/#\/schema\/person\/dcab619c614d3038751c63bc2aadc06d\"},\"description\":\"Si asnj\u00ebher\u00eb tjet\u00ebr, k\u00ebng\u00ebtari Meda vjen shum\u00eb ndryshe nga sa e kemi par\u00eb. K\u00ebnga trajton nj\u00eb tem\u00eb sociale, gjegj\u00ebsisht flet p\u00ebr njer\u00ebzit q\u00eb merren me\",\"breadcrumb\":{\"@id\":\"https:\/\/www.visit-ulcinj.com\/blog\/2014\/06\/29\/meda-kendon-bixhozit-bum-klikimesh-ne-youtube-video\/#breadcrumb\"},\"inLanguage\":\"en-US\",\"potentialAction\":[{\"@type\":\"ReadAction\",\"target\":[\"https:\/\/www.visit-ulcinj.com\/blog\/2014\/06\/29\/meda-kendon-bixhozit-bum-klikimesh-ne-youtube-video\/\"]}]},{\"@type\":\"BreadcrumbList\",\"@id\":\"https:\/\/www.visit-ulcinj.com\/blog\/2014\/06\/29\/meda-kendon-bixhozit-bum-klikimesh-ne-youtube-video\/#breadcrumb\",\"itemListElement\":[{\"@type\":\"ListItem\",\"position\":1,\"name\":\"Meda i k\u00ebndon bixhozit, bum klikimesh n\u00eb YouTube &#8211; Video\"}]},{\"@type\":\"Person\",\"@id\":\"https:\/\/www.visit-ulcinj.com\/blog\/#\/schema\/person\/dcab619c614d3038751c63bc2aadc06d\",\"name\":\"ulqini\",\"sameAs\":[\"http:\/\/www.visit-ulcinj.com\"],\"url\":\"https:\/\/www.visit-ulcinj.com\/blog\/author\/admin\/\"}]}<\/script>\n<!-- \/ Yoast SEO plugin. -->","yoast_head_json":{"title":"Meda i k\u00ebndon bixhozit, bum klikimesh n\u00eb YouTube - Video - Lajme nga Ulqini","description":"Si asnj\u00ebher\u00eb tjet\u00ebr, k\u00ebng\u00ebtari Meda vjen shum\u00eb ndryshe nga sa e kemi par\u00eb. K\u00ebnga trajton nj\u00eb tem\u00eb sociale, gjegj\u00ebsisht flet p\u00ebr njer\u00ebzit q\u00eb merren me","robots":{"index":"index","follow":"follow","max-snippet":"max-snippet:-1","max-image-preview":"max-image-preview:large","max-video-preview":"max-video-preview:-1"},"canonical":"https:\/\/www.visit-ulcinj.com\/blog\/2014\/06\/29\/meda-kendon-bixhozit-bum-klikimesh-ne-youtube-video\/","og_locale":"en_US","og_type":"article","og_title":"Meda i k\u00ebndon bixhozit, bum klikimesh n\u00eb YouTube - Video - Lajme nga Ulqini","og_description":"Si asnj\u00ebher\u00eb tjet\u00ebr, k\u00ebng\u00ebtari Meda vjen shum\u00eb ndryshe nga sa e kemi par\u00eb. K\u00ebnga trajton nj\u00eb tem\u00eb sociale, gjegj\u00ebsisht flet p\u00ebr njer\u00ebzit q\u00eb merren me","og_url":"https:\/\/www.visit-ulcinj.com\/blog\/2014\/06\/29\/meda-kendon-bixhozit-bum-klikimesh-ne-youtube-video\/","og_site_name":"Lajme nga Ulqini","article_published_time":"2014-06-29T14:11:29+00:00","og_image":[{"url":"http:\/\/www.visit-ulcinj.com\/blog\/wp-content\/uploads\/2014\/06\/MEDA.jpg"}],"twitter_misc":{"Written by":"ulqini","Est. reading time":"1 minute"},"schema":{"@context":"https:\/\/schema.org","@graph":[{"@type":"WebSite","@id":"https:\/\/www.visit-ulcinj.com\/blog\/#website","url":"https:\/\/www.visit-ulcinj.com\/blog\/","name":"Lajme nga Ulqini","description":"Lajme,Vijesti,Ulqini,Ulqin,Crna Gora,Mali i Zi","potentialAction":[{"@type":"SearchAction","target":{"@type":"EntryPoint","urlTemplate":"https:\/\/www.visit-ulcinj.com\/blog\/?s={search_term_string}"},"query-input":"required name=search_term_string"}],"inLanguage":"en-US"},{"@type":"ImageObject","inLanguage":"en-US","@id":"https:\/\/www.visit-ulcinj.com\/blog\/2014\/06\/29\/meda-kendon-bixhozit-bum-klikimesh-ne-youtube-video\/#primaryimage","url":"https:\/\/www.visit-ulcinj.com\/blog\/wp-content\/uploads\/2014\/06\/MEDA.jpg","contentUrl":"https:\/\/www.visit-ulcinj.com\/blog\/wp-content\/uploads\/2014\/06\/MEDA.jpg","width":943,"height":395},{"@type":"WebPage","@id":"https:\/\/www.visit-ulcinj.com\/blog\/2014\/06\/29\/meda-kendon-bixhozit-bum-klikimesh-ne-youtube-video\/#webpage","url":"https:\/\/www.visit-ulcinj.com\/blog\/2014\/06\/29\/meda-kendon-bixhozit-bum-klikimesh-ne-youtube-video\/","name":"Meda i k\u00ebndon bixhozit, bum klikimesh n\u00eb YouTube - Video - Lajme nga Ulqini","isPartOf":{"@id":"https:\/\/www.visit-ulcinj.com\/blog\/#website"},"primaryImageOfPage":{"@id":"https:\/\/www.visit-ulcinj.com\/blog\/2014\/06\/29\/meda-kendon-bixhozit-bum-klikimesh-ne-youtube-video\/#primaryimage"},"datePublished":"2014-06-29T14:11:29+00:00","dateModified":"2014-06-29T14:11:29+00:00","author":{"@id":"https:\/\/www.visit-ulcinj.com\/blog\/#\/schema\/person\/dcab619c614d3038751c63bc2aadc06d"},"description":"Si asnj\u00ebher\u00eb tjet\u00ebr, k\u00ebng\u00ebtari Meda vjen shum\u00eb ndryshe nga sa e kemi par\u00eb. K\u00ebnga trajton nj\u00eb tem\u00eb sociale, gjegj\u00ebsisht flet p\u00ebr njer\u00ebzit q\u00eb merren me","breadcrumb":{"@id":"https:\/\/www.visit-ulcinj.com\/blog\/2014\/06\/29\/meda-kendon-bixhozit-bum-klikimesh-ne-youtube-video\/#breadcrumb"},"inLanguage":"en-US","potentialAction":[{"@type":"ReadAction","target":["https:\/\/www.visit-ulcinj.com\/blog\/2014\/06\/29\/meda-kendon-bixhozit-bum-klikimesh-ne-youtube-video\/"]}]},{"@type":"BreadcrumbList","@id":"https:\/\/www.visit-ulcinj.com\/blog\/2014\/06\/29\/meda-kendon-bixhozit-bum-klikimesh-ne-youtube-video\/#breadcrumb","itemListElement":[{"@type":"ListItem","position":1,"name":"Meda i k\u00ebndon bixhozit, bum klikimesh n\u00eb YouTube &#8211; Video"}]},{"@type":"Person","@id":"https:\/\/www.visit-ulcinj.com\/blog\/#\/schema\/person\/dcab619c614d3038751c63bc2aadc06d","name":"ulqini","sameAs":["http:\/\/www.visit-ulcinj.com"],"url":"https:\/\/www.visit-ulcinj.com\/blog\/author\/admin\/"}]}},"jetpack_featured_media_url":"","jetpack_sharing_enabled":true,"jetpack_shortlink":"https:\/\/wp.me\/pe6lTn-lLw","_links":{"self":[{"href":"https:\/\/www.visit-ulcinj.com\/blog\/wp-json\/wp\/v2\/posts\/83670"}],"collection":[{"href":"https:\/\/www.visit-ulcinj.com\/blog\/wp-json\/wp\/v2\/posts"}],"about":[{"href":"https:\/\/www.visit-ulcinj.com\/blog\/wp-json\/wp\/v2\/types\/post"}],"author":[{"embeddable":true,"href":"https:\/\/www.visit-ulcinj.com\/blog\/wp-json\/wp\/v2\/users\/1"}],"replies":[{"embeddable":true,"href":"https:\/\/www.visit-ulcinj.com\/blog\/wp-json\/wp\/v2\/comments?post=83670"}],"version-history":[{"count":1,"href":"https:\/\/www.visit-ulcinj.com\/blog\/wp-json\/wp\/v2\/posts\/83670\/revisions"}],"predecessor-version":[{"id":83672,"href":"https:\/\/www.visit-ulcinj.com\/blog\/wp-json\/wp\/v2\/posts\/83670\/revisions\/83672"}],"wp:attachment":[{"href":"https:\/\/www.visit-ulcinj.com\/blog\/wp-json\/wp\/v2\/media?parent=83670"}],"wp:term":[{"taxonomy":"category","embeddable":true,"href":"https:\/\/www.visit-ulcinj.com\/blog\/wp-json\/wp\/v2\/categories?post=83670"},{"taxonomy":"post_tag","embeddable":true,"href":"https:\/\/www.visit-ulcinj.com\/blog\/wp-json\/wp\/v2\/tags?post=83670"}],"curies":[{"name":"wp","href":"https:\/\/api.w.org\/{rel}","templated":true}]}}