{"id":83673,"date":"2014-06-29T15:55:15","date_gmt":"2014-06-29T14:55:15","guid":{"rendered":"http:\/\/www.visit-ulcinj.com\/blog\/?p=83673"},"modified":"2014-07-10T16:12:58","modified_gmt":"2014-07-10T15:12:58","slug":"ulqini-kete-vere-pret-500-mije-turiste","status":"publish","type":"post","link":"https:\/\/www.visit-ulcinj.com\/blog\/2014\/06\/29\/ulqini-kete-vere-pret-500-mije-turiste\/","title":{"rendered":"Ulqini k\u00ebt\u00eb ver\u00eb pret  500 mij\u00eb turist\u00eb &#8211; Video"},"content":{"rendered":"<p><a href=\"http:\/\/www.visit-ulcinj.com\/blog\/wp-content\/uploads\/2014\/06\/Pushimet-ne-Ulqin.jpg\"><img loading=\"lazy\" class=\"alignleft  wp-image-83675\" alt=\"Pushimet-ne-Ulqin\" src=\"http:\/\/www.visit-ulcinj.com\/blog\/wp-content\/uploads\/2014\/06\/Pushimet-ne-Ulqin.jpg\" width=\"508\" height=\"360\" \/><\/a>Ulqini, vend me nj\u00eb histori t\u00eb lasht\u00eb e t\u00eb bujshme, qytet me rreth 20 mij\u00eb banor\u00eb, me shum\u00eb monumente t\u00eb lashta e edhe num\u00ebr t\u00eb madh\u00eb vizitor\u00ebsh. Mendohet se vet\u00ebm gjat\u00eb sezon\u00ebs Ulqinin e vizitojn\u00eb rreth 500 mij\u00eb njer\u00ebz.<\/p>\n<p>E n\u00eb Kalan\u00eb e Ulqinit, thon\u00eb se 90 p\u00ebr qind e turist\u00ebve q\u00eb vizitojn\u00eb Ulqinin, nuk kthehen prapa pa sh\u00ebtitur edhe gur\u00ebt e Kalas\u00eb. Gur\u00eb k\u00ebta, mbi t\u00eb cil\u00ebt ngrit\u00ebn muret e larta, e q\u00eb jan\u00eb t\u00eb vjet\u00ebr mij\u00ebra vjet ku edhe d\u00ebshmojn\u00eb se aty kan\u00eb jetuar ilir\u00ebt e vjet\u00ebr.<\/p>\n<p><a href=\"http:\/\/www.visit-ulcinj.com\/blog\/wp-content\/uploads\/2014\/06\/Ismet-Karamanaga-me-GAZETARET-Kosovar.jpg\"><img loading=\"lazy\" class=\"alignleft  wp-image-83676\" alt=\"Ismet-Karamanaga-me GAZETARET-Kosovar\" src=\"http:\/\/www.visit-ulcinj.com\/blog\/wp-content\/uploads\/2014\/06\/Ismet-Karamanaga-me-GAZETARET-Kosovar.jpg\" width=\"508\" height=\"360\" \/><\/a><\/p>\n<p>Se gur\u00ebt e k\u00ebsaj kalaje flasin p\u00ebr nj\u00eb t\u00eb kaluar t\u00eb bujshme e q\u00eb e ka lidhur Ulqinin me bot\u00ebn e njohur antike, rr\u00ebfen edhe profesori Ismet Karamanaga e q\u00eb thot\u00eb, se shum\u00eb t\u00eb njohur e t\u00eb panjohur q\u00eb jetuan e vepruan k\u00ebtu, lan\u00eb gjurm\u00ebt e nj\u00eb civilizimi me t\u00eb cilin gjeneratat e sotme mund t\u00eb krenohen.<\/p>\n<p>Madje ai thot\u00eb, se as pas luft\u00ebrave iliro-romake n\u00eb Kala nuk u nd\u00ebrrua substanca ilire.<\/p>\n<p>\u201cN\u00eb kala jetojn\u00eb 55 familje, do t\u00eb thot\u00eb 178 njer\u00ebz, un\u00eb jam kryetar i shoqat\u00ebs \u201cMiqt\u00eb e kalas\u00eb\u201d, do t\u00eb thot\u00eb kryetar i kalas\u00eb. Ne mundohemi ta ngrisim nivelin e ofert\u00ebs son\u00eb, jo vet\u00ebm n\u00eb turiz\u00ebm por n\u00eb p\u00ebrgjith\u00ebsi q\u00eb njer\u00ebzit t\u00eb cil\u00ebt e kan\u00eb braktisur kalan\u00eb p\u00ebr shkak t\u00eb t\u00ebrmetit 79, t\u2019i kthehen kalas\u00eb, t\u2019i kthehen atyre vlerave, t\u2019i kthehen rr\u00ebnj\u00ebve t\u00eb veta k\u00ebtu. Kalaja jeton dhe gjithmon\u00eb ka me mbijetua, 2500 vjet \u00ebsht\u00eb e vjet\u00ebr, ka me jetu edhe aq, ne kurr nuk kemi me braktis\u00eb&#8230;&#8230;Populli jon \u00ebsht\u00eb i ngjallur, populli jon\u00eb \u00ebsht\u00eb i pashtersh\u00ebm i pavdeksh\u00ebm\u201d, ka thot\u00eb ai.<\/p>\n<p><a href=\"http:\/\/www.visit-ulcinj.com\/blog\/wp-content\/uploads\/2014\/06\/Zana-Sarvan-me-Gazetar-nga-Kosova.jpg\"><img loading=\"lazy\" class=\"alignleft  wp-image-83701\" alt=\"Zana-Sarvan-me-Gazetar-nga-Kosova\" src=\"http:\/\/www.visit-ulcinj.com\/blog\/wp-content\/uploads\/2014\/06\/Zana-Sarvan-me-Gazetar-nga-Kosova.jpg\" width=\"508\" height=\"360\" \/><\/a><\/p>\n<p>Ai rr\u00ebfen edhe p\u00ebr periudh\u00ebn m\u00eb t\u00eb err\u00ebt t\u00eb Kalas\u00eb, e q\u00eb thot\u00eb se \u00ebsht\u00eb ajo e shekullit VII-XI me ardhjen e sllav\u00ebve n\u00eb Ballkan.<\/p>\n<p>Por, thot\u00eb se gjat\u00eb gjith\u00eb k\u00ebsaj periudhe, Kalaja e ruajti identitetin e saj, ku tani nuk ka nj\u00ebri q\u00eb vjen n\u00eb Ulqin e nuk viziton edhe Kalan\u00eb.<\/p>\n<p>\u201cNuk ka nj\u00ebri i cili vjen n\u00eb Ulqin, do t\u00eb thot\u00eb gjat\u00eb sezonit, Ulqinin e vizitojn\u00eb ndoshta 500 mij\u00eb banor\u00eb, ndoshta prej atyre 500 mij\u00eb 400 mij\u00eb hyjn\u00eb n\u00eb kala, nuk ka teori me n\u00eb ndryse, sepse nuk ka nj\u00ebri i cili pak n\u00eb qoft\u00eb se \u00ebsht\u00eb moti i dob\u00ebt nuk qohet dhe nuk hyn\u00eb n\u00eb kala&#8230;&#8230; M\u00eb s\u00eb shumti interesohen p\u00ebr popullin, k\u00ebtu e gjejn\u00eb gjuh\u00ebn e vet, ne jemi t\u00eb nj\u00eb gjuhe , nj\u00eb race, nj\u00eb gjaku t\u00eb gjith\u00eb\u201d, thot\u00eb ai.<\/p>\n<p>Arkeologjia thot\u00eb se shum\u00eb pjes\u00eb t\u00eb Malit t\u00eb Zi ishin t\u00eb pasura para pushtimeve q\u00eb i jan\u00eb b\u00ebr\u00eb k\u00ebtij vendi.<\/p>\n<p>E nd\u00ebr ta, \u00ebsht\u00eb edhe Shasi pothuajse i vdekur, p\u00ebr t\u00eb cilin thuhet se ka pasur shum\u00eb pasuri para pushtimit romak sllav\u00eb e serb.<\/p>\n<p>\u2018Shas\u2019 q\u00eb lidhet me emrin \u2018Shk\u00ebmb\u2019, vend ku u p\u00ebr nj\u00eb vit u nd\u00ebrtuan kisha aq sa kishte dite, pra 365 t\u00eb tilla, e n\u00eb t\u00eb cilin n\u00eb shekullin XVII mendohet t\u00eb ken\u00eb jetuar rreth 700 banor\u00eb.<\/p>\n<p>P\u00ebr k\u00ebt\u00eb vend thuhet se po b\u00ebhen p\u00ebrpjekje q\u00eb t\u00eb b\u00ebhet tu ristik, ku edhe \u00ebsht\u00eb krijuar nj\u00eb infrastruktur\u00eb elementare por ende mbetet shum\u00eb i pa organizuar.<\/p>\n<p><a href=\"http:\/\/www.visit-ulcinj.com\/blog\/wp-content\/uploads\/2014\/06\/Gazmend-Kovaci-kalaja-Shasit.jpg\"><img loading=\"lazy\" class=\"alignleft  wp-image-83699\" alt=\"Gazmend-Kovaci-kalaja-Shasit\" src=\"http:\/\/www.visit-ulcinj.com\/blog\/wp-content\/uploads\/2014\/06\/Gazmend-Kovaci-kalaja-Shasit.jpg\" width=\"508\" height=\"360\" \/><\/a><\/p>\n<p><strong>K\u00ebtu ende nuk \u00ebsht\u00eb arritur t\u00eb themelohet nj\u00eb institucion i cili do t\u00eb menaxhonte turizmin n\u00eb k\u00ebt\u00eb an\u00eb, k\u00ebshtu thot\u00eb edhe Gazmend Kova\u00e7i nga trash\u00ebgimia kulturore.<\/strong><\/p>\n<p><a href=\"http:\/\/www.visit-ulcinj.com\/blog\/wp-content\/uploads\/2014\/06\/Shasi-qyteti-ilir-i-365-kishave_Ulqin_Ana-Malit.7.jpg\"><img loading=\"lazy\" class=\"alignleft  wp-image-83677\" alt=\"Shasi-qyteti-ilir-i-365-kishave_Ulqin_Ana-Malit.7\" src=\"http:\/\/www.visit-ulcinj.com\/blog\/wp-content\/uploads\/2014\/06\/Shasi-qyteti-ilir-i-365-kishave_Ulqin_Ana-Malit.7.jpg\" width=\"508\" height=\"360\" \/><\/a><\/p>\n<p>\u201cVizitohet mjaft\u00eb por q\u00eb \u00ebsht\u00eb ende e paorganizuar turizmi sepse nuk kemi arritur t\u00eb themelojm\u00eb nj\u00eb institucion i cili do t\u00eb menaxhonte turizmin n\u00eb k\u00ebt\u00eb trev\u00eb dhe ne jemi n\u00eb p\u00ebrpjekje q\u00eb t\u00eb institucionalizojm\u00eb dhe t\u00eb menaxhohet edhe turizmi n\u00eb m\u00ebnyr\u00eb t\u00eb organizuar k\u00ebtu n\u00eb qytetin e vjet\u00ebr&#8230;&#8230;..Qyteti i vjet\u00ebr i Shasit ka mjaft\u00eb legjenda t\u00eb cilat flasin p\u00ebr n\u00eb intensitet mjaft\u00eb t\u00eb madh\u00eb t\u00eb jet\u00ebs dhe t\u00eb qytet\u00ebrimit, si gjat\u00eb periudh\u00ebs antike ashtu dhe gjat\u00eb mesjet\u00ebs. N\u00eb periudh\u00ebn mesjetare e cila \u00ebsht\u00eb edhe m\u00eb e studiuara. Trash\u00ebgimia kultu rore e Shasit lidhet me trash\u00ebgimin\u00eb arbnore ku \u00ebsht\u00eb zbuluar edhe kultura e Komanit e cila \u00ebsht\u00eb mjaft\u00eb e r\u00ebnd\u00ebsishme. Pjes\u00eb e kultur\u00ebs s\u00eb Komanit \u00ebsht\u00eb edhe trash\u00ebgimia mesjetare e krishter\u00eb me t\u00eb cil\u00ebn lidhen edhe trash\u00ebgimia krishtere e qytetit e cila \u00ebsht\u00eb nj\u00eb trash\u00ebgimi q\u00eb e d\u00ebshmon autoktonin\u00eb e popullsis\u00eb dhe fliten edhe mjaft\u00eb legjenda ku tregon se edhen n\u00eb mesjet\u00eb qyteti ishte nj\u00eb qend\u00ebr mjaft\u00eb e r\u00ebnd\u00ebsishme si laike ashtu edhe fetare. Me k\u00ebt\u00eb legjend\u00eb lidhet edhe legjenda e 366 kishave\u201d, thot\u00eb ai.<\/p>\n<p><a href=\"http:\/\/www.visit-ulcinj.com\/blog\/wp-content\/uploads\/2014\/06\/Liqeni-Shasit.jpg\"><img loading=\"lazy\" class=\"alignleft  wp-image-83678\" alt=\"Liqeni-Shasit\" src=\"http:\/\/www.visit-ulcinj.com\/blog\/wp-content\/uploads\/2014\/06\/Liqeni-Shasit.jpg\" width=\"508\" height=\"360\" \/><\/a><\/p>\n<p><strong>E Shasin, edhe m\u00eb atraktiv e b\u00ebn\u00eb liqeni i tij, q\u00eb \u00ebsht\u00eb liqeni m\u00eb i madh i Malit t\u00eb Zi.<\/strong><\/p>\n<p>\u201cLiqeni i Shasit \u00ebsht\u00eb nj\u00eb prej vendeve m\u00eb atraktive t\u00eb qytetit t\u00eb Ulqinit meqen\u00ebse se \u00ebsht\u00eb nj\u00eb prej vendeve m\u00eb atraktive si p\u00ebr shikimin turistik ashtu edhe p\u00ebr maj\u00ebn e tij piktoreske . \u00cbsht\u00eb nj\u00eb prej lokaliteteve m\u00eb t\u00eb r\u00ebnd\u00ebsishme t\u00eb habitatit t\u00eb shpend\u00ebve dhe llogaritet si nj\u00eb prej habitateve m\u00eb t\u00eb r\u00ebnd\u00ebsishme n\u00eb Evrop\u00ebn juglindore ku jetim ende n\u00eb trev\u00ebn ton\u00eb, pelikani, nj\u00eb prej shpez\u00ebve q\u00eb \u00ebsht\u00eb tani n\u00eb zhdukje dhe n\u00ebn mbrojtjen e UNESCO-s\u201d, thot\u00eb ai.<\/p>\n<p><strong>Almakos<\/strong><\/p>\n<!--YouTube Error: bad URL entered-->\n","protected":false},"excerpt":{"rendered":"<p>Ulqini, vend me nj\u00eb histori t\u00eb lasht\u00eb e t\u00eb bujshme, qytet me rreth 20 mij\u00eb banor\u00eb, me shum\u00eb monumente t\u00eb lashta e edhe num\u00ebr t\u00eb madh\u00eb vizitor\u00ebsh. Mendohet se vet\u00ebm gjat\u00eb sezon\u00ebs Ulqinin e vizitojn\u00eb rreth 500 mij\u00eb njer\u00ebz. E n\u00eb Kalan\u00eb e Ulqinit, thon\u00eb se 90 p\u00ebr qind e turist\u00ebve q\u00eb vizitojn\u00eb Ulqinin, nuk [&hellip;]<\/p>\n","protected":false},"author":1,"featured_media":0,"comment_status":"closed","ping_status":"closed","sticky":false,"template":"","format":"standard","meta":{"spay_email":"","jetpack_publicize_message":"","jetpack_is_tweetstorm":false,"jetpack_publicize_feature_enabled":true},"categories":[1,15],"tags":[],"jetpack_publicize_connections":[],"yoast_head":"<!-- This site is optimized with the Yoast SEO plugin v19.1 - https:\/\/yoast.com\/wordpress\/plugins\/seo\/ -->\n<title>Ulqini k\u00ebt\u00eb ver\u00eb pret 500 mij\u00eb turist\u00eb - Video - Lajme nga Ulqini<\/title>\n<meta name=\"description\" content=\"Ulqini, vend me nj\u00eb histori t\u00eb lasht\u00eb e t\u00eb bujshme, qytet me rreth 20 mij\u00eb banor\u00eb, me shum\u00eb monumente t\u00eb lashta e edhe num\u00ebr t\u00eb madh\u00eb vizitor\u00ebsh. Mendohet\" \/>\n<meta name=\"robots\" content=\"index, follow, max-snippet:-1, max-image-preview:large, max-video-preview:-1\" \/>\n<link rel=\"canonical\" href=\"https:\/\/www.visit-ulcinj.com\/blog\/2014\/06\/29\/ulqini-kete-vere-pret-500-mije-turiste\/\" \/>\n<meta property=\"og:locale\" content=\"en_US\" \/>\n<meta property=\"og:type\" content=\"article\" \/>\n<meta property=\"og:title\" content=\"Ulqini k\u00ebt\u00eb ver\u00eb pret 500 mij\u00eb turist\u00eb - Video - Lajme nga Ulqini\" \/>\n<meta property=\"og:description\" content=\"Ulqini, vend me nj\u00eb histori t\u00eb lasht\u00eb e t\u00eb bujshme, qytet me rreth 20 mij\u00eb banor\u00eb, me shum\u00eb monumente t\u00eb lashta e edhe num\u00ebr t\u00eb madh\u00eb vizitor\u00ebsh. Mendohet\" \/>\n<meta property=\"og:url\" content=\"https:\/\/www.visit-ulcinj.com\/blog\/2014\/06\/29\/ulqini-kete-vere-pret-500-mije-turiste\/\" \/>\n<meta property=\"og:site_name\" content=\"Lajme nga Ulqini\" \/>\n<meta property=\"article:published_time\" content=\"2014-06-29T14:55:15+00:00\" \/>\n<meta property=\"article:modified_time\" content=\"2014-07-10T15:12:58+00:00\" \/>\n<meta property=\"og:image\" content=\"http:\/\/www.visit-ulcinj.com\/blog\/wp-content\/uploads\/2014\/06\/Pushimet-ne-Ulqin.jpg\" \/>\n<meta name=\"twitter:label1\" content=\"Written by\" \/>\n\t<meta name=\"twitter:data1\" content=\"ulqini\" \/>\n\t<meta name=\"twitter:label2\" content=\"Est. reading time\" \/>\n\t<meta name=\"twitter:data2\" content=\"5 minutes\" \/>\n<script type=\"application\/ld+json\" class=\"yoast-schema-graph\">{\"@context\":\"https:\/\/schema.org\",\"@graph\":[{\"@type\":\"WebSite\",\"@id\":\"https:\/\/www.visit-ulcinj.com\/blog\/#website\",\"url\":\"https:\/\/www.visit-ulcinj.com\/blog\/\",\"name\":\"Lajme nga Ulqini\",\"description\":\"Lajme,Vijesti,Ulqini,Ulqin,Crna Gora,Mali i Zi\",\"potentialAction\":[{\"@type\":\"SearchAction\",\"target\":{\"@type\":\"EntryPoint\",\"urlTemplate\":\"https:\/\/www.visit-ulcinj.com\/blog\/?s={search_term_string}\"},\"query-input\":\"required name=search_term_string\"}],\"inLanguage\":\"en-US\"},{\"@type\":\"ImageObject\",\"inLanguage\":\"en-US\",\"@id\":\"https:\/\/www.visit-ulcinj.com\/blog\/2014\/06\/29\/ulqini-kete-vere-pret-500-mije-turiste\/#primaryimage\",\"url\":\"https:\/\/www.visit-ulcinj.com\/blog\/wp-content\/uploads\/2014\/06\/Pushimet-ne-Ulqin.jpg\",\"contentUrl\":\"https:\/\/www.visit-ulcinj.com\/blog\/wp-content\/uploads\/2014\/06\/Pushimet-ne-Ulqin.jpg\",\"width\":1024,\"height\":768},{\"@type\":\"WebPage\",\"@id\":\"https:\/\/www.visit-ulcinj.com\/blog\/2014\/06\/29\/ulqini-kete-vere-pret-500-mije-turiste\/#webpage\",\"url\":\"https:\/\/www.visit-ulcinj.com\/blog\/2014\/06\/29\/ulqini-kete-vere-pret-500-mije-turiste\/\",\"name\":\"Ulqini k\u00ebt\u00eb ver\u00eb pret 500 mij\u00eb turist\u00eb - Video - Lajme nga Ulqini\",\"isPartOf\":{\"@id\":\"https:\/\/www.visit-ulcinj.com\/blog\/#website\"},\"primaryImageOfPage\":{\"@id\":\"https:\/\/www.visit-ulcinj.com\/blog\/2014\/06\/29\/ulqini-kete-vere-pret-500-mije-turiste\/#primaryimage\"},\"datePublished\":\"2014-06-29T14:55:15+00:00\",\"dateModified\":\"2014-07-10T15:12:58+00:00\",\"author\":{\"@id\":\"https:\/\/www.visit-ulcinj.com\/blog\/#\/schema\/person\/dcab619c614d3038751c63bc2aadc06d\"},\"description\":\"Ulqini, vend me nj\u00eb histori t\u00eb lasht\u00eb e t\u00eb bujshme, qytet me rreth 20 mij\u00eb banor\u00eb, me shum\u00eb monumente t\u00eb lashta e edhe num\u00ebr t\u00eb madh\u00eb vizitor\u00ebsh. Mendohet\",\"breadcrumb\":{\"@id\":\"https:\/\/www.visit-ulcinj.com\/blog\/2014\/06\/29\/ulqini-kete-vere-pret-500-mije-turiste\/#breadcrumb\"},\"inLanguage\":\"en-US\",\"potentialAction\":[{\"@type\":\"ReadAction\",\"target\":[\"https:\/\/www.visit-ulcinj.com\/blog\/2014\/06\/29\/ulqini-kete-vere-pret-500-mije-turiste\/\"]}]},{\"@type\":\"BreadcrumbList\",\"@id\":\"https:\/\/www.visit-ulcinj.com\/blog\/2014\/06\/29\/ulqini-kete-vere-pret-500-mije-turiste\/#breadcrumb\",\"itemListElement\":[{\"@type\":\"ListItem\",\"position\":1,\"name\":\"Ulqini k\u00ebt\u00eb ver\u00eb pret 500 mij\u00eb turist\u00eb &#8211; Video\"}]},{\"@type\":\"Person\",\"@id\":\"https:\/\/www.visit-ulcinj.com\/blog\/#\/schema\/person\/dcab619c614d3038751c63bc2aadc06d\",\"name\":\"ulqini\",\"sameAs\":[\"http:\/\/www.visit-ulcinj.com\"],\"url\":\"https:\/\/www.visit-ulcinj.com\/blog\/author\/admin\/\"}]}<\/script>\n<!-- \/ Yoast SEO plugin. -->","yoast_head_json":{"title":"Ulqini k\u00ebt\u00eb ver\u00eb pret 500 mij\u00eb turist\u00eb - Video - Lajme nga Ulqini","description":"Ulqini, vend me nj\u00eb histori t\u00eb lasht\u00eb e t\u00eb bujshme, qytet me rreth 20 mij\u00eb banor\u00eb, me shum\u00eb monumente t\u00eb lashta e edhe num\u00ebr t\u00eb madh\u00eb vizitor\u00ebsh. Mendohet","robots":{"index":"index","follow":"follow","max-snippet":"max-snippet:-1","max-image-preview":"max-image-preview:large","max-video-preview":"max-video-preview:-1"},"canonical":"https:\/\/www.visit-ulcinj.com\/blog\/2014\/06\/29\/ulqini-kete-vere-pret-500-mije-turiste\/","og_locale":"en_US","og_type":"article","og_title":"Ulqini k\u00ebt\u00eb ver\u00eb pret 500 mij\u00eb turist\u00eb - Video - Lajme nga Ulqini","og_description":"Ulqini, vend me nj\u00eb histori t\u00eb lasht\u00eb e t\u00eb bujshme, qytet me rreth 20 mij\u00eb banor\u00eb, me shum\u00eb monumente t\u00eb lashta e edhe num\u00ebr t\u00eb madh\u00eb vizitor\u00ebsh. Mendohet","og_url":"https:\/\/www.visit-ulcinj.com\/blog\/2014\/06\/29\/ulqini-kete-vere-pret-500-mije-turiste\/","og_site_name":"Lajme nga Ulqini","article_published_time":"2014-06-29T14:55:15+00:00","article_modified_time":"2014-07-10T15:12:58+00:00","og_image":[{"url":"http:\/\/www.visit-ulcinj.com\/blog\/wp-content\/uploads\/2014\/06\/Pushimet-ne-Ulqin.jpg"}],"twitter_misc":{"Written by":"ulqini","Est. reading time":"5 minutes"},"schema":{"@context":"https:\/\/schema.org","@graph":[{"@type":"WebSite","@id":"https:\/\/www.visit-ulcinj.com\/blog\/#website","url":"https:\/\/www.visit-ulcinj.com\/blog\/","name":"Lajme nga Ulqini","description":"Lajme,Vijesti,Ulqini,Ulqin,Crna Gora,Mali i Zi","potentialAction":[{"@type":"SearchAction","target":{"@type":"EntryPoint","urlTemplate":"https:\/\/www.visit-ulcinj.com\/blog\/?s={search_term_string}"},"query-input":"required name=search_term_string"}],"inLanguage":"en-US"},{"@type":"ImageObject","inLanguage":"en-US","@id":"https:\/\/www.visit-ulcinj.com\/blog\/2014\/06\/29\/ulqini-kete-vere-pret-500-mije-turiste\/#primaryimage","url":"https:\/\/www.visit-ulcinj.com\/blog\/wp-content\/uploads\/2014\/06\/Pushimet-ne-Ulqin.jpg","contentUrl":"https:\/\/www.visit-ulcinj.com\/blog\/wp-content\/uploads\/2014\/06\/Pushimet-ne-Ulqin.jpg","width":1024,"height":768},{"@type":"WebPage","@id":"https:\/\/www.visit-ulcinj.com\/blog\/2014\/06\/29\/ulqini-kete-vere-pret-500-mije-turiste\/#webpage","url":"https:\/\/www.visit-ulcinj.com\/blog\/2014\/06\/29\/ulqini-kete-vere-pret-500-mije-turiste\/","name":"Ulqini k\u00ebt\u00eb ver\u00eb pret 500 mij\u00eb turist\u00eb - Video - Lajme nga Ulqini","isPartOf":{"@id":"https:\/\/www.visit-ulcinj.com\/blog\/#website"},"primaryImageOfPage":{"@id":"https:\/\/www.visit-ulcinj.com\/blog\/2014\/06\/29\/ulqini-kete-vere-pret-500-mije-turiste\/#primaryimage"},"datePublished":"2014-06-29T14:55:15+00:00","dateModified":"2014-07-10T15:12:58+00:00","author":{"@id":"https:\/\/www.visit-ulcinj.com\/blog\/#\/schema\/person\/dcab619c614d3038751c63bc2aadc06d"},"description":"Ulqini, vend me nj\u00eb histori t\u00eb lasht\u00eb e t\u00eb bujshme, qytet me rreth 20 mij\u00eb banor\u00eb, me shum\u00eb monumente t\u00eb lashta e edhe num\u00ebr t\u00eb madh\u00eb vizitor\u00ebsh. Mendohet","breadcrumb":{"@id":"https:\/\/www.visit-ulcinj.com\/blog\/2014\/06\/29\/ulqini-kete-vere-pret-500-mije-turiste\/#breadcrumb"},"inLanguage":"en-US","potentialAction":[{"@type":"ReadAction","target":["https:\/\/www.visit-ulcinj.com\/blog\/2014\/06\/29\/ulqini-kete-vere-pret-500-mije-turiste\/"]}]},{"@type":"BreadcrumbList","@id":"https:\/\/www.visit-ulcinj.com\/blog\/2014\/06\/29\/ulqini-kete-vere-pret-500-mije-turiste\/#breadcrumb","itemListElement":[{"@type":"ListItem","position":1,"name":"Ulqini k\u00ebt\u00eb ver\u00eb pret 500 mij\u00eb turist\u00eb &#8211; Video"}]},{"@type":"Person","@id":"https:\/\/www.visit-ulcinj.com\/blog\/#\/schema\/person\/dcab619c614d3038751c63bc2aadc06d","name":"ulqini","sameAs":["http:\/\/www.visit-ulcinj.com"],"url":"https:\/\/www.visit-ulcinj.com\/blog\/author\/admin\/"}]}},"jetpack_featured_media_url":"","jetpack_sharing_enabled":true,"jetpack_shortlink":"https:\/\/wp.me\/pe6lTn-lLz","_links":{"self":[{"href":"https:\/\/www.visit-ulcinj.com\/blog\/wp-json\/wp\/v2\/posts\/83673"}],"collection":[{"href":"https:\/\/www.visit-ulcinj.com\/blog\/wp-json\/wp\/v2\/posts"}],"about":[{"href":"https:\/\/www.visit-ulcinj.com\/blog\/wp-json\/wp\/v2\/types\/post"}],"author":[{"embeddable":true,"href":"https:\/\/www.visit-ulcinj.com\/blog\/wp-json\/wp\/v2\/users\/1"}],"replies":[{"embeddable":true,"href":"https:\/\/www.visit-ulcinj.com\/blog\/wp-json\/wp\/v2\/comments?post=83673"}],"version-history":[{"count":5,"href":"https:\/\/www.visit-ulcinj.com\/blog\/wp-json\/wp\/v2\/posts\/83673\/revisions"}],"predecessor-version":[{"id":83894,"href":"https:\/\/www.visit-ulcinj.com\/blog\/wp-json\/wp\/v2\/posts\/83673\/revisions\/83894"}],"wp:attachment":[{"href":"https:\/\/www.visit-ulcinj.com\/blog\/wp-json\/wp\/v2\/media?parent=83673"}],"wp:term":[{"taxonomy":"category","embeddable":true,"href":"https:\/\/www.visit-ulcinj.com\/blog\/wp-json\/wp\/v2\/categories?post=83673"},{"taxonomy":"post_tag","embeddable":true,"href":"https:\/\/www.visit-ulcinj.com\/blog\/wp-json\/wp\/v2\/tags?post=83673"}],"curies":[{"name":"wp","href":"https:\/\/api.w.org\/{rel}","templated":true}]}}