{"id":83696,"date":"2014-06-29T19:36:42","date_gmt":"2014-06-29T18:36:42","guid":{"rendered":"http:\/\/www.visit-ulcinj.com\/blog\/?p=83696"},"modified":"2014-07-03T08:10:33","modified_gmt":"2014-07-03T07:10:33","slug":"kryetari-gjeka-fton-kosovaret-te-investojne-ne-ulqin","status":"publish","type":"post","link":"https:\/\/www.visit-ulcinj.com\/blog\/2014\/06\/29\/kryetari-gjeka-fton-kosovaret-te-investojne-ne-ulqin\/","title":{"rendered":"Kryetari i Gjeka fton kosovar\u00ebt t\u00eb investojn\u00eb n\u00eb Ulqin"},"content":{"rendered":"<p><strong><strong><a href=\"http:\/\/www.visit-ulcinj.com\/blog\/wp-content\/uploads\/2014\/06\/Fatmir-Gjeka-kryetari-Ulqinit.jpg\"><img loading=\"lazy\" class=\"alignleft  wp-image-83697\" alt=\"Fatmir-Gjeka-kryetari-Ulqinit\" src=\"http:\/\/www.visit-ulcinj.com\/blog\/wp-content\/uploads\/2014\/06\/Fatmir-Gjeka-kryetari-Ulqinit.jpg\" width=\"508\" height=\"360\" \/><\/a>Kosovar\u00ebt mbesin turist\u00ebt e preferuar p\u00ebr Ulqinin, madje edhe k\u00ebt\u00eb vit pjesa m\u00eb e madhe e turist\u00ebve n\u00eb k\u00ebt\u00eb rivier\u00eb jan\u00eb kosovar\u00eb. Kryetari i Ulqinit, Fatmir Gjeka, fton kosovar\u00ebt p\u00ebr investime, duke u ofruar leht\u00ebsira.<br \/>\n<\/strong><\/strong><\/p>\n<p>Kryetari Gjeka, thot\u00eb se n\u00eb pes\u00eb vitet e fundit investimet n\u00eb Ulqin jan\u00eb t\u00eb m\u00ebdha dhe se kan\u00eb arritur ta kthejn\u00eb energjin\u00eb e nd\u00ebrtimit t\u00eb hoteleve, ku me nd\u00ebrtimin e tyre do t\u00eb filloj\u00eb edhe pun\u00ebsimi i t\u00eb rinjve t\u00eb asaj ane.<\/p>\n<p>Madje ai ka ftuar sip\u00ebrmarr\u00ebsit kosovar t\u00eb investojn\u00eb n\u00eb Ulqin duke th\u00ebn\u00eb se kan\u00eb krijuar leht\u00ebsira p\u00ebr investime.<\/p>\n<p>Sipas tij, k\u00ebshtu po fillon nj\u00eb p\u00ebrmir\u00ebsim e jet\u00ebs ekonomike e sociale atje.<\/p>\n<p>\u201cSe \u00e7ka kemi b\u00ebr\u00eb ne n\u00eb infrastruktur\u00eb, tashti edhe nj\u00eb risi po u a them k\u00ebtu q\u00eb rruga prej pik\u00ebs kufitare deri n\u00eb Ulqin \u00ebsht\u00eb e kryer, ju jeni d\u00ebshmitar\u00eb t\u00eb k\u00ebsaj, kurse pjesa e mbetur fillon n\u00eb vjesht\u00eb dhe para disa dit\u00ebve \u00ebsht\u00eb pru vendimi n\u00eb qeverin\u00eb e Malit t\u00eb Zi, diku nj\u00eb investim rreth 9 milion e gjysm\u00eb euro, nga fondet evropiane dhe punimet do t\u00eb fillojm\u00eb pas sezonit turistik, k\u00ebshtu q\u00eb ndoshta edhe n\u00eb Ulqin ka shum\u00eb dekada q\u00eb qeveria nuk ka investuar si k\u00ebto 5 vitet e fundit\u201d, thot\u00eb ai.<\/p>\n<p>Ai thot\u00eb se edhe \u00e7\u00ebshtja e ujit po rregullohet, dhe se kan\u00eb kapacitet t\u00eb plot p\u00ebr uj\u00eb t\u00eb pijsh\u00ebm p\u00ebr rreth 200 mij\u00eb vizitor\u00eb.<\/p>\n<p>E edhe interesimi p\u00ebr bashk\u00ebpunim me Kosov\u00ebn, e investime t\u00eb kosovar\u00ebve atje, mbetet e mir\u00ebpritur n\u00eb Komun\u00eb e Ulqinit.<\/p>\n<p>Tha se kan\u00eb hequr taksat p\u00ebr hotelet kat\u00ebr dhe pes\u00eb yje.<\/p>\n<p>Gjeka tha se pjesa m\u00eb e madhe e mysafir\u00ebve gjat\u00eb sezonit veror n\u00eb Ulqin, vazhdojn\u00eb t\u00eb jen\u00eb kosovar\u00ebt.<\/p>\n<p>&#8220;Ne kemi marr\u00eb pjes\u00eb n\u00eb panaire, n\u00eb t\u00eb gjitha panairet do t\u00eb thot\u00eb duke filluar n\u00ebp\u00ebr Evrop\u00eb edhe n\u00ebp\u00ebr regjion k\u00ebtu, k\u00ebshtu q\u00eb ai q\u00eb ishte dhe mbetet panairi jon\u00eb m\u00eb kryesor \u00ebsht\u00eb panairi n\u00eb Kosov\u00eb, ku kemi qen\u00eb prezent do t\u00eb thot\u00eb drejtori i Organizat\u00ebs Turistike, Zana, un\u00eb Kryetari i Komun\u00ebs dhe afarist\u00ebt kryesor t\u00eb cil\u00ebt merren me turiz\u00ebm, plazhist\u00ebt, hotelier\u00ebt etj\u201d.<\/p>\n<p>\u201cPastaj kemi pasur edhe nj\u00eb turne mediatike n\u00ebp\u00ebr Kosov\u00eb, k\u00ebshtu q\u00eb kemi qen\u00eb aktiv dhe t\u00eb mir\u00ebpritur nj\u00ebkoh\u00ebsisht n\u00eb Kosov\u00eb ku kemi marr\u00eb nj\u00eb siguri dhe garancion duke e ditur se edhe Ulqini i ka syt\u00eb drejtuar nga Kosova, pik\u00ebrisht nga at\u00eb se pjesa m\u00eb e madhe e mysafir\u00ebve k\u00ebtu n\u00eb Ulqin gjat\u00eb sezonit veror jan\u00eb nga Kosova dhe p\u00ebr at\u00eb edhe jep p\u00ebrpar\u00ebsi pik\u00ebrisht panaireve dhe t\u00eb gjitha atyre propagandave turistike, duke e prezantuar ofert\u00ebn turistike n\u00eb Kosov\u00eb&#8221;.<\/p>\n<p>E p\u00ebr pushuesit atje, Gjeka thot\u00eb se \u00e7mimet nuk kan\u00eb ndryshuar nga viti i kaluar, nd\u00ebrkoh\u00eb mendon se ofrojn\u00eb \u00e7mime t\u00eb arsyeshme e edhe hap\u00ebsir\u00eb p\u00ebr t\u00eb gjitha kategorit\u00eb ekonomike t\u00eb njer\u00ebzve.<\/p>\n<p>Komuna e Ulqinit \u00ebsht\u00eb e gatshme t\u00eb bashk\u00ebpunoj\u00eb me Kosov\u00ebn , Gjeka madje tha se n\u00eb vizit\u00ebn q\u00eb i ka b\u00ebr\u00eb Komun\u00ebs s\u00eb Prishtin\u00ebs, kan\u00eb shk\u00ebmbyer edhe ide me kryetarin Ahmeti.<\/p>\n<p>\u201cKemi shk\u00ebmbyer disa ide, do t\u00eb vazhdojm\u00eb ndoshta vizita do t\u00eb jet\u00eb kthyese e kryetarit t\u00eb Prishtin\u00ebs, k\u00ebtu n\u00eb Ulqin dhe kjo besoj q\u00eb do t\u00eb jet\u00eb gjat\u00eb sezonit veror, shpresojm\u00eb. Dhe disa ide e disa shk\u00ebmbime q\u00eb ne ndoshta mund t\u00eb marrim, t\u00eb p\u00ebrfitojm\u00eb nga Prishtina, dhe p\u00ebr disa mund t\u00eb them informacione, ose gj\u00ebra konkrete q\u00eb ndodhin atje n\u00eb Prishtin\u00eb, t\u2019i kemi edhe nis si ide q\u00eb t\u2019i implementojn\u00eb k\u00ebtu n\u00eb Ulqin\u201d.<\/p>\n<p>E p\u00ebr past\u00ebrtin\u00eb, ai tha se jan\u00eb b\u00ebr\u00eb p\u00ebrmir\u00ebsime shum\u00eb t\u00eb m\u00ebdha n\u00eb k\u00ebt\u00eb drejtim, ku vitin e kaluar \u00ebsht\u00eb punuar shum\u00eb n\u00eb k\u00ebt\u00eb drejtim. Ai tha se jan\u00eb t\u00eb gatsh\u00ebm t\u00eb shpenzojn\u00eb shuma t\u00eb m\u00ebdha, vet\u00ebm q\u00eb past\u00ebrtia t\u00eb dominoj\u00eb n\u00eb at\u00eb pjes\u00eb.<\/p>\n<p>K\u00ebshtu, n\u00eb Ulqin pushuesit kan\u00eb filluar t\u00eb z\u00ebn\u00eb vend qysh n\u00eb muajin maj, e numri m\u00eb i madh i vizitor\u00ebve pritet t\u00eb jet\u00eb n\u00eb muajt korrik-gusht.<\/p>\n<p><strong>lajmi.net<\/strong><\/p>\n","protected":false},"excerpt":{"rendered":"<p>Kosovar\u00ebt mbesin turist\u00ebt e preferuar p\u00ebr Ulqinin, madje edhe k\u00ebt\u00eb vit pjesa m\u00eb e madhe e turist\u00ebve n\u00eb k\u00ebt\u00eb rivier\u00eb jan\u00eb kosovar\u00eb. Kryetari i Ulqinit, Fatmir Gjeka, fton kosovar\u00ebt p\u00ebr investime, duke u ofruar leht\u00ebsira. Kryetari Gjeka, thot\u00eb se n\u00eb pes\u00eb vitet e fundit investimet n\u00eb Ulqin jan\u00eb t\u00eb m\u00ebdha dhe se kan\u00eb arritur ta [&hellip;]<\/p>\n","protected":false},"author":1,"featured_media":0,"comment_status":"closed","ping_status":"closed","sticky":false,"template":"","format":"standard","meta":{"spay_email":"","jetpack_publicize_message":"","jetpack_is_tweetstorm":false,"jetpack_publicize_feature_enabled":true},"categories":[6],"tags":[],"jetpack_publicize_connections":[],"yoast_head":"<!-- This site is optimized with the Yoast SEO plugin v19.1 - https:\/\/yoast.com\/wordpress\/plugins\/seo\/ -->\n<title>Kryetari i Gjeka fton kosovar\u00ebt t\u00eb investojn\u00eb n\u00eb Ulqin - Lajme nga Ulqini<\/title>\n<meta name=\"description\" content=\"Kosovar\u00ebt mbesin turist\u00ebt e preferuar p\u00ebr Ulqinin, madje edhe k\u00ebt\u00eb vit pjesa m\u00eb e madhe e turist\u00ebve n\u00eb k\u00ebt\u00eb rivier\u00eb jan\u00eb kosovar\u00eb. Kryetari i Ulqinit,\" \/>\n<meta name=\"robots\" content=\"index, follow, max-snippet:-1, max-image-preview:large, max-video-preview:-1\" \/>\n<link rel=\"canonical\" href=\"https:\/\/www.visit-ulcinj.com\/blog\/2014\/06\/29\/kryetari-gjeka-fton-kosovaret-te-investojne-ne-ulqin\/\" \/>\n<meta property=\"og:locale\" content=\"en_US\" \/>\n<meta property=\"og:type\" content=\"article\" \/>\n<meta property=\"og:title\" content=\"Kryetari i Gjeka fton kosovar\u00ebt t\u00eb investojn\u00eb n\u00eb Ulqin - Lajme nga Ulqini\" \/>\n<meta property=\"og:description\" content=\"Kosovar\u00ebt mbesin turist\u00ebt e preferuar p\u00ebr Ulqinin, madje edhe k\u00ebt\u00eb vit pjesa m\u00eb e madhe e turist\u00ebve n\u00eb k\u00ebt\u00eb rivier\u00eb jan\u00eb kosovar\u00eb. Kryetari i Ulqinit,\" \/>\n<meta property=\"og:url\" content=\"https:\/\/www.visit-ulcinj.com\/blog\/2014\/06\/29\/kryetari-gjeka-fton-kosovaret-te-investojne-ne-ulqin\/\" \/>\n<meta property=\"og:site_name\" content=\"Lajme nga Ulqini\" \/>\n<meta property=\"article:published_time\" content=\"2014-06-29T18:36:42+00:00\" \/>\n<meta property=\"article:modified_time\" content=\"2014-07-03T07:10:33+00:00\" \/>\n<meta property=\"og:image\" content=\"http:\/\/www.visit-ulcinj.com\/blog\/wp-content\/uploads\/2014\/06\/Fatmir-Gjeka-kryetari-Ulqinit.jpg\" \/>\n<meta name=\"twitter:label1\" content=\"Written by\" \/>\n\t<meta name=\"twitter:data1\" content=\"ulqini\" \/>\n\t<meta name=\"twitter:label2\" content=\"Est. reading time\" \/>\n\t<meta name=\"twitter:data2\" content=\"4 minutes\" \/>\n<script type=\"application\/ld+json\" class=\"yoast-schema-graph\">{\"@context\":\"https:\/\/schema.org\",\"@graph\":[{\"@type\":\"WebSite\",\"@id\":\"https:\/\/www.visit-ulcinj.com\/blog\/#website\",\"url\":\"https:\/\/www.visit-ulcinj.com\/blog\/\",\"name\":\"Lajme nga Ulqini\",\"description\":\"Lajme,Vijesti,Ulqini,Ulqin,Crna Gora,Mali i Zi\",\"potentialAction\":[{\"@type\":\"SearchAction\",\"target\":{\"@type\":\"EntryPoint\",\"urlTemplate\":\"https:\/\/www.visit-ulcinj.com\/blog\/?s={search_term_string}\"},\"query-input\":\"required name=search_term_string\"}],\"inLanguage\":\"en-US\"},{\"@type\":\"ImageObject\",\"inLanguage\":\"en-US\",\"@id\":\"https:\/\/www.visit-ulcinj.com\/blog\/2014\/06\/29\/kryetari-gjeka-fton-kosovaret-te-investojne-ne-ulqin\/#primaryimage\",\"url\":\"https:\/\/www.visit-ulcinj.com\/blog\/wp-content\/uploads\/2014\/06\/Fatmir-Gjeka-kryetari-Ulqinit.jpg\",\"contentUrl\":\"https:\/\/www.visit-ulcinj.com\/blog\/wp-content\/uploads\/2014\/06\/Fatmir-Gjeka-kryetari-Ulqinit.jpg\",\"width\":800,\"height\":547},{\"@type\":\"WebPage\",\"@id\":\"https:\/\/www.visit-ulcinj.com\/blog\/2014\/06\/29\/kryetari-gjeka-fton-kosovaret-te-investojne-ne-ulqin\/#webpage\",\"url\":\"https:\/\/www.visit-ulcinj.com\/blog\/2014\/06\/29\/kryetari-gjeka-fton-kosovaret-te-investojne-ne-ulqin\/\",\"name\":\"Kryetari i Gjeka fton kosovar\u00ebt t\u00eb investojn\u00eb n\u00eb Ulqin - Lajme nga Ulqini\",\"isPartOf\":{\"@id\":\"https:\/\/www.visit-ulcinj.com\/blog\/#website\"},\"primaryImageOfPage\":{\"@id\":\"https:\/\/www.visit-ulcinj.com\/blog\/2014\/06\/29\/kryetari-gjeka-fton-kosovaret-te-investojne-ne-ulqin\/#primaryimage\"},\"datePublished\":\"2014-06-29T18:36:42+00:00\",\"dateModified\":\"2014-07-03T07:10:33+00:00\",\"author\":{\"@id\":\"https:\/\/www.visit-ulcinj.com\/blog\/#\/schema\/person\/dcab619c614d3038751c63bc2aadc06d\"},\"description\":\"Kosovar\u00ebt mbesin turist\u00ebt e preferuar p\u00ebr Ulqinin, madje edhe k\u00ebt\u00eb vit pjesa m\u00eb e madhe e turist\u00ebve n\u00eb k\u00ebt\u00eb rivier\u00eb jan\u00eb kosovar\u00eb. Kryetari i Ulqinit,\",\"breadcrumb\":{\"@id\":\"https:\/\/www.visit-ulcinj.com\/blog\/2014\/06\/29\/kryetari-gjeka-fton-kosovaret-te-investojne-ne-ulqin\/#breadcrumb\"},\"inLanguage\":\"en-US\",\"potentialAction\":[{\"@type\":\"ReadAction\",\"target\":[\"https:\/\/www.visit-ulcinj.com\/blog\/2014\/06\/29\/kryetari-gjeka-fton-kosovaret-te-investojne-ne-ulqin\/\"]}]},{\"@type\":\"BreadcrumbList\",\"@id\":\"https:\/\/www.visit-ulcinj.com\/blog\/2014\/06\/29\/kryetari-gjeka-fton-kosovaret-te-investojne-ne-ulqin\/#breadcrumb\",\"itemListElement\":[{\"@type\":\"ListItem\",\"position\":1,\"name\":\"Kryetari i Gjeka fton kosovar\u00ebt t\u00eb investojn\u00eb n\u00eb Ulqin\"}]},{\"@type\":\"Person\",\"@id\":\"https:\/\/www.visit-ulcinj.com\/blog\/#\/schema\/person\/dcab619c614d3038751c63bc2aadc06d\",\"name\":\"ulqini\",\"sameAs\":[\"http:\/\/www.visit-ulcinj.com\"],\"url\":\"https:\/\/www.visit-ulcinj.com\/blog\/author\/admin\/\"}]}<\/script>\n<!-- \/ Yoast SEO plugin. -->","yoast_head_json":{"title":"Kryetari i Gjeka fton kosovar\u00ebt t\u00eb investojn\u00eb n\u00eb Ulqin - Lajme nga Ulqini","description":"Kosovar\u00ebt mbesin turist\u00ebt e preferuar p\u00ebr Ulqinin, madje edhe k\u00ebt\u00eb vit pjesa m\u00eb e madhe e turist\u00ebve n\u00eb k\u00ebt\u00eb rivier\u00eb jan\u00eb kosovar\u00eb. Kryetari i Ulqinit,","robots":{"index":"index","follow":"follow","max-snippet":"max-snippet:-1","max-image-preview":"max-image-preview:large","max-video-preview":"max-video-preview:-1"},"canonical":"https:\/\/www.visit-ulcinj.com\/blog\/2014\/06\/29\/kryetari-gjeka-fton-kosovaret-te-investojne-ne-ulqin\/","og_locale":"en_US","og_type":"article","og_title":"Kryetari i Gjeka fton kosovar\u00ebt t\u00eb investojn\u00eb n\u00eb Ulqin - Lajme nga Ulqini","og_description":"Kosovar\u00ebt mbesin turist\u00ebt e preferuar p\u00ebr Ulqinin, madje edhe k\u00ebt\u00eb vit pjesa m\u00eb e madhe e turist\u00ebve n\u00eb k\u00ebt\u00eb rivier\u00eb jan\u00eb kosovar\u00eb. Kryetari i Ulqinit,","og_url":"https:\/\/www.visit-ulcinj.com\/blog\/2014\/06\/29\/kryetari-gjeka-fton-kosovaret-te-investojne-ne-ulqin\/","og_site_name":"Lajme nga Ulqini","article_published_time":"2014-06-29T18:36:42+00:00","article_modified_time":"2014-07-03T07:10:33+00:00","og_image":[{"url":"http:\/\/www.visit-ulcinj.com\/blog\/wp-content\/uploads\/2014\/06\/Fatmir-Gjeka-kryetari-Ulqinit.jpg"}],"twitter_misc":{"Written by":"ulqini","Est. reading time":"4 minutes"},"schema":{"@context":"https:\/\/schema.org","@graph":[{"@type":"WebSite","@id":"https:\/\/www.visit-ulcinj.com\/blog\/#website","url":"https:\/\/www.visit-ulcinj.com\/blog\/","name":"Lajme nga Ulqini","description":"Lajme,Vijesti,Ulqini,Ulqin,Crna Gora,Mali i Zi","potentialAction":[{"@type":"SearchAction","target":{"@type":"EntryPoint","urlTemplate":"https:\/\/www.visit-ulcinj.com\/blog\/?s={search_term_string}"},"query-input":"required name=search_term_string"}],"inLanguage":"en-US"},{"@type":"ImageObject","inLanguage":"en-US","@id":"https:\/\/www.visit-ulcinj.com\/blog\/2014\/06\/29\/kryetari-gjeka-fton-kosovaret-te-investojne-ne-ulqin\/#primaryimage","url":"https:\/\/www.visit-ulcinj.com\/blog\/wp-content\/uploads\/2014\/06\/Fatmir-Gjeka-kryetari-Ulqinit.jpg","contentUrl":"https:\/\/www.visit-ulcinj.com\/blog\/wp-content\/uploads\/2014\/06\/Fatmir-Gjeka-kryetari-Ulqinit.jpg","width":800,"height":547},{"@type":"WebPage","@id":"https:\/\/www.visit-ulcinj.com\/blog\/2014\/06\/29\/kryetari-gjeka-fton-kosovaret-te-investojne-ne-ulqin\/#webpage","url":"https:\/\/www.visit-ulcinj.com\/blog\/2014\/06\/29\/kryetari-gjeka-fton-kosovaret-te-investojne-ne-ulqin\/","name":"Kryetari i Gjeka fton kosovar\u00ebt t\u00eb investojn\u00eb n\u00eb Ulqin - Lajme nga Ulqini","isPartOf":{"@id":"https:\/\/www.visit-ulcinj.com\/blog\/#website"},"primaryImageOfPage":{"@id":"https:\/\/www.visit-ulcinj.com\/blog\/2014\/06\/29\/kryetari-gjeka-fton-kosovaret-te-investojne-ne-ulqin\/#primaryimage"},"datePublished":"2014-06-29T18:36:42+00:00","dateModified":"2014-07-03T07:10:33+00:00","author":{"@id":"https:\/\/www.visit-ulcinj.com\/blog\/#\/schema\/person\/dcab619c614d3038751c63bc2aadc06d"},"description":"Kosovar\u00ebt mbesin turist\u00ebt e preferuar p\u00ebr Ulqinin, madje edhe k\u00ebt\u00eb vit pjesa m\u00eb e madhe e turist\u00ebve n\u00eb k\u00ebt\u00eb rivier\u00eb jan\u00eb kosovar\u00eb. Kryetari i Ulqinit,","breadcrumb":{"@id":"https:\/\/www.visit-ulcinj.com\/blog\/2014\/06\/29\/kryetari-gjeka-fton-kosovaret-te-investojne-ne-ulqin\/#breadcrumb"},"inLanguage":"en-US","potentialAction":[{"@type":"ReadAction","target":["https:\/\/www.visit-ulcinj.com\/blog\/2014\/06\/29\/kryetari-gjeka-fton-kosovaret-te-investojne-ne-ulqin\/"]}]},{"@type":"BreadcrumbList","@id":"https:\/\/www.visit-ulcinj.com\/blog\/2014\/06\/29\/kryetari-gjeka-fton-kosovaret-te-investojne-ne-ulqin\/#breadcrumb","itemListElement":[{"@type":"ListItem","position":1,"name":"Kryetari i Gjeka fton kosovar\u00ebt t\u00eb investojn\u00eb n\u00eb Ulqin"}]},{"@type":"Person","@id":"https:\/\/www.visit-ulcinj.com\/blog\/#\/schema\/person\/dcab619c614d3038751c63bc2aadc06d","name":"ulqini","sameAs":["http:\/\/www.visit-ulcinj.com"],"url":"https:\/\/www.visit-ulcinj.com\/blog\/author\/admin\/"}]}},"jetpack_featured_media_url":"","jetpack_sharing_enabled":true,"jetpack_shortlink":"https:\/\/wp.me\/pe6lTn-lLW","_links":{"self":[{"href":"https:\/\/www.visit-ulcinj.com\/blog\/wp-json\/wp\/v2\/posts\/83696"}],"collection":[{"href":"https:\/\/www.visit-ulcinj.com\/blog\/wp-json\/wp\/v2\/posts"}],"about":[{"href":"https:\/\/www.visit-ulcinj.com\/blog\/wp-json\/wp\/v2\/types\/post"}],"author":[{"embeddable":true,"href":"https:\/\/www.visit-ulcinj.com\/blog\/wp-json\/wp\/v2\/users\/1"}],"replies":[{"embeddable":true,"href":"https:\/\/www.visit-ulcinj.com\/blog\/wp-json\/wp\/v2\/comments?post=83696"}],"version-history":[{"count":1,"href":"https:\/\/www.visit-ulcinj.com\/blog\/wp-json\/wp\/v2\/posts\/83696\/revisions"}],"predecessor-version":[{"id":83698,"href":"https:\/\/www.visit-ulcinj.com\/blog\/wp-json\/wp\/v2\/posts\/83696\/revisions\/83698"}],"wp:attachment":[{"href":"https:\/\/www.visit-ulcinj.com\/blog\/wp-json\/wp\/v2\/media?parent=83696"}],"wp:term":[{"taxonomy":"category","embeddable":true,"href":"https:\/\/www.visit-ulcinj.com\/blog\/wp-json\/wp\/v2\/categories?post=83696"},{"taxonomy":"post_tag","embeddable":true,"href":"https:\/\/www.visit-ulcinj.com\/blog\/wp-json\/wp\/v2\/tags?post=83696"}],"curies":[{"name":"wp","href":"https:\/\/api.w.org\/{rel}","templated":true}]}}