{"id":837,"date":"2008-03-10T07:37:29","date_gmt":"2008-03-10T12:37:29","guid":{"rendered":"http:\/\/www.visit-ulcinj.com\/blog\/2008\/03\/10\/projets-dinvetissements-immobiliers-a-ulcinj-montenegro\/"},"modified":"2008-03-10T11:59:58","modified_gmt":"2008-03-10T16:59:58","slug":"projets-dinvetissements-immobiliers-a-ulcinj-montenegro","status":"publish","type":"post","link":"https:\/\/www.visit-ulcinj.com\/blog\/2008\/03\/10\/projets-dinvetissements-immobiliers-a-ulcinj-montenegro\/","title":{"rendered":"Projets d&#8217;invetissements immobiliers \u00e0 Ulcinj  Mont\u00e9n\u00e9gro"},"content":{"rendered":"<p><a href=\"http:\/\/www.visit-ulcinj.com\/blog\/wp-content\/uploads\/2008\/03\/copakabana.jpg\" rel=\"lightbox[pics837]\" title=\"Copakabana Beach_Ulcinj\"><img loading=\"lazy\" src=\"http:\/\/www.visit-ulcinj.com\/blog\/wp-content\/uploads\/2008\/03\/copakabana.thumbnail.jpg\" alt=\"Copakabana Beach_Ulcinj\" align=\"left\" height=\"150\" width=\"200\" \/><\/a><a href=\"http:\/\/www.visit-ulcinj.com\/gallery\/main.php\" title=\"Ulcinj-ulqini-ulqin,montenegro\" target=\"_blank\">Ulcinj<\/a>:Le Mont\u00e9n\u00e9gro, qui est une nouvelle destination pour les investisseurs avec leurs projets d&#8217;investissements immobiliers mont\u00e9n\u00e9gro, pr\u00e9sente une nouvelle forme d\u2019arch\u00e9ologie, la version arch\u00e9ologique.<br \/>\nLe Mont\u00e9n\u00e9gro, per\u00e7u comme par le reste du monde comme un \u00e9tat \u00e9cologique. Tel est la devise du gouvernement mont\u00e9n\u00e9grin, mais de pr\u00e8s accept\u00e9 par le peuple mont\u00e9n\u00e9grin. En effet, le 20 Septembre 1991, le Parlement de R\u00e9publique a sorti \u00ab La d\u00e9claration de l\u2019\u00e9tat \u00e9cologique du Mont\u00e9n\u00e9gro \u00bb, qui en grandes lignes se r\u00e9sume par la prise de conscience du gouvernement comme le peuple entier de l\u2019importance de la protection de la nature, comme une condition au pr\u00e9alable du d\u00e9veloppement de la soci\u00e9t\u00e9, comme de l\u2019individu. En adoptant cette D\u00e9claration, le Mont\u00e9n\u00e9gro d\u00e9finit son attitude respectueuse vis-\u00e0-vis de la Nature comme politique officielle de l&#8217;Etat et demande \u00e0 tous les peuples de faire preuve de sagesse en faisant tout pour \u00e9viter une catastrophe \u00e9cologique.<a href=\"http:\/\/www.visit-ulcinj.com\/blog\/wp-content\/uploads\/2008\/03\/ulcinj_maps.jpg\" rel=\"lightbox[pics837]\" title=\"Montenegro Rivijera\"><img loading=\"lazy\" src=\"http:\/\/www.visit-ulcinj.com\/blog\/wp-content\/uploads\/2008\/03\/ulcinj_maps.thumbnail.jpg\" alt=\"Montenegro Rivijera\" align=\"right\" height=\"200\" width=\"192\" \/><\/a><br \/>\nOn peut dire qu\u2019une telle ambition n\u2019est pas pass\u00e9 inaper\u00e7u aux yeux de la communaut\u00e9 internationale, vu que nous sommes dans un stade critique de l\u2019\u00e9tat de notre \u00e9cologie, tout du moins selon l\u2019avis des sp\u00e9cialistes. Un grand pas, que l\u2019on pourrait aussi consid\u00e9rer comme une sorte de reconnaissance, est le projet de construction pr\u00e9conis\u00e9 par les Nations Unis pour ses prochains locaux dans la capitale mont\u00e9n\u00e9grin. En effet, Podgorica va abriter les premiers locaux des Nations Unis int\u00e9grant les principes \u00e9cologiques, et le b\u00e2timent sera autonome sur le plan \u00e9nerg\u00e9tique. Les diff\u00e9rents agences des Nations Unies travaillant au Mont\u00e9n\u00e9gro (PNUD, OMS, UNICEF, UNHCR, OIM et consultants des Nations Unies) seront r\u00e9unies sous un m\u00eame toit, toit constitu\u00e9 d\u2019une plaque perfor\u00e9e de larges ouvertures permettant une ventilation et un \u00e9clairage naturels. Des cellules photovolta\u00efques flottant au-dessus de ce toit permettent d\u2019apporter de l\u2019ombre tout en produisant assez d\u2019\u00e9nergie pour r\u00e9pondre aux demandes \u00e9nerg\u00e9tiques annuelles estim\u00e9es du b\u00e2timent. Le syst\u00e8me de ventilation fonctionne selon le principe du d\u00e9placement, utilisant la chaleur g\u00e9n\u00e9r\u00e9e \u00e0 l\u2019int\u00e9rieur pour conduire le mouvement de l\u2019air.<br \/>\nMais l\u2019optique de l\u2019architecture \u00e9cologique n\u2019est pas seulement rest\u00e9e au niveau publique. Les entreprises priv\u00e9es commencent \u00e0 adopter l\u2019id\u00e9e et de perp\u00e9tuer ce qui sera une tradition architecturale le point de vue \u00e9cologique de l\u2019immobilier.Le prince Nicolas II <a href=\"http:\/\/www.visit-ulcinj.com\/blog\/wp-content\/uploads\/2008\/03\/nicola-petrovic.jpg\" rel=\"lightbox[pics837]\" title=\"Nicola Petrovic\"><img loading=\"lazy\" src=\"http:\/\/www.visit-ulcinj.com\/blog\/wp-content\/uploads\/2008\/03\/nicola-petrovic.thumbnail.jpg\" alt=\"Nicola Petrovic\" align=\"left\" height=\"200\" width=\"171\" \/><\/a>Petrovic Njegosh est engag\u00e9 dans le Boka fond comme architecte-consultant a soulign\u00e9 en particulier l\u2019importance de la mani\u00e8re de construire au Mont\u00e9n\u00e9gro. Il s\u2019engage surtout pour que l\u2019architecture de cette r\u00e9gion soit reconnaissable et puisse se d\u00e9velopper dans le temps, mais en m\u00eame temps en int\u00e9grant les nouveaux engagements du peuple mont\u00e9n\u00e9grin. \u00ab Nous avons opt\u00e9 pour une architecture \u00e9cologique. Nous nous effor\u00e7ons d\u2019utiliser dans nos projets uniquement des mat\u00e9riaux naturels &#8211; pierre et bois, en utilisant au maximum les sources d\u2019\u00e9nergie naturelle, en particulier le soleil. Mon devoir est de conseiller les investisseurs de construire ici des b\u00e2timents bien appropri\u00e9s \u00e0 ces espaces et non, comme certains l\u2019affirment, un \u00ab Dubai sur la <a href=\"http:\/\/www.visit-ulcinj.com\/\" title=\"Ulcinj-ulqini-ulqin,montenegro\" target=\"_blank\">Grande plage d\u2019Ulcinj <\/a>\u00bb, a d\u00e9clar\u00e9 le prince Nicolas Petrovic.<\/p>\n<!-- vimeo error: not a vimeo video -->\n","protected":false},"excerpt":{"rendered":"<p><img loading=\"lazy\" src=\"http:\/\/www.visit-ulcinj.com\/blog\/wp-content\/uploads\/2008\/03\/copakabana.thumbnail.jpg\" alt=\"Copakabana Beach_Ulcinj\" align=\"left\" height=\"140\" width=\"140\" \/><\/p>\n","protected":false},"author":1,"featured_media":0,"comment_status":"open","ping_status":"closed","sticky":false,"template":"","format":"standard","meta":{"spay_email":"","jetpack_publicize_message":"","jetpack_is_tweetstorm":false,"jetpack_publicize_feature_enabled":true},"categories":[15],"tags":[267,2140,2142,79,2139,2141],"jetpack_publicize_connections":[],"yoast_head":"<!-- This site is optimized with the Yoast SEO plugin v19.1 - https:\/\/yoast.com\/wordpress\/plugins\/seo\/ -->\n<title>Projets d&#039;invetissements immobiliers \u00e0 Ulcinj Mont\u00e9n\u00e9gro - Lajme nga Ulqini<\/title>\n<meta name=\"robots\" content=\"index, follow, max-snippet:-1, max-image-preview:large, max-video-preview:-1\" \/>\n<link rel=\"canonical\" href=\"https:\/\/www.visit-ulcinj.com\/blog\/2008\/03\/10\/projets-dinvetissements-immobiliers-a-ulcinj-montenegro\/\" \/>\n<meta property=\"og:locale\" content=\"en_US\" \/>\n<meta property=\"og:type\" content=\"article\" \/>\n<meta property=\"og:title\" content=\"Projets d&#039;invetissements immobiliers \u00e0 Ulcinj Mont\u00e9n\u00e9gro - Lajme nga Ulqini\" \/>\n<meta property=\"og:url\" content=\"https:\/\/www.visit-ulcinj.com\/blog\/2008\/03\/10\/projets-dinvetissements-immobiliers-a-ulcinj-montenegro\/\" \/>\n<meta property=\"og:site_name\" content=\"Lajme nga Ulqini\" \/>\n<meta property=\"article:published_time\" content=\"2008-03-10T12:37:29+00:00\" \/>\n<meta property=\"article:modified_time\" content=\"2008-03-10T16:59:58+00:00\" \/>\n<meta property=\"og:image\" content=\"http:\/\/www.visit-ulcinj.com\/blog\/wp-content\/uploads\/2008\/03\/copakabana.thumbnail.jpg\" \/>\n<meta name=\"twitter:label1\" content=\"Written by\" \/>\n\t<meta name=\"twitter:data1\" content=\"ulqini\" \/>\n\t<meta name=\"twitter:label2\" content=\"Est. reading time\" \/>\n\t<meta name=\"twitter:data2\" content=\"3 minutes\" \/>\n<script type=\"application\/ld+json\" class=\"yoast-schema-graph\">{\"@context\":\"https:\/\/schema.org\",\"@graph\":[{\"@type\":\"WebSite\",\"@id\":\"https:\/\/www.visit-ulcinj.com\/blog\/#website\",\"url\":\"https:\/\/www.visit-ulcinj.com\/blog\/\",\"name\":\"Lajme nga Ulqini\",\"description\":\"Lajme,Vijesti,Ulqini,Ulqin,Crna Gora,Mali i Zi\",\"potentialAction\":[{\"@type\":\"SearchAction\",\"target\":{\"@type\":\"EntryPoint\",\"urlTemplate\":\"https:\/\/www.visit-ulcinj.com\/blog\/?s={search_term_string}\"},\"query-input\":\"required name=search_term_string\"}],\"inLanguage\":\"en-US\"},{\"@type\":\"ImageObject\",\"inLanguage\":\"en-US\",\"@id\":\"https:\/\/www.visit-ulcinj.com\/blog\/2008\/03\/10\/projets-dinvetissements-immobiliers-a-ulcinj-montenegro\/#primaryimage\",\"url\":\"http:\/\/www.visit-ulcinj.com\/blog\/wp-content\/uploads\/2008\/03\/copakabana.thumbnail.jpg\",\"contentUrl\":\"http:\/\/www.visit-ulcinj.com\/blog\/wp-content\/uploads\/2008\/03\/copakabana.thumbnail.jpg\"},{\"@type\":\"WebPage\",\"@id\":\"https:\/\/www.visit-ulcinj.com\/blog\/2008\/03\/10\/projets-dinvetissements-immobiliers-a-ulcinj-montenegro\/#webpage\",\"url\":\"https:\/\/www.visit-ulcinj.com\/blog\/2008\/03\/10\/projets-dinvetissements-immobiliers-a-ulcinj-montenegro\/\",\"name\":\"Projets d'invetissements immobiliers \u00e0 Ulcinj Mont\u00e9n\u00e9gro - Lajme nga Ulqini\",\"isPartOf\":{\"@id\":\"https:\/\/www.visit-ulcinj.com\/blog\/#website\"},\"primaryImageOfPage\":{\"@id\":\"https:\/\/www.visit-ulcinj.com\/blog\/2008\/03\/10\/projets-dinvetissements-immobiliers-a-ulcinj-montenegro\/#primaryimage\"},\"datePublished\":\"2008-03-10T12:37:29+00:00\",\"dateModified\":\"2008-03-10T16:59:58+00:00\",\"author\":{\"@id\":\"https:\/\/www.visit-ulcinj.com\/blog\/#\/schema\/person\/dcab619c614d3038751c63bc2aadc06d\"},\"breadcrumb\":{\"@id\":\"https:\/\/www.visit-ulcinj.com\/blog\/2008\/03\/10\/projets-dinvetissements-immobiliers-a-ulcinj-montenegro\/#breadcrumb\"},\"inLanguage\":\"en-US\",\"potentialAction\":[{\"@type\":\"ReadAction\",\"target\":[\"https:\/\/www.visit-ulcinj.com\/blog\/2008\/03\/10\/projets-dinvetissements-immobiliers-a-ulcinj-montenegro\/\"]}]},{\"@type\":\"BreadcrumbList\",\"@id\":\"https:\/\/www.visit-ulcinj.com\/blog\/2008\/03\/10\/projets-dinvetissements-immobiliers-a-ulcinj-montenegro\/#breadcrumb\",\"itemListElement\":[{\"@type\":\"ListItem\",\"position\":1,\"name\":\"Projets d&#8217;invetissements immobiliers \u00e0 Ulcinj Mont\u00e9n\u00e9gro\"}]},{\"@type\":\"Person\",\"@id\":\"https:\/\/www.visit-ulcinj.com\/blog\/#\/schema\/person\/dcab619c614d3038751c63bc2aadc06d\",\"name\":\"ulqini\",\"sameAs\":[\"http:\/\/www.visit-ulcinj.com\"],\"url\":\"https:\/\/www.visit-ulcinj.com\/blog\/author\/admin\/\"}]}<\/script>\n<!-- \/ Yoast SEO plugin. -->","yoast_head_json":{"title":"Projets d'invetissements immobiliers \u00e0 Ulcinj Mont\u00e9n\u00e9gro - Lajme nga Ulqini","robots":{"index":"index","follow":"follow","max-snippet":"max-snippet:-1","max-image-preview":"max-image-preview:large","max-video-preview":"max-video-preview:-1"},"canonical":"https:\/\/www.visit-ulcinj.com\/blog\/2008\/03\/10\/projets-dinvetissements-immobiliers-a-ulcinj-montenegro\/","og_locale":"en_US","og_type":"article","og_title":"Projets d'invetissements immobiliers \u00e0 Ulcinj Mont\u00e9n\u00e9gro - Lajme nga Ulqini","og_url":"https:\/\/www.visit-ulcinj.com\/blog\/2008\/03\/10\/projets-dinvetissements-immobiliers-a-ulcinj-montenegro\/","og_site_name":"Lajme nga Ulqini","article_published_time":"2008-03-10T12:37:29+00:00","article_modified_time":"2008-03-10T16:59:58+00:00","og_image":[{"url":"http:\/\/www.visit-ulcinj.com\/blog\/wp-content\/uploads\/2008\/03\/copakabana.thumbnail.jpg"}],"twitter_misc":{"Written by":"ulqini","Est. reading time":"3 minutes"},"schema":{"@context":"https:\/\/schema.org","@graph":[{"@type":"WebSite","@id":"https:\/\/www.visit-ulcinj.com\/blog\/#website","url":"https:\/\/www.visit-ulcinj.com\/blog\/","name":"Lajme nga Ulqini","description":"Lajme,Vijesti,Ulqini,Ulqin,Crna Gora,Mali i Zi","potentialAction":[{"@type":"SearchAction","target":{"@type":"EntryPoint","urlTemplate":"https:\/\/www.visit-ulcinj.com\/blog\/?s={search_term_string}"},"query-input":"required name=search_term_string"}],"inLanguage":"en-US"},{"@type":"ImageObject","inLanguage":"en-US","@id":"https:\/\/www.visit-ulcinj.com\/blog\/2008\/03\/10\/projets-dinvetissements-immobiliers-a-ulcinj-montenegro\/#primaryimage","url":"http:\/\/www.visit-ulcinj.com\/blog\/wp-content\/uploads\/2008\/03\/copakabana.thumbnail.jpg","contentUrl":"http:\/\/www.visit-ulcinj.com\/blog\/wp-content\/uploads\/2008\/03\/copakabana.thumbnail.jpg"},{"@type":"WebPage","@id":"https:\/\/www.visit-ulcinj.com\/blog\/2008\/03\/10\/projets-dinvetissements-immobiliers-a-ulcinj-montenegro\/#webpage","url":"https:\/\/www.visit-ulcinj.com\/blog\/2008\/03\/10\/projets-dinvetissements-immobiliers-a-ulcinj-montenegro\/","name":"Projets d'invetissements immobiliers \u00e0 Ulcinj Mont\u00e9n\u00e9gro - Lajme nga Ulqini","isPartOf":{"@id":"https:\/\/www.visit-ulcinj.com\/blog\/#website"},"primaryImageOfPage":{"@id":"https:\/\/www.visit-ulcinj.com\/blog\/2008\/03\/10\/projets-dinvetissements-immobiliers-a-ulcinj-montenegro\/#primaryimage"},"datePublished":"2008-03-10T12:37:29+00:00","dateModified":"2008-03-10T16:59:58+00:00","author":{"@id":"https:\/\/www.visit-ulcinj.com\/blog\/#\/schema\/person\/dcab619c614d3038751c63bc2aadc06d"},"breadcrumb":{"@id":"https:\/\/www.visit-ulcinj.com\/blog\/2008\/03\/10\/projets-dinvetissements-immobiliers-a-ulcinj-montenegro\/#breadcrumb"},"inLanguage":"en-US","potentialAction":[{"@type":"ReadAction","target":["https:\/\/www.visit-ulcinj.com\/blog\/2008\/03\/10\/projets-dinvetissements-immobiliers-a-ulcinj-montenegro\/"]}]},{"@type":"BreadcrumbList","@id":"https:\/\/www.visit-ulcinj.com\/blog\/2008\/03\/10\/projets-dinvetissements-immobiliers-a-ulcinj-montenegro\/#breadcrumb","itemListElement":[{"@type":"ListItem","position":1,"name":"Projets d&#8217;invetissements immobiliers \u00e0 Ulcinj Mont\u00e9n\u00e9gro"}]},{"@type":"Person","@id":"https:\/\/www.visit-ulcinj.com\/blog\/#\/schema\/person\/dcab619c614d3038751c63bc2aadc06d","name":"ulqini","sameAs":["http:\/\/www.visit-ulcinj.com"],"url":"https:\/\/www.visit-ulcinj.com\/blog\/author\/admin\/"}]}},"jetpack_featured_media_url":"","jetpack_sharing_enabled":true,"jetpack_shortlink":"https:\/\/wp.me\/pe6lTn-dv","_links":{"self":[{"href":"https:\/\/www.visit-ulcinj.com\/blog\/wp-json\/wp\/v2\/posts\/837"}],"collection":[{"href":"https:\/\/www.visit-ulcinj.com\/blog\/wp-json\/wp\/v2\/posts"}],"about":[{"href":"https:\/\/www.visit-ulcinj.com\/blog\/wp-json\/wp\/v2\/types\/post"}],"author":[{"embeddable":true,"href":"https:\/\/www.visit-ulcinj.com\/blog\/wp-json\/wp\/v2\/users\/1"}],"replies":[{"embeddable":true,"href":"https:\/\/www.visit-ulcinj.com\/blog\/wp-json\/wp\/v2\/comments?post=837"}],"version-history":[{"count":0,"href":"https:\/\/www.visit-ulcinj.com\/blog\/wp-json\/wp\/v2\/posts\/837\/revisions"}],"wp:attachment":[{"href":"https:\/\/www.visit-ulcinj.com\/blog\/wp-json\/wp\/v2\/media?parent=837"}],"wp:term":[{"taxonomy":"category","embeddable":true,"href":"https:\/\/www.visit-ulcinj.com\/blog\/wp-json\/wp\/v2\/categories?post=837"},{"taxonomy":"post_tag","embeddable":true,"href":"https:\/\/www.visit-ulcinj.com\/blog\/wp-json\/wp\/v2\/tags?post=837"}],"curies":[{"name":"wp","href":"https:\/\/api.w.org\/{rel}","templated":true}]}}