{"id":83714,"date":"2014-07-01T18:43:11","date_gmt":"2014-07-01T17:43:11","guid":{"rendered":"http:\/\/www.visit-ulcinj.com\/blog\/?p=83714"},"modified":"2014-07-01T18:43:11","modified_gmt":"2014-07-01T17:43:11","slug":"senatore-kongresiste-dhe-governator-te-ftuar-ne-shtepine-e-bankierit-richard-lukaj","status":"publish","type":"post","link":"https:\/\/www.visit-ulcinj.com\/blog\/2014\/07\/01\/senatore-kongresiste-dhe-governator-te-ftuar-ne-shtepine-e-bankierit-richard-lukaj\/","title":{"rendered":"Senator\u00eb, kongresist\u00eb dhe Governator, t\u00eb ftuar n\u00eb sht\u00ebpin\u00eb e bankierit Richard Lukaj"},"content":{"rendered":"<p><strong><a href=\"http:\/\/www.visit-ulcinj.com\/blog\/wp-content\/uploads\/2014\/07\/Richard-Lukaj-ka-ftuar-kongesist-senator-investitor-.jpg\"><img loading=\"lazy\" class=\"alignleft  wp-image-83715\" alt=\"Richard Lukaj-ka-ftuar-kongesist-senator-investitor-\" src=\"http:\/\/www.visit-ulcinj.com\/blog\/wp-content\/uploads\/2014\/07\/Richard-Lukaj-ka-ftuar-kongesist-senator-investitor-.jpg\" width=\"508\" height=\"360\" \/><\/a>Ishin mbledhur personalitete t\u00eb nivelit t\u00eb lart\u00eb t\u00eb politik\u00ebs amerikane si dhe shqiptar\u00eb t\u00eb suksessh\u00ebm n\u00eb Amerik\u00eb<\/strong><\/p>\n<p><strong>Nga Keze Kozeta Zylo<\/strong><\/p>\n<p>GREENWICH, CT \u2013 Dit\u00ebn e diel\u00eb bankieri, biznesmeni i suksessh\u00ebm dhe patriot Richard Lukaj priti n\u00eb mjediset lluksoze t\u00eb sht\u00ebpis\u00eb s\u00eb tij personalitete t\u00eb nivelit t\u00eb lart\u00eb t\u00eb politik\u00ebs amerikane si dhe shqiptar\u00eb t\u00eb suksessh\u00ebm n\u00eb Amerik\u00eb. Nuk \u00ebsht\u00eb hera e par\u00eb q\u00eb z.Richard Lukaj fton n\u00eb sht\u00ebpin\u00eb e tij personalitete t\u00eb shquara t\u00eb t\u00eb gjitha fushave, dhe zhvillon aktivitete bamir\u00ebsie apo t\u00eb llojeve t\u00eb ndryshme n\u00eb t\u00eb cilat ja vlen t\u00eb p\u00ebrmendim midis t\u00eb tjerave ardhjen e princit Harry nga Anglia ku z.Lukaj ndihmoi p\u00ebr Fondacionin \u201cSentebale\u201d, nj\u00eb fondacion p\u00ebr njer\u00ebzit n\u00eb nevoj\u00eb.<br \/>\nAi gjithmon\u00eb ka qen\u00eb i p\u00ebrkushtuar n\u00eb \u00e7\u00ebshtjen komb\u00ebtare si dhe gjat\u00eb kriz\u00ebs n\u00eb Ballkan, ka ndihmuar p\u00ebr mbledhje fondesh p\u00ebr t\u00eb \u00e7uar ndihma humanitare n\u00eb Kosov\u00eb dhe p\u00ebr femij\u00ebt jetim\u00eb nga lufta.<br \/>\nAktiviteti ishte shum\u00eb i r\u00ebnd\u00ebsish\u00ebm pasi ardhja e senator\u00ebve amerikan\u00eb, guvernatorit t\u00eb shtetit si dhe kongresist\u00ebve t\u00eb cil\u00ebt kan\u00eb ngritur z\u00ebrin pran\u00eb Sht\u00ebpise s\u00eb Bardh\u00eb p\u00ebr \u00e7\u00ebshtjen e Shqip\u00ebris\u00eb dhe t\u00eb Kosov\u00ebs si dhe probleme t\u00eb tjera q\u00eb p\u00ebrballet Kombi yn\u00eb e b\u00ebnin dhe m\u00eb t\u00eb ndjesh\u00ebm pranin\u00eb e tyre pran\u00eb shqiptar\u00ebve t\u00eb cil\u00ebt kishin ardhur p\u00ebr t\u2019i mb\u00ebshtetur ata.<br \/>\nFjal\u00ebn e hapjes e ka mbajtur sipas zakonit i zoti i sht\u00ebpis\u00eb z.Richard Lukaj i cili tha se: si nj\u00eb f\u00ebmij\u00eb i konfliktit t\u00eb komunizmit dhe diskriminimit t\u00eb ashp\u00ebr n\u00eb ish Jugosllavin\u00eb prind\u00ebrit e mi u larguan p\u00ebr n\u00eb Itali ku si gjith\u00eb emigrant\u00ebt shpresuan p\u00ebr nj\u00eb jet\u00eb m\u00eb t\u00eb mir\u00eb. Atje ndenj\u00ebm n\u00eb kamp refugjat\u00ebsh pa televizion, Internet apo facebook. Un\u00eb ju rekomandoj p\u00ebr t\u00eb treguar kushdo q\u00eb ka histori t\u00eb ndryshme dhe nj\u00ebkoh\u00ebsisht t\u00eb jemi mir\u00ebnjoh\u00ebs p\u00ebr t\u00eb mirat q\u00eb kemi arritur n\u00eb jet\u00eb. \u00cbsht\u00eb e v\u00ebrtet\u00eb q\u00eb askush nuk ka d\u00ebshir\u00eb p\u00ebr t\u00eb mbledhur fonde p\u00ebr politikan\u00ebt, kandidat\u00ebt, por un\u00eb mendoj se n\u00eb thelb ne jemi k\u00ebtu sepse secili prej nesh e kupton se sa r\u00ebnd\u00ebsi ka kush qeveris. Ju fal\u00ebnderoj t\u00eb gjith\u00ebve p\u00ebr ardhjen tuaj k\u00ebtu p\u00ebr p\u00ebrpjekjet tona p\u00ebr ta b\u00ebr\u00eb k\u00ebt\u00eb aktivitet sa m\u00eb t\u00eb suksessh\u00ebm. Ne do t\u00eb d\u00ebgjojm\u00eb sot k\u00ebtu Kongresistin Jim Himes, senatorin Chris Murphy, senatorin Blumenthal si dhe governatorin Malloy.<\/p>\n<p>Z.Lukaj ka prezantuar para publikut Kongresistin Jim Himes i cili \u00ebsht\u00eb duke sh\u00ebrbyer n\u00eb mandatin e tij t\u00eb tret\u00eb dhe \u00ebsht\u00eb an\u00ebtar i Komitetit t\u00eb Kongresit p\u00ebr sh\u00ebrbimet financiare dhe n\u00eb Komisionin e p\u00ebrhersh\u00ebm t\u00eb Kongresit p\u00ebr inteligjenc\u00eb. Kongresisti Himes \u00ebsht\u00eb d\u00ebshmi e njer\u00ebzve t\u00eb suksessh\u00ebm q\u00eb vin\u00eb nga Wall Striti dhe ka pasur nj\u00eb p\u00ebrkujdesje t\u00eb vazhdueshme p\u00ebr t\u00eb ndihmuar kudo.<br \/>\nKongresisti Himes pasi ka fal\u00ebnderuar z.Richard Lukaj dhe gjith\u00eb pjes\u00ebmarr\u00ebsit tha se ishte shum\u00eb i lumtur q\u00eb merrte pjes\u00eb n\u00eb k\u00ebt\u00eb aktivitet me shqiptar\u00ebt. Kam pasur vazhdimisht kontakte me komunitetin shqiptar dhe i respektoj gjithmon\u00eb p\u00ebr pun\u00ebn e tyre. Sht\u00ebpia e Bardh\u00eb ka pasur nj\u00eb z\u00eb p\u00ebr t\u00eb ndihmuar Kosov\u00ebn, Shqip\u00ebrin\u00eb.<br \/>\nPas Kongresistit Himes z. Lukaj ka prezantuar senatorin Chris Murphy i cili \u00ebsht\u00eb zgjedhur ne vitin 2012 dhe \u00ebsht\u00eb Shef i Komitetit Europian n\u00eb Senat p\u00ebr marr\u00ebdheniet me jasht\u00eb. Z.Lukaj midis t\u00eb tjerash tha se Senatori Murphy s\u00eb bashku me shtabin e tij ka qen\u00eb nj\u00eb ndihm\u00eb e madhe p\u00ebr t\u00eb mb\u00ebshtetur Universitetin Amerikan n\u00eb Kosov\u00eb ku z.Lukaj \u00ebsht\u00eb shefi i Bordit t\u00eb Trustis\u00eb n\u00eb Universitetin Amerikan n\u00eb Kosov\u00eb.<br \/>\nSenatori Murphy me nj\u00eb thjesht\u00ebsi dhe dashamir\u00ebsi n\u00eb t\u00eb folur ka p\u00ebrsh\u00ebndetur t\u00eb gjith\u00eb pjes\u00ebmarr\u00ebsit dhe tha se ndihej krenar q\u00eb ndodhej midis shqiptar\u00ebve dhe i mb\u00ebshteste ata n\u00eb probleme t\u00eb ndryshme.<br \/>\nPas fjal\u00ebs s\u00eb senatorit Murphy ka folur Senatori Richard Blumenthal te cilin e ka prezantuar z.Lukaj ku midis t\u00eb tjerash tha se z.Blumenthal ka sh\u00ebrbyer pes\u00eb mandate si Prokuror i P\u00ebrgjithsh\u00ebm i Connekticut dhe ka luftuar gjithmon\u00eb p\u00ebr interesat e popullit. Ai \u00ebsht\u00eb m\u00eb aktivi n\u00eb Gjyq\u00ebsorin, sh\u00ebrbimet e armatosura, tregti, shkenc\u00eb, trasport dhe n\u00eb Komitetin e Veteran\u00ebve n\u00eb Senat. Ai \u00ebsht\u00eb nj\u00eb kampion i madh i \u00e7\u00ebshtjeve t\u00eb emigracionit dhe t\u00eb reformes n\u00eb Senat. N\u00eb fjal\u00ebn e tij Senatori Blumenthal foli dhe p\u00ebr emigracionin si nj\u00eb \u00e7\u00ebshtje serioze me t\u00eb cil\u00ebn po p\u00ebrballet Amerika.<\/p>\n<p>Pas fjales s\u00eb senatorit Blumenthal me duartrokitje \u00ebsht\u00eb pritur ardhja e Guvernatorit Malloy p\u00ebr t\u00eb cilin z.Lukaj tha me humor se nuk ka nevoj\u00eb p\u00ebr prezantim pasi ai vazhdimisht ka qen\u00eb n\u00eb mesin e shqiptar\u00ebve, n\u00eb aktivitete t\u00eb ndryshme.<br \/>\nUn\u00eb guxoj t\u2019ju them vazhdoi z.Lukaj se ai ka qen\u00eb nj\u00eb mysafir i mir\u00ebpritur n\u00eb sht\u00ebpin\u00eb time n\u00eb shum\u00eb raste. Guvernatori Dannel P. Malloy tha se ndihej shum\u00eb krenar q\u00eb kishte shum\u00eb miq shqiptar\u00eb n\u00eb Connecticut dhe kishin ecur n\u00eb shum\u00eb fusha t\u00eb ndryshme. Ata jan\u00eb njer\u00ebz t\u00eb ndersh\u00ebm, korrekt, e duan Amerik\u00ebn, por nga ana tjeter i vler\u00ebsoj shum\u00eb se ata kurr\u00eb nuk i harrojn\u00eb rr\u00ebnj\u00ebt e tyre shqiptare.<br \/>\nZ.Lukaj n\u00eb fjal\u00ebn e tij ka fal\u00ebnderuar t\u00eb gjith\u00eb bashk\u00ebpun\u00ebtor\u00ebt e tij q\u00eb ndihmuan p\u00ebr k\u00ebt\u00eb aktivitet madh\u00ebshtor, aktivist\u00ebt e shquar, donator\u00ebt e ndrysh\u00ebm, afarist\u00ebt, doktor\u00ebt, avokat\u00ebt, biznesmen\u00ebt q\u00eb merrnin pjes\u00eb si dhe mediat: z.Halil Mula per TV 21 dhe TV Alba Life me producent z.Qemal Zylo. Pas ceremonis\u00eb p\u00ebr t\u00eb gjith\u00eb pjes\u00ebmarr\u00ebsit ishte shtruar nj\u00eb kokteil i pasur t\u00eb cil\u00ebt jan\u00eb arg\u00ebtuar me z\u00ebrin e bukur t\u00eb baritonit Ergin Brahimi t\u00eb shoq\u00ebruar n\u00ebn tingujt e ansamblit \u201cBrevis\u201d me flautisten simpatike Lule Ballata, violinistin Alex Shen dhe pianistin Daniel Laor.<\/p>\n<p>29 qershor, 2014<br \/>\nGreenwich, Connecticut<\/p>\n<p><strong>illyriapress<\/strong><\/p>\n<p><strong>Foto <a id=\"js_392\" href=\"https:\/\/www.facebook.com\/richard.lukaj\" data-hovercard=\"\/ajax\/hovercard\/user.php?id=1014824455\">Richard Lukaj<\/a> Facebook<\/strong><\/p>\n\n\t\t<style type=\"text\/css\">\n\t\t\t#gallery-1 {\n\t\t\t\tmargin: auto;\n\t\t\t}\n\t\t\t#gallery-1 .gallery-item {\n\t\t\t\tfloat: left;\n\t\t\t\tmargin-top: 10px;\n\t\t\t\ttext-align: center;\n\t\t\t\twidth: 33%;\n\t\t\t}\n\t\t\t#gallery-1 img {\n\t\t\t\tborder: 2px solid #cfcfcf;\n\t\t\t}\n\t\t\t#gallery-1 .gallery-caption {\n\t\t\t\tmargin-left: 0;\n\t\t\t}\n\t\t\t\/* see gallery_shortcode() in wp-includes\/media.php *\/\n\t\t<\/style>\n\t\t<div id='gallery-1' class='gallery galleryid-83714 gallery-columns-3 gallery-size-thumbnail'><dl class='gallery-item'>\n\t\t\t<dt class='gallery-icon landscape'>\n\t\t\t\t<a href='https:\/\/www.visit-ulcinj.com\/blog\/2014\/07\/01\/senatore-kongresiste-dhe-governator-te-ftuar-ne-shtepine-e-bankierit-richard-lukaj\/richard-lukaj-ka-ftuar-kongesist-senator-investitor-1\/'><img width=\"150\" height=\"150\" src=\"https:\/\/www.visit-ulcinj.com\/blog\/wp-content\/uploads\/2014\/07\/Richard-Lukaj-ka-ftuar-kongesist-senator-investitor-1-150x150.jpg\" class=\"attachment-thumbnail size-thumbnail\" alt=\"\" loading=\"lazy\" \/><\/a>\n\t\t\t<\/dt><\/dl><dl class='gallery-item'>\n\t\t\t<dt class='gallery-icon landscape'>\n\t\t\t\t<a href='https:\/\/www.visit-ulcinj.com\/blog\/2014\/07\/01\/senatore-kongresiste-dhe-governator-te-ftuar-ne-shtepine-e-bankierit-richard-lukaj\/richard-lukaj-ka-ftuar-kongesist-senator-investitor-2\/'><img width=\"150\" height=\"150\" src=\"https:\/\/www.visit-ulcinj.com\/blog\/wp-content\/uploads\/2014\/07\/Richard-Lukaj-ka-ftuar-kongesist-senator-investitor-2-150x150.jpg\" class=\"attachment-thumbnail size-thumbnail\" alt=\"\" loading=\"lazy\" \/><\/a>\n\t\t\t<\/dt><\/dl><dl class='gallery-item'>\n\t\t\t<dt class='gallery-icon landscape'>\n\t\t\t\t<a href='https:\/\/www.visit-ulcinj.com\/blog\/2014\/07\/01\/senatore-kongresiste-dhe-governator-te-ftuar-ne-shtepine-e-bankierit-richard-lukaj\/richard-lukaj-ka-ftuar-kongesist-senator-investitor-3\/'><img width=\"150\" height=\"150\" src=\"https:\/\/www.visit-ulcinj.com\/blog\/wp-content\/uploads\/2014\/07\/Richard-Lukaj-ka-ftuar-kongesist-senator-investitor-3-150x150.jpg\" class=\"attachment-thumbnail size-thumbnail\" alt=\"\" loading=\"lazy\" \/><\/a>\n\t\t\t<\/dt><\/dl><br style=\"clear: both\" \/><dl class='gallery-item'>\n\t\t\t<dt class='gallery-icon landscape'>\n\t\t\t\t<a href='https:\/\/www.visit-ulcinj.com\/blog\/2014\/07\/01\/senatore-kongresiste-dhe-governator-te-ftuar-ne-shtepine-e-bankierit-richard-lukaj\/richard-lukaj-ka-ftuar-kongesist-senator-investitor-4\/'><img width=\"150\" height=\"150\" src=\"https:\/\/www.visit-ulcinj.com\/blog\/wp-content\/uploads\/2014\/07\/Richard-Lukaj-ka-ftuar-kongesist-senator-investitor-4-150x150.jpg\" class=\"attachment-thumbnail size-thumbnail\" alt=\"\" loading=\"lazy\" \/><\/a>\n\t\t\t<\/dt><\/dl><dl class='gallery-item'>\n\t\t\t<dt class='gallery-icon landscape'>\n\t\t\t\t<a href='https:\/\/www.visit-ulcinj.com\/blog\/2014\/07\/01\/senatore-kongresiste-dhe-governator-te-ftuar-ne-shtepine-e-bankierit-richard-lukaj\/richard-lukaj-ka-ftuar-kongesist-senator-investitor-5\/'><img width=\"150\" height=\"150\" src=\"https:\/\/www.visit-ulcinj.com\/blog\/wp-content\/uploads\/2014\/07\/Richard-Lukaj-ka-ftuar-kongesist-senator-investitor-5-150x150.jpg\" class=\"attachment-thumbnail size-thumbnail\" alt=\"\" loading=\"lazy\" \/><\/a>\n\t\t\t<\/dt><\/dl><dl class='gallery-item'>\n\t\t\t<dt class='gallery-icon landscape'>\n\t\t\t\t<a href='https:\/\/www.visit-ulcinj.com\/blog\/2014\/07\/01\/senatore-kongresiste-dhe-governator-te-ftuar-ne-shtepine-e-bankierit-richard-lukaj\/richard-lukaj-ka-ftuar-kongesist-senator-investitor-6\/'><img width=\"150\" height=\"150\" src=\"https:\/\/www.visit-ulcinj.com\/blog\/wp-content\/uploads\/2014\/07\/Richard-Lukaj-ka-ftuar-kongesist-senator-investitor-6-150x150.jpg\" class=\"attachment-thumbnail size-thumbnail\" alt=\"\" loading=\"lazy\" \/><\/a>\n\t\t\t<\/dt><\/dl><br style=\"clear: both\" \/>\n\t\t<\/div>\n\n<p>&nbsp;<\/p>\n","protected":false},"excerpt":{"rendered":"<p>Ishin mbledhur personalitete t\u00eb nivelit t\u00eb lart\u00eb t\u00eb politik\u00ebs amerikane si dhe shqiptar\u00eb t\u00eb suksessh\u00ebm n\u00eb Amerik\u00eb Nga Keze Kozeta Zylo GREENWICH, CT \u2013 Dit\u00ebn e diel\u00eb bankieri, biznesmeni i suksessh\u00ebm dhe patriot Richard Lukaj priti n\u00eb mjediset lluksoze t\u00eb sht\u00ebpis\u00eb s\u00eb tij personalitete t\u00eb nivelit t\u00eb lart\u00eb t\u00eb politik\u00ebs amerikane si dhe shqiptar\u00eb t\u00eb [&hellip;]<\/p>\n","protected":false},"author":1,"featured_media":0,"comment_status":"closed","ping_status":"closed","sticky":false,"template":"","format":"standard","meta":{"spay_email":"","jetpack_publicize_message":"","jetpack_is_tweetstorm":false,"jetpack_publicize_feature_enabled":true},"categories":[7],"tags":[],"jetpack_publicize_connections":[],"yoast_head":"<!-- This site is optimized with the Yoast SEO plugin v19.1 - https:\/\/yoast.com\/wordpress\/plugins\/seo\/ -->\n<title>Senator\u00eb, kongresist\u00eb dhe Governator, t\u00eb ftuar n\u00eb sht\u00ebpin\u00eb e bankierit Richard Lukaj - Lajme nga Ulqini<\/title>\n<meta name=\"description\" content=\"Ishin mbledhur personalitete t\u00eb nivelit t\u00eb lart\u00eb t\u00eb politik\u00ebs amerikane si dhe shqiptar\u00eb t\u00eb suksessh\u00ebm n\u00eb Amerik\u00eb Nga Keze Kozeta Zylo GREENWICH, CT \u2013\" \/>\n<meta name=\"robots\" content=\"index, follow, max-snippet:-1, max-image-preview:large, max-video-preview:-1\" \/>\n<link rel=\"canonical\" href=\"https:\/\/www.visit-ulcinj.com\/blog\/2014\/07\/01\/senatore-kongresiste-dhe-governator-te-ftuar-ne-shtepine-e-bankierit-richard-lukaj\/\" \/>\n<meta property=\"og:locale\" content=\"en_US\" \/>\n<meta property=\"og:type\" content=\"article\" \/>\n<meta property=\"og:title\" content=\"Senator\u00eb, kongresist\u00eb dhe Governator, t\u00eb ftuar n\u00eb sht\u00ebpin\u00eb e bankierit Richard Lukaj - Lajme nga Ulqini\" \/>\n<meta property=\"og:description\" content=\"Ishin mbledhur personalitete t\u00eb nivelit t\u00eb lart\u00eb t\u00eb politik\u00ebs amerikane si dhe shqiptar\u00eb t\u00eb suksessh\u00ebm n\u00eb Amerik\u00eb Nga Keze Kozeta Zylo GREENWICH, CT \u2013\" \/>\n<meta property=\"og:url\" content=\"https:\/\/www.visit-ulcinj.com\/blog\/2014\/07\/01\/senatore-kongresiste-dhe-governator-te-ftuar-ne-shtepine-e-bankierit-richard-lukaj\/\" \/>\n<meta property=\"og:site_name\" content=\"Lajme nga Ulqini\" \/>\n<meta property=\"article:published_time\" content=\"2014-07-01T17:43:11+00:00\" \/>\n<meta property=\"og:image\" content=\"https:\/\/www.visit-ulcinj.com\/blog\/wp-content\/uploads\/2014\/07\/Richard-Lukaj-ka-ftuar-kongesist-senator-investitor-1-150x150.jpg\" \/>\n<meta name=\"twitter:label1\" content=\"Written by\" \/>\n\t<meta name=\"twitter:data1\" content=\"ulqini\" \/>\n\t<meta name=\"twitter:label2\" content=\"Est. reading time\" \/>\n\t<meta name=\"twitter:data2\" content=\"5 minutes\" \/>\n<script type=\"application\/ld+json\" class=\"yoast-schema-graph\">{\"@context\":\"https:\/\/schema.org\",\"@graph\":[{\"@type\":\"WebSite\",\"@id\":\"https:\/\/www.visit-ulcinj.com\/blog\/#website\",\"url\":\"https:\/\/www.visit-ulcinj.com\/blog\/\",\"name\":\"Lajme nga Ulqini\",\"description\":\"Lajme,Vijesti,Ulqini,Ulqin,Crna Gora,Mali i Zi\",\"potentialAction\":[{\"@type\":\"SearchAction\",\"target\":{\"@type\":\"EntryPoint\",\"urlTemplate\":\"https:\/\/www.visit-ulcinj.com\/blog\/?s={search_term_string}\"},\"query-input\":\"required name=search_term_string\"}],\"inLanguage\":\"en-US\"},{\"@type\":\"ImageObject\",\"inLanguage\":\"en-US\",\"@id\":\"https:\/\/www.visit-ulcinj.com\/blog\/2014\/07\/01\/senatore-kongresiste-dhe-governator-te-ftuar-ne-shtepine-e-bankierit-richard-lukaj\/#primaryimage\",\"url\":\"https:\/\/www.visit-ulcinj.com\/blog\/wp-content\/uploads\/2014\/07\/Richard-Lukaj-ka-ftuar-kongesist-senator-investitor-.jpg\",\"contentUrl\":\"https:\/\/www.visit-ulcinj.com\/blog\/wp-content\/uploads\/2014\/07\/Richard-Lukaj-ka-ftuar-kongesist-senator-investitor-.jpg\",\"width\":960,\"height\":640},{\"@type\":\"WebPage\",\"@id\":\"https:\/\/www.visit-ulcinj.com\/blog\/2014\/07\/01\/senatore-kongresiste-dhe-governator-te-ftuar-ne-shtepine-e-bankierit-richard-lukaj\/#webpage\",\"url\":\"https:\/\/www.visit-ulcinj.com\/blog\/2014\/07\/01\/senatore-kongresiste-dhe-governator-te-ftuar-ne-shtepine-e-bankierit-richard-lukaj\/\",\"name\":\"Senator\u00eb, kongresist\u00eb dhe Governator, t\u00eb ftuar n\u00eb sht\u00ebpin\u00eb e bankierit Richard Lukaj - Lajme nga Ulqini\",\"isPartOf\":{\"@id\":\"https:\/\/www.visit-ulcinj.com\/blog\/#website\"},\"primaryImageOfPage\":{\"@id\":\"https:\/\/www.visit-ulcinj.com\/blog\/2014\/07\/01\/senatore-kongresiste-dhe-governator-te-ftuar-ne-shtepine-e-bankierit-richard-lukaj\/#primaryimage\"},\"datePublished\":\"2014-07-01T17:43:11+00:00\",\"dateModified\":\"2014-07-01T17:43:11+00:00\",\"author\":{\"@id\":\"https:\/\/www.visit-ulcinj.com\/blog\/#\/schema\/person\/dcab619c614d3038751c63bc2aadc06d\"},\"description\":\"Ishin mbledhur personalitete t\u00eb nivelit t\u00eb lart\u00eb t\u00eb politik\u00ebs amerikane si dhe shqiptar\u00eb t\u00eb suksessh\u00ebm n\u00eb Amerik\u00eb Nga Keze Kozeta Zylo GREENWICH, CT \u2013\",\"breadcrumb\":{\"@id\":\"https:\/\/www.visit-ulcinj.com\/blog\/2014\/07\/01\/senatore-kongresiste-dhe-governator-te-ftuar-ne-shtepine-e-bankierit-richard-lukaj\/#breadcrumb\"},\"inLanguage\":\"en-US\",\"potentialAction\":[{\"@type\":\"ReadAction\",\"target\":[\"https:\/\/www.visit-ulcinj.com\/blog\/2014\/07\/01\/senatore-kongresiste-dhe-governator-te-ftuar-ne-shtepine-e-bankierit-richard-lukaj\/\"]}]},{\"@type\":\"BreadcrumbList\",\"@id\":\"https:\/\/www.visit-ulcinj.com\/blog\/2014\/07\/01\/senatore-kongresiste-dhe-governator-te-ftuar-ne-shtepine-e-bankierit-richard-lukaj\/#breadcrumb\",\"itemListElement\":[{\"@type\":\"ListItem\",\"position\":1,\"name\":\"Senator\u00eb, kongresist\u00eb dhe Governator, t\u00eb ftuar n\u00eb sht\u00ebpin\u00eb e bankierit Richard Lukaj\"}]},{\"@type\":\"Person\",\"@id\":\"https:\/\/www.visit-ulcinj.com\/blog\/#\/schema\/person\/dcab619c614d3038751c63bc2aadc06d\",\"name\":\"ulqini\",\"sameAs\":[\"http:\/\/www.visit-ulcinj.com\"],\"url\":\"https:\/\/www.visit-ulcinj.com\/blog\/author\/admin\/\"}]}<\/script>\n<!-- \/ Yoast SEO plugin. -->","yoast_head_json":{"title":"Senator\u00eb, kongresist\u00eb dhe Governator, t\u00eb ftuar n\u00eb sht\u00ebpin\u00eb e bankierit Richard Lukaj - Lajme nga Ulqini","description":"Ishin mbledhur personalitete t\u00eb nivelit t\u00eb lart\u00eb t\u00eb politik\u00ebs amerikane si dhe shqiptar\u00eb t\u00eb suksessh\u00ebm n\u00eb Amerik\u00eb Nga Keze Kozeta Zylo GREENWICH, CT \u2013","robots":{"index":"index","follow":"follow","max-snippet":"max-snippet:-1","max-image-preview":"max-image-preview:large","max-video-preview":"max-video-preview:-1"},"canonical":"https:\/\/www.visit-ulcinj.com\/blog\/2014\/07\/01\/senatore-kongresiste-dhe-governator-te-ftuar-ne-shtepine-e-bankierit-richard-lukaj\/","og_locale":"en_US","og_type":"article","og_title":"Senator\u00eb, kongresist\u00eb dhe Governator, t\u00eb ftuar n\u00eb sht\u00ebpin\u00eb e bankierit Richard Lukaj - Lajme nga Ulqini","og_description":"Ishin mbledhur personalitete t\u00eb nivelit t\u00eb lart\u00eb t\u00eb politik\u00ebs amerikane si dhe shqiptar\u00eb t\u00eb suksessh\u00ebm n\u00eb Amerik\u00eb Nga Keze Kozeta Zylo GREENWICH, CT \u2013","og_url":"https:\/\/www.visit-ulcinj.com\/blog\/2014\/07\/01\/senatore-kongresiste-dhe-governator-te-ftuar-ne-shtepine-e-bankierit-richard-lukaj\/","og_site_name":"Lajme nga Ulqini","article_published_time":"2014-07-01T17:43:11+00:00","og_image":[{"url":"https:\/\/www.visit-ulcinj.com\/blog\/wp-content\/uploads\/2014\/07\/Richard-Lukaj-ka-ftuar-kongesist-senator-investitor-1-150x150.jpg"}],"twitter_misc":{"Written by":"ulqini","Est. reading time":"5 minutes"},"schema":{"@context":"https:\/\/schema.org","@graph":[{"@type":"WebSite","@id":"https:\/\/www.visit-ulcinj.com\/blog\/#website","url":"https:\/\/www.visit-ulcinj.com\/blog\/","name":"Lajme nga Ulqini","description":"Lajme,Vijesti,Ulqini,Ulqin,Crna Gora,Mali i Zi","potentialAction":[{"@type":"SearchAction","target":{"@type":"EntryPoint","urlTemplate":"https:\/\/www.visit-ulcinj.com\/blog\/?s={search_term_string}"},"query-input":"required name=search_term_string"}],"inLanguage":"en-US"},{"@type":"ImageObject","inLanguage":"en-US","@id":"https:\/\/www.visit-ulcinj.com\/blog\/2014\/07\/01\/senatore-kongresiste-dhe-governator-te-ftuar-ne-shtepine-e-bankierit-richard-lukaj\/#primaryimage","url":"https:\/\/www.visit-ulcinj.com\/blog\/wp-content\/uploads\/2014\/07\/Richard-Lukaj-ka-ftuar-kongesist-senator-investitor-.jpg","contentUrl":"https:\/\/www.visit-ulcinj.com\/blog\/wp-content\/uploads\/2014\/07\/Richard-Lukaj-ka-ftuar-kongesist-senator-investitor-.jpg","width":960,"height":640},{"@type":"WebPage","@id":"https:\/\/www.visit-ulcinj.com\/blog\/2014\/07\/01\/senatore-kongresiste-dhe-governator-te-ftuar-ne-shtepine-e-bankierit-richard-lukaj\/#webpage","url":"https:\/\/www.visit-ulcinj.com\/blog\/2014\/07\/01\/senatore-kongresiste-dhe-governator-te-ftuar-ne-shtepine-e-bankierit-richard-lukaj\/","name":"Senator\u00eb, kongresist\u00eb dhe Governator, t\u00eb ftuar n\u00eb sht\u00ebpin\u00eb e bankierit Richard Lukaj - Lajme nga Ulqini","isPartOf":{"@id":"https:\/\/www.visit-ulcinj.com\/blog\/#website"},"primaryImageOfPage":{"@id":"https:\/\/www.visit-ulcinj.com\/blog\/2014\/07\/01\/senatore-kongresiste-dhe-governator-te-ftuar-ne-shtepine-e-bankierit-richard-lukaj\/#primaryimage"},"datePublished":"2014-07-01T17:43:11+00:00","dateModified":"2014-07-01T17:43:11+00:00","author":{"@id":"https:\/\/www.visit-ulcinj.com\/blog\/#\/schema\/person\/dcab619c614d3038751c63bc2aadc06d"},"description":"Ishin mbledhur personalitete t\u00eb nivelit t\u00eb lart\u00eb t\u00eb politik\u00ebs amerikane si dhe shqiptar\u00eb t\u00eb suksessh\u00ebm n\u00eb Amerik\u00eb Nga Keze Kozeta Zylo GREENWICH, CT \u2013","breadcrumb":{"@id":"https:\/\/www.visit-ulcinj.com\/blog\/2014\/07\/01\/senatore-kongresiste-dhe-governator-te-ftuar-ne-shtepine-e-bankierit-richard-lukaj\/#breadcrumb"},"inLanguage":"en-US","potentialAction":[{"@type":"ReadAction","target":["https:\/\/www.visit-ulcinj.com\/blog\/2014\/07\/01\/senatore-kongresiste-dhe-governator-te-ftuar-ne-shtepine-e-bankierit-richard-lukaj\/"]}]},{"@type":"BreadcrumbList","@id":"https:\/\/www.visit-ulcinj.com\/blog\/2014\/07\/01\/senatore-kongresiste-dhe-governator-te-ftuar-ne-shtepine-e-bankierit-richard-lukaj\/#breadcrumb","itemListElement":[{"@type":"ListItem","position":1,"name":"Senator\u00eb, kongresist\u00eb dhe Governator, t\u00eb ftuar n\u00eb sht\u00ebpin\u00eb e bankierit Richard Lukaj"}]},{"@type":"Person","@id":"https:\/\/www.visit-ulcinj.com\/blog\/#\/schema\/person\/dcab619c614d3038751c63bc2aadc06d","name":"ulqini","sameAs":["http:\/\/www.visit-ulcinj.com"],"url":"https:\/\/www.visit-ulcinj.com\/blog\/author\/admin\/"}]}},"jetpack_featured_media_url":"","jetpack_sharing_enabled":true,"jetpack_shortlink":"https:\/\/wp.me\/pe6lTn-lMe","_links":{"self":[{"href":"https:\/\/www.visit-ulcinj.com\/blog\/wp-json\/wp\/v2\/posts\/83714"}],"collection":[{"href":"https:\/\/www.visit-ulcinj.com\/blog\/wp-json\/wp\/v2\/posts"}],"about":[{"href":"https:\/\/www.visit-ulcinj.com\/blog\/wp-json\/wp\/v2\/types\/post"}],"author":[{"embeddable":true,"href":"https:\/\/www.visit-ulcinj.com\/blog\/wp-json\/wp\/v2\/users\/1"}],"replies":[{"embeddable":true,"href":"https:\/\/www.visit-ulcinj.com\/blog\/wp-json\/wp\/v2\/comments?post=83714"}],"version-history":[{"count":1,"href":"https:\/\/www.visit-ulcinj.com\/blog\/wp-json\/wp\/v2\/posts\/83714\/revisions"}],"predecessor-version":[{"id":83722,"href":"https:\/\/www.visit-ulcinj.com\/blog\/wp-json\/wp\/v2\/posts\/83714\/revisions\/83722"}],"wp:attachment":[{"href":"https:\/\/www.visit-ulcinj.com\/blog\/wp-json\/wp\/v2\/media?parent=83714"}],"wp:term":[{"taxonomy":"category","embeddable":true,"href":"https:\/\/www.visit-ulcinj.com\/blog\/wp-json\/wp\/v2\/categories?post=83714"},{"taxonomy":"post_tag","embeddable":true,"href":"https:\/\/www.visit-ulcinj.com\/blog\/wp-json\/wp\/v2\/tags?post=83714"}],"curies":[{"name":"wp","href":"https:\/\/api.w.org\/{rel}","templated":true}]}}