{"id":83731,"date":"2014-07-03T07:43:29","date_gmt":"2014-07-03T06:43:29","guid":{"rendered":"http:\/\/www.visit-ulcinj.com\/blog\/?p=83731"},"modified":"2014-07-20T14:02:36","modified_gmt":"2014-07-20T13:02:36","slug":"radio-vala-shperndan-dezinformata-ulqini-shtrenjte-se-nje-vit-pare","status":"publish","type":"post","link":"https:\/\/www.visit-ulcinj.com\/blog\/2014\/07\/03\/radio-vala-shperndan-dezinformata-ulqini-shtrenjte-se-nje-vit-pare\/","title":{"rendered":"Radio Vala shp\u00ebrndan dezinformata: Ulqini m\u00eb i shtrenjt\u00eb se nj\u00eb vit m\u00eb par\u00eb"},"content":{"rendered":"<p><strong><a href=\"http:\/\/www.visit-ulcinj.com\/blog\/wp-content\/uploads\/2014\/07\/Cobi-House-Olcs\u00f3-apartmanok-Ulcinj-Montenegr\u00f3-1.jpg\"><img loading=\"lazy\" class=\"alignleft  wp-image-83732\" src=\"http:\/\/www.visit-ulcinj.com\/blog\/wp-content\/uploads\/2014\/07\/Cobi-House-Olcs\u00f3-apartmanok-Ulcinj-Montenegr\u00f3-1.jpg\" alt=\"Cobi House Olcs\u00f3 apartmanok Ulcinj Montenegr\u00f3-1\" width=\"508\" height=\"360\" \/><\/a>Sezoni turistik, Ulqini m\u00eb i shtrenjt\u00eb se nj\u00eb vit m\u00eb par\u00eb<\/strong><\/p>\n<p>Gostivar, 2 korrik &#8211; Ofertat turistike t\u00eb Ulqinit ka ndryshuar dhe nuk \u00ebsht\u00eb e nyejt e nj\u00eb vit me par\u00eb. Zona turistike n\u00eb kufij me Shqip\u00ebrin\u00eb, aktualisht paraqitet me \u00e7mime m\u00eb t\u00eb shtrnjta n\u00eb bregdetin e Adriatikut. V\u00ebrejtjet vijn\u00eb nga turist\u00ebt e Gostivarit dhe rethin\u00ebs q\u00eb kan\u00eb vizituar k\u00ebto dit\u00eb Ulqinin. Nisur nga nj\u00eb vit m\u00eb par\u00eb \u00e7mimet n\u00eb hotelet private n\u00eb Ulqin, variojn\u00eb nga 25-35 euro n\u00eb dit\u00eb p\u00ebr person me gjysm\u00eb pansioni.<\/p>\n<p>Krahasuar me nj\u00eb vit m\u00eb par\u00eb \u00e7mimi n\u00eb hotele \u00ebsht\u00eb rritur 5 euro e sip\u00ebr. N\u00eb dallim me nj\u00eb vit m\u00eb par\u00eb kur ky \u00e7mim ishte p\u00ebr pansion t\u00eb plot\u00eb, k\u00ebt\u00eb vite \u00ebsht\u00eb p\u00ebrgjysm\u00eb pansioni n\u00eb t\u00eb cilin jan\u00eb p\u00ebrfshir\u00eb m\u00ebngjesi dhe dreka. Sipas ofertave t\u00eb grumbulluara nga \u201cRadio Vala\u201d, n\u00eb vilat private dhe sht\u00ebpit\u00eb, \u00e7mimi p\u00ebr nj\u00eb nate fjetjeje p\u00ebr person varion nga 12 euro deri n\u00eb 20 euro mesatarja, gjithmon\u00eb n\u00eb var\u00ebsi nga kushtet dhe nga pozicioni. Duke b\u00ebr\u00eb nj\u00eb llogari t\u00eb thjesht\u00eb, mesatarisht vet\u00ebm fjetje dhe ushqim p\u00ebr nj\u00eb familje kat\u00ebr an\u00ebtar\u00ebshe nj\u00eb 10 dit\u00ebsh pushime n\u00eb Ulqin u kushton nga minimalisht 480 &#8211; 800 euro, sepse p\u00ebr dallim nga bregdeti i Shqip\u00ebris\u00eb, fjetja n\u00eb Ulqin llogaritet p\u00ebr krevat dhe jo me dhom\u00eb n\u00eb vilat dhe n\u00eb sht\u00ebpit\u00eb private.<\/p>\n<p>Pra, ky \u00e7mim vlen p\u00ebr krevat dhe jo p\u00ebr dhom\u00eb. Edhe ushqimet m\u00ebsohet t\u00eb jen\u00eb shtrenjtuar. Avantazh i vet\u00ebm i Ulqinit \u00ebsht\u00eb infrastruktura e cila duksh\u00ebm \u00ebsht\u00eb m\u00eb e p\u00ebrmir\u00ebsuar. Ulqini llogaritet q\u00eb 70% t\u00eb turist\u00ebve t\u2019i ket\u00eb nga Kosova, nd\u00ebrsa nga Maqedonia llogariten shum\u00eb pak. Duket se investimet e shumta ruse n\u00eb bregdetin e Malit t\u00eb Zi, kan\u00eb ndikuar n\u00eb rritjen e standardit t\u00eb turizmit atje, por edhe \u00e7mimeve gjithsesi. \/Radio Vala\/<\/p>\n<!--YouTube Error: bad URL entered-->\n<p>&nbsp;<\/p>\n","protected":false},"excerpt":{"rendered":"<p>Sezoni turistik, Ulqini m\u00eb i shtrenjt\u00eb se nj\u00eb vit m\u00eb par\u00eb Gostivar, 2 korrik &#8211; Ofertat turistike t\u00eb Ulqinit ka ndryshuar dhe nuk \u00ebsht\u00eb e nyejt e nj\u00eb vit me par\u00eb. Zona turistike n\u00eb kufij me Shqip\u00ebrin\u00eb, aktualisht paraqitet me \u00e7mime m\u00eb t\u00eb shtrnjta n\u00eb bregdetin e Adriatikut. V\u00ebrejtjet vijn\u00eb nga turist\u00ebt e Gostivarit dhe [&hellip;]<\/p>\n","protected":false},"author":1,"featured_media":0,"comment_status":"closed","ping_status":"closed","sticky":false,"template":"","format":"standard","meta":{"spay_email":"","jetpack_publicize_message":"","jetpack_is_tweetstorm":false,"jetpack_publicize_feature_enabled":true},"categories":[1,15],"tags":[],"jetpack_publicize_connections":[],"yoast_head":"<!-- This site is optimized with the Yoast SEO plugin v19.1 - https:\/\/yoast.com\/wordpress\/plugins\/seo\/ -->\n<title>Radio Vala shp\u00ebrndan dezinformata: Ulqini m\u00eb i shtrenjt\u00eb se nj\u00eb vit m\u00eb par\u00eb - Lajme nga Ulqini<\/title>\n<meta name=\"description\" content=\"Sezoni turistik, Ulqini m\u00eb i shtrenjt\u00eb se nj\u00eb vit m\u00eb par\u00eb Gostivar, 2 korrik - Ofertat turistike t\u00eb Ulqinit ka ndryshuar dhe nuk \u00ebsht\u00eb e nyejt e nj\u00eb vit\" \/>\n<meta name=\"robots\" content=\"index, follow, max-snippet:-1, max-image-preview:large, max-video-preview:-1\" \/>\n<link rel=\"canonical\" href=\"https:\/\/www.visit-ulcinj.com\/blog\/2014\/07\/03\/radio-vala-shperndan-dezinformata-ulqini-shtrenjte-se-nje-vit-pare\/\" \/>\n<meta property=\"og:locale\" content=\"en_US\" \/>\n<meta property=\"og:type\" content=\"article\" \/>\n<meta property=\"og:title\" content=\"Radio Vala shp\u00ebrndan dezinformata: Ulqini m\u00eb i shtrenjt\u00eb se nj\u00eb vit m\u00eb par\u00eb - Lajme nga Ulqini\" \/>\n<meta property=\"og:description\" content=\"Sezoni turistik, Ulqini m\u00eb i shtrenjt\u00eb se nj\u00eb vit m\u00eb par\u00eb Gostivar, 2 korrik - Ofertat turistike t\u00eb Ulqinit ka ndryshuar dhe nuk \u00ebsht\u00eb e nyejt e nj\u00eb vit\" \/>\n<meta property=\"og:url\" content=\"https:\/\/www.visit-ulcinj.com\/blog\/2014\/07\/03\/radio-vala-shperndan-dezinformata-ulqini-shtrenjte-se-nje-vit-pare\/\" \/>\n<meta property=\"og:site_name\" content=\"Lajme nga Ulqini\" \/>\n<meta property=\"article:published_time\" content=\"2014-07-03T06:43:29+00:00\" \/>\n<meta property=\"article:modified_time\" content=\"2014-07-20T13:02:36+00:00\" \/>\n<meta name=\"twitter:label1\" content=\"Written by\" \/>\n\t<meta name=\"twitter:data1\" content=\"ulqini\" \/>\n\t<meta name=\"twitter:label2\" content=\"Est. reading time\" \/>\n\t<meta name=\"twitter:data2\" content=\"2 minutes\" \/>\n<script type=\"application\/ld+json\" class=\"yoast-schema-graph\">{\"@context\":\"https:\/\/schema.org\",\"@graph\":[{\"@type\":\"WebSite\",\"@id\":\"https:\/\/www.visit-ulcinj.com\/blog\/#website\",\"url\":\"https:\/\/www.visit-ulcinj.com\/blog\/\",\"name\":\"Lajme nga Ulqini\",\"description\":\"Lajme,Vijesti,Ulqini,Ulqin,Crna Gora,Mali i Zi\",\"potentialAction\":[{\"@type\":\"SearchAction\",\"target\":{\"@type\":\"EntryPoint\",\"urlTemplate\":\"https:\/\/www.visit-ulcinj.com\/blog\/?s={search_term_string}\"},\"query-input\":\"required name=search_term_string\"}],\"inLanguage\":\"en-US\"},{\"@type\":\"WebPage\",\"@id\":\"https:\/\/www.visit-ulcinj.com\/blog\/2014\/07\/03\/radio-vala-shperndan-dezinformata-ulqini-shtrenjte-se-nje-vit-pare\/#webpage\",\"url\":\"https:\/\/www.visit-ulcinj.com\/blog\/2014\/07\/03\/radio-vala-shperndan-dezinformata-ulqini-shtrenjte-se-nje-vit-pare\/\",\"name\":\"Radio Vala shp\u00ebrndan dezinformata: Ulqini m\u00eb i shtrenjt\u00eb se nj\u00eb vit m\u00eb par\u00eb - Lajme nga Ulqini\",\"isPartOf\":{\"@id\":\"https:\/\/www.visit-ulcinj.com\/blog\/#website\"},\"datePublished\":\"2014-07-03T06:43:29+00:00\",\"dateModified\":\"2014-07-20T13:02:36+00:00\",\"author\":{\"@id\":\"https:\/\/www.visit-ulcinj.com\/blog\/#\/schema\/person\/dcab619c614d3038751c63bc2aadc06d\"},\"description\":\"Sezoni turistik, Ulqini m\u00eb i shtrenjt\u00eb se nj\u00eb vit m\u00eb par\u00eb Gostivar, 2 korrik - Ofertat turistike t\u00eb Ulqinit ka ndryshuar dhe nuk \u00ebsht\u00eb e nyejt e nj\u00eb vit\",\"breadcrumb\":{\"@id\":\"https:\/\/www.visit-ulcinj.com\/blog\/2014\/07\/03\/radio-vala-shperndan-dezinformata-ulqini-shtrenjte-se-nje-vit-pare\/#breadcrumb\"},\"inLanguage\":\"en-US\",\"potentialAction\":[{\"@type\":\"ReadAction\",\"target\":[\"https:\/\/www.visit-ulcinj.com\/blog\/2014\/07\/03\/radio-vala-shperndan-dezinformata-ulqini-shtrenjte-se-nje-vit-pare\/\"]}]},{\"@type\":\"BreadcrumbList\",\"@id\":\"https:\/\/www.visit-ulcinj.com\/blog\/2014\/07\/03\/radio-vala-shperndan-dezinformata-ulqini-shtrenjte-se-nje-vit-pare\/#breadcrumb\",\"itemListElement\":[{\"@type\":\"ListItem\",\"position\":1,\"name\":\"Radio Vala shp\u00ebrndan dezinformata: Ulqini m\u00eb i shtrenjt\u00eb se nj\u00eb vit m\u00eb par\u00eb\"}]},{\"@type\":\"Person\",\"@id\":\"https:\/\/www.visit-ulcinj.com\/blog\/#\/schema\/person\/dcab619c614d3038751c63bc2aadc06d\",\"name\":\"ulqini\",\"sameAs\":[\"http:\/\/www.visit-ulcinj.com\"],\"url\":\"https:\/\/www.visit-ulcinj.com\/blog\/author\/admin\/\"}]}<\/script>\n<!-- \/ Yoast SEO plugin. -->","yoast_head_json":{"title":"Radio Vala shp\u00ebrndan dezinformata: Ulqini m\u00eb i shtrenjt\u00eb se nj\u00eb vit m\u00eb par\u00eb - Lajme nga Ulqini","description":"Sezoni turistik, Ulqini m\u00eb i shtrenjt\u00eb se nj\u00eb vit m\u00eb par\u00eb Gostivar, 2 korrik - Ofertat turistike t\u00eb Ulqinit ka ndryshuar dhe nuk \u00ebsht\u00eb e nyejt e nj\u00eb vit","robots":{"index":"index","follow":"follow","max-snippet":"max-snippet:-1","max-image-preview":"max-image-preview:large","max-video-preview":"max-video-preview:-1"},"canonical":"https:\/\/www.visit-ulcinj.com\/blog\/2014\/07\/03\/radio-vala-shperndan-dezinformata-ulqini-shtrenjte-se-nje-vit-pare\/","og_locale":"en_US","og_type":"article","og_title":"Radio Vala shp\u00ebrndan dezinformata: Ulqini m\u00eb i shtrenjt\u00eb se nj\u00eb vit m\u00eb par\u00eb - Lajme nga Ulqini","og_description":"Sezoni turistik, Ulqini m\u00eb i shtrenjt\u00eb se nj\u00eb vit m\u00eb par\u00eb Gostivar, 2 korrik - Ofertat turistike t\u00eb Ulqinit ka ndryshuar dhe nuk \u00ebsht\u00eb e nyejt e nj\u00eb vit","og_url":"https:\/\/www.visit-ulcinj.com\/blog\/2014\/07\/03\/radio-vala-shperndan-dezinformata-ulqini-shtrenjte-se-nje-vit-pare\/","og_site_name":"Lajme nga Ulqini","article_published_time":"2014-07-03T06:43:29+00:00","article_modified_time":"2014-07-20T13:02:36+00:00","twitter_misc":{"Written by":"ulqini","Est. reading time":"2 minutes"},"schema":{"@context":"https:\/\/schema.org","@graph":[{"@type":"WebSite","@id":"https:\/\/www.visit-ulcinj.com\/blog\/#website","url":"https:\/\/www.visit-ulcinj.com\/blog\/","name":"Lajme nga Ulqini","description":"Lajme,Vijesti,Ulqini,Ulqin,Crna Gora,Mali i Zi","potentialAction":[{"@type":"SearchAction","target":{"@type":"EntryPoint","urlTemplate":"https:\/\/www.visit-ulcinj.com\/blog\/?s={search_term_string}"},"query-input":"required name=search_term_string"}],"inLanguage":"en-US"},{"@type":"WebPage","@id":"https:\/\/www.visit-ulcinj.com\/blog\/2014\/07\/03\/radio-vala-shperndan-dezinformata-ulqini-shtrenjte-se-nje-vit-pare\/#webpage","url":"https:\/\/www.visit-ulcinj.com\/blog\/2014\/07\/03\/radio-vala-shperndan-dezinformata-ulqini-shtrenjte-se-nje-vit-pare\/","name":"Radio Vala shp\u00ebrndan dezinformata: Ulqini m\u00eb i shtrenjt\u00eb se nj\u00eb vit m\u00eb par\u00eb - Lajme nga Ulqini","isPartOf":{"@id":"https:\/\/www.visit-ulcinj.com\/blog\/#website"},"datePublished":"2014-07-03T06:43:29+00:00","dateModified":"2014-07-20T13:02:36+00:00","author":{"@id":"https:\/\/www.visit-ulcinj.com\/blog\/#\/schema\/person\/dcab619c614d3038751c63bc2aadc06d"},"description":"Sezoni turistik, Ulqini m\u00eb i shtrenjt\u00eb se nj\u00eb vit m\u00eb par\u00eb Gostivar, 2 korrik - Ofertat turistike t\u00eb Ulqinit ka ndryshuar dhe nuk \u00ebsht\u00eb e nyejt e nj\u00eb vit","breadcrumb":{"@id":"https:\/\/www.visit-ulcinj.com\/blog\/2014\/07\/03\/radio-vala-shperndan-dezinformata-ulqini-shtrenjte-se-nje-vit-pare\/#breadcrumb"},"inLanguage":"en-US","potentialAction":[{"@type":"ReadAction","target":["https:\/\/www.visit-ulcinj.com\/blog\/2014\/07\/03\/radio-vala-shperndan-dezinformata-ulqini-shtrenjte-se-nje-vit-pare\/"]}]},{"@type":"BreadcrumbList","@id":"https:\/\/www.visit-ulcinj.com\/blog\/2014\/07\/03\/radio-vala-shperndan-dezinformata-ulqini-shtrenjte-se-nje-vit-pare\/#breadcrumb","itemListElement":[{"@type":"ListItem","position":1,"name":"Radio Vala shp\u00ebrndan dezinformata: Ulqini m\u00eb i shtrenjt\u00eb se nj\u00eb vit m\u00eb par\u00eb"}]},{"@type":"Person","@id":"https:\/\/www.visit-ulcinj.com\/blog\/#\/schema\/person\/dcab619c614d3038751c63bc2aadc06d","name":"ulqini","sameAs":["http:\/\/www.visit-ulcinj.com"],"url":"https:\/\/www.visit-ulcinj.com\/blog\/author\/admin\/"}]}},"jetpack_featured_media_url":"","jetpack_sharing_enabled":true,"jetpack_shortlink":"https:\/\/wp.me\/pe6lTn-lMv","_links":{"self":[{"href":"https:\/\/www.visit-ulcinj.com\/blog\/wp-json\/wp\/v2\/posts\/83731"}],"collection":[{"href":"https:\/\/www.visit-ulcinj.com\/blog\/wp-json\/wp\/v2\/posts"}],"about":[{"href":"https:\/\/www.visit-ulcinj.com\/blog\/wp-json\/wp\/v2\/types\/post"}],"author":[{"embeddable":true,"href":"https:\/\/www.visit-ulcinj.com\/blog\/wp-json\/wp\/v2\/users\/1"}],"replies":[{"embeddable":true,"href":"https:\/\/www.visit-ulcinj.com\/blog\/wp-json\/wp\/v2\/comments?post=83731"}],"version-history":[{"count":10,"href":"https:\/\/www.visit-ulcinj.com\/blog\/wp-json\/wp\/v2\/posts\/83731\/revisions"}],"predecessor-version":[{"id":84201,"href":"https:\/\/www.visit-ulcinj.com\/blog\/wp-json\/wp\/v2\/posts\/83731\/revisions\/84201"}],"wp:attachment":[{"href":"https:\/\/www.visit-ulcinj.com\/blog\/wp-json\/wp\/v2\/media?parent=83731"}],"wp:term":[{"taxonomy":"category","embeddable":true,"href":"https:\/\/www.visit-ulcinj.com\/blog\/wp-json\/wp\/v2\/categories?post=83731"},{"taxonomy":"post_tag","embeddable":true,"href":"https:\/\/www.visit-ulcinj.com\/blog\/wp-json\/wp\/v2\/tags?post=83731"}],"curies":[{"name":"wp","href":"https:\/\/api.w.org\/{rel}","templated":true}]}}