{"id":83735,"date":"2014-07-03T08:08:42","date_gmt":"2014-07-03T07:08:42","guid":{"rendered":"http:\/\/www.visit-ulcinj.com\/blog\/?p=83735"},"modified":"2014-07-03T08:09:21","modified_gmt":"2014-07-03T07:09:21","slug":"ulqini-destinacioni-preferuar-per-pushime","status":"publish","type":"post","link":"https:\/\/www.visit-ulcinj.com\/blog\/2014\/07\/03\/ulqini-destinacioni-preferuar-per-pushime\/","title":{"rendered":"Ulqini, destinacioni i preferuar p\u00ebr pushime"},"content":{"rendered":"<p><strong><a href=\"http:\/\/www.visit-ulcinj.com\/blog\/wp-content\/uploads\/2014\/07\/plazhi-vogel-ulqin.jpg\"><img loading=\"lazy\" class=\"alignleft  wp-image-83738\" alt=\"plazhi-vogel-ulqin\" src=\"http:\/\/www.visit-ulcinj.com\/blog\/wp-content\/uploads\/2014\/07\/plazhi-vogel-ulqin.jpg\" width=\"508\" height=\"360\" \/><\/a>Udh\u00ebheqja komunale dhe turistike e Ulqinit i kan\u00eb b\u00ebr\u00eb t\u00eb gjitha p\u00ebrgatitjet p\u00ebr t\u2019i pritur ngroht\u00ebsisht turist\u00ebt nga e gjith\u00eb bota, shkruan Epoka e Re.<\/strong><\/p>\n<p>I njohur si djep i turizmit dhe thesar i Malit t\u00eb Zi, Ulqini i bukur e historik \u00ebsht\u00eb b\u00ebr\u00eb gati p\u00ebr t\u2019i pritur turist\u00ebt p\u00ebr sezonin e sivjetsh\u00ebm veror. P\u00ebrve\u00e7 ujit, dellit, r\u00ebr\u00ebs, natyr\u00ebs s\u00eb bukur, plazheve dhe hoteleve, n\u00eb Ulqin past\u00ebrtia, siguria, furnizimi me uj\u00eb t\u00eb pijsh\u00ebm dhe energjia elektrike jan\u00eb n\u00eb nivelin e d\u00ebshiruar. Krahas k\u00ebtyre, mikpritja e ulqinak\u00ebve nuk mungon. Kuzhina ulqinake gjithashtu \u00ebsht\u00eb e pasur me ushqime t\u00eb llojllojshme. Bukurin\u00eb q\u00eb natyra ia ka dh\u00ebn\u00eb Ulqinit, p\u00ebrpos detit, ia shton edhe kalaja e vjet\u00ebr mbi 2 mij\u00eb e 500 vjet, e cila \u00ebsht\u00eb e kalitur mbi shk\u00ebmb dhe qyteti i vjet\u00ebr i njohur si qyteti i Shasit, i cili ka nj\u00eb pamje magjepse dhe nj\u00eb liqen t\u00eb mrekulluesh\u00ebm<\/p>\n<p>Gjith\u00e7ka \u00ebsht\u00eb gati. Ulqini, qytet i lasht\u00eb n\u00eb histori, me pamje magjepse, plazhe t\u00eb bukura dhe i banuar me shumic\u00eb shqiptare, ka hapur \u201cportat\u201d p\u00ebr t\u2019i pritur turist\u00ebt nga e gjith\u00eb bota, t\u00eb cil\u00ebt pritet ta vizitojn\u00eb k\u00ebt\u00eb vend gjat\u00eb k\u00ebtij sezoni veror. P\u00ebr pushuesit e k\u00ebtij sezoni qyteti i bukur i Ulqinit do t\u00eb ket\u00eb n\u00eb dispozicion mbi 20 hotele, n\u00eb mesin e tyre edhe hotelin \u201cMediteran\u201d, i cili gjendet af\u00ebr plazhit t\u00eb vog\u00ebl dhe ka kat\u00ebr yje. Po n\u00eb k\u00ebt\u00eb sezon veror Ulqini do t\u2019i ket\u00eb n\u00eb dispozicion af\u00ebr 20 plazhe, n\u00eb mesin e tyre \u201cSafari Beach\u201d dhe Copacabana Beach\u201d, ku n\u00eb shumic\u00ebn prej tyre valon flamuri i kalt\u00ebr i past\u00ebrtis\u00eb. Edhe \u00e7mimet e banimit dhe t\u00eb ushqimit n\u00eb Ulqin nuk jan\u00eb shum\u00eb t\u00eb larta.<\/p>\n<p>Udh\u00ebheqja politike dhe turistike e Ulqinit kan\u00eb deklaruar se i kan\u00eb b\u00ebr\u00eb t\u00eb gjitha p\u00ebrgatitjet q\u00eb ky sezon veror t\u00eb jet\u00eb sa m\u00eb mbres\u00ebl\u00ebn\u00ebs. Ata kan\u00eb deklaruar se n\u00eb krahasim me vitet e kaluara, kan\u00eb p\u00ebrmir\u00ebsuar duksh\u00ebm past\u00ebrtin\u00eb, sigurin\u00eb dhe kushtet t\u00eb cilat ofrohen n\u00eb sektorin privat dhe n\u00eb at\u00eb hotelier. Sa iu p\u00ebrket banimeve, sipas t\u00eb dh\u00ebnave t\u00eb komun\u00ebs s\u00eb Ulqinit, sivjet vet\u00ebm banimi privat ofron 100 mij\u00eb shtret\u00ebr. Sipas tyre, edhe infrastruktura dhe kushtet e hoteleve jan\u00eb p\u00ebrmir\u00ebsuar duksh\u00ebm.<\/p>\n<p>Kryetari i Ulqinit, Fatmir Gjeka, gjat\u00eb nj\u00eb konference me gazetar\u00ebt nga Kosova ka th\u00ebn\u00eb se kjo komun\u00eb \u00ebsht\u00eb duke punuar maksimalisht q\u00eb pushuesit n\u00eb Ulqin ta ndjejn\u00eb dhe ta p\u00ebrjetojn\u00eb n\u00eb maksimum pushimin e tyre. Gjeka ka b\u00ebr\u00eb me dije se 80 p\u00ebr qind e pushuesve n\u00eb Ulqin jan\u00eb nga Kosova dhe diaspora e k\u00ebtij shteti. \u201cOfert\u00ebn turistike t\u00eb Ulqinit e kem prezantuar n\u00ebp\u00ebr panaire t\u00eb ndryshme, p\u00ebrfshir\u00eb edhe Prishtin\u00ebn, pasi Kosova \u00ebsht\u00eb tregu kryesor p\u00ebr Ulqinin. Ne presim q\u00eb p\u00ebr nj\u00eb periudh\u00eb t\u00eb gjat\u00eb Ulqini t\u00eb jet\u00eb destinacioni kryesor p\u00ebr pushime i kosovar\u00ebve\u201d, ka th\u00ebn\u00eb Gjeka. N\u00eb k\u00ebt\u00eb kontekst, ai i ka ftuar kosovar\u00ebt p\u00ebr investime, duke premtuar leht\u00ebsira.<\/p>\n<p><a href=\"http:\/\/www.visit-ulcinj.com\/blog\/wp-content\/uploads\/2014\/07\/Czarnog\u00f3ra-Riwiera-Ulcinj-Pokoje-.jpg\"><img loading=\"lazy\" class=\"alignleft  wp-image-83736\" alt=\"Czarnog\u00f3ra-Riwiera-Ulcinj-Pokoje-\" src=\"http:\/\/www.visit-ulcinj.com\/blog\/wp-content\/uploads\/2014\/07\/Czarnog\u00f3ra-Riwiera-Ulcinj-Pokoje-.jpg\" width=\"508\" height=\"360\" \/><\/a>\u201cSe \u00e7ka kemi b\u00ebr\u00eb ne n\u00eb infrastruktur\u00eb, tashti edhe nj\u00eb risi po jua them k\u00ebtu. Rruga prej pik\u00ebs kufitare deri n\u00eb Ulqin \u00ebsht\u00eb e kryer. Ju jeni d\u00ebshmitar\u00eb t\u00eb k\u00ebsaj. Kurse pjesa e mbetur fillon n\u00eb vjesht\u00eb dhe para disa dit\u00ebve \u00ebsht\u00eb sjell vendimi n\u00eb Qeverin\u00eb e Malit t\u00eb Zi, nj\u00eb investim rreth 9 milion\u00eb e gjysm\u00eb euro, t\u00eb siguruara nga fondet evropiane. Punimet do t\u00eb fillojn\u00eb pas sezonit turistik. K\u00ebshtu q\u00eb, ndoshta edhe n\u00eb Ulqin ka shum\u00eb dekada q\u00eb qeveria nuk ka investuar si n\u00eb k\u00ebta pes\u00eb vjet\u00ebt e fundit\u201d, ka th\u00ebn\u00eb Gjeka. Sipas tij, \u00e7\u00ebshtja e ujit \u00ebsht\u00eb duke u rregulluar dhe se kan\u00eb kapacitet t\u00eb plot\u00eb p\u00ebr uj\u00eb t\u00eb pijsh\u00ebm p\u00ebr rreth 200 mij\u00eb vizitor\u00eb.<\/p>\n<p>Nd\u00ebrkaq, drejtoresha e Organizat\u00ebs Turistike t\u00eb Ulqinit, Zana Serven, e cila shquhej p\u00ebr mikpritje dhe profesionaliz\u00ebm, ka th\u00ebn\u00eb se Ulqini ofron kushte t\u00eb mira p\u00ebr pushime. Sipas saj, ka hap\u00ebsira dhe lokale t\u00eb shumta ku t\u00eb rinjt\u00eb mund t\u00eb arg\u00ebtohen3. \u201cJemi t\u00eb k\u00ebnaqur me numrin e turist\u00ebve, t\u00eb cil\u00ebt po e vizitojn\u00eb Ulqinin, pasi ka rritje t\u00eb numrit t\u00eb turist\u00ebve p\u00ebr 20 p\u00ebr qind p\u00ebr dallim me periudh\u00ebn e nj\u00ebjt\u00eb t\u00eb vitit t\u00eb kaluar\u201d, ka deklaruar ajo.<br \/>\nServen ka b\u00ebr\u00eb me dije se siguria n\u00eb Ulqin \u00ebsht\u00eb n\u00eb nivelin e duhur. \u201cP\u00ebrve\u00e7se \u00ebsht\u00eb rritur bashk\u00ebpunimi me policin\u00eb e Malit t\u00eb Zi n\u00eb nivel qendror, ka bashk\u00ebpunime edhe me policin\u00eb e Shqip\u00ebris\u00eb dhe t\u00eb Kosov\u00ebs, q\u00eb siguria p\u00ebr turist\u00ebt t\u00eb jet\u00eb n\u00eb nivelet m\u00eb t\u00eb larta\u201d, ka th\u00ebn\u00eb Servan.<\/p>\n<p><a href=\"http:\/\/www.visit-ulcinj.com\/blog\/wp-content\/uploads\/2014\/07\/Selatin-Gjeloshi-1.jpg\"><img loading=\"lazy\" class=\"alignleft  wp-image-83737\" alt=\"Selatin-Gjeloshi-1\" src=\"http:\/\/www.visit-ulcinj.com\/blog\/wp-content\/uploads\/2014\/07\/Selatin-Gjeloshi-1.jpg\" width=\"508\" height=\"400\" \/><\/a><\/p>\n<p>N\u00eb an\u00ebn tjet\u00ebr, Selatin Gjeloshi, menaxher i hotelit \u201cMediteran\u201d, ku kan\u00eb qen\u00eb mysafir\u00eb af\u00ebr 40 gazetar\u00eb dhe kameraman\u00eb nga Kosova, ka deklaruar se jan\u00eb gati p\u00ebr t\u2019i pritur turist\u00ebt. Ai ka b\u00ebr\u00eb me dije se ky hotel ka 134 dhoma me 330 shtret\u00ebr, ku ofrohet edhe ushqim dhe sh\u00ebrbimet e tjera, var\u00ebsisht nga k\u00ebrkesat e mysafir\u00ebve. \u201cSi gjithmon\u00eb, n\u00eb hotelin ton\u00eb dominojn\u00eb turist\u00ebt nga Kosova, por kemi edhe shum\u00eb turist\u00eb q\u00eb vijn\u00eb nga diaspora\u201d, ka th\u00ebn\u00eb Gjeloshi. P\u00ebr p\u00ebrgatitjet e sesionit veror ka folur edhe p\u00ebrfaq\u00ebsuesja e \u201cSafari Beach\u201d, Jozefina Deliq. Ajo ka th\u00ebn\u00eb se p\u00ebr n\u00ebnt\u00eb vjet me radh\u00eb kan\u00eb flamurin e kalt\u00ebr p\u00ebr cil\u00ebsi, siguri dhe past\u00ebrti q\u00eb ofrojn\u00eb. Deliq ka b\u00ebr\u00eb me dije se nj\u00eb \u00e7ad\u00ebr me dy shtret\u00ebr kushton prej 5-7 eurosh, kurse \u00e7adrat familjare kan\u00eb \u00e7mime m\u00eb t\u00eb larta.<\/p>\n<p><strong>INA<\/strong><\/p>\n","protected":false},"excerpt":{"rendered":"<p>Udh\u00ebheqja komunale dhe turistike e Ulqinit i kan\u00eb b\u00ebr\u00eb t\u00eb gjitha p\u00ebrgatitjet p\u00ebr t\u2019i pritur ngroht\u00ebsisht turist\u00ebt nga e gjith\u00eb bota, shkruan Epoka e Re. I njohur si djep i turizmit dhe thesar i Malit t\u00eb Zi, Ulqini i bukur e historik \u00ebsht\u00eb b\u00ebr\u00eb gati p\u00ebr t\u2019i pritur turist\u00ebt p\u00ebr sezonin e sivjetsh\u00ebm veror. P\u00ebrve\u00e7 [&hellip;]<\/p>\n","protected":false},"author":1,"featured_media":0,"comment_status":"closed","ping_status":"closed","sticky":false,"template":"","format":"standard","meta":{"spay_email":"","jetpack_publicize_message":"","jetpack_is_tweetstorm":false,"jetpack_publicize_feature_enabled":true},"categories":[10],"tags":[],"jetpack_publicize_connections":[],"yoast_head":"<!-- This site is optimized with the Yoast SEO plugin v19.1 - https:\/\/yoast.com\/wordpress\/plugins\/seo\/ -->\n<title>Ulqini, destinacioni i preferuar p\u00ebr pushime - Lajme nga Ulqini<\/title>\n<meta name=\"description\" content=\"Udh\u00ebheqja komunale dhe turistike e Ulqinit i kan\u00eb b\u00ebr\u00eb t\u00eb gjitha p\u00ebrgatitjet p\u00ebr t\u2019i pritur ngroht\u00ebsisht turist\u00ebt nga e gjith\u00eb bota, shkruan Epoka e Re. I\" \/>\n<meta name=\"robots\" content=\"index, follow, max-snippet:-1, max-image-preview:large, max-video-preview:-1\" \/>\n<link rel=\"canonical\" href=\"https:\/\/www.visit-ulcinj.com\/blog\/2014\/07\/03\/ulqini-destinacioni-preferuar-per-pushime\/\" \/>\n<meta property=\"og:locale\" content=\"en_US\" \/>\n<meta property=\"og:type\" content=\"article\" \/>\n<meta property=\"og:title\" content=\"Ulqini, destinacioni i preferuar p\u00ebr pushime - Lajme nga Ulqini\" \/>\n<meta property=\"og:description\" content=\"Udh\u00ebheqja komunale dhe turistike e Ulqinit i kan\u00eb b\u00ebr\u00eb t\u00eb gjitha p\u00ebrgatitjet p\u00ebr t\u2019i pritur ngroht\u00ebsisht turist\u00ebt nga e gjith\u00eb bota, shkruan Epoka e Re. I\" \/>\n<meta property=\"og:url\" content=\"https:\/\/www.visit-ulcinj.com\/blog\/2014\/07\/03\/ulqini-destinacioni-preferuar-per-pushime\/\" \/>\n<meta property=\"og:site_name\" content=\"Lajme nga Ulqini\" \/>\n<meta property=\"article:published_time\" content=\"2014-07-03T07:08:42+00:00\" \/>\n<meta property=\"article:modified_time\" content=\"2014-07-03T07:09:21+00:00\" \/>\n<meta property=\"og:image\" content=\"http:\/\/www.visit-ulcinj.com\/blog\/wp-content\/uploads\/2014\/07\/plazhi-vogel-ulqin.jpg\" \/>\n<meta name=\"twitter:label1\" content=\"Written by\" \/>\n\t<meta name=\"twitter:data1\" content=\"ulqini\" \/>\n\t<meta name=\"twitter:label2\" content=\"Est. reading time\" \/>\n\t<meta name=\"twitter:data2\" content=\"5 minutes\" \/>\n<script type=\"application\/ld+json\" class=\"yoast-schema-graph\">{\"@context\":\"https:\/\/schema.org\",\"@graph\":[{\"@type\":\"WebSite\",\"@id\":\"https:\/\/www.visit-ulcinj.com\/blog\/#website\",\"url\":\"https:\/\/www.visit-ulcinj.com\/blog\/\",\"name\":\"Lajme nga Ulqini\",\"description\":\"Lajme,Vijesti,Ulqini,Ulqin,Crna Gora,Mali i Zi\",\"potentialAction\":[{\"@type\":\"SearchAction\",\"target\":{\"@type\":\"EntryPoint\",\"urlTemplate\":\"https:\/\/www.visit-ulcinj.com\/blog\/?s={search_term_string}\"},\"query-input\":\"required name=search_term_string\"}],\"inLanguage\":\"en-US\"},{\"@type\":\"ImageObject\",\"inLanguage\":\"en-US\",\"@id\":\"https:\/\/www.visit-ulcinj.com\/blog\/2014\/07\/03\/ulqini-destinacioni-preferuar-per-pushime\/#primaryimage\",\"url\":\"https:\/\/www.visit-ulcinj.com\/blog\/wp-content\/uploads\/2014\/07\/plazhi-vogel-ulqin.jpg\",\"contentUrl\":\"https:\/\/www.visit-ulcinj.com\/blog\/wp-content\/uploads\/2014\/07\/plazhi-vogel-ulqin.jpg\",\"width\":640,\"height\":511},{\"@type\":\"WebPage\",\"@id\":\"https:\/\/www.visit-ulcinj.com\/blog\/2014\/07\/03\/ulqini-destinacioni-preferuar-per-pushime\/#webpage\",\"url\":\"https:\/\/www.visit-ulcinj.com\/blog\/2014\/07\/03\/ulqini-destinacioni-preferuar-per-pushime\/\",\"name\":\"Ulqini, destinacioni i preferuar p\u00ebr pushime - Lajme nga Ulqini\",\"isPartOf\":{\"@id\":\"https:\/\/www.visit-ulcinj.com\/blog\/#website\"},\"primaryImageOfPage\":{\"@id\":\"https:\/\/www.visit-ulcinj.com\/blog\/2014\/07\/03\/ulqini-destinacioni-preferuar-per-pushime\/#primaryimage\"},\"datePublished\":\"2014-07-03T07:08:42+00:00\",\"dateModified\":\"2014-07-03T07:09:21+00:00\",\"author\":{\"@id\":\"https:\/\/www.visit-ulcinj.com\/blog\/#\/schema\/person\/dcab619c614d3038751c63bc2aadc06d\"},\"description\":\"Udh\u00ebheqja komunale dhe turistike e Ulqinit i kan\u00eb b\u00ebr\u00eb t\u00eb gjitha p\u00ebrgatitjet p\u00ebr t\u2019i pritur ngroht\u00ebsisht turist\u00ebt nga e gjith\u00eb bota, shkruan Epoka e Re. I\",\"breadcrumb\":{\"@id\":\"https:\/\/www.visit-ulcinj.com\/blog\/2014\/07\/03\/ulqini-destinacioni-preferuar-per-pushime\/#breadcrumb\"},\"inLanguage\":\"en-US\",\"potentialAction\":[{\"@type\":\"ReadAction\",\"target\":[\"https:\/\/www.visit-ulcinj.com\/blog\/2014\/07\/03\/ulqini-destinacioni-preferuar-per-pushime\/\"]}]},{\"@type\":\"BreadcrumbList\",\"@id\":\"https:\/\/www.visit-ulcinj.com\/blog\/2014\/07\/03\/ulqini-destinacioni-preferuar-per-pushime\/#breadcrumb\",\"itemListElement\":[{\"@type\":\"ListItem\",\"position\":1,\"name\":\"Ulqini, destinacioni i preferuar p\u00ebr pushime\"}]},{\"@type\":\"Person\",\"@id\":\"https:\/\/www.visit-ulcinj.com\/blog\/#\/schema\/person\/dcab619c614d3038751c63bc2aadc06d\",\"name\":\"ulqini\",\"sameAs\":[\"http:\/\/www.visit-ulcinj.com\"],\"url\":\"https:\/\/www.visit-ulcinj.com\/blog\/author\/admin\/\"}]}<\/script>\n<!-- \/ Yoast SEO plugin. -->","yoast_head_json":{"title":"Ulqini, destinacioni i preferuar p\u00ebr pushime - Lajme nga Ulqini","description":"Udh\u00ebheqja komunale dhe turistike e Ulqinit i kan\u00eb b\u00ebr\u00eb t\u00eb gjitha p\u00ebrgatitjet p\u00ebr t\u2019i pritur ngroht\u00ebsisht turist\u00ebt nga e gjith\u00eb bota, shkruan Epoka e Re. I","robots":{"index":"index","follow":"follow","max-snippet":"max-snippet:-1","max-image-preview":"max-image-preview:large","max-video-preview":"max-video-preview:-1"},"canonical":"https:\/\/www.visit-ulcinj.com\/blog\/2014\/07\/03\/ulqini-destinacioni-preferuar-per-pushime\/","og_locale":"en_US","og_type":"article","og_title":"Ulqini, destinacioni i preferuar p\u00ebr pushime - Lajme nga Ulqini","og_description":"Udh\u00ebheqja komunale dhe turistike e Ulqinit i kan\u00eb b\u00ebr\u00eb t\u00eb gjitha p\u00ebrgatitjet p\u00ebr t\u2019i pritur ngroht\u00ebsisht turist\u00ebt nga e gjith\u00eb bota, shkruan Epoka e Re. I","og_url":"https:\/\/www.visit-ulcinj.com\/blog\/2014\/07\/03\/ulqini-destinacioni-preferuar-per-pushime\/","og_site_name":"Lajme nga Ulqini","article_published_time":"2014-07-03T07:08:42+00:00","article_modified_time":"2014-07-03T07:09:21+00:00","og_image":[{"url":"http:\/\/www.visit-ulcinj.com\/blog\/wp-content\/uploads\/2014\/07\/plazhi-vogel-ulqin.jpg"}],"twitter_misc":{"Written by":"ulqini","Est. reading time":"5 minutes"},"schema":{"@context":"https:\/\/schema.org","@graph":[{"@type":"WebSite","@id":"https:\/\/www.visit-ulcinj.com\/blog\/#website","url":"https:\/\/www.visit-ulcinj.com\/blog\/","name":"Lajme nga Ulqini","description":"Lajme,Vijesti,Ulqini,Ulqin,Crna Gora,Mali i Zi","potentialAction":[{"@type":"SearchAction","target":{"@type":"EntryPoint","urlTemplate":"https:\/\/www.visit-ulcinj.com\/blog\/?s={search_term_string}"},"query-input":"required name=search_term_string"}],"inLanguage":"en-US"},{"@type":"ImageObject","inLanguage":"en-US","@id":"https:\/\/www.visit-ulcinj.com\/blog\/2014\/07\/03\/ulqini-destinacioni-preferuar-per-pushime\/#primaryimage","url":"https:\/\/www.visit-ulcinj.com\/blog\/wp-content\/uploads\/2014\/07\/plazhi-vogel-ulqin.jpg","contentUrl":"https:\/\/www.visit-ulcinj.com\/blog\/wp-content\/uploads\/2014\/07\/plazhi-vogel-ulqin.jpg","width":640,"height":511},{"@type":"WebPage","@id":"https:\/\/www.visit-ulcinj.com\/blog\/2014\/07\/03\/ulqini-destinacioni-preferuar-per-pushime\/#webpage","url":"https:\/\/www.visit-ulcinj.com\/blog\/2014\/07\/03\/ulqini-destinacioni-preferuar-per-pushime\/","name":"Ulqini, destinacioni i preferuar p\u00ebr pushime - Lajme nga Ulqini","isPartOf":{"@id":"https:\/\/www.visit-ulcinj.com\/blog\/#website"},"primaryImageOfPage":{"@id":"https:\/\/www.visit-ulcinj.com\/blog\/2014\/07\/03\/ulqini-destinacioni-preferuar-per-pushime\/#primaryimage"},"datePublished":"2014-07-03T07:08:42+00:00","dateModified":"2014-07-03T07:09:21+00:00","author":{"@id":"https:\/\/www.visit-ulcinj.com\/blog\/#\/schema\/person\/dcab619c614d3038751c63bc2aadc06d"},"description":"Udh\u00ebheqja komunale dhe turistike e Ulqinit i kan\u00eb b\u00ebr\u00eb t\u00eb gjitha p\u00ebrgatitjet p\u00ebr t\u2019i pritur ngroht\u00ebsisht turist\u00ebt nga e gjith\u00eb bota, shkruan Epoka e Re. I","breadcrumb":{"@id":"https:\/\/www.visit-ulcinj.com\/blog\/2014\/07\/03\/ulqini-destinacioni-preferuar-per-pushime\/#breadcrumb"},"inLanguage":"en-US","potentialAction":[{"@type":"ReadAction","target":["https:\/\/www.visit-ulcinj.com\/blog\/2014\/07\/03\/ulqini-destinacioni-preferuar-per-pushime\/"]}]},{"@type":"BreadcrumbList","@id":"https:\/\/www.visit-ulcinj.com\/blog\/2014\/07\/03\/ulqini-destinacioni-preferuar-per-pushime\/#breadcrumb","itemListElement":[{"@type":"ListItem","position":1,"name":"Ulqini, destinacioni i preferuar p\u00ebr pushime"}]},{"@type":"Person","@id":"https:\/\/www.visit-ulcinj.com\/blog\/#\/schema\/person\/dcab619c614d3038751c63bc2aadc06d","name":"ulqini","sameAs":["http:\/\/www.visit-ulcinj.com"],"url":"https:\/\/www.visit-ulcinj.com\/blog\/author\/admin\/"}]}},"jetpack_featured_media_url":"","jetpack_sharing_enabled":true,"jetpack_shortlink":"https:\/\/wp.me\/pe6lTn-lMz","_links":{"self":[{"href":"https:\/\/www.visit-ulcinj.com\/blog\/wp-json\/wp\/v2\/posts\/83735"}],"collection":[{"href":"https:\/\/www.visit-ulcinj.com\/blog\/wp-json\/wp\/v2\/posts"}],"about":[{"href":"https:\/\/www.visit-ulcinj.com\/blog\/wp-json\/wp\/v2\/types\/post"}],"author":[{"embeddable":true,"href":"https:\/\/www.visit-ulcinj.com\/blog\/wp-json\/wp\/v2\/users\/1"}],"replies":[{"embeddable":true,"href":"https:\/\/www.visit-ulcinj.com\/blog\/wp-json\/wp\/v2\/comments?post=83735"}],"version-history":[{"count":1,"href":"https:\/\/www.visit-ulcinj.com\/blog\/wp-json\/wp\/v2\/posts\/83735\/revisions"}],"predecessor-version":[{"id":83739,"href":"https:\/\/www.visit-ulcinj.com\/blog\/wp-json\/wp\/v2\/posts\/83735\/revisions\/83739"}],"wp:attachment":[{"href":"https:\/\/www.visit-ulcinj.com\/blog\/wp-json\/wp\/v2\/media?parent=83735"}],"wp:term":[{"taxonomy":"category","embeddable":true,"href":"https:\/\/www.visit-ulcinj.com\/blog\/wp-json\/wp\/v2\/categories?post=83735"},{"taxonomy":"post_tag","embeddable":true,"href":"https:\/\/www.visit-ulcinj.com\/blog\/wp-json\/wp\/v2\/tags?post=83735"}],"curies":[{"name":"wp","href":"https:\/\/api.w.org\/{rel}","templated":true}]}}