{"id":83771,"date":"2014-07-04T17:55:01","date_gmt":"2014-07-04T16:55:01","guid":{"rendered":"http:\/\/www.visit-ulcinj.com\/blog\/?p=83771"},"modified":"2014-07-04T17:55:01","modified_gmt":"2014-07-04T16:55:01","slug":"kapedani-hasan-cano-karamanaga","status":"publish","type":"post","link":"https:\/\/www.visit-ulcinj.com\/blog\/2014\/07\/04\/kapedani-hasan-cano-karamanaga\/","title":{"rendered":"Kapedani Hasan Cano Karamanaga"},"content":{"rendered":"<p><strong><a href=\"http:\/\/www.visit-ulcinj.com\/blog\/wp-content\/uploads\/2014\/07\/Detaria-e-Ulqinit-1.jpg\"><img loading=\"lazy\" class=\"alignleft  wp-image-83775\" alt=\"Detaria e Ulqinit-1\" src=\"http:\/\/www.visit-ulcinj.com\/blog\/wp-content\/uploads\/2014\/07\/Detaria-e-Ulqinit-1.jpg\" width=\"508\" height=\"360\" \/><\/a>Familjet detare t\u00eb Ulqinit<\/strong><\/p>\n<p>Detaria ulqinake e ka historikun e vet mjaft t\u00eb pasur. Kjo edhe mb\u00ebshtetet n\u00eb shum\u00eb dokumente, ku b\u00ebhet fjal\u00eb lidhur me flot\u00ebn tregtare, t\u00eb cil\u00ebn, gjat\u00eb shekujsh, Ulqinin e b\u00ebri t\u00eb njohur n\u00ebp\u00ebr shum\u00eb limane dhe dete t\u00eb Adriatikut, t\u00eb Jonit, t\u00eb Mesdheut dhe m\u00eb gjer\u00eb. E v\u00ebrteta \u00ebsht\u00eb se deri m\u00eb sot u shkrua dhe u trajtua kjo speifik\u00eb dhe ve\u00e7ori ulqinake. Aty u pasqyrua roli dhe r\u00ebnd\u00ebsia e detar\u00ebve dhe e detaris\u00eb s\u00eb k\u00ebtij qyteti me tradita t\u00eb rralla lundrimi. Kuptohet, k\u00ebto do t\u00eb plot\u00ebsonin edhe m\u00eb mir\u00eb po qe se shkruhet libri monografik p\u00ebr familjet detare ulqinake, ku do t\u00eb p\u00ebrfshiheshin ato t\u00eb fundshekullit 19 dhe atij 20. Kjo do ta plot\u00ebsonte nj\u00eb zbraz\u00ebsi q\u00eb \u00ebsht\u00eb dhe sh\u00ebrben si imperativ i koh\u00ebs q\u00eb aq shpejt kalon dhe shum\u00eb gj\u00ebra t\u00eb r\u00ebnd\u00ebsishme i qet n\u00eb harres\u00eb. Pik\u00ebrisht p\u00ebr k\u00ebt\u00eb m\u00eb sh\u00ebrben motiv nj\u00ebra nd\u00ebr familjet q\u00eb detin dhe lundrimtarin\u00eb e pati profesion dhe pasion \u2013 Familja Karamanaga. Familjar\u00ebt e saj ishin banor\u00eb t\u00eb vyer\u00eb t\u00eb Kalas\u00eb shekullore t\u00eb Ulqinit. Kjo familje i dha detaris\u00eb ulqinake detar\u00eb t\u00a0 njohur dhe sypatrembur. N\u00eb k\u00ebt\u00eb mes duhet ve\u00e7uar Jusufin, Sulejmanin, Selimin, Maliqin, Hasanin, Nailin, Basriun \u2013 kuptohet edhe pasardh\u00ebsit e tyre meshkuj.<br \/>\n<a href=\"http:\/\/www.visit-ulcinj.com\/blog\/wp-content\/uploads\/2014\/07\/Hasan-\u2013-Cano-\u2013-Karamanaga-.jpg\"><img loading=\"lazy\" class=\"alignleft  wp-image-83772\" alt=\"Hasan \u2013 Cano \u2013 Karamanaga-\" src=\"http:\/\/www.visit-ulcinj.com\/blog\/wp-content\/uploads\/2014\/07\/Hasan-\u2013-Cano-\u2013-Karamanaga-.jpg\" width=\"508\" height=\"600\" \/><\/a><br \/>\nNj\u00eb nd\u00ebr detar\u00ebt m\u00eb t\u00eb njohur t\u00eb familjes Karamanaga ishte edhe babai im, kapedan Hasan \u2013 Cano \u2013 Karamanaga. Bashk\u00ebkoh\u00ebsit e tij e \u00e7mojn\u00eb detar me nam. N\u00eb biseda me ta kam kuptuar, por edhe ai tregonte, kur evokonte kujtime t\u00eb detit, se, qysh si f\u00ebmij\u00eb filloi t\u00eb punoj\u00eb n\u00ebp\u00ebr anije me vela, si mu\u00e7o. Anijet me vela, thoshte ai, ende lundronin brigjeve t\u00eb Mesdheut n\u00eb fillimt\u00eb shekullit l9, por edhe t\u00eb atij 20 \u2013t\u00eb. Asokohe Ulqini dhe detaria shqiptare n\u00eb p\u00ebrgjith\u00ebsi kishte pak anije me makina \u2013 motor\u00eb me avull. N\u00eb limane t\u00eb Afrik\u00ebs Veriore, n\u00eb qytetet e njohur si Aleksandria, Tripoli, Algjeri e shum\u00eb t\u00eb tjer\u00eb, detar\u00ebt ulqinak\u00eb ngarkonin mallra me vler\u00eb dhe k\u00ebto me koh\u00eb i sillnin tek ne n\u00eb Adriatik dhe n\u00eb limane t\u00eb ndryshme t\u00eb Italis\u00eb. Kuptohet, nga brigjet e Adriatikut ngarkonin p\u00ebr eksport, p\u00ebr pronar\u00eb t\u00eb ndrysh\u00ebm mallra nga k\u00ebto vise si vaj ulliri, dru cil\u00ebsor\u00eb dhe prodhime t\u00eb ndryshme t\u00eb tjera.<\/p>\n<p>Si f\u00ebmij\u00eb shpeshher\u00eb kam d\u00ebgjuar tregime dhe rr\u00ebfime nga lundrimet e gjata\u00a0 me velanije t\u00eb pronar\u00ebve t\u00eb ndrysh\u00ebm, t\u00eb cilat na i tregonte babai, pas kthimit nga\u201cseferi\u201d. \u201cSefer\u201d detar\u00ebt quanin lundrimin\u00a0 me nj\u00eb bark\u00eb, nj\u00eb barkim, pas k\u00ebtij lundrimi vinin n\u00eb sht\u00ebpi. M\u00eb ka mbetur n\u00eb kujtes\u00eb shprehja \u201cdeti isht padishah n\u00eb vedi\u201d e posa\u00e7\u00ebrisht ajo e cila ka treguar se sa e v\u00ebshtir\u00eb ishte t\u00eb fitohej buka n\u00eb det \u2013pasonte e th\u00ebna \u201cdeti buk e gjak\u201d, ose edhe \u201cdeti buk me nand koje.\u201d N\u00eb at\u00eb koh\u00eb para dhe pas Luft\u00ebs s\u00eb Par\u00eb Bot\u00ebrore, por edhe m\u00eb von\u00eb, gjat\u00eb Luft\u00ebs m\u00eb t\u00eb tmerrshme, asaj t\u00eb Dyt\u00ebs, ka qen\u00eb shum\u00eb v\u00ebshtir\u00eb t\u00eb lundrohet dhe t\u00eb sigurohet buka p\u00ebr familje. M\u00eb kujtohen tregimet nga lundrimet e pand\u00ebrprera kur babai si mu\u00e7o dhe detar ka lundruar edhe me anije me vela. M\u00eb von\u00eb ai u gjend edhe n\u00eb anije me motor\u00eb me avull. Thoshte se n\u00eb ato koh\u00eb t\u00eb rrezikshme me v\u00ebshtir\u00ebsi sigurohej nafta. Prandaj, rr\u00ebfente babai, n\u00eb t\u00eb shumt\u00ebn lundronim me velanije. N\u00eb anije t\u00eb m\u00ebdha me tre direk\u00eb detari \u00ebsht\u00eb dashur t\u00eb ket\u00eb dije,\u00a0 kurajo dhe mjesht\u00ebri t\u00eb madhe \u2013 shkatht\u00ebsi lundrimi.<br \/>\n<a href=\"http:\/\/www.visit-ulcinj.com\/blog\/wp-content\/uploads\/2014\/07\/Detaria-e-Ulqinit.jpg\"><img loading=\"lazy\" class=\"alignleft  wp-image-83773\" alt=\"Detaria e Ulqinit\" src=\"http:\/\/www.visit-ulcinj.com\/blog\/wp-content\/uploads\/2014\/07\/Detaria-e-Ulqinit.jpg\" width=\"508\" height=\"360\" \/><\/a><\/p>\n<p>Babai im, Hasan Cano Karamanaga arriti, n\u00eb saje t\u00eb dijes dhe t\u00eb shkatht\u00ebsis\u00eb s\u00eb tij t\u00eb b\u00ebhet nostromo, oficer i par\u00eb n\u00eb anije, n\u00eb mosh\u00ebn 27 vje\u00e7are. Pak m\u00eb von\u00eb arriti t\u00eb b\u00ebhet edhe kapedan i anijeve. \u00cbsht\u00eb dashur t\u2019u ruhej minave n\u00eb det dhe anijeve luftarake, posa\u00e7\u00ebrisht n\u00ebndet\u00ebseve. Gjithmon\u00eb kemi qen\u00eb t\u00eb rrezikuar se do t\u00eb kthehemi t\u00eb gjall\u00eb n\u00eb sht\u00ebpi, thoshte ai. D\u00ebshmi p\u00ebr k\u00ebt\u00eb ishte lundrimi me anijen \u201cBojana\u201d e cila edhe \u00ebsht\u00eb fundosur para gjirit t\u00eb Valdanosit. Babai s\u00eb bashku me ekuipazhin e k\u00ebsaj anijeje moderne dhe mjaft t\u00eb madhe p\u00ebr at\u00eb koh\u00eb, meq\u00eb kishte edhe motor nj\u00eb makin\u00eb angleze me avull pat\u00ebn fat dhe shp\u00ebtuan gjall\u00eb. Pas k\u00ebsaj ngjarjeje, babai im, nj\u00eb koh\u00eb punoi n\u00eb Kriporen \u201cBajo Sekuliq\u201d t\u00eb Ulqinit si shef i nj\u00eb reparti n\u00eb prodhimin dhe transportimin e krip\u00ebs deri tek anijet t\u00eb cilat i kan\u00eb ngarkuar n\u00eb molon e Portomilen\u00ebs. Pas Luft\u00ebs s\u00eb Dyt\u00eb Bot\u00ebrore s\u00ebrish barkohet n\u00eb anije dhe i kthehet dashuris\u00eb m\u00eb t\u00eb madhe \u2013 detit.<\/p>\n<p>Ka folur disa gjuh\u00eb, nd\u00ebr t\u00eb tjera ka shkruar dhe ka folur turqishten dhe arabishten, ka lexuar Kur\u2019anin, nj\u00eb ekzemplar i rrall\u00eb sot ruhet dhe gjendet n\u00eb sht\u00ebpin\u00eb time n\u00eb mesin e shum\u00eb librave t\u00eb \u00e7muar q\u00eb kam. K\u00ebt\u00eb ekzemplar e ruajti si kujtim t\u00eb shtrenjt\u00eb nga babai i tij, e gjyshi im, mulla Ismail Karamanaga. Babai im ishte besimtar i rrall\u00eb. Ramazanin e agj\u00ebroi shpeshher\u00eb gjat\u00eb lundrimeve n\u00ebp\u00ebr dete e limane t\u00eb ndryshme. N\u00eb anije i kreu t\u00eb gjitha obligimet fetare. Nganj\u00ebher\u00eb, si kapedan i rryer q\u00eb ishte, n\u00eb koh\u00ebn e Jugosllavis\u00eb titiste, e ka b\u00ebr\u00eb pushimin edhe n\u00eb sht\u00ebpin\u00eb ton\u00eb n\u00eb Kala. M\u00eb kujtohet protokolli para dhe pas iftarit dhe pastaj namazi i taravis\u00eb n\u00eb xhamin\u00eb e Kalas\u00eb. Ne, si f\u00ebmij\u00eb, gjithmon\u00eb i kemi p\u00ebrjell\u00eb \u201ckalalit\u00eb\u201d n\u00eb xhami dhe kemi q\u00ebndruar ty deri kan\u00eb p\u00ebrfunduar lutjet dhe falja n\u00eb xhami. Pastaj, burrat shkonin t\u00eb pinin kafe te komshit\u00eb.<\/p>\n<p><a href=\"http:\/\/www.visit-ulcinj.com\/blog\/wp-content\/uploads\/2014\/07\/Detaria-e-Ulqinit-2.jpg\"><img loading=\"lazy\" class=\"alignleft  wp-image-83776\" alt=\"Detaria e Ulqinit-2\" src=\"http:\/\/www.visit-ulcinj.com\/blog\/wp-content\/uploads\/2014\/07\/Detaria-e-Ulqinit-2.jpg\" width=\"508\" height=\"360\" \/><\/a><\/p>\n<p>Ndoshta ishin koh\u00eb shum\u00eb m\u00eb t\u00eb v\u00ebshtira se k\u00ebto q\u00eb i jetojm\u00eb sot, por me siguri ka pasur m\u00eb shum\u00eb dashuri. \u00cbsht\u00eb jetuar pa strese dhe kam p\u00ebrshtypjen se njer\u00ebzit ishin m\u00eb t\u00eb k\u00ebnaqur. Ne,\u201dkalalit\u00eb\u201d gjithmon\u00eb dhe gjithnj\u00eb detin e kemi pasur dhe e kemi ende n\u00eb gjak. Shum\u00eb nga ne, ende edhe sot, lundrojn\u00eb deteve dhe oqeaneve, kuptohet n\u00eb kushte dhe n\u00eb rrethana t\u00eb tjera. Mendoj se nuk \u00ebsht\u00eb mir\u00eb t\u00eb b\u00ebhen krahasime nd\u00ebrmjet koh\u00ebs s\u00eb kaluar dhe k\u00ebsaj t\u00eb sotm\u00ebs n\u00eb detari. Mendoj se dikur detar\u00ebt kan\u00eb qen\u00eb m\u00eb t\u00eb \u201cfort\u00eb\u201dse k\u00ebta sot. Lundrimi ishte m\u00eb i v\u00ebshtir\u00eb, ndaj k\u00ebrkohej mjesht\u00ebri m\u00eb e madhe. Sot,\u201dnavigacioni\u201d \u00ebsht\u00eb m\u00eb i leht\u00eb n\u00eb saje t\u00eb teknik\u00ebs dhe t\u00eb satelit\u00ebve t\u00eb\u00a0 cil\u00ebt pand\u00ebrprerje ofrojn\u00eb informata p\u00ebr lundrime t\u00eb sigurta.<\/p>\n<p>\u00cbsht\u00eb mir\u00eb t\u00eb p\u00ebrmenden personalitetet si\u00e7 ishte nd\u00ebr shum\u00eb t\u00eb tjer\u00eb edhe babi im, kapedan Hasan Cano Karamanaga. \u00cbsht\u00eb mir\u00eb q\u00eb ai dhe nj\u00eb plejad\u00eb e madhe detar\u00ebsh t\u00eb dalin n\u00eb shesh dhe nga harresa. N\u00eb k\u00ebt\u00eb m\u00ebnyr\u00eb i dalim borxhit duke p\u00ebrkujtuar k\u00ebshtu vepr\u00ebn dhe trash\u00ebgimin\u00eb ton\u00eb t\u00eb lavdishme detare. Un\u00eb, n\u00eb librin tim \u201cKalaja, legjend\u00eb dhe art\u201d, por edhe m\u00eb von\u00eb n\u00eb revista t\u00eb ndryshme, kam shkruar p\u00ebr disa figura t\u00eb cilat kan\u00eb l\u00ebn\u00eb gjurm\u00eb n\u00eb trash\u00ebgimin\u00eb ton\u00eb, n\u00eb kultur\u00ebn ton\u00eb dhe n\u00eb jet\u00ebn ton\u00eb. Mendoj se edhe babai im gjendet n\u00eb mesin e tyre dhe prandaj, k\u00ebta padyshim meritojn\u00eb t\u00eb sh\u00ebnohen dhe t\u00eb mos harrohen kurr\u00eb.<\/p>\n<p><strong>Ismet Karamanaga <\/strong><\/p>\n<p><strong>Koha Javore<\/strong><\/p>\n","protected":false},"excerpt":{"rendered":"<p>Familjet detare t\u00eb Ulqinit Detaria ulqinake e ka historikun e vet mjaft t\u00eb pasur. Kjo edhe mb\u00ebshtetet n\u00eb shum\u00eb dokumente, ku b\u00ebhet fjal\u00eb lidhur me flot\u00ebn tregtare, t\u00eb cil\u00ebn, gjat\u00eb shekujsh, Ulqinin e b\u00ebri t\u00eb njohur n\u00ebp\u00ebr shum\u00eb limane dhe dete t\u00eb Adriatikut, t\u00eb Jonit, t\u00eb Mesdheut dhe m\u00eb gjer\u00eb. E v\u00ebrteta \u00ebsht\u00eb se deri [&hellip;]<\/p>\n","protected":false},"author":1,"featured_media":0,"comment_status":"closed","ping_status":"closed","sticky":false,"template":"","format":"standard","meta":{"spay_email":"","jetpack_publicize_message":"","jetpack_is_tweetstorm":false,"jetpack_publicize_feature_enabled":true},"categories":[13],"tags":[],"jetpack_publicize_connections":[],"yoast_head":"<!-- This site is optimized with the Yoast SEO plugin v19.1 - https:\/\/yoast.com\/wordpress\/plugins\/seo\/ -->\n<title>Kapedani Hasan Cano Karamanaga - Lajme nga Ulqini<\/title>\n<meta name=\"description\" content=\"Familjet detare t\u00eb Ulqinit Detaria ulqinake e ka historikun e vet mjaft t\u00eb pasur. Kjo edhe mb\u00ebshtetet n\u00eb shum\u00eb dokumente, ku b\u00ebhet fjal\u00eb lidhur me flot\u00ebn\" \/>\n<meta name=\"robots\" content=\"index, follow, max-snippet:-1, max-image-preview:large, max-video-preview:-1\" \/>\n<link rel=\"canonical\" href=\"https:\/\/www.visit-ulcinj.com\/blog\/2014\/07\/04\/kapedani-hasan-cano-karamanaga\/\" \/>\n<meta property=\"og:locale\" content=\"en_US\" \/>\n<meta property=\"og:type\" content=\"article\" \/>\n<meta property=\"og:title\" content=\"Kapedani Hasan Cano Karamanaga - Lajme nga Ulqini\" \/>\n<meta property=\"og:description\" content=\"Familjet detare t\u00eb Ulqinit Detaria ulqinake e ka historikun e vet mjaft t\u00eb pasur. Kjo edhe mb\u00ebshtetet n\u00eb shum\u00eb dokumente, ku b\u00ebhet fjal\u00eb lidhur me flot\u00ebn\" \/>\n<meta property=\"og:url\" content=\"https:\/\/www.visit-ulcinj.com\/blog\/2014\/07\/04\/kapedani-hasan-cano-karamanaga\/\" \/>\n<meta property=\"og:site_name\" content=\"Lajme nga Ulqini\" \/>\n<meta property=\"article:published_time\" content=\"2014-07-04T16:55:01+00:00\" \/>\n<meta property=\"og:image\" content=\"http:\/\/www.visit-ulcinj.com\/blog\/wp-content\/uploads\/2014\/07\/Detaria-e-Ulqinit-1.jpg\" \/>\n<meta name=\"twitter:label1\" content=\"Written by\" \/>\n\t<meta name=\"twitter:data1\" content=\"ulqini\" \/>\n\t<meta name=\"twitter:label2\" content=\"Est. reading time\" \/>\n\t<meta name=\"twitter:data2\" content=\"6 minutes\" \/>\n<script type=\"application\/ld+json\" class=\"yoast-schema-graph\">{\"@context\":\"https:\/\/schema.org\",\"@graph\":[{\"@type\":\"WebSite\",\"@id\":\"https:\/\/www.visit-ulcinj.com\/blog\/#website\",\"url\":\"https:\/\/www.visit-ulcinj.com\/blog\/\",\"name\":\"Lajme nga Ulqini\",\"description\":\"Lajme,Vijesti,Ulqini,Ulqin,Crna Gora,Mali i Zi\",\"potentialAction\":[{\"@type\":\"SearchAction\",\"target\":{\"@type\":\"EntryPoint\",\"urlTemplate\":\"https:\/\/www.visit-ulcinj.com\/blog\/?s={search_term_string}\"},\"query-input\":\"required name=search_term_string\"}],\"inLanguage\":\"en-US\"},{\"@type\":\"ImageObject\",\"inLanguage\":\"en-US\",\"@id\":\"https:\/\/www.visit-ulcinj.com\/blog\/2014\/07\/04\/kapedani-hasan-cano-karamanaga\/#primaryimage\",\"url\":\"https:\/\/www.visit-ulcinj.com\/blog\/wp-content\/uploads\/2014\/07\/Detaria-e-Ulqinit-1.jpg\",\"contentUrl\":\"https:\/\/www.visit-ulcinj.com\/blog\/wp-content\/uploads\/2014\/07\/Detaria-e-Ulqinit-1.jpg\",\"width\":798,\"height\":527},{\"@type\":\"WebPage\",\"@id\":\"https:\/\/www.visit-ulcinj.com\/blog\/2014\/07\/04\/kapedani-hasan-cano-karamanaga\/#webpage\",\"url\":\"https:\/\/www.visit-ulcinj.com\/blog\/2014\/07\/04\/kapedani-hasan-cano-karamanaga\/\",\"name\":\"Kapedani Hasan Cano Karamanaga - Lajme nga Ulqini\",\"isPartOf\":{\"@id\":\"https:\/\/www.visit-ulcinj.com\/blog\/#website\"},\"primaryImageOfPage\":{\"@id\":\"https:\/\/www.visit-ulcinj.com\/blog\/2014\/07\/04\/kapedani-hasan-cano-karamanaga\/#primaryimage\"},\"datePublished\":\"2014-07-04T16:55:01+00:00\",\"dateModified\":\"2014-07-04T16:55:01+00:00\",\"author\":{\"@id\":\"https:\/\/www.visit-ulcinj.com\/blog\/#\/schema\/person\/dcab619c614d3038751c63bc2aadc06d\"},\"description\":\"Familjet detare t\u00eb Ulqinit Detaria ulqinake e ka historikun e vet mjaft t\u00eb pasur. Kjo edhe mb\u00ebshtetet n\u00eb shum\u00eb dokumente, ku b\u00ebhet fjal\u00eb lidhur me flot\u00ebn\",\"breadcrumb\":{\"@id\":\"https:\/\/www.visit-ulcinj.com\/blog\/2014\/07\/04\/kapedani-hasan-cano-karamanaga\/#breadcrumb\"},\"inLanguage\":\"en-US\",\"potentialAction\":[{\"@type\":\"ReadAction\",\"target\":[\"https:\/\/www.visit-ulcinj.com\/blog\/2014\/07\/04\/kapedani-hasan-cano-karamanaga\/\"]}]},{\"@type\":\"BreadcrumbList\",\"@id\":\"https:\/\/www.visit-ulcinj.com\/blog\/2014\/07\/04\/kapedani-hasan-cano-karamanaga\/#breadcrumb\",\"itemListElement\":[{\"@type\":\"ListItem\",\"position\":1,\"name\":\"Kapedani Hasan Cano Karamanaga\"}]},{\"@type\":\"Person\",\"@id\":\"https:\/\/www.visit-ulcinj.com\/blog\/#\/schema\/person\/dcab619c614d3038751c63bc2aadc06d\",\"name\":\"ulqini\",\"sameAs\":[\"http:\/\/www.visit-ulcinj.com\"],\"url\":\"https:\/\/www.visit-ulcinj.com\/blog\/author\/admin\/\"}]}<\/script>\n<!-- \/ Yoast SEO plugin. -->","yoast_head_json":{"title":"Kapedani Hasan Cano Karamanaga - Lajme nga Ulqini","description":"Familjet detare t\u00eb Ulqinit Detaria ulqinake e ka historikun e vet mjaft t\u00eb pasur. Kjo edhe mb\u00ebshtetet n\u00eb shum\u00eb dokumente, ku b\u00ebhet fjal\u00eb lidhur me flot\u00ebn","robots":{"index":"index","follow":"follow","max-snippet":"max-snippet:-1","max-image-preview":"max-image-preview:large","max-video-preview":"max-video-preview:-1"},"canonical":"https:\/\/www.visit-ulcinj.com\/blog\/2014\/07\/04\/kapedani-hasan-cano-karamanaga\/","og_locale":"en_US","og_type":"article","og_title":"Kapedani Hasan Cano Karamanaga - Lajme nga Ulqini","og_description":"Familjet detare t\u00eb Ulqinit Detaria ulqinake e ka historikun e vet mjaft t\u00eb pasur. Kjo edhe mb\u00ebshtetet n\u00eb shum\u00eb dokumente, ku b\u00ebhet fjal\u00eb lidhur me flot\u00ebn","og_url":"https:\/\/www.visit-ulcinj.com\/blog\/2014\/07\/04\/kapedani-hasan-cano-karamanaga\/","og_site_name":"Lajme nga Ulqini","article_published_time":"2014-07-04T16:55:01+00:00","og_image":[{"url":"http:\/\/www.visit-ulcinj.com\/blog\/wp-content\/uploads\/2014\/07\/Detaria-e-Ulqinit-1.jpg"}],"twitter_misc":{"Written by":"ulqini","Est. reading time":"6 minutes"},"schema":{"@context":"https:\/\/schema.org","@graph":[{"@type":"WebSite","@id":"https:\/\/www.visit-ulcinj.com\/blog\/#website","url":"https:\/\/www.visit-ulcinj.com\/blog\/","name":"Lajme nga Ulqini","description":"Lajme,Vijesti,Ulqini,Ulqin,Crna Gora,Mali i Zi","potentialAction":[{"@type":"SearchAction","target":{"@type":"EntryPoint","urlTemplate":"https:\/\/www.visit-ulcinj.com\/blog\/?s={search_term_string}"},"query-input":"required name=search_term_string"}],"inLanguage":"en-US"},{"@type":"ImageObject","inLanguage":"en-US","@id":"https:\/\/www.visit-ulcinj.com\/blog\/2014\/07\/04\/kapedani-hasan-cano-karamanaga\/#primaryimage","url":"https:\/\/www.visit-ulcinj.com\/blog\/wp-content\/uploads\/2014\/07\/Detaria-e-Ulqinit-1.jpg","contentUrl":"https:\/\/www.visit-ulcinj.com\/blog\/wp-content\/uploads\/2014\/07\/Detaria-e-Ulqinit-1.jpg","width":798,"height":527},{"@type":"WebPage","@id":"https:\/\/www.visit-ulcinj.com\/blog\/2014\/07\/04\/kapedani-hasan-cano-karamanaga\/#webpage","url":"https:\/\/www.visit-ulcinj.com\/blog\/2014\/07\/04\/kapedani-hasan-cano-karamanaga\/","name":"Kapedani Hasan Cano Karamanaga - Lajme nga Ulqini","isPartOf":{"@id":"https:\/\/www.visit-ulcinj.com\/blog\/#website"},"primaryImageOfPage":{"@id":"https:\/\/www.visit-ulcinj.com\/blog\/2014\/07\/04\/kapedani-hasan-cano-karamanaga\/#primaryimage"},"datePublished":"2014-07-04T16:55:01+00:00","dateModified":"2014-07-04T16:55:01+00:00","author":{"@id":"https:\/\/www.visit-ulcinj.com\/blog\/#\/schema\/person\/dcab619c614d3038751c63bc2aadc06d"},"description":"Familjet detare t\u00eb Ulqinit Detaria ulqinake e ka historikun e vet mjaft t\u00eb pasur. Kjo edhe mb\u00ebshtetet n\u00eb shum\u00eb dokumente, ku b\u00ebhet fjal\u00eb lidhur me flot\u00ebn","breadcrumb":{"@id":"https:\/\/www.visit-ulcinj.com\/blog\/2014\/07\/04\/kapedani-hasan-cano-karamanaga\/#breadcrumb"},"inLanguage":"en-US","potentialAction":[{"@type":"ReadAction","target":["https:\/\/www.visit-ulcinj.com\/blog\/2014\/07\/04\/kapedani-hasan-cano-karamanaga\/"]}]},{"@type":"BreadcrumbList","@id":"https:\/\/www.visit-ulcinj.com\/blog\/2014\/07\/04\/kapedani-hasan-cano-karamanaga\/#breadcrumb","itemListElement":[{"@type":"ListItem","position":1,"name":"Kapedani Hasan Cano Karamanaga"}]},{"@type":"Person","@id":"https:\/\/www.visit-ulcinj.com\/blog\/#\/schema\/person\/dcab619c614d3038751c63bc2aadc06d","name":"ulqini","sameAs":["http:\/\/www.visit-ulcinj.com"],"url":"https:\/\/www.visit-ulcinj.com\/blog\/author\/admin\/"}]}},"jetpack_featured_media_url":"","jetpack_sharing_enabled":true,"jetpack_shortlink":"https:\/\/wp.me\/pe6lTn-lN9","_links":{"self":[{"href":"https:\/\/www.visit-ulcinj.com\/blog\/wp-json\/wp\/v2\/posts\/83771"}],"collection":[{"href":"https:\/\/www.visit-ulcinj.com\/blog\/wp-json\/wp\/v2\/posts"}],"about":[{"href":"https:\/\/www.visit-ulcinj.com\/blog\/wp-json\/wp\/v2\/types\/post"}],"author":[{"embeddable":true,"href":"https:\/\/www.visit-ulcinj.com\/blog\/wp-json\/wp\/v2\/users\/1"}],"replies":[{"embeddable":true,"href":"https:\/\/www.visit-ulcinj.com\/blog\/wp-json\/wp\/v2\/comments?post=83771"}],"version-history":[{"count":1,"href":"https:\/\/www.visit-ulcinj.com\/blog\/wp-json\/wp\/v2\/posts\/83771\/revisions"}],"predecessor-version":[{"id":83777,"href":"https:\/\/www.visit-ulcinj.com\/blog\/wp-json\/wp\/v2\/posts\/83771\/revisions\/83777"}],"wp:attachment":[{"href":"https:\/\/www.visit-ulcinj.com\/blog\/wp-json\/wp\/v2\/media?parent=83771"}],"wp:term":[{"taxonomy":"category","embeddable":true,"href":"https:\/\/www.visit-ulcinj.com\/blog\/wp-json\/wp\/v2\/categories?post=83771"},{"taxonomy":"post_tag","embeddable":true,"href":"https:\/\/www.visit-ulcinj.com\/blog\/wp-json\/wp\/v2\/tags?post=83771"}],"curies":[{"name":"wp","href":"https:\/\/api.w.org\/{rel}","templated":true}]}}