{"id":83801,"date":"2014-07-04T19:32:31","date_gmt":"2014-07-04T18:32:31","guid":{"rendered":"http:\/\/www.visit-ulcinj.com\/blog\/?p=83801"},"modified":"2014-07-06T14:52:50","modified_gmt":"2014-07-06T13:52:50","slug":"nika-ja-perse-rruges-magjistrale-sukubine-ulqin-nuk-ben-ti-vehet-emri-mehmet-bardhi","status":"publish","type":"post","link":"https:\/\/www.visit-ulcinj.com\/blog\/2014\/07\/04\/nika-ja-perse-rruges-magjistrale-sukubine-ulqin-nuk-ben-ti-vehet-emri-mehmet-bardhi\/","title":{"rendered":"Nika: Ja p\u00ebrse rrug\u00ebs  magjistrale  Sukubin\u00eb-Ulqin nuk b\u00ebn ti vehet emri &#8220;Mehmet Bardhi&#8221;"},"content":{"rendered":"<p><strong><a href=\"http:\/\/www.visit-ulcinj.com\/blog\/wp-content\/uploads\/2014\/07\/Muhamet-Nika.jpg\"><img loading=\"lazy\" class=\"alignleft size-full wp-image-83802\" alt=\"Muhamet-Nika\" src=\"http:\/\/www.visit-ulcinj.com\/blog\/wp-content\/uploads\/2014\/07\/Muhamet-Nika.jpg\" width=\"196\" height=\"221\" \/><\/a>Pak histori p\u00ebr nj\u00eb komision q\u00eb drejtoi Bardhi&#8230;.<\/strong><\/p>\n<p><b>Shkruan: \u00a0Muhamet Nika<\/b><\/p>\n<p>Edhe pse pak kush apo askush nuk ia v\u00eb\u00a0 veshin seriozisht \u00a0k\u00ebtij propozimi megjith\u00eb ate pasi kemi koh\u00eb n\u00eb dispozicion ia vlen\u00eb\u00a0 t\u00eb shjtojm\u00eb si m\u00eb posht\u00eb.<\/p>\n<p>Mendoj q\u00eb tash n\u00eb shekullin 21, \u00a0\u00a0historia \u00a0ve\u00e7\u00a0 e ka zgjedh n\u00eb m\u00ebnyren e vet \u00a0\u00e7\u00ebshtjen e p\u00ebrjet\u00ebsimit t\u00eb\u00a0 vepr\u00ebs dhe pun\u00ebs s\u00eb\u00a0 shum\u00eb personave dhe personaliteteve t\u00eb organizimit politik t\u00eb viteve\u00a0 90\u00a0 k\u00ebtu n\u00eb Ulqin. Andaj\u00a0 puna e vepr\u00ebs s\u00eb tyre nuk ka pse t\u00eb jet\u00eb ngarkes\u00eb me t\u00eb cil\u00ebn duhet t\u00eb merremi ne, ose gjeneratat q\u00eb do vijn\u00eb , ashtu \u00a0ngjash\u00ebm \u00a0si\u00e7 ndodhi, me at\u00eb t\u00eb\u00a0 sistemit t\u00eb kaluar.<\/p>\n<p>Fundi i fundit, Bardhit edhe nuk i kemi mbetur borxh n\u00eb k\u00ebt\u00eb \u00e7\u00ebshtje. Cekim k\u00ebtu, q\u00eb \u00a0deri sa ai vet\u00eb ishte kryetar i Komisionit p\u00ebr Em\u00ebrtimin e Shesheve dhe Rrug\u00ebve n\u00eb Komun\u00ebn e Ulqinit, \u00a0fjala bie, u p\u00ebrkujdes \u00a0me t\u00eb madhe, q\u00eb rruga e cila t\u00eb \u00e7on prej pazarit e deri t\u00eb sht\u00ebpia e tij, n\u00eb Ulqin, t\u00eb quhet Rruga \u00a022 Dhjetori&#8230;. Sot pak kush e di, q\u00eb ky \u00a0em\u00ebr , k\u00ebsaj rruge, \u00a0iu dha n\u00eb shenj\u00eb, \u00a0t\u00eb p\u00ebrkujtimit t\u00eb dit\u00ebs kur Bardhi, u zgjodh kryetar i Komun\u00eb s\u00eb Ulqinit, m\u00eb 22dhjetor 1990), duke u ulur k\u00ebshtu, n\u00eb fotel\u00ebn e par\u00eb t\u00eb qytetit t\u00eb Ulqinit&#8230;.?!!! Nd\u00ebrsa rruga e cila aktualisht propozohet t\u00eb emrohet me emrin e tij, nga Katerkolla deri n\u00eb Sukobin\u00eb- si magjistrale, jo pa q\u00ebllim u\u00a0 emrua n\u00eb kuvend- Rruga e Shkodr\u00ebs (k\u00ebt\u00eb propozim n\u00ebse nuk gabohem e dha\u00a0 Rexhep Koka, kuptohet n\u00eb nj\u00eb mbledhje partie&#8230;. )?! Propozimi ishte me vend dhe i q\u00eblluar, p\u00ebr t\u00eb b\u00ebr\u00eb nd\u00ebrrimin eventual t\u00eb rruges , sipas ligjit, vendimi duhet t\u00eb dal\u00eb nga Kuvendet e Bashk\u00ebsive Lokale q\u00eb gravitojn\u00eb n\u00eb k\u00ebt\u00eb rrug\u00eb dhe t\u00eb miratohet me shumic\u00eb nga KK Ulqin. N\u00eb k\u00ebt\u00eb situat\u00eb, kur Ld n\u00eb Mz, garoi e vetme n\u00eb zgjedhje duke mos fituar asnj\u00eb kandidat, si duket \u00ebsht\u00eb tep\u00ebr e v\u00ebshtir\u00eb q\u00eb ky propozim i Tahir Tahirit t\u00eb kaloj\u00eb n\u00eb kuvendet e bashk\u00ebsive lokale dhe m\u00eb pas\u00a0 ai t\u00eb votohet n\u00eb Kuvend t\u00eb Ulqinit.<\/p>\n<p>Duke iu k\u00ebthyer pun\u00ebs s\u00eb ish komisionit t\u00eb Bardhit, i cili b\u00ebri nd\u00ebrrimin e emrave ideologjik t\u00eb rrug\u00ebve t\u00eb qytetit,\u00a0 shtojm\u00eb q\u00eb n\u00eb koh\u00ebn e tij , \u00a0pati edhe propozime, \u00a0q\u00eb nj\u00ebra nga rrug\u00ebt kryesore t\u00eb qytetit t\u00eb quhej \u201cRruga e Krajl Nikoll\u00ebs\u201d, propozimin e b\u00ebri , K\u00ebshilltari i Udsh-s\u00eb, Ded\u00eb Zadrima, por q\u00eb desh zoti e nuk kaloi. \u00a0Ose edhe ai \u00a0tjetri, si \u201cRruga e Kshtejave\u201d, \u00a0q\u00eb u propozua p\u00ebr nj\u00ebr\u00ebn nga rrug\u00ebt nga vet\u00eb Bardhi- \u00a0mir\u00ebpo n\u00eb parti, nuk kaloi, sepse\u00a0 u tha\u00a0 q\u00eb\u201c Pasi t\u00eb asocon n\u00eb vendlindjen \u00a0e \u00a0zotit Bardhi, \u00a0si i till\u00eb nuk iu propozohet \u00a0Kuvendit. Fjala ishte p\u00ebr rrug\u00ebn q\u00eb t\u00eb \u00e7on t\u00eb pylli i g\u00ebshtenjsve n\u00eb nj\u00eb kod\u00ebr t\u00eb qytetit.<\/p>\n<p>Nga propozimet tjera , t\u00eb\u00a0\u00a0 marra, \u00a0\u00a0q\u00eb komisioni ia propozoi \u00a0Kuvendit dhe q\u00eb kuvend e miratoi ishte edhe rasti i\u00a0 emrit \u00a0t\u00eb rrug\u00ebs- \u201cRruga Kosova\u201d- te komuna, ku q\u00ebndruan refugjat\u00ebt e luft\u00ebs s\u00eb Kosov\u00ebs. P\u00ebr k\u00ebt\u00eb em\u00ebr, \u00a0u ankua k\u00ebshilltari serb Bozhidar Jashoviq (SNP) me fjal\u00ebt se ky em\u00ebr fyen serb\u00ebt&#8230;, kurse Bardhi , nga ana e tij, \u00a0sqaroi\u201dse ky propozim i p\u00ebrfshin\u00eb edhe serb\u00ebt,\u00a0 nga se komisioni n\u00eb te sheh jovet\u00ebm luft\u00ebn n\u00eb Kosov\u00eb po edhe mitin e Betej\u00ebs s\u00eb Kosov\u00ebs\u00a0 &#8230;(?!!!) Ky koment i imi \u00ebsht\u00eb m\u00eb se i sakt (ekzakt)&#8230;.?!!!\u00a0 Nga nj\u00eb her\u00eb \u00a0\u00a0si\u00a0 duket ,\u00a0 edhe vet\u00eb ajo e cila n\u00eb k\u00ebto em\u00ebrtime \u00a0na duket e mir\u00eb e ka hilen \u00a0dhe faqen e zez\u00eb tonen brenda . Po shtojm\u00eb se p\u00ebr\u00a0 k\u00ebto mosmarr\u00ebveshje p\u00ebr k\u00ebt\u00eb mit tash 500 vjet\u00eb po vritemi me serb dhe me turq.<\/p>\n<p><strong>P\u00ebrse edhe DPS e p\u00ebrkrahu nd\u00ebrrimin e emrave<\/strong><\/p>\n<p>\u00c7\u00ebsht\u00eb e v\u00ebrteta \u00a0pasi p\u00ebr nd\u00ebrrimin e emrave t\u00eb shasheve dhe rrug\u00ebve , at\u00ebher\u00eb dhe sot, duheshin 2\/3 e\u00a0 k\u00ebshilltar\u00ebve n\u00eb kuvend , num\u00ebr ky q\u00eb nuk e kishin partit\u00eb nacionale,\u00a0 p\u00ebr t\u00eb kaluar ato , u\u00a0 b\u00eb edhe p\u00ebrkrahja e DPS-s\u00eb, si parti n\u00eb pushtet. Mirpo nuk mund t\u00eb l\u00eb pa th\u00ebn\u00eb, se gjat\u00eb nj\u00eb dueli t\u00eb Bardhit, me k\u00ebshilltarin Ilmo Dervishi, ai ceku q\u00eb em\u00ebrtimi i ri , po b\u00ebhet\u00a0 edhe me p\u00eblqimin e kreut t\u00eb Malit t\u00eb Zi dhe se shteti duhet t\u00eb na kompenzoj\u00eb at pun\u00eb , mund \u00a0e kontribut, q\u00eb kemi b\u00ebr\u00eb ne si shqiptar\u00eb\u00a0 gjat\u00eb nj\u00eb vizite \u00a0n\u00eb Vashington me nj\u00eb delegacion t\u00eb Malit\u00a0 t\u00eb Zi . Kuptohet bashk\u00eb me Dinoshen,e \u00e7far\u00eb \u00a0mund t\u00eb ken\u00eb hy n\u00eb pun\u00eb atje, nuk \u00ebsht\u00eb v\u00ebshtir\u00eb t\u00eb q\u00ebllohet?!!!<\/p>\n<p>Duke e ditur , q\u00eb propozimet e tilla\u00a0 p\u00ebr em\u00ebrtimin e shesheve dhe rrugve, ishin n\u00eb kund\u00ebrshtim me ligjin dhe\u00a0 me Kart\u00ebn Evropiane t\u00eb Em\u00ebrtimit t\u00eb Shesheve dhe Rrug\u00ebve,\u00a0 me ankes\u00eb t\u00eb klubit t\u00eb SNP-s\u00eb, gjykata i hodhi posht\u00eb t\u00eb gjitha em\u00ebrtimet e b\u00ebra nga kuvendi i Ulqinit dhe aktualisht rruget i bie t\u00eb jen\u00eb pa emra kurse n\u00eb fuqi vazhdojn\u00eb t\u00eb\u00a0 mbesin emrat e vjet\u00ebr .<\/p>\n<p>Personalisht nuk i kuptoj q\u00ebllimet dhe arsyet e hedhjes s\u00eb mendimeve t\u00eb tilla \u00a0n\u00eb er\u00eb, p\u00ebrve\u00e7\u00a0 n\u00ebse k\u00ebt\u00eb mundohemi ta kuptojm\u00eb sipas \u00a0fjal\u00ebs s\u00eb urt\u00eb popullore , t\u00eb cil\u00ebn e \u00a0pat th\u00ebn\u00eb dikur Nasradini , q\u00eb \u00a0\u00a0\u00ebshte ; \u201cKur nuk ke pun\u00eb luj der\u00ebn&#8230;\u201d Tjet\u00ebr, po t\u00eb ndiqet\u00a0 kjo\u00a0 logjik\u00eb e em\u00ebrtimit t\u00eb rrug\u00ebve dhe shesheve, ka mund\u00ebsi q\u00eb nes\u00ebr, dikush t\u00eb kujtoj\u00eb, \u00a0se\u00a0 ashtu si u p\u00ebrjet\u00ebsua \u00a0emri i kryetarit t\u00eb par\u00eb\u00a0 historik \u00a0t\u00eb Lidhjes (Alfa dhe Omega&#8230;..), at\u00eb her\u00eb ngjajsh\u00ebm do t\u00eb duhej t\u00eb q\u00ebndroj puna edhe\u00a0 me emrin e kryetarit t\u00eb par\u00eb t\u00eb K\u00ebshillit\u00a0 Komb\u00ebtar q\u00eb \u00ebsht\u00eb edhe propozues\u00a0 i em\u00ebrtimit &#8230;?! Se thot\u00eb kot fjala e urt\u00eb \u201cHidhe n\u00eb det\u00eb se e gjen\u00eb n\u00eb krip\u00eb\u201d?!!<\/p>\n<p>Duke iu kthyer mendimit t\u00eb fillimit( pun\u00ebs s\u00eb historis\u00eb)&#8230;., praktika e shekullit q\u00eb po jetojm\u00eb, praktikon q\u00eb emrat e rrug\u00ebve t\u00eb jen\u00eb numerike, por njihen edhe p\u00ebrvojat q\u00eb emrat e rrug\u00ebve \u00a0mund t\u00eb blehen p\u00ebr nj\u00eb koh\u00eb t\u00eb caktuar. K\u00ebshtu fjala bie, t\u00eb gjith\u00eb ata t\u00eb cil\u00ebt , mund t\u00eb ken\u00eb nostalgji p\u00ebr koh\u00ebn e Bardhit \u00a0\u201cme shok\u201d, mund t\u00eb grumbullojn\u00eb nj\u00eb shum\u00eb t\u00eb konsiderueshme parash dhe me ta, \u00a0tia v\u00ebjn\u00eb p\u00ebr nj\u00eb koh\u00eb t\u00eb caktuar emrin e rrug\u00ebs ashtu sipas d\u00ebshir\u00ebs s\u00eb tzre. Me k\u00ebt\u00eb , kuptohet\u00a0 se\u00a0 pasurohet edhe vet\u00eb fondi i komun\u00ebs.<\/p>\n","protected":false},"excerpt":{"rendered":"<p>Pak histori p\u00ebr nj\u00eb komision q\u00eb drejtoi Bardhi&#8230;. Shkruan: \u00a0Muhamet Nika Edhe pse pak kush apo askush nuk ia v\u00eb\u00a0 veshin seriozisht \u00a0k\u00ebtij propozimi megjith\u00eb ate pasi kemi koh\u00eb n\u00eb dispozicion ia vlen\u00eb\u00a0 t\u00eb shjtojm\u00eb si m\u00eb posht\u00eb. Mendoj q\u00eb tash n\u00eb shekullin 21, \u00a0\u00a0historia \u00a0ve\u00e7\u00a0 e ka zgjedh n\u00eb m\u00ebnyren e vet \u00a0\u00e7\u00ebshtjen e [&hellip;]<\/p>\n","protected":false},"author":1,"featured_media":0,"comment_status":"closed","ping_status":"closed","sticky":false,"template":"","format":"standard","meta":{"spay_email":"","jetpack_publicize_message":"","jetpack_is_tweetstorm":false,"jetpack_publicize_feature_enabled":true},"categories":[4,6950],"tags":[],"jetpack_publicize_connections":[],"yoast_head":"<!-- This site is optimized with the Yoast SEO plugin v19.1 - https:\/\/yoast.com\/wordpress\/plugins\/seo\/ -->\n<title>Nika: Ja p\u00ebrse rrug\u00ebs magjistrale Sukubin\u00eb-Ulqin nuk b\u00ebn ti vehet emri &quot;Mehmet Bardhi&quot; - Lajme nga Ulqini<\/title>\n<meta name=\"description\" content=\"Pak histori p\u00ebr nj\u00eb komision q\u00eb drejtoi Bardhi.... Shkruan: \u00a0Muhamet Nika Edhe pse pak kush apo askush nuk ia v\u00eb\u00a0 veshin seriozisht \u00a0k\u00ebtij propozimi\" \/>\n<meta name=\"robots\" content=\"index, follow, max-snippet:-1, max-image-preview:large, max-video-preview:-1\" \/>\n<link rel=\"canonical\" href=\"https:\/\/www.visit-ulcinj.com\/blog\/2014\/07\/04\/nika-ja-perse-rruges-magjistrale-sukubine-ulqin-nuk-ben-ti-vehet-emri-mehmet-bardhi\/\" \/>\n<meta property=\"og:locale\" content=\"en_US\" \/>\n<meta property=\"og:type\" content=\"article\" \/>\n<meta property=\"og:title\" content=\"Nika: Ja p\u00ebrse rrug\u00ebs magjistrale Sukubin\u00eb-Ulqin nuk b\u00ebn ti vehet emri &quot;Mehmet Bardhi&quot; - Lajme nga Ulqini\" \/>\n<meta property=\"og:description\" content=\"Pak histori p\u00ebr nj\u00eb komision q\u00eb drejtoi Bardhi.... Shkruan: \u00a0Muhamet Nika Edhe pse pak kush apo askush nuk ia v\u00eb\u00a0 veshin seriozisht \u00a0k\u00ebtij propozimi\" \/>\n<meta property=\"og:url\" content=\"https:\/\/www.visit-ulcinj.com\/blog\/2014\/07\/04\/nika-ja-perse-rruges-magjistrale-sukubine-ulqin-nuk-ben-ti-vehet-emri-mehmet-bardhi\/\" \/>\n<meta property=\"og:site_name\" content=\"Lajme nga Ulqini\" \/>\n<meta property=\"article:published_time\" content=\"2014-07-04T18:32:31+00:00\" \/>\n<meta property=\"article:modified_time\" content=\"2014-07-06T13:52:50+00:00\" \/>\n<meta property=\"og:image\" content=\"http:\/\/www.visit-ulcinj.com\/blog\/wp-content\/uploads\/2014\/07\/Muhamet-Nika.jpg\" \/>\n<meta name=\"twitter:label1\" content=\"Written by\" \/>\n\t<meta name=\"twitter:data1\" content=\"ulqini\" \/>\n\t<meta name=\"twitter:label2\" content=\"Est. reading time\" \/>\n\t<meta name=\"twitter:data2\" content=\"6 minutes\" \/>\n<script type=\"application\/ld+json\" class=\"yoast-schema-graph\">{\"@context\":\"https:\/\/schema.org\",\"@graph\":[{\"@type\":\"WebSite\",\"@id\":\"https:\/\/www.visit-ulcinj.com\/blog\/#website\",\"url\":\"https:\/\/www.visit-ulcinj.com\/blog\/\",\"name\":\"Lajme nga Ulqini\",\"description\":\"Lajme,Vijesti,Ulqini,Ulqin,Crna Gora,Mali i Zi\",\"potentialAction\":[{\"@type\":\"SearchAction\",\"target\":{\"@type\":\"EntryPoint\",\"urlTemplate\":\"https:\/\/www.visit-ulcinj.com\/blog\/?s={search_term_string}\"},\"query-input\":\"required name=search_term_string\"}],\"inLanguage\":\"en-US\"},{\"@type\":\"ImageObject\",\"inLanguage\":\"en-US\",\"@id\":\"https:\/\/www.visit-ulcinj.com\/blog\/2014\/07\/04\/nika-ja-perse-rruges-magjistrale-sukubine-ulqin-nuk-ben-ti-vehet-emri-mehmet-bardhi\/#primaryimage\",\"url\":\"https:\/\/www.visit-ulcinj.com\/blog\/wp-content\/uploads\/2014\/07\/Muhamet-Nika.jpg\",\"contentUrl\":\"https:\/\/www.visit-ulcinj.com\/blog\/wp-content\/uploads\/2014\/07\/Muhamet-Nika.jpg\",\"width\":196,\"height\":221},{\"@type\":\"WebPage\",\"@id\":\"https:\/\/www.visit-ulcinj.com\/blog\/2014\/07\/04\/nika-ja-perse-rruges-magjistrale-sukubine-ulqin-nuk-ben-ti-vehet-emri-mehmet-bardhi\/#webpage\",\"url\":\"https:\/\/www.visit-ulcinj.com\/blog\/2014\/07\/04\/nika-ja-perse-rruges-magjistrale-sukubine-ulqin-nuk-ben-ti-vehet-emri-mehmet-bardhi\/\",\"name\":\"Nika: Ja p\u00ebrse rrug\u00ebs magjistrale Sukubin\u00eb-Ulqin nuk b\u00ebn ti vehet emri \\\"Mehmet Bardhi\\\" - Lajme nga Ulqini\",\"isPartOf\":{\"@id\":\"https:\/\/www.visit-ulcinj.com\/blog\/#website\"},\"primaryImageOfPage\":{\"@id\":\"https:\/\/www.visit-ulcinj.com\/blog\/2014\/07\/04\/nika-ja-perse-rruges-magjistrale-sukubine-ulqin-nuk-ben-ti-vehet-emri-mehmet-bardhi\/#primaryimage\"},\"datePublished\":\"2014-07-04T18:32:31+00:00\",\"dateModified\":\"2014-07-06T13:52:50+00:00\",\"author\":{\"@id\":\"https:\/\/www.visit-ulcinj.com\/blog\/#\/schema\/person\/dcab619c614d3038751c63bc2aadc06d\"},\"description\":\"Pak histori p\u00ebr nj\u00eb komision q\u00eb drejtoi Bardhi.... Shkruan: \u00a0Muhamet Nika Edhe pse pak kush apo askush nuk ia v\u00eb\u00a0 veshin seriozisht \u00a0k\u00ebtij propozimi\",\"breadcrumb\":{\"@id\":\"https:\/\/www.visit-ulcinj.com\/blog\/2014\/07\/04\/nika-ja-perse-rruges-magjistrale-sukubine-ulqin-nuk-ben-ti-vehet-emri-mehmet-bardhi\/#breadcrumb\"},\"inLanguage\":\"en-US\",\"potentialAction\":[{\"@type\":\"ReadAction\",\"target\":[\"https:\/\/www.visit-ulcinj.com\/blog\/2014\/07\/04\/nika-ja-perse-rruges-magjistrale-sukubine-ulqin-nuk-ben-ti-vehet-emri-mehmet-bardhi\/\"]}]},{\"@type\":\"BreadcrumbList\",\"@id\":\"https:\/\/www.visit-ulcinj.com\/blog\/2014\/07\/04\/nika-ja-perse-rruges-magjistrale-sukubine-ulqin-nuk-ben-ti-vehet-emri-mehmet-bardhi\/#breadcrumb\",\"itemListElement\":[{\"@type\":\"ListItem\",\"position\":1,\"name\":\"Nika: Ja p\u00ebrse rrug\u00ebs magjistrale Sukubin\u00eb-Ulqin nuk b\u00ebn ti vehet emri &#8220;Mehmet Bardhi&#8221;\"}]},{\"@type\":\"Person\",\"@id\":\"https:\/\/www.visit-ulcinj.com\/blog\/#\/schema\/person\/dcab619c614d3038751c63bc2aadc06d\",\"name\":\"ulqini\",\"sameAs\":[\"http:\/\/www.visit-ulcinj.com\"],\"url\":\"https:\/\/www.visit-ulcinj.com\/blog\/author\/admin\/\"}]}<\/script>\n<!-- \/ Yoast SEO plugin. -->","yoast_head_json":{"title":"Nika: Ja p\u00ebrse rrug\u00ebs magjistrale Sukubin\u00eb-Ulqin nuk b\u00ebn ti vehet emri \"Mehmet Bardhi\" - Lajme nga Ulqini","description":"Pak histori p\u00ebr nj\u00eb komision q\u00eb drejtoi Bardhi.... Shkruan: \u00a0Muhamet Nika Edhe pse pak kush apo askush nuk ia v\u00eb\u00a0 veshin seriozisht \u00a0k\u00ebtij propozimi","robots":{"index":"index","follow":"follow","max-snippet":"max-snippet:-1","max-image-preview":"max-image-preview:large","max-video-preview":"max-video-preview:-1"},"canonical":"https:\/\/www.visit-ulcinj.com\/blog\/2014\/07\/04\/nika-ja-perse-rruges-magjistrale-sukubine-ulqin-nuk-ben-ti-vehet-emri-mehmet-bardhi\/","og_locale":"en_US","og_type":"article","og_title":"Nika: Ja p\u00ebrse rrug\u00ebs magjistrale Sukubin\u00eb-Ulqin nuk b\u00ebn ti vehet emri \"Mehmet Bardhi\" - Lajme nga Ulqini","og_description":"Pak histori p\u00ebr nj\u00eb komision q\u00eb drejtoi Bardhi.... Shkruan: \u00a0Muhamet Nika Edhe pse pak kush apo askush nuk ia v\u00eb\u00a0 veshin seriozisht \u00a0k\u00ebtij propozimi","og_url":"https:\/\/www.visit-ulcinj.com\/blog\/2014\/07\/04\/nika-ja-perse-rruges-magjistrale-sukubine-ulqin-nuk-ben-ti-vehet-emri-mehmet-bardhi\/","og_site_name":"Lajme nga Ulqini","article_published_time":"2014-07-04T18:32:31+00:00","article_modified_time":"2014-07-06T13:52:50+00:00","og_image":[{"url":"http:\/\/www.visit-ulcinj.com\/blog\/wp-content\/uploads\/2014\/07\/Muhamet-Nika.jpg"}],"twitter_misc":{"Written by":"ulqini","Est. reading time":"6 minutes"},"schema":{"@context":"https:\/\/schema.org","@graph":[{"@type":"WebSite","@id":"https:\/\/www.visit-ulcinj.com\/blog\/#website","url":"https:\/\/www.visit-ulcinj.com\/blog\/","name":"Lajme nga Ulqini","description":"Lajme,Vijesti,Ulqini,Ulqin,Crna Gora,Mali i Zi","potentialAction":[{"@type":"SearchAction","target":{"@type":"EntryPoint","urlTemplate":"https:\/\/www.visit-ulcinj.com\/blog\/?s={search_term_string}"},"query-input":"required name=search_term_string"}],"inLanguage":"en-US"},{"@type":"ImageObject","inLanguage":"en-US","@id":"https:\/\/www.visit-ulcinj.com\/blog\/2014\/07\/04\/nika-ja-perse-rruges-magjistrale-sukubine-ulqin-nuk-ben-ti-vehet-emri-mehmet-bardhi\/#primaryimage","url":"https:\/\/www.visit-ulcinj.com\/blog\/wp-content\/uploads\/2014\/07\/Muhamet-Nika.jpg","contentUrl":"https:\/\/www.visit-ulcinj.com\/blog\/wp-content\/uploads\/2014\/07\/Muhamet-Nika.jpg","width":196,"height":221},{"@type":"WebPage","@id":"https:\/\/www.visit-ulcinj.com\/blog\/2014\/07\/04\/nika-ja-perse-rruges-magjistrale-sukubine-ulqin-nuk-ben-ti-vehet-emri-mehmet-bardhi\/#webpage","url":"https:\/\/www.visit-ulcinj.com\/blog\/2014\/07\/04\/nika-ja-perse-rruges-magjistrale-sukubine-ulqin-nuk-ben-ti-vehet-emri-mehmet-bardhi\/","name":"Nika: Ja p\u00ebrse rrug\u00ebs magjistrale Sukubin\u00eb-Ulqin nuk b\u00ebn ti vehet emri \"Mehmet Bardhi\" - Lajme nga Ulqini","isPartOf":{"@id":"https:\/\/www.visit-ulcinj.com\/blog\/#website"},"primaryImageOfPage":{"@id":"https:\/\/www.visit-ulcinj.com\/blog\/2014\/07\/04\/nika-ja-perse-rruges-magjistrale-sukubine-ulqin-nuk-ben-ti-vehet-emri-mehmet-bardhi\/#primaryimage"},"datePublished":"2014-07-04T18:32:31+00:00","dateModified":"2014-07-06T13:52:50+00:00","author":{"@id":"https:\/\/www.visit-ulcinj.com\/blog\/#\/schema\/person\/dcab619c614d3038751c63bc2aadc06d"},"description":"Pak histori p\u00ebr nj\u00eb komision q\u00eb drejtoi Bardhi.... Shkruan: \u00a0Muhamet Nika Edhe pse pak kush apo askush nuk ia v\u00eb\u00a0 veshin seriozisht \u00a0k\u00ebtij propozimi","breadcrumb":{"@id":"https:\/\/www.visit-ulcinj.com\/blog\/2014\/07\/04\/nika-ja-perse-rruges-magjistrale-sukubine-ulqin-nuk-ben-ti-vehet-emri-mehmet-bardhi\/#breadcrumb"},"inLanguage":"en-US","potentialAction":[{"@type":"ReadAction","target":["https:\/\/www.visit-ulcinj.com\/blog\/2014\/07\/04\/nika-ja-perse-rruges-magjistrale-sukubine-ulqin-nuk-ben-ti-vehet-emri-mehmet-bardhi\/"]}]},{"@type":"BreadcrumbList","@id":"https:\/\/www.visit-ulcinj.com\/blog\/2014\/07\/04\/nika-ja-perse-rruges-magjistrale-sukubine-ulqin-nuk-ben-ti-vehet-emri-mehmet-bardhi\/#breadcrumb","itemListElement":[{"@type":"ListItem","position":1,"name":"Nika: Ja p\u00ebrse rrug\u00ebs magjistrale Sukubin\u00eb-Ulqin nuk b\u00ebn ti vehet emri &#8220;Mehmet Bardhi&#8221;"}]},{"@type":"Person","@id":"https:\/\/www.visit-ulcinj.com\/blog\/#\/schema\/person\/dcab619c614d3038751c63bc2aadc06d","name":"ulqini","sameAs":["http:\/\/www.visit-ulcinj.com"],"url":"https:\/\/www.visit-ulcinj.com\/blog\/author\/admin\/"}]}},"jetpack_featured_media_url":"","jetpack_sharing_enabled":true,"jetpack_shortlink":"https:\/\/wp.me\/pe6lTn-lND","_links":{"self":[{"href":"https:\/\/www.visit-ulcinj.com\/blog\/wp-json\/wp\/v2\/posts\/83801"}],"collection":[{"href":"https:\/\/www.visit-ulcinj.com\/blog\/wp-json\/wp\/v2\/posts"}],"about":[{"href":"https:\/\/www.visit-ulcinj.com\/blog\/wp-json\/wp\/v2\/types\/post"}],"author":[{"embeddable":true,"href":"https:\/\/www.visit-ulcinj.com\/blog\/wp-json\/wp\/v2\/users\/1"}],"replies":[{"embeddable":true,"href":"https:\/\/www.visit-ulcinj.com\/blog\/wp-json\/wp\/v2\/comments?post=83801"}],"version-history":[{"count":2,"href":"https:\/\/www.visit-ulcinj.com\/blog\/wp-json\/wp\/v2\/posts\/83801\/revisions"}],"predecessor-version":[{"id":83804,"href":"https:\/\/www.visit-ulcinj.com\/blog\/wp-json\/wp\/v2\/posts\/83801\/revisions\/83804"}],"wp:attachment":[{"href":"https:\/\/www.visit-ulcinj.com\/blog\/wp-json\/wp\/v2\/media?parent=83801"}],"wp:term":[{"taxonomy":"category","embeddable":true,"href":"https:\/\/www.visit-ulcinj.com\/blog\/wp-json\/wp\/v2\/categories?post=83801"},{"taxonomy":"post_tag","embeddable":true,"href":"https:\/\/www.visit-ulcinj.com\/blog\/wp-json\/wp\/v2\/tags?post=83801"}],"curies":[{"name":"wp","href":"https:\/\/api.w.org\/{rel}","templated":true}]}}