{"id":83805,"date":"2014-07-04T19:54:04","date_gmt":"2014-07-04T18:54:04","guid":{"rendered":"http:\/\/www.visit-ulcinj.com\/blog\/?p=83805"},"modified":"2014-07-10T15:54:49","modified_gmt":"2014-07-10T14:54:49","slug":"fillon-aksioni-humanitar-shporta-e-ramazanit-xhamia-klleznes","status":"publish","type":"post","link":"https:\/\/www.visit-ulcinj.com\/blog\/2014\/07\/04\/fillon-aksioni-humanitar-shporta-e-ramazanit-xhamia-klleznes\/","title":{"rendered":"Fillon aksioni humanitar \u201cShporta e Ramazanit\u201d Xhamia Klleznes &#8211; Video"},"content":{"rendered":"<p align=\"center\"><a href=\"http:\/\/www.visit-ulcinj.com\/blog\/wp-content\/uploads\/2014\/07\/Shporta-e-Ramazanit-Xhamia-Klleznes.png\"><img loading=\"lazy\" class=\"alignleft  wp-image-83806\" alt=\"Shporta e Ramazanit - Xhamia Klleznes\" src=\"http:\/\/www.visit-ulcinj.com\/blog\/wp-content\/uploads\/2014\/07\/Shporta-e-Ramazanit-Xhamia-Klleznes.png\" width=\"508\" height=\"600\" \/><\/a><\/p>\n<p align=\"center\">P r o j e k t i<\/p>\n<p align=\"center\"><b>\u201c S H P O R T A\u00a0 E\u00a0 R A M A Z A N I T \u00a02014 \u201d<\/b><b><\/b><\/p>\n<p>&nbsp;<\/p>\n<p>XHAMIA E KLLEZN\u00cbS \u2013 <i>K\u00ebshilli i Xhamis\u00eb s\u00eb Kllezn\u00ebs<\/i> dhe <i>Forumi Rinor i Xhamis\u00eb s\u00eb Kllezn\u00ebs<\/i>, me rastin e muajit t\u00eb bekuar t\u00eb Ramazanit, nd\u00ebrmerr nj\u00eb aktivitet humanitar\u00eb n\u00eb bashk\u00ebpunim me ju bamir\u00ebs n\u00eb ndarjen e ndihmave q\u00eb do t\u2019iu dedikohen:<\/p>\n<p align=\"center\"><b><i>jetim\u00ebve, skamnor\u00ebve, personave me aft\u00ebsi t\u00eb kufizuar<\/i><\/b><b> dhe <i>nevojtar\u00ebve<\/i><\/b><\/p>\n<p align=\"center\">n\u00eb t\u00ebr\u00eb territorin e <i>komun\u00ebs s\u00eb Ulqinit me rrethin\u00eb dhe Kraj\u00eb.<\/i><\/p>\n<p align=\"center\"><i>\u00a0<\/i><\/p>\n<p>Andaj k\u00ebrkojm\u00eb nga ju bamir\u00ebs t\u00eb dashur me aq sa t\u00eb keni mund\u00ebsi q\u00eb t\u00eb kontribuoni n\u00eb leht\u00ebsimin e jetes\u00ebs s\u00eb k\u00ebtyre kategorive me nevoj\u00eb n\u00eb qytetin ton\u00eb.<\/p>\n<p>&nbsp;<\/p>\n<p>Xhamia e Kllezn\u00ebs ka t\u00eb regjistruar mbi 200 familje nga i gjith\u00eb territori i komun\u00ebs s\u00eb Ulqinit dhe Kraj\u00ebs. Shpresojm\u00eb q\u00eb nga ky projekt t\u00eb p\u00ebrfitojn\u00eb k\u00ebto 200 familje.<\/p>\n<p><i>Me Shport\u00ebn e Ramazanit 2013, Ramazanin e kaluar u shp\u00ebrndan\u00eb 145 shporta p\u00ebr 145 familje.<\/i><\/p>\n<p>&nbsp;<\/p>\n<p>Pakot do t\u00eb shp\u00ebrndahen n\u00eb nat\u00ebn e Kadrit dhe n\u00eb nat\u00ebn e Fit\u00ebr Bajramit, ku edhe k\u00ebtyre familjeve sadopak t\u2019ju kthejm\u00eb buz\u00ebqeshjen n\u00eb k\u00ebt\u00eb muaj t\u00eb shenjt\u00eb, ku buz\u00ebqeshja e tyre \u00ebsht\u00eb amaneti i jon\u00eb.<\/p>\n<p><b><i>\u00a0<\/i><\/b><\/p>\n<p align=\"center\"><b><i>Nj\u00eb pako n\u00eb vler\u00eb prej <\/i><\/b><b>10 eurove<i> do t\u00eb p\u00ebrmbaj\u00eb k\u00ebto lloje produktesh:<\/i><\/b><\/p>\n<p align=\"center\"><b><i>\u00a0<\/i><\/b><\/p>\n<p align=\"center\"><b>&#8211; <\/b>5 kg. <b><i>Miell<\/i><\/b>; <b>&#8211; <\/b>2 l. <b><i>Voj<\/i><\/b>; <b>&#8211; <\/b>3 kesa <b><i>Makarona<\/i><\/b>; <b>&#8211; <\/b>1 kg. <b><i>Sheqer<\/i><\/b>; <b>&#8211; <\/b>1 paketa <b>\u00c7<\/b><b><i>aj<\/i><\/b> filt\u00ebr;<\/p>\n<p align=\"center\"><b>&#8211; <\/b>1 kg. <b><i>Oriz<\/i><\/b>; <b>&#8211; <\/b>3 kesa <b><i>Supa<\/i><\/b> t\u00eb gatshme; <b>&#8211; <\/b>1 kuti <b><i>Keksa<\/i><\/b>;\u00a0 <b>&#8211; <\/b>1 kuti <b><i>Hurma<\/i><\/b>; <b>&#8211; <\/b>500 gr. <b><i>Veget<\/i><\/b>;<\/p>\n<p align=\"center\"><b>&#8211; <\/b>2 copa <b><i>Sapun\u00eb<\/i><\/b>; <b>&#8211; <\/b><b><i>Detergjent<\/i><\/b>; <b>&#8211; <\/b><b><i>Shampo<\/i><\/b> p\u00ebr flok\u00eb; <b>&#8211; <\/b><b><i>Past\u00eb<\/i><\/b> p\u00ebr dh\u00ebmb<\/p>\n<p><i>\u00a0<\/i><\/p>\n<p>N\u00eb em\u00ebr t\u00eb Komisionit t\u00eb Shport\u00ebs s\u00eb Ramazanit dhe n\u00eb em\u00ebr t\u00eb k\u00ebtyre kategorive ju jemi shum\u00eb mir\u00ebnjoh\u00ebs p\u00ebr ndihm\u00ebn e cila do t\u00eb p\u00ebrcaktohet nga ana Juaj.<\/p>\n<p>&nbsp;<\/p>\n<p align=\"center\">I D\u00ebrguari i Zotit, Muhamedi a.s. ka th\u00ebn\u00eb:<\/p>\n<p align=\"center\"><i>\u201cSadakaja nuk e pak\u00ebson pasurin\u00eb\u201d<\/i><\/p>\n<p align=\"center\"><i>\u201cAi q\u00eb kujdeset p\u00ebr t\u00eb shkret\u00ebt dhe t\u00eb varf\u00ebrit \u00ebsht\u00eb sikur ai q\u00eb lufton n\u00eb rrug\u00ebn e Zotit\u201d<\/i><\/p>\n<p align=\"center\"><i>\u201cLusim Zotin e Lart\u00ebmadh\u00ebruar q\u00eb \u00e7do ndihm\u00eb tuaj\u00ebn ta radhis\u00eb n\u00eb veprat e mira\u201d<\/i><\/p>\n<p align=\"right\"><i>Me respekt<\/i><\/p>\n<p align=\"right\"><i>K<\/i><i>omisioni i Shport\u00ebs s\u00eb Ramazanit<\/i><\/p>\n<p align=\"right\"><i>\u00a0<\/i><\/p>\n<p align=\"center\"><b><i>Kontribuo dhe Telefono tani:\u00a0 \u00a0<\/i><\/b>(Komisioni 7 an\u00ebtar\u00ebsh)<\/p>\n<p align=\"center\"><b><i>069 826 829;\u00a0\u00a0\u00a0\u00a0\u00a0\u00a0 069 829 579;\u00a0\u00a0\u00a0\u00a0\u00a0\u00a0 069 520 306 <\/i><\/b><b><i><\/i><\/b><\/p>\n<p align=\"center\">(Na kontaktoni p\u00ebr kontributin q\u00eb ofroni, dhe NE vijm\u00eb n\u00eb vendin e p\u00ebrcaktuar nga ju)<\/p>\n<p align=\"center\">E-Mail:<b>\u00a0 <\/b><a href=\"mailto:xhamiaklleznes@yahoo.com\"><b>xhamiaklleznes@yahoo.com<\/b><\/a> ose n\u00eb FCB: <a href=\"https:\/\/www.facebook.com\/xhamiaklleznes?fref=ts\" target=\"_blank\"><b>ww.facebook.com\/xhamiaklleznes<\/b><\/a><\/p>\n<p align=\"center\"><i>Ulqin, 02.07.2014 &#8211; Ramazan 2014<\/i><\/p>\n<p style=\"text-align: left;\" align=\"center\"><!--YouTube Error: bad URL entered--><\/p>\n","protected":false},"excerpt":{"rendered":"<p>P r o j e k t i \u201c S H P O R T A\u00a0 E\u00a0 R A M A Z A N I T \u00a02014 \u201d &nbsp; XHAMIA E KLLEZN\u00cbS \u2013 K\u00ebshilli i Xhamis\u00eb s\u00eb Kllezn\u00ebs dhe Forumi Rinor i Xhamis\u00eb s\u00eb Kllezn\u00ebs, me rastin e muajit t\u00eb bekuar t\u00eb Ramazanit, nd\u00ebrmerr nj\u00eb [&hellip;]<\/p>\n","protected":false},"author":1,"featured_media":0,"comment_status":"closed","ping_status":"closed","sticky":false,"template":"","format":"standard","meta":{"spay_email":"","jetpack_publicize_message":"","jetpack_is_tweetstorm":false,"jetpack_publicize_feature_enabled":true},"categories":[1,2451],"tags":[],"jetpack_publicize_connections":[],"yoast_head":"<!-- This site is optimized with the Yoast SEO plugin v19.1 - https:\/\/yoast.com\/wordpress\/plugins\/seo\/ -->\n<title>Fillon aksioni humanitar \u201cShporta e Ramazanit\u201d Xhamia Klleznes - Video - Lajme nga Ulqini<\/title>\n<meta name=\"description\" content=\"P r o j e k t i \u201c S H P O R T A\u00a0 E\u00a0 R A M A Z A N I T \u00a02014 \u201d &nbsp; XHAMIA E KLLEZN\u00cbS \u2013 K\u00ebshilli i Xhamis\u00eb s\u00eb Kllezn\u00ebs dhe Forumi Rinor i Xhamis\u00eb s\u00eb\" \/>\n<meta name=\"robots\" content=\"index, follow, max-snippet:-1, max-image-preview:large, max-video-preview:-1\" \/>\n<link rel=\"canonical\" href=\"https:\/\/www.visit-ulcinj.com\/blog\/2014\/07\/04\/fillon-aksioni-humanitar-shporta-e-ramazanit-xhamia-klleznes\/\" \/>\n<meta property=\"og:locale\" content=\"en_US\" \/>\n<meta property=\"og:type\" content=\"article\" \/>\n<meta property=\"og:title\" content=\"Fillon aksioni humanitar \u201cShporta e Ramazanit\u201d Xhamia Klleznes - Video - Lajme nga Ulqini\" \/>\n<meta property=\"og:description\" content=\"P r o j e k t i \u201c S H P O R T A\u00a0 E\u00a0 R A M A Z A N I T \u00a02014 \u201d &nbsp; XHAMIA E KLLEZN\u00cbS \u2013 K\u00ebshilli i Xhamis\u00eb s\u00eb Kllezn\u00ebs dhe Forumi Rinor i Xhamis\u00eb s\u00eb\" \/>\n<meta property=\"og:url\" content=\"https:\/\/www.visit-ulcinj.com\/blog\/2014\/07\/04\/fillon-aksioni-humanitar-shporta-e-ramazanit-xhamia-klleznes\/\" \/>\n<meta property=\"og:site_name\" content=\"Lajme nga Ulqini\" \/>\n<meta property=\"article:published_time\" content=\"2014-07-04T18:54:04+00:00\" \/>\n<meta property=\"article:modified_time\" content=\"2014-07-10T14:54:49+00:00\" \/>\n<meta property=\"og:image\" content=\"http:\/\/www.visit-ulcinj.com\/blog\/wp-content\/uploads\/2014\/07\/Shporta-e-Ramazanit-Xhamia-Klleznes.png\" \/>\n<meta name=\"twitter:label1\" content=\"Written by\" \/>\n\t<meta name=\"twitter:data1\" content=\"ulqini\" \/>\n\t<meta name=\"twitter:label2\" content=\"Est. reading time\" \/>\n\t<meta name=\"twitter:data2\" content=\"2 minutes\" \/>\n<script type=\"application\/ld+json\" class=\"yoast-schema-graph\">{\"@context\":\"https:\/\/schema.org\",\"@graph\":[{\"@type\":\"WebSite\",\"@id\":\"https:\/\/www.visit-ulcinj.com\/blog\/#website\",\"url\":\"https:\/\/www.visit-ulcinj.com\/blog\/\",\"name\":\"Lajme nga Ulqini\",\"description\":\"Lajme,Vijesti,Ulqini,Ulqin,Crna Gora,Mali i Zi\",\"potentialAction\":[{\"@type\":\"SearchAction\",\"target\":{\"@type\":\"EntryPoint\",\"urlTemplate\":\"https:\/\/www.visit-ulcinj.com\/blog\/?s={search_term_string}\"},\"query-input\":\"required name=search_term_string\"}],\"inLanguage\":\"en-US\"},{\"@type\":\"ImageObject\",\"inLanguage\":\"en-US\",\"@id\":\"https:\/\/www.visit-ulcinj.com\/blog\/2014\/07\/04\/fillon-aksioni-humanitar-shporta-e-ramazanit-xhamia-klleznes\/#primaryimage\",\"url\":\"https:\/\/www.visit-ulcinj.com\/blog\/wp-content\/uploads\/2014\/07\/Shporta-e-Ramazanit-Xhamia-Klleznes.png\",\"contentUrl\":\"https:\/\/www.visit-ulcinj.com\/blog\/wp-content\/uploads\/2014\/07\/Shporta-e-Ramazanit-Xhamia-Klleznes.png\",\"width\":710,\"height\":1002},{\"@type\":\"WebPage\",\"@id\":\"https:\/\/www.visit-ulcinj.com\/blog\/2014\/07\/04\/fillon-aksioni-humanitar-shporta-e-ramazanit-xhamia-klleznes\/#webpage\",\"url\":\"https:\/\/www.visit-ulcinj.com\/blog\/2014\/07\/04\/fillon-aksioni-humanitar-shporta-e-ramazanit-xhamia-klleznes\/\",\"name\":\"Fillon aksioni humanitar \u201cShporta e Ramazanit\u201d Xhamia Klleznes - Video - Lajme nga Ulqini\",\"isPartOf\":{\"@id\":\"https:\/\/www.visit-ulcinj.com\/blog\/#website\"},\"primaryImageOfPage\":{\"@id\":\"https:\/\/www.visit-ulcinj.com\/blog\/2014\/07\/04\/fillon-aksioni-humanitar-shporta-e-ramazanit-xhamia-klleznes\/#primaryimage\"},\"datePublished\":\"2014-07-04T18:54:04+00:00\",\"dateModified\":\"2014-07-10T14:54:49+00:00\",\"author\":{\"@id\":\"https:\/\/www.visit-ulcinj.com\/blog\/#\/schema\/person\/dcab619c614d3038751c63bc2aadc06d\"},\"description\":\"P r o j e k t i \u201c S H P O R T A\u00a0 E\u00a0 R A M A Z A N I T \u00a02014 \u201d &nbsp; XHAMIA E KLLEZN\u00cbS \u2013 K\u00ebshilli i Xhamis\u00eb s\u00eb Kllezn\u00ebs dhe Forumi Rinor i Xhamis\u00eb s\u00eb\",\"breadcrumb\":{\"@id\":\"https:\/\/www.visit-ulcinj.com\/blog\/2014\/07\/04\/fillon-aksioni-humanitar-shporta-e-ramazanit-xhamia-klleznes\/#breadcrumb\"},\"inLanguage\":\"en-US\",\"potentialAction\":[{\"@type\":\"ReadAction\",\"target\":[\"https:\/\/www.visit-ulcinj.com\/blog\/2014\/07\/04\/fillon-aksioni-humanitar-shporta-e-ramazanit-xhamia-klleznes\/\"]}]},{\"@type\":\"BreadcrumbList\",\"@id\":\"https:\/\/www.visit-ulcinj.com\/blog\/2014\/07\/04\/fillon-aksioni-humanitar-shporta-e-ramazanit-xhamia-klleznes\/#breadcrumb\",\"itemListElement\":[{\"@type\":\"ListItem\",\"position\":1,\"name\":\"Fillon aksioni humanitar \u201cShporta e Ramazanit\u201d Xhamia Klleznes &#8211; Video\"}]},{\"@type\":\"Person\",\"@id\":\"https:\/\/www.visit-ulcinj.com\/blog\/#\/schema\/person\/dcab619c614d3038751c63bc2aadc06d\",\"name\":\"ulqini\",\"sameAs\":[\"http:\/\/www.visit-ulcinj.com\"],\"url\":\"https:\/\/www.visit-ulcinj.com\/blog\/author\/admin\/\"}]}<\/script>\n<!-- \/ Yoast SEO plugin. -->","yoast_head_json":{"title":"Fillon aksioni humanitar \u201cShporta e Ramazanit\u201d Xhamia Klleznes - Video - Lajme nga Ulqini","description":"P r o j e k t i \u201c S H P O R T A\u00a0 E\u00a0 R A M A Z A N I T \u00a02014 \u201d &nbsp; XHAMIA E KLLEZN\u00cbS \u2013 K\u00ebshilli i Xhamis\u00eb s\u00eb Kllezn\u00ebs dhe Forumi Rinor i Xhamis\u00eb s\u00eb","robots":{"index":"index","follow":"follow","max-snippet":"max-snippet:-1","max-image-preview":"max-image-preview:large","max-video-preview":"max-video-preview:-1"},"canonical":"https:\/\/www.visit-ulcinj.com\/blog\/2014\/07\/04\/fillon-aksioni-humanitar-shporta-e-ramazanit-xhamia-klleznes\/","og_locale":"en_US","og_type":"article","og_title":"Fillon aksioni humanitar \u201cShporta e Ramazanit\u201d Xhamia Klleznes - Video - Lajme nga Ulqini","og_description":"P r o j e k t i \u201c S H P O R T A\u00a0 E\u00a0 R A M A Z A N I T \u00a02014 \u201d &nbsp; XHAMIA E KLLEZN\u00cbS \u2013 K\u00ebshilli i Xhamis\u00eb s\u00eb Kllezn\u00ebs dhe Forumi Rinor i Xhamis\u00eb s\u00eb","og_url":"https:\/\/www.visit-ulcinj.com\/blog\/2014\/07\/04\/fillon-aksioni-humanitar-shporta-e-ramazanit-xhamia-klleznes\/","og_site_name":"Lajme nga Ulqini","article_published_time":"2014-07-04T18:54:04+00:00","article_modified_time":"2014-07-10T14:54:49+00:00","og_image":[{"url":"http:\/\/www.visit-ulcinj.com\/blog\/wp-content\/uploads\/2014\/07\/Shporta-e-Ramazanit-Xhamia-Klleznes.png"}],"twitter_misc":{"Written by":"ulqini","Est. reading time":"2 minutes"},"schema":{"@context":"https:\/\/schema.org","@graph":[{"@type":"WebSite","@id":"https:\/\/www.visit-ulcinj.com\/blog\/#website","url":"https:\/\/www.visit-ulcinj.com\/blog\/","name":"Lajme nga Ulqini","description":"Lajme,Vijesti,Ulqini,Ulqin,Crna Gora,Mali i Zi","potentialAction":[{"@type":"SearchAction","target":{"@type":"EntryPoint","urlTemplate":"https:\/\/www.visit-ulcinj.com\/blog\/?s={search_term_string}"},"query-input":"required name=search_term_string"}],"inLanguage":"en-US"},{"@type":"ImageObject","inLanguage":"en-US","@id":"https:\/\/www.visit-ulcinj.com\/blog\/2014\/07\/04\/fillon-aksioni-humanitar-shporta-e-ramazanit-xhamia-klleznes\/#primaryimage","url":"https:\/\/www.visit-ulcinj.com\/blog\/wp-content\/uploads\/2014\/07\/Shporta-e-Ramazanit-Xhamia-Klleznes.png","contentUrl":"https:\/\/www.visit-ulcinj.com\/blog\/wp-content\/uploads\/2014\/07\/Shporta-e-Ramazanit-Xhamia-Klleznes.png","width":710,"height":1002},{"@type":"WebPage","@id":"https:\/\/www.visit-ulcinj.com\/blog\/2014\/07\/04\/fillon-aksioni-humanitar-shporta-e-ramazanit-xhamia-klleznes\/#webpage","url":"https:\/\/www.visit-ulcinj.com\/blog\/2014\/07\/04\/fillon-aksioni-humanitar-shporta-e-ramazanit-xhamia-klleznes\/","name":"Fillon aksioni humanitar \u201cShporta e Ramazanit\u201d Xhamia Klleznes - Video - Lajme nga Ulqini","isPartOf":{"@id":"https:\/\/www.visit-ulcinj.com\/blog\/#website"},"primaryImageOfPage":{"@id":"https:\/\/www.visit-ulcinj.com\/blog\/2014\/07\/04\/fillon-aksioni-humanitar-shporta-e-ramazanit-xhamia-klleznes\/#primaryimage"},"datePublished":"2014-07-04T18:54:04+00:00","dateModified":"2014-07-10T14:54:49+00:00","author":{"@id":"https:\/\/www.visit-ulcinj.com\/blog\/#\/schema\/person\/dcab619c614d3038751c63bc2aadc06d"},"description":"P r o j e k t i \u201c S H P O R T A\u00a0 E\u00a0 R A M A Z A N I T \u00a02014 \u201d &nbsp; XHAMIA E KLLEZN\u00cbS \u2013 K\u00ebshilli i Xhamis\u00eb s\u00eb Kllezn\u00ebs dhe Forumi Rinor i Xhamis\u00eb s\u00eb","breadcrumb":{"@id":"https:\/\/www.visit-ulcinj.com\/blog\/2014\/07\/04\/fillon-aksioni-humanitar-shporta-e-ramazanit-xhamia-klleznes\/#breadcrumb"},"inLanguage":"en-US","potentialAction":[{"@type":"ReadAction","target":["https:\/\/www.visit-ulcinj.com\/blog\/2014\/07\/04\/fillon-aksioni-humanitar-shporta-e-ramazanit-xhamia-klleznes\/"]}]},{"@type":"BreadcrumbList","@id":"https:\/\/www.visit-ulcinj.com\/blog\/2014\/07\/04\/fillon-aksioni-humanitar-shporta-e-ramazanit-xhamia-klleznes\/#breadcrumb","itemListElement":[{"@type":"ListItem","position":1,"name":"Fillon aksioni humanitar \u201cShporta e Ramazanit\u201d Xhamia Klleznes &#8211; Video"}]},{"@type":"Person","@id":"https:\/\/www.visit-ulcinj.com\/blog\/#\/schema\/person\/dcab619c614d3038751c63bc2aadc06d","name":"ulqini","sameAs":["http:\/\/www.visit-ulcinj.com"],"url":"https:\/\/www.visit-ulcinj.com\/blog\/author\/admin\/"}]}},"jetpack_featured_media_url":"","jetpack_sharing_enabled":true,"jetpack_shortlink":"https:\/\/wp.me\/pe6lTn-lNH","_links":{"self":[{"href":"https:\/\/www.visit-ulcinj.com\/blog\/wp-json\/wp\/v2\/posts\/83805"}],"collection":[{"href":"https:\/\/www.visit-ulcinj.com\/blog\/wp-json\/wp\/v2\/posts"}],"about":[{"href":"https:\/\/www.visit-ulcinj.com\/blog\/wp-json\/wp\/v2\/types\/post"}],"author":[{"embeddable":true,"href":"https:\/\/www.visit-ulcinj.com\/blog\/wp-json\/wp\/v2\/users\/1"}],"replies":[{"embeddable":true,"href":"https:\/\/www.visit-ulcinj.com\/blog\/wp-json\/wp\/v2\/comments?post=83805"}],"version-history":[{"count":3,"href":"https:\/\/www.visit-ulcinj.com\/blog\/wp-json\/wp\/v2\/posts\/83805\/revisions"}],"predecessor-version":[{"id":83892,"href":"https:\/\/www.visit-ulcinj.com\/blog\/wp-json\/wp\/v2\/posts\/83805\/revisions\/83892"}],"wp:attachment":[{"href":"https:\/\/www.visit-ulcinj.com\/blog\/wp-json\/wp\/v2\/media?parent=83805"}],"wp:term":[{"taxonomy":"category","embeddable":true,"href":"https:\/\/www.visit-ulcinj.com\/blog\/wp-json\/wp\/v2\/categories?post=83805"},{"taxonomy":"post_tag","embeddable":true,"href":"https:\/\/www.visit-ulcinj.com\/blog\/wp-json\/wp\/v2\/tags?post=83805"}],"curies":[{"name":"wp","href":"https:\/\/api.w.org\/{rel}","templated":true}]}}