{"id":83809,"date":"2014-07-05T08:37:10","date_gmt":"2014-07-05T07:37:10","guid":{"rendered":"http:\/\/www.visit-ulcinj.com\/blog\/?p=83809"},"modified":"2014-07-11T14:09:40","modified_gmt":"2014-07-11T13:09:40","slug":"ambasada-e-emirateve-te-bashkuara-arabe-shtron-iftare-ne-hotel-mediteran","status":"publish","type":"post","link":"https:\/\/www.visit-ulcinj.com\/blog\/2014\/07\/05\/ambasada-e-emirateve-te-bashkuara-arabe-shtron-iftare-ne-hotel-mediteran\/","title":{"rendered":"Ambasada e Emirateve te Bashkuara Arabe shtron iftare n\u00eb Hotel Mediteran &#8211; Video"},"content":{"rendered":"<p><strong><a href=\"http:\/\/www.visit-ulcinj.com\/blog\/wp-content\/uploads\/2014\/07\/Ambasada-e-Emirateve-te-Bashkuara-Arabe-shtron-iftare-n\u00eb-Hotel-Mediteran.jpg\"><img loading=\"lazy\" class=\"alignleft  wp-image-83810\" alt=\"Ambasada e Emirateve te Bashkuara Arabe shtron iftare n\u00eb Hotel Mediteran\" src=\"http:\/\/www.visit-ulcinj.com\/blog\/wp-content\/uploads\/2014\/07\/Ambasada-e-Emirateve-te-Bashkuara-Arabe-shtron-iftare-n\u00eb-Hotel-Mediteran.jpg\" width=\"508\" height=\"360\" \/><\/a>T\u00eb ejten me 03.07.2014 n\u00eb ambientet e hotelit &#8220;Mediteran&#8221; me rastin e muajit t\u00eb madh\u00ebrueshem t\u00eb Ramazanit, Ambasada e Emirateve te Bashkuara Arabe n\u00eb Mal t\u00eb Zi shtroi iftar\u00eb p\u00ebr agjeruesit nga Ulqini.<\/strong><\/p>\n<p><a href=\"http:\/\/www.visit-ulcinj.com\/blog\/wp-content\/uploads\/2014\/07\/Ambasada-e-Emirateve-te-Bashkuara-Arabe-shtron-iftare-n\u00eb-Hotel-Mediteran-1.jpg\"><img loading=\"lazy\" class=\"alignleft  wp-image-83811\" alt=\"Ambasada e Emirateve te Bashkuara Arabe shtron iftare n\u00eb Hotel Mediteran-1\" src=\"http:\/\/www.visit-ulcinj.com\/blog\/wp-content\/uploads\/2014\/07\/Ambasada-e-Emirateve-te-Bashkuara-Arabe-shtron-iftare-n\u00eb-Hotel-Mediteran-1.jpg\" width=\"508\" height=\"360\" \/><\/a><\/p>\n<p>T\u00eb ftuar n\u00eb k\u00ebt\u00eb iftar ishin reth 400 agjerues\u00eb dhe agjeruese nga t\u00eb gjitha rethet e Ulqinit. Nd\u00ebrsa t\u00eb pranish\u00ebm nd\u00ebr t\u00eb tjer\u00eb ishte zv.ambasadori i Emirateve te Bashkuara Arabe n\u00eb Podgoric\u00eb z. Hafsa Abdulla Mohamed Sharif Al Ulama, Kryetari i Bashkesise Islame te Ulqinit, Kryetari i Ulqinit z.Fatmir Gjeka si dhe politikan\u00ebt, drejtor\u00eb dhe p\u00ebrfaq\u00ebsues t\u00eb institucioneve shtetrore q\u00eb veprojn\u00eb n\u00eb Ulqin.<\/p>\n<p><a href=\"http:\/\/www.visit-ulcinj.com\/blog\/wp-content\/uploads\/2014\/07\/Ambasada-e-Emirateve-te-Bashkuara-Arabe-shtron-iftare-n\u00eb-Hotel-Mediteran-2.jpg\"><img loading=\"lazy\" class=\"alignleft  wp-image-83812\" alt=\"Ambasada e Emirateve te Bashkuara Arabe shtron iftare n\u00eb Hotel Mediteran-2\" src=\"http:\/\/www.visit-ulcinj.com\/blog\/wp-content\/uploads\/2014\/07\/Ambasada-e-Emirateve-te-Bashkuara-Arabe-shtron-iftare-n\u00eb-Hotel-Mediteran-2.jpg\" width=\"508\" height=\"360\" \/><\/a><\/p>\n<p>E gjithe kjo ishte e mundsuar nga Ambasada e Emirateve t\u00eb Bashkuara Arabe, e cila shprehi gadishm\u00ebrin\u00eb p\u00ebr nj\u00eb pritje sa m\u00eb t\u00eb denj\u00eb p\u00ebr mysafir\u00ebt e vet.<\/p>\n<p><a href=\"http:\/\/www.visit-ulcinj.com\/blog\/wp-content\/uploads\/2014\/07\/Ambasada-e-Emirateve-te-Bashkuara-Arabe-shtron-iftare-n\u00eb-Hotel-Mediteran-3.jpg\"><img loading=\"lazy\" class=\"alignleft  wp-image-83813\" alt=\"Ambasada e Emirateve te Bashkuara Arabe shtron iftare n\u00eb Hotel Mediteran-3\" src=\"http:\/\/www.visit-ulcinj.com\/blog\/wp-content\/uploads\/2014\/07\/Ambasada-e-Emirateve-te-Bashkuara-Arabe-shtron-iftare-n\u00eb-Hotel-Mediteran-3.jpg\" width=\"508\" height=\"360\" \/><\/a><\/p>\n<p>P\u00ebr ne \u00ebsht\u00eb k\u00ebnaq\u00ebsi dhe nder\u00eb q\u00eb cdo vit\u00eb p\u00ebrcjellim t\u00eb tilla organizimi t\u00eb r\u00ebnd\u00ebsishm\u00eb gjat\u00eb muajit t\u00eb shent\u00eb t\u00eb Ramazanit.<\/p>\n<p>Urojm\u00eb p\u00ebr te gjithe besimtar\u00ebt musliman nj\u00eb muaj t\u00eb paq\u00ebs dhe agjerim t\u00eb leht\u00eb.<\/p>\n<p>Restoranti i hotel \u00a0Mediteranit \u00a0k\u00ebt\u00eb muaj \u00ebsht\u00eb i hapur p\u00ebr ju me nj\u00eb frym\u00eb familjare dhe mikprit\u00ebse.<\/p>\n<!--YouTube Error: bad URL entered-->\n","protected":false},"excerpt":{"rendered":"<p>T\u00eb ejten me 03.07.2014 n\u00eb ambientet e hotelit &#8220;Mediteran&#8221; me rastin e muajit t\u00eb madh\u00ebrueshem t\u00eb Ramazanit, Ambasada e Emirateve te Bashkuara Arabe n\u00eb Mal t\u00eb Zi shtroi iftar\u00eb p\u00ebr agjeruesit nga Ulqini. T\u00eb ftuar n\u00eb k\u00ebt\u00eb iftar ishin reth 400 agjerues\u00eb dhe agjeruese nga t\u00eb gjitha rethet e Ulqinit. Nd\u00ebrsa t\u00eb pranish\u00ebm nd\u00ebr t\u00eb [&hellip;]<\/p>\n","protected":false},"author":1,"featured_media":0,"comment_status":"closed","ping_status":"closed","sticky":false,"template":"","format":"standard","meta":{"spay_email":"","jetpack_publicize_message":"","jetpack_is_tweetstorm":false,"jetpack_publicize_feature_enabled":true},"categories":[1,11],"tags":[],"jetpack_publicize_connections":[],"yoast_head":"<!-- This site is optimized with the Yoast SEO plugin v19.1 - https:\/\/yoast.com\/wordpress\/plugins\/seo\/ -->\n<title>Ambasada e Emirateve te Bashkuara Arabe shtron iftare n\u00eb Hotel Mediteran - Video - Lajme nga Ulqini<\/title>\n<meta name=\"description\" content=\"T\u00eb ejten me 03.07.2014 n\u00eb ambientet e hotelit &quot;Mediteran&quot; me rastin e muajit t\u00eb madh\u00ebrueshem t\u00eb Ramazanit, Ambasada e Emirateve te Bashkuara Arabe n\u00eb Mal\" \/>\n<meta name=\"robots\" content=\"index, follow, max-snippet:-1, max-image-preview:large, max-video-preview:-1\" \/>\n<link rel=\"canonical\" href=\"https:\/\/www.visit-ulcinj.com\/blog\/2014\/07\/05\/ambasada-e-emirateve-te-bashkuara-arabe-shtron-iftare-ne-hotel-mediteran\/\" \/>\n<meta property=\"og:locale\" content=\"en_US\" \/>\n<meta property=\"og:type\" content=\"article\" \/>\n<meta property=\"og:title\" content=\"Ambasada e Emirateve te Bashkuara Arabe shtron iftare n\u00eb Hotel Mediteran - Video - Lajme nga Ulqini\" \/>\n<meta property=\"og:description\" content=\"T\u00eb ejten me 03.07.2014 n\u00eb ambientet e hotelit &quot;Mediteran&quot; me rastin e muajit t\u00eb madh\u00ebrueshem t\u00eb Ramazanit, Ambasada e Emirateve te Bashkuara Arabe n\u00eb Mal\" \/>\n<meta property=\"og:url\" content=\"https:\/\/www.visit-ulcinj.com\/blog\/2014\/07\/05\/ambasada-e-emirateve-te-bashkuara-arabe-shtron-iftare-ne-hotel-mediteran\/\" \/>\n<meta property=\"og:site_name\" content=\"Lajme nga Ulqini\" \/>\n<meta property=\"article:published_time\" content=\"2014-07-05T07:37:10+00:00\" \/>\n<meta property=\"article:modified_time\" content=\"2014-07-11T13:09:40+00:00\" \/>\n<meta name=\"twitter:label1\" content=\"Written by\" \/>\n\t<meta name=\"twitter:data1\" content=\"ulqini\" \/>\n\t<meta name=\"twitter:label2\" content=\"Est. reading time\" \/>\n\t<meta name=\"twitter:data2\" content=\"1 minute\" \/>\n<script type=\"application\/ld+json\" class=\"yoast-schema-graph\">{\"@context\":\"https:\/\/schema.org\",\"@graph\":[{\"@type\":\"WebSite\",\"@id\":\"https:\/\/www.visit-ulcinj.com\/blog\/#website\",\"url\":\"https:\/\/www.visit-ulcinj.com\/blog\/\",\"name\":\"Lajme nga Ulqini\",\"description\":\"Lajme,Vijesti,Ulqini,Ulqin,Crna Gora,Mali i Zi\",\"potentialAction\":[{\"@type\":\"SearchAction\",\"target\":{\"@type\":\"EntryPoint\",\"urlTemplate\":\"https:\/\/www.visit-ulcinj.com\/blog\/?s={search_term_string}\"},\"query-input\":\"required name=search_term_string\"}],\"inLanguage\":\"en-US\"},{\"@type\":\"WebPage\",\"@id\":\"https:\/\/www.visit-ulcinj.com\/blog\/2014\/07\/05\/ambasada-e-emirateve-te-bashkuara-arabe-shtron-iftare-ne-hotel-mediteran\/#webpage\",\"url\":\"https:\/\/www.visit-ulcinj.com\/blog\/2014\/07\/05\/ambasada-e-emirateve-te-bashkuara-arabe-shtron-iftare-ne-hotel-mediteran\/\",\"name\":\"Ambasada e Emirateve te Bashkuara Arabe shtron iftare n\u00eb Hotel Mediteran - Video - Lajme nga Ulqini\",\"isPartOf\":{\"@id\":\"https:\/\/www.visit-ulcinj.com\/blog\/#website\"},\"datePublished\":\"2014-07-05T07:37:10+00:00\",\"dateModified\":\"2014-07-11T13:09:40+00:00\",\"author\":{\"@id\":\"https:\/\/www.visit-ulcinj.com\/blog\/#\/schema\/person\/dcab619c614d3038751c63bc2aadc06d\"},\"description\":\"T\u00eb ejten me 03.07.2014 n\u00eb ambientet e hotelit \\\"Mediteran\\\" me rastin e muajit t\u00eb madh\u00ebrueshem t\u00eb Ramazanit, Ambasada e Emirateve te Bashkuara Arabe n\u00eb Mal\",\"breadcrumb\":{\"@id\":\"https:\/\/www.visit-ulcinj.com\/blog\/2014\/07\/05\/ambasada-e-emirateve-te-bashkuara-arabe-shtron-iftare-ne-hotel-mediteran\/#breadcrumb\"},\"inLanguage\":\"en-US\",\"potentialAction\":[{\"@type\":\"ReadAction\",\"target\":[\"https:\/\/www.visit-ulcinj.com\/blog\/2014\/07\/05\/ambasada-e-emirateve-te-bashkuara-arabe-shtron-iftare-ne-hotel-mediteran\/\"]}]},{\"@type\":\"BreadcrumbList\",\"@id\":\"https:\/\/www.visit-ulcinj.com\/blog\/2014\/07\/05\/ambasada-e-emirateve-te-bashkuara-arabe-shtron-iftare-ne-hotel-mediteran\/#breadcrumb\",\"itemListElement\":[{\"@type\":\"ListItem\",\"position\":1,\"name\":\"Ambasada e Emirateve te Bashkuara Arabe shtron iftare n\u00eb Hotel Mediteran &#8211; Video\"}]},{\"@type\":\"Person\",\"@id\":\"https:\/\/www.visit-ulcinj.com\/blog\/#\/schema\/person\/dcab619c614d3038751c63bc2aadc06d\",\"name\":\"ulqini\",\"sameAs\":[\"http:\/\/www.visit-ulcinj.com\"],\"url\":\"https:\/\/www.visit-ulcinj.com\/blog\/author\/admin\/\"}]}<\/script>\n<!-- \/ Yoast SEO plugin. -->","yoast_head_json":{"title":"Ambasada e Emirateve te Bashkuara Arabe shtron iftare n\u00eb Hotel Mediteran - Video - Lajme nga Ulqini","description":"T\u00eb ejten me 03.07.2014 n\u00eb ambientet e hotelit \"Mediteran\" me rastin e muajit t\u00eb madh\u00ebrueshem t\u00eb Ramazanit, Ambasada e Emirateve te Bashkuara Arabe n\u00eb Mal","robots":{"index":"index","follow":"follow","max-snippet":"max-snippet:-1","max-image-preview":"max-image-preview:large","max-video-preview":"max-video-preview:-1"},"canonical":"https:\/\/www.visit-ulcinj.com\/blog\/2014\/07\/05\/ambasada-e-emirateve-te-bashkuara-arabe-shtron-iftare-ne-hotel-mediteran\/","og_locale":"en_US","og_type":"article","og_title":"Ambasada e Emirateve te Bashkuara Arabe shtron iftare n\u00eb Hotel Mediteran - Video - Lajme nga Ulqini","og_description":"T\u00eb ejten me 03.07.2014 n\u00eb ambientet e hotelit \"Mediteran\" me rastin e muajit t\u00eb madh\u00ebrueshem t\u00eb Ramazanit, Ambasada e Emirateve te Bashkuara Arabe n\u00eb Mal","og_url":"https:\/\/www.visit-ulcinj.com\/blog\/2014\/07\/05\/ambasada-e-emirateve-te-bashkuara-arabe-shtron-iftare-ne-hotel-mediteran\/","og_site_name":"Lajme nga Ulqini","article_published_time":"2014-07-05T07:37:10+00:00","article_modified_time":"2014-07-11T13:09:40+00:00","twitter_misc":{"Written by":"ulqini","Est. reading time":"1 minute"},"schema":{"@context":"https:\/\/schema.org","@graph":[{"@type":"WebSite","@id":"https:\/\/www.visit-ulcinj.com\/blog\/#website","url":"https:\/\/www.visit-ulcinj.com\/blog\/","name":"Lajme nga Ulqini","description":"Lajme,Vijesti,Ulqini,Ulqin,Crna Gora,Mali i Zi","potentialAction":[{"@type":"SearchAction","target":{"@type":"EntryPoint","urlTemplate":"https:\/\/www.visit-ulcinj.com\/blog\/?s={search_term_string}"},"query-input":"required name=search_term_string"}],"inLanguage":"en-US"},{"@type":"WebPage","@id":"https:\/\/www.visit-ulcinj.com\/blog\/2014\/07\/05\/ambasada-e-emirateve-te-bashkuara-arabe-shtron-iftare-ne-hotel-mediteran\/#webpage","url":"https:\/\/www.visit-ulcinj.com\/blog\/2014\/07\/05\/ambasada-e-emirateve-te-bashkuara-arabe-shtron-iftare-ne-hotel-mediteran\/","name":"Ambasada e Emirateve te Bashkuara Arabe shtron iftare n\u00eb Hotel Mediteran - Video - Lajme nga Ulqini","isPartOf":{"@id":"https:\/\/www.visit-ulcinj.com\/blog\/#website"},"datePublished":"2014-07-05T07:37:10+00:00","dateModified":"2014-07-11T13:09:40+00:00","author":{"@id":"https:\/\/www.visit-ulcinj.com\/blog\/#\/schema\/person\/dcab619c614d3038751c63bc2aadc06d"},"description":"T\u00eb ejten me 03.07.2014 n\u00eb ambientet e hotelit \"Mediteran\" me rastin e muajit t\u00eb madh\u00ebrueshem t\u00eb Ramazanit, Ambasada e Emirateve te Bashkuara Arabe n\u00eb Mal","breadcrumb":{"@id":"https:\/\/www.visit-ulcinj.com\/blog\/2014\/07\/05\/ambasada-e-emirateve-te-bashkuara-arabe-shtron-iftare-ne-hotel-mediteran\/#breadcrumb"},"inLanguage":"en-US","potentialAction":[{"@type":"ReadAction","target":["https:\/\/www.visit-ulcinj.com\/blog\/2014\/07\/05\/ambasada-e-emirateve-te-bashkuara-arabe-shtron-iftare-ne-hotel-mediteran\/"]}]},{"@type":"BreadcrumbList","@id":"https:\/\/www.visit-ulcinj.com\/blog\/2014\/07\/05\/ambasada-e-emirateve-te-bashkuara-arabe-shtron-iftare-ne-hotel-mediteran\/#breadcrumb","itemListElement":[{"@type":"ListItem","position":1,"name":"Ambasada e Emirateve te Bashkuara Arabe shtron iftare n\u00eb Hotel Mediteran &#8211; Video"}]},{"@type":"Person","@id":"https:\/\/www.visit-ulcinj.com\/blog\/#\/schema\/person\/dcab619c614d3038751c63bc2aadc06d","name":"ulqini","sameAs":["http:\/\/www.visit-ulcinj.com"],"url":"https:\/\/www.visit-ulcinj.com\/blog\/author\/admin\/"}]}},"jetpack_featured_media_url":"","jetpack_sharing_enabled":true,"jetpack_shortlink":"https:\/\/wp.me\/pe6lTn-lNL","_links":{"self":[{"href":"https:\/\/www.visit-ulcinj.com\/blog\/wp-json\/wp\/v2\/posts\/83809"}],"collection":[{"href":"https:\/\/www.visit-ulcinj.com\/blog\/wp-json\/wp\/v2\/posts"}],"about":[{"href":"https:\/\/www.visit-ulcinj.com\/blog\/wp-json\/wp\/v2\/types\/post"}],"author":[{"embeddable":true,"href":"https:\/\/www.visit-ulcinj.com\/blog\/wp-json\/wp\/v2\/users\/1"}],"replies":[{"embeddable":true,"href":"https:\/\/www.visit-ulcinj.com\/blog\/wp-json\/wp\/v2\/comments?post=83809"}],"version-history":[{"count":6,"href":"https:\/\/www.visit-ulcinj.com\/blog\/wp-json\/wp\/v2\/posts\/83809\/revisions"}],"predecessor-version":[{"id":83888,"href":"https:\/\/www.visit-ulcinj.com\/blog\/wp-json\/wp\/v2\/posts\/83809\/revisions\/83888"}],"wp:attachment":[{"href":"https:\/\/www.visit-ulcinj.com\/blog\/wp-json\/wp\/v2\/media?parent=83809"}],"wp:term":[{"taxonomy":"category","embeddable":true,"href":"https:\/\/www.visit-ulcinj.com\/blog\/wp-json\/wp\/v2\/categories?post=83809"},{"taxonomy":"post_tag","embeddable":true,"href":"https:\/\/www.visit-ulcinj.com\/blog\/wp-json\/wp\/v2\/tags?post=83809"}],"curies":[{"name":"wp","href":"https:\/\/api.w.org\/{rel}","templated":true}]}}