{"id":83818,"date":"2014-07-05T09:00:03","date_gmt":"2014-07-05T08:00:03","guid":{"rendered":"http:\/\/www.visit-ulcinj.com\/blog\/?p=83818"},"modified":"2014-07-05T09:01:27","modified_gmt":"2014-07-05T08:01:27","slug":"dhuna-ne-protestat-e-shqiptareve-te-shkupit-reagon-shqiperia","status":"publish","type":"post","link":"https:\/\/www.visit-ulcinj.com\/blog\/2014\/07\/05\/dhuna-ne-protestat-e-shqiptareve-te-shkupit-reagon-shqiperia\/","title":{"rendered":"Dhuna n\u00eb protestat e shqiptar\u00ebve t\u00eb Shkupit, reagon Shqip\u00ebria &#8211; Video"},"content":{"rendered":"<p><a href=\"http:\/\/www.visit-ulcinj.com\/blog\/wp-content\/uploads\/2014\/07\/Dhuna-policore-protesta-Anti-Monstra-ne-Shkup.jpg\"><img loading=\"lazy\" class=\"alignleft  wp-image-83819\" alt=\"Dhuna policore, protesta Anti-Monstra ne Shkup\" src=\"http:\/\/www.visit-ulcinj.com\/blog\/wp-content\/uploads\/2014\/07\/Dhuna-policore-protesta-Anti-Monstra-ne-Shkup.jpg\" width=\"508\" height=\"360\" \/><\/a>Ministria e Pun\u00ebve t\u00eb Jashtme t\u00eb Shqip\u00ebris\u00eb ka reaguar n\u00eb lidhje me <strong><a title=\"Protesta masive n\u00eb Shkup (FOTO- VIDEO)\" href=\"http:\/\/portalb.mk\/88997-live-filloi-protesta-kunder-rasteve-te-montuara\/\">dhun\u00ebn e ushtruar n\u00eb Shkup t\u00eb Maqedonis\u00eb ndaj shqiptar\u00ebve.<\/a><\/strong><\/p>\n<p>Sipas nj\u00eb njoftimi, Ministria e Pun\u00ebve t\u00eb Jashtme shpreh shqet\u00ebsim p\u00ebr dhun\u00ebn e ushtruar gjat\u00eb demonstratave t\u00eb shqiptar\u00ebve n\u00eb Shkup, duke u k\u00ebrkuar autoriteteve maqedonase dhe instancave p\u00ebrkat\u00ebse gjyq\u00ebsore q\u00eb t\u00eb garantojn\u00eb nj\u00eb proces gjyq\u00ebsor t\u00eb drejt\u00eb, t\u00eb paansh\u00ebm dhe t\u00eb bazuar mbi prova p\u00ebr 6 shqiptar\u00ebt.<\/p>\n<p>\u201cDuke konsideruar zhvillimet e fundit n\u00eb Shkup, lidhur me d\u00ebnimin e 6 shqiptar\u00ebve t\u00eb Maqedonis\u00eb t\u00eb akuzuar p\u00ebr terroriz\u00ebm, Ministria e Pun\u00ebve t\u00eb Jashtme shpreh shqet\u00ebsimin e saj p\u00ebr dhun\u00ebn e ushtruar gjat\u00eb demonstratave t\u00eb dit\u00ebs s\u00eb sotme. MPJ\u2019ja u k\u00ebrkon autoriteteve Maqedonase dhe instancave p\u00ebrkat\u00ebse gjyq\u00ebsore q\u00eb t\u00eb garantojn\u00eb nj\u00eb proces gjyq\u00ebsor t\u00eb drejt\u00eb, t\u00eb paansh\u00ebm dhe t\u00eb bazuar mbi prova. Dhuna e ushtruar nuk ndihmon n\u00eb zbardhjen e \u00e7\u00ebshtjes dhe d\u00ebmton marr\u00ebdh\u00ebniet nd\u00ebretnike dhe harmonin\u00eb midis komuniteteve. MPJ do t\u00eb vijoj\u00eb t\u00eb ndjek\u00eb me v\u00ebmendje zhvillimet n\u00eb Shkup dhe fton pal\u00ebt t\u00eb tregojn\u00eb vet\u00eb-p\u00ebrmbajtje dhe gjakftoht\u00ebsi\u201d,thuhet n\u00eb deklarat\u00ebn e MPJ\u2019s\u00eb.<\/p>\n<p><strong>Portalb.mk<\/strong><\/p>\n<!--YouTube Error: bad URL entered-->\n","protected":false},"excerpt":{"rendered":"<p>Ministria e Pun\u00ebve t\u00eb Jashtme t\u00eb Shqip\u00ebris\u00eb ka reaguar n\u00eb lidhje me dhun\u00ebn e ushtruar n\u00eb Shkup t\u00eb Maqedonis\u00eb ndaj shqiptar\u00ebve. Sipas nj\u00eb njoftimi, Ministria e Pun\u00ebve t\u00eb Jashtme shpreh shqet\u00ebsim p\u00ebr dhun\u00ebn e ushtruar gjat\u00eb demonstratave t\u00eb shqiptar\u00ebve n\u00eb Shkup, duke u k\u00ebrkuar autoriteteve maqedonase dhe instancave p\u00ebrkat\u00ebse gjyq\u00ebsore q\u00eb t\u00eb garantojn\u00eb nj\u00eb proces [&hellip;]<\/p>\n","protected":false},"author":1,"featured_media":0,"comment_status":"closed","ping_status":"closed","sticky":false,"template":"","format":"standard","meta":{"spay_email":"","jetpack_publicize_message":"","jetpack_is_tweetstorm":false,"jetpack_publicize_feature_enabled":true},"categories":[14],"tags":[],"jetpack_publicize_connections":[],"yoast_head":"<!-- This site is optimized with the Yoast SEO plugin v19.1 - https:\/\/yoast.com\/wordpress\/plugins\/seo\/ -->\n<title>Dhuna n\u00eb protestat e shqiptar\u00ebve t\u00eb Shkupit, reagon Shqip\u00ebria - Video - Lajme nga Ulqini<\/title>\n<meta name=\"description\" content=\"Ministria e Pun\u00ebve t\u00eb Jashtme t\u00eb Shqip\u00ebris\u00eb ka reaguar n\u00eb lidhje me dhun\u00ebn e ushtruar n\u00eb Shkup t\u00eb Maqedonis\u00eb ndaj shqiptar\u00ebve. Sipas nj\u00eb njoftimi,\" \/>\n<meta name=\"robots\" content=\"index, follow, max-snippet:-1, max-image-preview:large, max-video-preview:-1\" \/>\n<link rel=\"canonical\" href=\"https:\/\/www.visit-ulcinj.com\/blog\/2014\/07\/05\/dhuna-ne-protestat-e-shqiptareve-te-shkupit-reagon-shqiperia\/\" \/>\n<meta property=\"og:locale\" content=\"en_US\" \/>\n<meta property=\"og:type\" content=\"article\" \/>\n<meta property=\"og:title\" content=\"Dhuna n\u00eb protestat e shqiptar\u00ebve t\u00eb Shkupit, reagon Shqip\u00ebria - Video - Lajme nga Ulqini\" \/>\n<meta property=\"og:description\" content=\"Ministria e Pun\u00ebve t\u00eb Jashtme t\u00eb Shqip\u00ebris\u00eb ka reaguar n\u00eb lidhje me dhun\u00ebn e ushtruar n\u00eb Shkup t\u00eb Maqedonis\u00eb ndaj shqiptar\u00ebve. Sipas nj\u00eb njoftimi,\" \/>\n<meta property=\"og:url\" content=\"https:\/\/www.visit-ulcinj.com\/blog\/2014\/07\/05\/dhuna-ne-protestat-e-shqiptareve-te-shkupit-reagon-shqiperia\/\" \/>\n<meta property=\"og:site_name\" content=\"Lajme nga Ulqini\" \/>\n<meta property=\"article:published_time\" content=\"2014-07-05T08:00:03+00:00\" \/>\n<meta property=\"article:modified_time\" content=\"2014-07-05T08:01:27+00:00\" \/>\n<meta property=\"og:image\" content=\"http:\/\/www.visit-ulcinj.com\/blog\/wp-content\/uploads\/2014\/07\/Dhuna-policore-protesta-Anti-Monstra-ne-Shkup.jpg\" \/>\n<meta name=\"twitter:label1\" content=\"Written by\" \/>\n\t<meta name=\"twitter:data1\" content=\"ulqini\" \/>\n\t<meta name=\"twitter:label2\" content=\"Est. reading time\" \/>\n\t<meta name=\"twitter:data2\" content=\"1 minute\" \/>\n<script type=\"application\/ld+json\" class=\"yoast-schema-graph\">{\"@context\":\"https:\/\/schema.org\",\"@graph\":[{\"@type\":\"WebSite\",\"@id\":\"https:\/\/www.visit-ulcinj.com\/blog\/#website\",\"url\":\"https:\/\/www.visit-ulcinj.com\/blog\/\",\"name\":\"Lajme nga Ulqini\",\"description\":\"Lajme,Vijesti,Ulqini,Ulqin,Crna Gora,Mali i Zi\",\"potentialAction\":[{\"@type\":\"SearchAction\",\"target\":{\"@type\":\"EntryPoint\",\"urlTemplate\":\"https:\/\/www.visit-ulcinj.com\/blog\/?s={search_term_string}\"},\"query-input\":\"required name=search_term_string\"}],\"inLanguage\":\"en-US\"},{\"@type\":\"ImageObject\",\"inLanguage\":\"en-US\",\"@id\":\"https:\/\/www.visit-ulcinj.com\/blog\/2014\/07\/05\/dhuna-ne-protestat-e-shqiptareve-te-shkupit-reagon-shqiperia\/#primaryimage\",\"url\":\"https:\/\/www.visit-ulcinj.com\/blog\/wp-content\/uploads\/2014\/07\/Dhuna-policore-protesta-Anti-Monstra-ne-Shkup.jpg\",\"contentUrl\":\"https:\/\/www.visit-ulcinj.com\/blog\/wp-content\/uploads\/2014\/07\/Dhuna-policore-protesta-Anti-Monstra-ne-Shkup.jpg\",\"width\":960,\"height\":593},{\"@type\":\"WebPage\",\"@id\":\"https:\/\/www.visit-ulcinj.com\/blog\/2014\/07\/05\/dhuna-ne-protestat-e-shqiptareve-te-shkupit-reagon-shqiperia\/#webpage\",\"url\":\"https:\/\/www.visit-ulcinj.com\/blog\/2014\/07\/05\/dhuna-ne-protestat-e-shqiptareve-te-shkupit-reagon-shqiperia\/\",\"name\":\"Dhuna n\u00eb protestat e shqiptar\u00ebve t\u00eb Shkupit, reagon Shqip\u00ebria - Video - Lajme nga Ulqini\",\"isPartOf\":{\"@id\":\"https:\/\/www.visit-ulcinj.com\/blog\/#website\"},\"primaryImageOfPage\":{\"@id\":\"https:\/\/www.visit-ulcinj.com\/blog\/2014\/07\/05\/dhuna-ne-protestat-e-shqiptareve-te-shkupit-reagon-shqiperia\/#primaryimage\"},\"datePublished\":\"2014-07-05T08:00:03+00:00\",\"dateModified\":\"2014-07-05T08:01:27+00:00\",\"author\":{\"@id\":\"https:\/\/www.visit-ulcinj.com\/blog\/#\/schema\/person\/dcab619c614d3038751c63bc2aadc06d\"},\"description\":\"Ministria e Pun\u00ebve t\u00eb Jashtme t\u00eb Shqip\u00ebris\u00eb ka reaguar n\u00eb lidhje me dhun\u00ebn e ushtruar n\u00eb Shkup t\u00eb Maqedonis\u00eb ndaj shqiptar\u00ebve. Sipas nj\u00eb njoftimi,\",\"breadcrumb\":{\"@id\":\"https:\/\/www.visit-ulcinj.com\/blog\/2014\/07\/05\/dhuna-ne-protestat-e-shqiptareve-te-shkupit-reagon-shqiperia\/#breadcrumb\"},\"inLanguage\":\"en-US\",\"potentialAction\":[{\"@type\":\"ReadAction\",\"target\":[\"https:\/\/www.visit-ulcinj.com\/blog\/2014\/07\/05\/dhuna-ne-protestat-e-shqiptareve-te-shkupit-reagon-shqiperia\/\"]}]},{\"@type\":\"BreadcrumbList\",\"@id\":\"https:\/\/www.visit-ulcinj.com\/blog\/2014\/07\/05\/dhuna-ne-protestat-e-shqiptareve-te-shkupit-reagon-shqiperia\/#breadcrumb\",\"itemListElement\":[{\"@type\":\"ListItem\",\"position\":1,\"name\":\"Dhuna n\u00eb protestat e shqiptar\u00ebve t\u00eb Shkupit, reagon Shqip\u00ebria &#8211; Video\"}]},{\"@type\":\"Person\",\"@id\":\"https:\/\/www.visit-ulcinj.com\/blog\/#\/schema\/person\/dcab619c614d3038751c63bc2aadc06d\",\"name\":\"ulqini\",\"sameAs\":[\"http:\/\/www.visit-ulcinj.com\"],\"url\":\"https:\/\/www.visit-ulcinj.com\/blog\/author\/admin\/\"}]}<\/script>\n<!-- \/ Yoast SEO plugin. -->","yoast_head_json":{"title":"Dhuna n\u00eb protestat e shqiptar\u00ebve t\u00eb Shkupit, reagon Shqip\u00ebria - Video - Lajme nga Ulqini","description":"Ministria e Pun\u00ebve t\u00eb Jashtme t\u00eb Shqip\u00ebris\u00eb ka reaguar n\u00eb lidhje me dhun\u00ebn e ushtruar n\u00eb Shkup t\u00eb Maqedonis\u00eb ndaj shqiptar\u00ebve. Sipas nj\u00eb njoftimi,","robots":{"index":"index","follow":"follow","max-snippet":"max-snippet:-1","max-image-preview":"max-image-preview:large","max-video-preview":"max-video-preview:-1"},"canonical":"https:\/\/www.visit-ulcinj.com\/blog\/2014\/07\/05\/dhuna-ne-protestat-e-shqiptareve-te-shkupit-reagon-shqiperia\/","og_locale":"en_US","og_type":"article","og_title":"Dhuna n\u00eb protestat e shqiptar\u00ebve t\u00eb Shkupit, reagon Shqip\u00ebria - Video - Lajme nga Ulqini","og_description":"Ministria e Pun\u00ebve t\u00eb Jashtme t\u00eb Shqip\u00ebris\u00eb ka reaguar n\u00eb lidhje me dhun\u00ebn e ushtruar n\u00eb Shkup t\u00eb Maqedonis\u00eb ndaj shqiptar\u00ebve. Sipas nj\u00eb njoftimi,","og_url":"https:\/\/www.visit-ulcinj.com\/blog\/2014\/07\/05\/dhuna-ne-protestat-e-shqiptareve-te-shkupit-reagon-shqiperia\/","og_site_name":"Lajme nga Ulqini","article_published_time":"2014-07-05T08:00:03+00:00","article_modified_time":"2014-07-05T08:01:27+00:00","og_image":[{"url":"http:\/\/www.visit-ulcinj.com\/blog\/wp-content\/uploads\/2014\/07\/Dhuna-policore-protesta-Anti-Monstra-ne-Shkup.jpg"}],"twitter_misc":{"Written by":"ulqini","Est. reading time":"1 minute"},"schema":{"@context":"https:\/\/schema.org","@graph":[{"@type":"WebSite","@id":"https:\/\/www.visit-ulcinj.com\/blog\/#website","url":"https:\/\/www.visit-ulcinj.com\/blog\/","name":"Lajme nga Ulqini","description":"Lajme,Vijesti,Ulqini,Ulqin,Crna Gora,Mali i Zi","potentialAction":[{"@type":"SearchAction","target":{"@type":"EntryPoint","urlTemplate":"https:\/\/www.visit-ulcinj.com\/blog\/?s={search_term_string}"},"query-input":"required name=search_term_string"}],"inLanguage":"en-US"},{"@type":"ImageObject","inLanguage":"en-US","@id":"https:\/\/www.visit-ulcinj.com\/blog\/2014\/07\/05\/dhuna-ne-protestat-e-shqiptareve-te-shkupit-reagon-shqiperia\/#primaryimage","url":"https:\/\/www.visit-ulcinj.com\/blog\/wp-content\/uploads\/2014\/07\/Dhuna-policore-protesta-Anti-Monstra-ne-Shkup.jpg","contentUrl":"https:\/\/www.visit-ulcinj.com\/blog\/wp-content\/uploads\/2014\/07\/Dhuna-policore-protesta-Anti-Monstra-ne-Shkup.jpg","width":960,"height":593},{"@type":"WebPage","@id":"https:\/\/www.visit-ulcinj.com\/blog\/2014\/07\/05\/dhuna-ne-protestat-e-shqiptareve-te-shkupit-reagon-shqiperia\/#webpage","url":"https:\/\/www.visit-ulcinj.com\/blog\/2014\/07\/05\/dhuna-ne-protestat-e-shqiptareve-te-shkupit-reagon-shqiperia\/","name":"Dhuna n\u00eb protestat e shqiptar\u00ebve t\u00eb Shkupit, reagon Shqip\u00ebria - Video - Lajme nga Ulqini","isPartOf":{"@id":"https:\/\/www.visit-ulcinj.com\/blog\/#website"},"primaryImageOfPage":{"@id":"https:\/\/www.visit-ulcinj.com\/blog\/2014\/07\/05\/dhuna-ne-protestat-e-shqiptareve-te-shkupit-reagon-shqiperia\/#primaryimage"},"datePublished":"2014-07-05T08:00:03+00:00","dateModified":"2014-07-05T08:01:27+00:00","author":{"@id":"https:\/\/www.visit-ulcinj.com\/blog\/#\/schema\/person\/dcab619c614d3038751c63bc2aadc06d"},"description":"Ministria e Pun\u00ebve t\u00eb Jashtme t\u00eb Shqip\u00ebris\u00eb ka reaguar n\u00eb lidhje me dhun\u00ebn e ushtruar n\u00eb Shkup t\u00eb Maqedonis\u00eb ndaj shqiptar\u00ebve. Sipas nj\u00eb njoftimi,","breadcrumb":{"@id":"https:\/\/www.visit-ulcinj.com\/blog\/2014\/07\/05\/dhuna-ne-protestat-e-shqiptareve-te-shkupit-reagon-shqiperia\/#breadcrumb"},"inLanguage":"en-US","potentialAction":[{"@type":"ReadAction","target":["https:\/\/www.visit-ulcinj.com\/blog\/2014\/07\/05\/dhuna-ne-protestat-e-shqiptareve-te-shkupit-reagon-shqiperia\/"]}]},{"@type":"BreadcrumbList","@id":"https:\/\/www.visit-ulcinj.com\/blog\/2014\/07\/05\/dhuna-ne-protestat-e-shqiptareve-te-shkupit-reagon-shqiperia\/#breadcrumb","itemListElement":[{"@type":"ListItem","position":1,"name":"Dhuna n\u00eb protestat e shqiptar\u00ebve t\u00eb Shkupit, reagon Shqip\u00ebria &#8211; Video"}]},{"@type":"Person","@id":"https:\/\/www.visit-ulcinj.com\/blog\/#\/schema\/person\/dcab619c614d3038751c63bc2aadc06d","name":"ulqini","sameAs":["http:\/\/www.visit-ulcinj.com"],"url":"https:\/\/www.visit-ulcinj.com\/blog\/author\/admin\/"}]}},"jetpack_featured_media_url":"","jetpack_sharing_enabled":true,"jetpack_shortlink":"https:\/\/wp.me\/pe6lTn-lNU","_links":{"self":[{"href":"https:\/\/www.visit-ulcinj.com\/blog\/wp-json\/wp\/v2\/posts\/83818"}],"collection":[{"href":"https:\/\/www.visit-ulcinj.com\/blog\/wp-json\/wp\/v2\/posts"}],"about":[{"href":"https:\/\/www.visit-ulcinj.com\/blog\/wp-json\/wp\/v2\/types\/post"}],"author":[{"embeddable":true,"href":"https:\/\/www.visit-ulcinj.com\/blog\/wp-json\/wp\/v2\/users\/1"}],"replies":[{"embeddable":true,"href":"https:\/\/www.visit-ulcinj.com\/blog\/wp-json\/wp\/v2\/comments?post=83818"}],"version-history":[{"count":3,"href":"https:\/\/www.visit-ulcinj.com\/blog\/wp-json\/wp\/v2\/posts\/83818\/revisions"}],"predecessor-version":[{"id":83822,"href":"https:\/\/www.visit-ulcinj.com\/blog\/wp-json\/wp\/v2\/posts\/83818\/revisions\/83822"}],"wp:attachment":[{"href":"https:\/\/www.visit-ulcinj.com\/blog\/wp-json\/wp\/v2\/media?parent=83818"}],"wp:term":[{"taxonomy":"category","embeddable":true,"href":"https:\/\/www.visit-ulcinj.com\/blog\/wp-json\/wp\/v2\/categories?post=83818"},{"taxonomy":"post_tag","embeddable":true,"href":"https:\/\/www.visit-ulcinj.com\/blog\/wp-json\/wp\/v2\/tags?post=83818"}],"curies":[{"name":"wp","href":"https:\/\/api.w.org\/{rel}","templated":true}]}}