{"id":83823,"date":"2014-07-05T09:22:29","date_gmt":"2014-07-05T08:22:29","guid":{"rendered":"http:\/\/www.visit-ulcinj.com\/blog\/?p=83823"},"modified":"2014-07-05T09:22:29","modified_gmt":"2014-07-05T08:22:29","slug":"loro-markiqi-ne-mbledhjen-konstituive-e-keshillit-gjyqesor-te-mz","status":"publish","type":"post","link":"https:\/\/www.visit-ulcinj.com\/blog\/2014\/07\/05\/loro-markiqi-ne-mbledhjen-konstituive-e-keshillit-gjyqesor-te-mz\/","title":{"rendered":"Loro Markiqi n\u00eb mbledhjen konstituive e k\u00ebshillit gjyq\u00ebsor t\u00eb MZ"},"content":{"rendered":"<p><strong><a href=\"http:\/\/www.visit-ulcinj.com\/blog\/wp-content\/uploads\/2014\/07\/Loro-Markiq.jpg\"><img loading=\"lazy\" class=\"alignleft  wp-image-83824\" alt=\"Loro-Markiq\" src=\"http:\/\/www.visit-ulcinj.com\/blog\/wp-content\/uploads\/2014\/07\/Loro-Markiq.jpg\" width=\"508\" height=\"600\" \/><\/a>Mbahet mbledhja konstituive e k\u00ebshillit gjyq\u00ebsor<\/strong><\/p>\n<p>Sot u mbajt mbledhja konstituive e K\u00ebshillit Gjyq\u00ebsor n\u00eb t\u00eb cil\u00ebn u zgjodh kryetari i k\u00ebtij K\u00ebshilli. K\u00ebshilli nj\u00ebz\u00ebri p\u00ebr kryetar zgjodhi, Mlladen Vuk\u00e7eviq, i cili tha se em\u00ebrimi i tij \u00ebsht\u00eb kulminacion i karrier\u00ebs s\u00eb tij profesioniste dhe se do t\u00eb b\u00ebj\u00eb \u00e7\u2019\u00ebsht\u00eb e mundur q\u00eb t\u00eb kontribuoj\u00eb n\u00eb reform\u00ebn e gjyq\u00ebsorit dhe, si\u00e7 tha ai, strategjia e reform\u00ebs s\u00eb gjyq\u00ebsorit t\u00eb mos mbetet vet\u00ebm n\u00eb let\u00ebr por t\u00eb jet\u00eb jet\u00ebsohet edhe n\u00eb vep\u00ebr. Vuk\u00e7eviq u shpreh se K\u00ebshilli Gjyq\u00ebsor e ka respektuar afatin kushtetues q\u00eb t\u00eb konstituhet brenda tre dit\u00ebsh nga shpallja e tij, me \u00e7gj\u00eb mund\u00ebsohet fillimi i procedur\u00ebs p\u00ebr zgjedhjen e kryetarit t\u00eb Gjyqit Suprem. Zgjedhja e tij do t\u00eb b\u00ebhet n\u00eb afatin prej 30 dit\u00ebve nga konstituivi i K\u00ebshillit Gjyq\u00ebsor\u00eb, t\u00eb cilin e zgjedh dhe e shkarkon K\u00ebshilli me dy t\u00eb tretat e votave, n\u00eb periudh\u00eb pes\u00eb vje\u00e7are. Presidenti Filip Vujanoviq ka shpallur p\u00ebrb\u00ebrjen e K\u00ebshillit gjyq\u00ebsor i cili ka 10 an\u00ebtar\u00eb. P\u00ebr an\u00ebtar\u00ebt e K\u00ebshillit, Konferenca e Gjykatave ka zgjedhur gjykat\u00ebsin e Gjyqit suprem Radoje Oroviq, nga ai i Apelit Miliq Megjedoviq, nga Gjykata e Lart\u00eb n\u00eb Podgoric\u00eb Natasha Bozhoviq dhe Zhelko Jovoviqin\u00a0 nga Gjykata e Gjyqit Themelor t\u00eb Podgoric\u00ebs. Nga radh\u00ebt e jurist\u00ebve t\u00eb dalluar Parlamenti ka zgjedhur Dobrica Shlivan\u00e7aninin, Loro Markiqin, Mlladen Vuk\u00e7eviqin dhe Vesna Simonoviq Zvicer. An\u00ebtari i K\u00ebshillit \u00ebsht\u00eb edhe ministri i drejt\u00ebsis\u00eb, Dushko Markoviq.<\/p>\n<p><strong>TVCG<\/strong><\/p>\n<p><strong>Di\u00e7ka p\u00ebr Loro Markiqin<\/strong><\/p>\n<p>Avokati nga Ulqini Loro Markiq u zgjodh n\u00eb mbledhjen e K\u00ebshillit p\u00ebr sistem politik, drejt\u00ebsi dhe administrat\u00eb t\u00eb Kuvendit t\u00eb Malit t\u00eb Zi p\u00ebr an\u00ebtar\u00eb t\u00eb K\u00ebshillit gjyq\u00ebsor\u00eb.<\/p>\n<p>P\u00ebr t\u00eb votuan deputet\u00ebt e PDS-s\u00eb(DPS), PSD-s\u00eb(SDP) dhe PSP-s\u00eb(SNP), si dhe n\u00ebnkryetarja e MZ Pozitiv Azra Jasaviq.<\/p>\n<p>Nd\u00ebr kandidat\u00ebt t\u00eb cil\u00ebt nuk u zgjodh\u00ebn ishte dhe funksionari i PDS-s\u00eb lokal.<\/p>\n<p>&nbsp;<\/p>\n","protected":false},"excerpt":{"rendered":"<p>Mbahet mbledhja konstituive e k\u00ebshillit gjyq\u00ebsor Sot u mbajt mbledhja konstituive e K\u00ebshillit Gjyq\u00ebsor n\u00eb t\u00eb cil\u00ebn u zgjodh kryetari i k\u00ebtij K\u00ebshilli. K\u00ebshilli nj\u00ebz\u00ebri p\u00ebr kryetar zgjodhi, Mlladen Vuk\u00e7eviq, i cili tha se em\u00ebrimi i tij \u00ebsht\u00eb kulminacion i karrier\u00ebs s\u00eb tij profesioniste dhe se do t\u00eb b\u00ebj\u00eb \u00e7\u2019\u00ebsht\u00eb e mundur q\u00eb t\u00eb kontribuoj\u00eb [&hellip;]<\/p>\n","protected":false},"author":1,"featured_media":0,"comment_status":"closed","ping_status":"closed","sticky":false,"template":"","format":"standard","meta":{"spay_email":"","jetpack_publicize_message":"","jetpack_is_tweetstorm":false,"jetpack_publicize_feature_enabled":true},"categories":[6950],"tags":[],"jetpack_publicize_connections":[],"yoast_head":"<!-- This site is optimized with the Yoast SEO plugin v19.1 - https:\/\/yoast.com\/wordpress\/plugins\/seo\/ -->\n<title>Loro Markiqi n\u00eb mbledhjen konstituive e k\u00ebshillit gjyq\u00ebsor t\u00eb MZ - Lajme nga Ulqini<\/title>\n<meta name=\"description\" content=\"Mbahet mbledhja konstituive e k\u00ebshillit gjyq\u00ebsor Sot u mbajt mbledhja konstituive e K\u00ebshillit Gjyq\u00ebsor n\u00eb t\u00eb cil\u00ebn u zgjodh kryetari i k\u00ebtij K\u00ebshilli.\" \/>\n<meta name=\"robots\" content=\"index, follow, max-snippet:-1, max-image-preview:large, max-video-preview:-1\" \/>\n<link rel=\"canonical\" href=\"https:\/\/www.visit-ulcinj.com\/blog\/2014\/07\/05\/loro-markiqi-ne-mbledhjen-konstituive-e-keshillit-gjyqesor-te-mz\/\" \/>\n<meta property=\"og:locale\" content=\"en_US\" \/>\n<meta property=\"og:type\" content=\"article\" \/>\n<meta property=\"og:title\" content=\"Loro Markiqi n\u00eb mbledhjen konstituive e k\u00ebshillit gjyq\u00ebsor t\u00eb MZ - Lajme nga Ulqini\" \/>\n<meta property=\"og:description\" content=\"Mbahet mbledhja konstituive e k\u00ebshillit gjyq\u00ebsor Sot u mbajt mbledhja konstituive e K\u00ebshillit Gjyq\u00ebsor n\u00eb t\u00eb cil\u00ebn u zgjodh kryetari i k\u00ebtij K\u00ebshilli.\" \/>\n<meta property=\"og:url\" content=\"https:\/\/www.visit-ulcinj.com\/blog\/2014\/07\/05\/loro-markiqi-ne-mbledhjen-konstituive-e-keshillit-gjyqesor-te-mz\/\" \/>\n<meta property=\"og:site_name\" content=\"Lajme nga Ulqini\" \/>\n<meta property=\"article:published_time\" content=\"2014-07-05T08:22:29+00:00\" \/>\n<meta property=\"og:image\" content=\"http:\/\/www.visit-ulcinj.com\/blog\/wp-content\/uploads\/2014\/07\/Loro-Markiq.jpg\" \/>\n<meta name=\"twitter:label1\" content=\"Written by\" \/>\n\t<meta name=\"twitter:data1\" content=\"ulqini\" \/>\n\t<meta name=\"twitter:label2\" content=\"Est. reading time\" \/>\n\t<meta name=\"twitter:data2\" content=\"2 minutes\" \/>\n<script type=\"application\/ld+json\" class=\"yoast-schema-graph\">{\"@context\":\"https:\/\/schema.org\",\"@graph\":[{\"@type\":\"WebSite\",\"@id\":\"https:\/\/www.visit-ulcinj.com\/blog\/#website\",\"url\":\"https:\/\/www.visit-ulcinj.com\/blog\/\",\"name\":\"Lajme nga Ulqini\",\"description\":\"Lajme,Vijesti,Ulqini,Ulqin,Crna Gora,Mali i Zi\",\"potentialAction\":[{\"@type\":\"SearchAction\",\"target\":{\"@type\":\"EntryPoint\",\"urlTemplate\":\"https:\/\/www.visit-ulcinj.com\/blog\/?s={search_term_string}\"},\"query-input\":\"required name=search_term_string\"}],\"inLanguage\":\"en-US\"},{\"@type\":\"ImageObject\",\"inLanguage\":\"en-US\",\"@id\":\"https:\/\/www.visit-ulcinj.com\/blog\/2014\/07\/05\/loro-markiqi-ne-mbledhjen-konstituive-e-keshillit-gjyqesor-te-mz\/#primaryimage\",\"url\":\"https:\/\/www.visit-ulcinj.com\/blog\/wp-content\/uploads\/2014\/07\/Loro-Markiq.jpg\",\"contentUrl\":\"https:\/\/www.visit-ulcinj.com\/blog\/wp-content\/uploads\/2014\/07\/Loro-Markiq.jpg\",\"width\":480,\"height\":564},{\"@type\":\"WebPage\",\"@id\":\"https:\/\/www.visit-ulcinj.com\/blog\/2014\/07\/05\/loro-markiqi-ne-mbledhjen-konstituive-e-keshillit-gjyqesor-te-mz\/#webpage\",\"url\":\"https:\/\/www.visit-ulcinj.com\/blog\/2014\/07\/05\/loro-markiqi-ne-mbledhjen-konstituive-e-keshillit-gjyqesor-te-mz\/\",\"name\":\"Loro Markiqi n\u00eb mbledhjen konstituive e k\u00ebshillit gjyq\u00ebsor t\u00eb MZ - Lajme nga Ulqini\",\"isPartOf\":{\"@id\":\"https:\/\/www.visit-ulcinj.com\/blog\/#website\"},\"primaryImageOfPage\":{\"@id\":\"https:\/\/www.visit-ulcinj.com\/blog\/2014\/07\/05\/loro-markiqi-ne-mbledhjen-konstituive-e-keshillit-gjyqesor-te-mz\/#primaryimage\"},\"datePublished\":\"2014-07-05T08:22:29+00:00\",\"dateModified\":\"2014-07-05T08:22:29+00:00\",\"author\":{\"@id\":\"https:\/\/www.visit-ulcinj.com\/blog\/#\/schema\/person\/dcab619c614d3038751c63bc2aadc06d\"},\"description\":\"Mbahet mbledhja konstituive e k\u00ebshillit gjyq\u00ebsor Sot u mbajt mbledhja konstituive e K\u00ebshillit Gjyq\u00ebsor n\u00eb t\u00eb cil\u00ebn u zgjodh kryetari i k\u00ebtij K\u00ebshilli.\",\"breadcrumb\":{\"@id\":\"https:\/\/www.visit-ulcinj.com\/blog\/2014\/07\/05\/loro-markiqi-ne-mbledhjen-konstituive-e-keshillit-gjyqesor-te-mz\/#breadcrumb\"},\"inLanguage\":\"en-US\",\"potentialAction\":[{\"@type\":\"ReadAction\",\"target\":[\"https:\/\/www.visit-ulcinj.com\/blog\/2014\/07\/05\/loro-markiqi-ne-mbledhjen-konstituive-e-keshillit-gjyqesor-te-mz\/\"]}]},{\"@type\":\"BreadcrumbList\",\"@id\":\"https:\/\/www.visit-ulcinj.com\/blog\/2014\/07\/05\/loro-markiqi-ne-mbledhjen-konstituive-e-keshillit-gjyqesor-te-mz\/#breadcrumb\",\"itemListElement\":[{\"@type\":\"ListItem\",\"position\":1,\"name\":\"Loro Markiqi n\u00eb mbledhjen konstituive e k\u00ebshillit gjyq\u00ebsor t\u00eb MZ\"}]},{\"@type\":\"Person\",\"@id\":\"https:\/\/www.visit-ulcinj.com\/blog\/#\/schema\/person\/dcab619c614d3038751c63bc2aadc06d\",\"name\":\"ulqini\",\"sameAs\":[\"http:\/\/www.visit-ulcinj.com\"],\"url\":\"https:\/\/www.visit-ulcinj.com\/blog\/author\/admin\/\"}]}<\/script>\n<!-- \/ Yoast SEO plugin. -->","yoast_head_json":{"title":"Loro Markiqi n\u00eb mbledhjen konstituive e k\u00ebshillit gjyq\u00ebsor t\u00eb MZ - Lajme nga Ulqini","description":"Mbahet mbledhja konstituive e k\u00ebshillit gjyq\u00ebsor Sot u mbajt mbledhja konstituive e K\u00ebshillit Gjyq\u00ebsor n\u00eb t\u00eb cil\u00ebn u zgjodh kryetari i k\u00ebtij K\u00ebshilli.","robots":{"index":"index","follow":"follow","max-snippet":"max-snippet:-1","max-image-preview":"max-image-preview:large","max-video-preview":"max-video-preview:-1"},"canonical":"https:\/\/www.visit-ulcinj.com\/blog\/2014\/07\/05\/loro-markiqi-ne-mbledhjen-konstituive-e-keshillit-gjyqesor-te-mz\/","og_locale":"en_US","og_type":"article","og_title":"Loro Markiqi n\u00eb mbledhjen konstituive e k\u00ebshillit gjyq\u00ebsor t\u00eb MZ - Lajme nga Ulqini","og_description":"Mbahet mbledhja konstituive e k\u00ebshillit gjyq\u00ebsor Sot u mbajt mbledhja konstituive e K\u00ebshillit Gjyq\u00ebsor n\u00eb t\u00eb cil\u00ebn u zgjodh kryetari i k\u00ebtij K\u00ebshilli.","og_url":"https:\/\/www.visit-ulcinj.com\/blog\/2014\/07\/05\/loro-markiqi-ne-mbledhjen-konstituive-e-keshillit-gjyqesor-te-mz\/","og_site_name":"Lajme nga Ulqini","article_published_time":"2014-07-05T08:22:29+00:00","og_image":[{"url":"http:\/\/www.visit-ulcinj.com\/blog\/wp-content\/uploads\/2014\/07\/Loro-Markiq.jpg"}],"twitter_misc":{"Written by":"ulqini","Est. reading time":"2 minutes"},"schema":{"@context":"https:\/\/schema.org","@graph":[{"@type":"WebSite","@id":"https:\/\/www.visit-ulcinj.com\/blog\/#website","url":"https:\/\/www.visit-ulcinj.com\/blog\/","name":"Lajme nga Ulqini","description":"Lajme,Vijesti,Ulqini,Ulqin,Crna Gora,Mali i Zi","potentialAction":[{"@type":"SearchAction","target":{"@type":"EntryPoint","urlTemplate":"https:\/\/www.visit-ulcinj.com\/blog\/?s={search_term_string}"},"query-input":"required name=search_term_string"}],"inLanguage":"en-US"},{"@type":"ImageObject","inLanguage":"en-US","@id":"https:\/\/www.visit-ulcinj.com\/blog\/2014\/07\/05\/loro-markiqi-ne-mbledhjen-konstituive-e-keshillit-gjyqesor-te-mz\/#primaryimage","url":"https:\/\/www.visit-ulcinj.com\/blog\/wp-content\/uploads\/2014\/07\/Loro-Markiq.jpg","contentUrl":"https:\/\/www.visit-ulcinj.com\/blog\/wp-content\/uploads\/2014\/07\/Loro-Markiq.jpg","width":480,"height":564},{"@type":"WebPage","@id":"https:\/\/www.visit-ulcinj.com\/blog\/2014\/07\/05\/loro-markiqi-ne-mbledhjen-konstituive-e-keshillit-gjyqesor-te-mz\/#webpage","url":"https:\/\/www.visit-ulcinj.com\/blog\/2014\/07\/05\/loro-markiqi-ne-mbledhjen-konstituive-e-keshillit-gjyqesor-te-mz\/","name":"Loro Markiqi n\u00eb mbledhjen konstituive e k\u00ebshillit gjyq\u00ebsor t\u00eb MZ - Lajme nga Ulqini","isPartOf":{"@id":"https:\/\/www.visit-ulcinj.com\/blog\/#website"},"primaryImageOfPage":{"@id":"https:\/\/www.visit-ulcinj.com\/blog\/2014\/07\/05\/loro-markiqi-ne-mbledhjen-konstituive-e-keshillit-gjyqesor-te-mz\/#primaryimage"},"datePublished":"2014-07-05T08:22:29+00:00","dateModified":"2014-07-05T08:22:29+00:00","author":{"@id":"https:\/\/www.visit-ulcinj.com\/blog\/#\/schema\/person\/dcab619c614d3038751c63bc2aadc06d"},"description":"Mbahet mbledhja konstituive e k\u00ebshillit gjyq\u00ebsor Sot u mbajt mbledhja konstituive e K\u00ebshillit Gjyq\u00ebsor n\u00eb t\u00eb cil\u00ebn u zgjodh kryetari i k\u00ebtij K\u00ebshilli.","breadcrumb":{"@id":"https:\/\/www.visit-ulcinj.com\/blog\/2014\/07\/05\/loro-markiqi-ne-mbledhjen-konstituive-e-keshillit-gjyqesor-te-mz\/#breadcrumb"},"inLanguage":"en-US","potentialAction":[{"@type":"ReadAction","target":["https:\/\/www.visit-ulcinj.com\/blog\/2014\/07\/05\/loro-markiqi-ne-mbledhjen-konstituive-e-keshillit-gjyqesor-te-mz\/"]}]},{"@type":"BreadcrumbList","@id":"https:\/\/www.visit-ulcinj.com\/blog\/2014\/07\/05\/loro-markiqi-ne-mbledhjen-konstituive-e-keshillit-gjyqesor-te-mz\/#breadcrumb","itemListElement":[{"@type":"ListItem","position":1,"name":"Loro Markiqi n\u00eb mbledhjen konstituive e k\u00ebshillit gjyq\u00ebsor t\u00eb MZ"}]},{"@type":"Person","@id":"https:\/\/www.visit-ulcinj.com\/blog\/#\/schema\/person\/dcab619c614d3038751c63bc2aadc06d","name":"ulqini","sameAs":["http:\/\/www.visit-ulcinj.com"],"url":"https:\/\/www.visit-ulcinj.com\/blog\/author\/admin\/"}]}},"jetpack_featured_media_url":"","jetpack_sharing_enabled":true,"jetpack_shortlink":"https:\/\/wp.me\/pe6lTn-lNZ","_links":{"self":[{"href":"https:\/\/www.visit-ulcinj.com\/blog\/wp-json\/wp\/v2\/posts\/83823"}],"collection":[{"href":"https:\/\/www.visit-ulcinj.com\/blog\/wp-json\/wp\/v2\/posts"}],"about":[{"href":"https:\/\/www.visit-ulcinj.com\/blog\/wp-json\/wp\/v2\/types\/post"}],"author":[{"embeddable":true,"href":"https:\/\/www.visit-ulcinj.com\/blog\/wp-json\/wp\/v2\/users\/1"}],"replies":[{"embeddable":true,"href":"https:\/\/www.visit-ulcinj.com\/blog\/wp-json\/wp\/v2\/comments?post=83823"}],"version-history":[{"count":1,"href":"https:\/\/www.visit-ulcinj.com\/blog\/wp-json\/wp\/v2\/posts\/83823\/revisions"}],"predecessor-version":[{"id":83825,"href":"https:\/\/www.visit-ulcinj.com\/blog\/wp-json\/wp\/v2\/posts\/83823\/revisions\/83825"}],"wp:attachment":[{"href":"https:\/\/www.visit-ulcinj.com\/blog\/wp-json\/wp\/v2\/media?parent=83823"}],"wp:term":[{"taxonomy":"category","embeddable":true,"href":"https:\/\/www.visit-ulcinj.com\/blog\/wp-json\/wp\/v2\/categories?post=83823"},{"taxonomy":"post_tag","embeddable":true,"href":"https:\/\/www.visit-ulcinj.com\/blog\/wp-json\/wp\/v2\/tags?post=83823"}],"curies":[{"name":"wp","href":"https:\/\/api.w.org\/{rel}","templated":true}]}}