{"id":83826,"date":"2014-07-05T09:33:57","date_gmt":"2014-07-05T08:33:57","guid":{"rendered":"http:\/\/www.visit-ulcinj.com\/blog\/?p=83826"},"modified":"2014-07-10T16:03:11","modified_gmt":"2014-07-10T15:03:11","slug":"axhemoviq-kerkuam-pelqimin-per-kredi-nga-ministria","status":"publish","type":"post","link":"https:\/\/www.visit-ulcinj.com\/blog\/2014\/07\/05\/axhemoviq-kerkuam-pelqimin-per-kredi-nga-ministria\/","title":{"rendered":"Axhemoviq:   K\u00ebrkuam p\u00eblqimin p\u00ebr kredi nga ministria &#8211; Video"},"content":{"rendered":"<p>Sekretari i Sekretariatit p\u00ebr buxhet dhe financa n\u00eb komun\u00eb t\u00eb Ulqinit Valdet Axhemoviq ka th\u00ebn\u00eb q\u00eb n\u00eb fillim t\u00eb jav\u00ebs i \u00ebsht\u00eb d\u00ebrguar Ministris\u00eb s\u00eb financave t\u00eb Malit t\u00eb Zi k\u00ebrkesa p\u00ebr p\u00eblqim p\u00ebr kredi nga Atlas banka me vler\u00eb prej 1,2 milion euro.<br \/>\n<a href=\"http:\/\/www.visit-ulcinj.com\/blog\/wp-content\/uploads\/2014\/07\/Valdet-Axhemoviq-Ulqin.jpg\"><img loading=\"lazy\" class=\"alignleft  wp-image-83827\" alt=\"Valdet-Axhemoviq-Ulqin\" src=\"http:\/\/www.visit-ulcinj.com\/blog\/wp-content\/uploads\/2014\/07\/Valdet-Axhemoviq-Ulqin.jpg\" width=\"508\" height=\"600\" \/><\/a><\/p>\n<p>\u201cMeqen\u00ebse m\u00eb her\u00ebt kemi marr p\u00eblqimin p\u00ebr miratimin e buxhetit, nuk duhet t\u00eb kemi problem as rreth kredis\u00eb, sepse ai \u00ebsht\u00eb i planifikuar me buxhet\u201d, tha Axhemoviq p\u00ebr gazet\u00ebn \u201cDan\u201d. Sipas fjal\u00ebve t\u00eb tij, n\u00eb vijim jan\u00eb bisedat me bank\u00ebn rreth dh\u00ebnies n\u00eb hipotek\u00eb t\u00eb tok\u00ebs n\u00eb pron\u00eb t\u00eb komun\u00ebs. \u201cKur ta dakordojm\u00eb k\u00ebt\u00eb, mbetet q\u00eb parlamenti lokal t\u00eb miratoj\u00eb vendimin p\u00ebr hipotek\u00eb\u201d, tha ai duke theksuar q\u00eb kredia duhet t\u00eb jet\u00eb operative deri n\u00eb fund t\u00eb k\u00ebtij muaji.<\/p>\n<p><strong>TVCG<\/strong><\/p>\n","protected":false},"excerpt":{"rendered":"<p>Sekretari i Sekretariatit p\u00ebr buxhet dhe financa n\u00eb komun\u00eb t\u00eb Ulqinit Valdet Axhemoviq ka th\u00ebn\u00eb q\u00eb n\u00eb fillim t\u00eb jav\u00ebs i \u00ebsht\u00eb d\u00ebrguar Ministris\u00eb s\u00eb financave t\u00eb Malit t\u00eb Zi k\u00ebrkesa p\u00ebr p\u00eblqim p\u00ebr kredi nga Atlas banka me vler\u00eb prej 1,2 milion euro. \u201cMeqen\u00ebse m\u00eb her\u00ebt kemi marr p\u00eblqimin p\u00ebr miratimin e buxhetit, nuk [&hellip;]<\/p>\n","protected":false},"author":1,"featured_media":0,"comment_status":"closed","ping_status":"closed","sticky":false,"template":"","format":"standard","meta":{"spay_email":"","jetpack_publicize_message":"","jetpack_is_tweetstorm":false,"jetpack_publicize_feature_enabled":true},"categories":[10],"tags":[],"jetpack_publicize_connections":[],"yoast_head":"<!-- This site is optimized with the Yoast SEO plugin v19.1 - https:\/\/yoast.com\/wordpress\/plugins\/seo\/ -->\n<title>Axhemoviq:  K\u00ebrkuam p\u00eblqimin p\u00ebr kredi nga ministria - Video - Lajme nga Ulqini<\/title>\n<meta name=\"description\" content=\"Sekretari i Sekretariatit p\u00ebr buxhet dhe financa n\u00eb komun\u00eb t\u00eb Ulqinit Valdet Axhemoviq ka th\u00ebn\u00eb q\u00eb n\u00eb fillim t\u00eb jav\u00ebs i \u00ebsht\u00eb d\u00ebrguar Ministris\u00eb s\u00eb\" \/>\n<meta name=\"robots\" content=\"index, follow, max-snippet:-1, max-image-preview:large, max-video-preview:-1\" \/>\n<link rel=\"canonical\" href=\"https:\/\/www.visit-ulcinj.com\/blog\/2014\/07\/05\/axhemoviq-kerkuam-pelqimin-per-kredi-nga-ministria\/\" \/>\n<meta property=\"og:locale\" content=\"en_US\" \/>\n<meta property=\"og:type\" content=\"article\" \/>\n<meta property=\"og:title\" content=\"Axhemoviq:  K\u00ebrkuam p\u00eblqimin p\u00ebr kredi nga ministria - Video - Lajme nga Ulqini\" \/>\n<meta property=\"og:description\" content=\"Sekretari i Sekretariatit p\u00ebr buxhet dhe financa n\u00eb komun\u00eb t\u00eb Ulqinit Valdet Axhemoviq ka th\u00ebn\u00eb q\u00eb n\u00eb fillim t\u00eb jav\u00ebs i \u00ebsht\u00eb d\u00ebrguar Ministris\u00eb s\u00eb\" \/>\n<meta property=\"og:url\" content=\"https:\/\/www.visit-ulcinj.com\/blog\/2014\/07\/05\/axhemoviq-kerkuam-pelqimin-per-kredi-nga-ministria\/\" \/>\n<meta property=\"og:site_name\" content=\"Lajme nga Ulqini\" \/>\n<meta property=\"article:published_time\" content=\"2014-07-05T08:33:57+00:00\" \/>\n<meta property=\"article:modified_time\" content=\"2014-07-10T15:03:11+00:00\" \/>\n<meta property=\"og:image\" content=\"http:\/\/www.visit-ulcinj.com\/blog\/wp-content\/uploads\/2014\/07\/Valdet-Axhemoviq-Ulqin.jpg\" \/>\n<meta name=\"twitter:label1\" content=\"Written by\" \/>\n\t<meta name=\"twitter:data1\" content=\"ulqini\" \/>\n\t<meta name=\"twitter:label2\" content=\"Est. reading time\" \/>\n\t<meta name=\"twitter:data2\" content=\"1 minute\" \/>\n<script type=\"application\/ld+json\" class=\"yoast-schema-graph\">{\"@context\":\"https:\/\/schema.org\",\"@graph\":[{\"@type\":\"WebSite\",\"@id\":\"https:\/\/www.visit-ulcinj.com\/blog\/#website\",\"url\":\"https:\/\/www.visit-ulcinj.com\/blog\/\",\"name\":\"Lajme nga Ulqini\",\"description\":\"Lajme,Vijesti,Ulqini,Ulqin,Crna Gora,Mali i Zi\",\"potentialAction\":[{\"@type\":\"SearchAction\",\"target\":{\"@type\":\"EntryPoint\",\"urlTemplate\":\"https:\/\/www.visit-ulcinj.com\/blog\/?s={search_term_string}\"},\"query-input\":\"required name=search_term_string\"}],\"inLanguage\":\"en-US\"},{\"@type\":\"ImageObject\",\"inLanguage\":\"en-US\",\"@id\":\"https:\/\/www.visit-ulcinj.com\/blog\/2014\/07\/05\/axhemoviq-kerkuam-pelqimin-per-kredi-nga-ministria\/#primaryimage\",\"url\":\"https:\/\/www.visit-ulcinj.com\/blog\/wp-content\/uploads\/2014\/07\/Valdet-Axhemoviq-Ulqin.jpg\",\"contentUrl\":\"https:\/\/www.visit-ulcinj.com\/blog\/wp-content\/uploads\/2014\/07\/Valdet-Axhemoviq-Ulqin.jpg\",\"width\":539,\"height\":799},{\"@type\":\"WebPage\",\"@id\":\"https:\/\/www.visit-ulcinj.com\/blog\/2014\/07\/05\/axhemoviq-kerkuam-pelqimin-per-kredi-nga-ministria\/#webpage\",\"url\":\"https:\/\/www.visit-ulcinj.com\/blog\/2014\/07\/05\/axhemoviq-kerkuam-pelqimin-per-kredi-nga-ministria\/\",\"name\":\"Axhemoviq: K\u00ebrkuam p\u00eblqimin p\u00ebr kredi nga ministria - Video - Lajme nga Ulqini\",\"isPartOf\":{\"@id\":\"https:\/\/www.visit-ulcinj.com\/blog\/#website\"},\"primaryImageOfPage\":{\"@id\":\"https:\/\/www.visit-ulcinj.com\/blog\/2014\/07\/05\/axhemoviq-kerkuam-pelqimin-per-kredi-nga-ministria\/#primaryimage\"},\"datePublished\":\"2014-07-05T08:33:57+00:00\",\"dateModified\":\"2014-07-10T15:03:11+00:00\",\"author\":{\"@id\":\"https:\/\/www.visit-ulcinj.com\/blog\/#\/schema\/person\/dcab619c614d3038751c63bc2aadc06d\"},\"description\":\"Sekretari i Sekretariatit p\u00ebr buxhet dhe financa n\u00eb komun\u00eb t\u00eb Ulqinit Valdet Axhemoviq ka th\u00ebn\u00eb q\u00eb n\u00eb fillim t\u00eb jav\u00ebs i \u00ebsht\u00eb d\u00ebrguar Ministris\u00eb s\u00eb\",\"breadcrumb\":{\"@id\":\"https:\/\/www.visit-ulcinj.com\/blog\/2014\/07\/05\/axhemoviq-kerkuam-pelqimin-per-kredi-nga-ministria\/#breadcrumb\"},\"inLanguage\":\"en-US\",\"potentialAction\":[{\"@type\":\"ReadAction\",\"target\":[\"https:\/\/www.visit-ulcinj.com\/blog\/2014\/07\/05\/axhemoviq-kerkuam-pelqimin-per-kredi-nga-ministria\/\"]}]},{\"@type\":\"BreadcrumbList\",\"@id\":\"https:\/\/www.visit-ulcinj.com\/blog\/2014\/07\/05\/axhemoviq-kerkuam-pelqimin-per-kredi-nga-ministria\/#breadcrumb\",\"itemListElement\":[{\"@type\":\"ListItem\",\"position\":1,\"name\":\"Axhemoviq: K\u00ebrkuam p\u00eblqimin p\u00ebr kredi nga ministria &#8211; Video\"}]},{\"@type\":\"Person\",\"@id\":\"https:\/\/www.visit-ulcinj.com\/blog\/#\/schema\/person\/dcab619c614d3038751c63bc2aadc06d\",\"name\":\"ulqini\",\"sameAs\":[\"http:\/\/www.visit-ulcinj.com\"],\"url\":\"https:\/\/www.visit-ulcinj.com\/blog\/author\/admin\/\"}]}<\/script>\n<!-- \/ Yoast SEO plugin. -->","yoast_head_json":{"title":"Axhemoviq:  K\u00ebrkuam p\u00eblqimin p\u00ebr kredi nga ministria - Video - Lajme nga Ulqini","description":"Sekretari i Sekretariatit p\u00ebr buxhet dhe financa n\u00eb komun\u00eb t\u00eb Ulqinit Valdet Axhemoviq ka th\u00ebn\u00eb q\u00eb n\u00eb fillim t\u00eb jav\u00ebs i \u00ebsht\u00eb d\u00ebrguar Ministris\u00eb s\u00eb","robots":{"index":"index","follow":"follow","max-snippet":"max-snippet:-1","max-image-preview":"max-image-preview:large","max-video-preview":"max-video-preview:-1"},"canonical":"https:\/\/www.visit-ulcinj.com\/blog\/2014\/07\/05\/axhemoviq-kerkuam-pelqimin-per-kredi-nga-ministria\/","og_locale":"en_US","og_type":"article","og_title":"Axhemoviq:  K\u00ebrkuam p\u00eblqimin p\u00ebr kredi nga ministria - Video - Lajme nga Ulqini","og_description":"Sekretari i Sekretariatit p\u00ebr buxhet dhe financa n\u00eb komun\u00eb t\u00eb Ulqinit Valdet Axhemoviq ka th\u00ebn\u00eb q\u00eb n\u00eb fillim t\u00eb jav\u00ebs i \u00ebsht\u00eb d\u00ebrguar Ministris\u00eb s\u00eb","og_url":"https:\/\/www.visit-ulcinj.com\/blog\/2014\/07\/05\/axhemoviq-kerkuam-pelqimin-per-kredi-nga-ministria\/","og_site_name":"Lajme nga Ulqini","article_published_time":"2014-07-05T08:33:57+00:00","article_modified_time":"2014-07-10T15:03:11+00:00","og_image":[{"url":"http:\/\/www.visit-ulcinj.com\/blog\/wp-content\/uploads\/2014\/07\/Valdet-Axhemoviq-Ulqin.jpg"}],"twitter_misc":{"Written by":"ulqini","Est. reading time":"1 minute"},"schema":{"@context":"https:\/\/schema.org","@graph":[{"@type":"WebSite","@id":"https:\/\/www.visit-ulcinj.com\/blog\/#website","url":"https:\/\/www.visit-ulcinj.com\/blog\/","name":"Lajme nga Ulqini","description":"Lajme,Vijesti,Ulqini,Ulqin,Crna Gora,Mali i Zi","potentialAction":[{"@type":"SearchAction","target":{"@type":"EntryPoint","urlTemplate":"https:\/\/www.visit-ulcinj.com\/blog\/?s={search_term_string}"},"query-input":"required name=search_term_string"}],"inLanguage":"en-US"},{"@type":"ImageObject","inLanguage":"en-US","@id":"https:\/\/www.visit-ulcinj.com\/blog\/2014\/07\/05\/axhemoviq-kerkuam-pelqimin-per-kredi-nga-ministria\/#primaryimage","url":"https:\/\/www.visit-ulcinj.com\/blog\/wp-content\/uploads\/2014\/07\/Valdet-Axhemoviq-Ulqin.jpg","contentUrl":"https:\/\/www.visit-ulcinj.com\/blog\/wp-content\/uploads\/2014\/07\/Valdet-Axhemoviq-Ulqin.jpg","width":539,"height":799},{"@type":"WebPage","@id":"https:\/\/www.visit-ulcinj.com\/blog\/2014\/07\/05\/axhemoviq-kerkuam-pelqimin-per-kredi-nga-ministria\/#webpage","url":"https:\/\/www.visit-ulcinj.com\/blog\/2014\/07\/05\/axhemoviq-kerkuam-pelqimin-per-kredi-nga-ministria\/","name":"Axhemoviq: K\u00ebrkuam p\u00eblqimin p\u00ebr kredi nga ministria - Video - Lajme nga Ulqini","isPartOf":{"@id":"https:\/\/www.visit-ulcinj.com\/blog\/#website"},"primaryImageOfPage":{"@id":"https:\/\/www.visit-ulcinj.com\/blog\/2014\/07\/05\/axhemoviq-kerkuam-pelqimin-per-kredi-nga-ministria\/#primaryimage"},"datePublished":"2014-07-05T08:33:57+00:00","dateModified":"2014-07-10T15:03:11+00:00","author":{"@id":"https:\/\/www.visit-ulcinj.com\/blog\/#\/schema\/person\/dcab619c614d3038751c63bc2aadc06d"},"description":"Sekretari i Sekretariatit p\u00ebr buxhet dhe financa n\u00eb komun\u00eb t\u00eb Ulqinit Valdet Axhemoviq ka th\u00ebn\u00eb q\u00eb n\u00eb fillim t\u00eb jav\u00ebs i \u00ebsht\u00eb d\u00ebrguar Ministris\u00eb s\u00eb","breadcrumb":{"@id":"https:\/\/www.visit-ulcinj.com\/blog\/2014\/07\/05\/axhemoviq-kerkuam-pelqimin-per-kredi-nga-ministria\/#breadcrumb"},"inLanguage":"en-US","potentialAction":[{"@type":"ReadAction","target":["https:\/\/www.visit-ulcinj.com\/blog\/2014\/07\/05\/axhemoviq-kerkuam-pelqimin-per-kredi-nga-ministria\/"]}]},{"@type":"BreadcrumbList","@id":"https:\/\/www.visit-ulcinj.com\/blog\/2014\/07\/05\/axhemoviq-kerkuam-pelqimin-per-kredi-nga-ministria\/#breadcrumb","itemListElement":[{"@type":"ListItem","position":1,"name":"Axhemoviq: K\u00ebrkuam p\u00eblqimin p\u00ebr kredi nga ministria &#8211; Video"}]},{"@type":"Person","@id":"https:\/\/www.visit-ulcinj.com\/blog\/#\/schema\/person\/dcab619c614d3038751c63bc2aadc06d","name":"ulqini","sameAs":["http:\/\/www.visit-ulcinj.com"],"url":"https:\/\/www.visit-ulcinj.com\/blog\/author\/admin\/"}]}},"jetpack_featured_media_url":"","jetpack_sharing_enabled":true,"jetpack_shortlink":"https:\/\/wp.me\/pe6lTn-lO2","_links":{"self":[{"href":"https:\/\/www.visit-ulcinj.com\/blog\/wp-json\/wp\/v2\/posts\/83826"}],"collection":[{"href":"https:\/\/www.visit-ulcinj.com\/blog\/wp-json\/wp\/v2\/posts"}],"about":[{"href":"https:\/\/www.visit-ulcinj.com\/blog\/wp-json\/wp\/v2\/types\/post"}],"author":[{"embeddable":true,"href":"https:\/\/www.visit-ulcinj.com\/blog\/wp-json\/wp\/v2\/users\/1"}],"replies":[{"embeddable":true,"href":"https:\/\/www.visit-ulcinj.com\/blog\/wp-json\/wp\/v2\/comments?post=83826"}],"version-history":[{"count":2,"href":"https:\/\/www.visit-ulcinj.com\/blog\/wp-json\/wp\/v2\/posts\/83826\/revisions"}],"predecessor-version":[{"id":83893,"href":"https:\/\/www.visit-ulcinj.com\/blog\/wp-json\/wp\/v2\/posts\/83826\/revisions\/83893"}],"wp:attachment":[{"href":"https:\/\/www.visit-ulcinj.com\/blog\/wp-json\/wp\/v2\/media?parent=83826"}],"wp:term":[{"taxonomy":"category","embeddable":true,"href":"https:\/\/www.visit-ulcinj.com\/blog\/wp-json\/wp\/v2\/categories?post=83826"},{"taxonomy":"post_tag","embeddable":true,"href":"https:\/\/www.visit-ulcinj.com\/blog\/wp-json\/wp\/v2\/tags?post=83826"}],"curies":[{"name":"wp","href":"https:\/\/api.w.org\/{rel}","templated":true}]}}