{"id":83830,"date":"2014-07-06T14:40:27","date_gmt":"2014-07-06T13:40:27","guid":{"rendered":"http:\/\/www.visit-ulcinj.com\/blog\/?p=83830"},"modified":"2014-07-10T16:15:06","modified_gmt":"2014-07-10T15:15:06","slug":"komuna-e-ulqinit-ne-grahmen-e-fundit","status":"publish","type":"post","link":"https:\/\/www.visit-ulcinj.com\/blog\/2014\/07\/06\/komuna-e-ulqinit-ne-grahmen-e-fundit\/","title":{"rendered":"Komuna e Ulqinit n\u00eb grahm\u00ebn e fundit"},"content":{"rendered":"<p><b>K\u00ebsaj radhe nuk \u00ebsht\u00eb tema q\u00eb p\u00ebrzgjodhi koh\u00ebn, por \u00ebsht\u00eb koha q\u00eb p\u00ebrzgjodhi tem\u00ebn. <\/b><\/p>\n<p><strong>Shkruan :<\/strong><\/p>\n<p><strong>Esat \u00a0Mehmeti, gazetar i radio Ulqinit<\/strong><\/p>\n<p>&nbsp;<\/p>\n<p>Gjendja n\u00eb t\u00eb cil\u00ebn ndodhet sot Komuna e Ulqinit, k\u00ebrkon nj\u00eb\u00a0 shqyrtim t\u00eb ve\u00e7ant\u00eb : m\u00eb shum\u00eb politik, se historik, m\u00eb shum\u00eb kritik se oportunizues. N\u00eb Ulqin , asnj\u00ebher\u00eb nuk ka qen\u00eb aq leht\u00eb t\u00eb jetohet, madje\u00a0 edhe kur ishin koh\u00ebt m\u00eb t\u00eb mira dhe m\u00eb t\u00eb liga. Mir\u00ebpo, n\u00eb dekad\u00ebn e fundit, popullata e k\u00ebtij mjedisi po p\u00ebrball\u00ebt me k\u00ebt\u00eb t\u00eb dyt\u00ebn m\u00eb tep\u00ebr, \u00e7ka do t\u00eb thot\u00eb i ngjan\u00eb nj\u00ebfar\u00eb inercioni, praktikisht asaj q\u00eb ta ruajm\u00eb tretmanin e m\u00eb t\u00eb varf\u00ebrit, apo m\u00eb t\u00eb pazhvilluarit n\u00eb shkall\u00eb republike. Por kjo nuk \u00ebsht\u00eb krejt rezultat i p\u00ebrpjekjeve tona, ekskluzivisht, \u00ebsht\u00eb pasoj\u00eb e aspiratave e t\u00eb \u201cfort\u00ebve\u201d, e atyre q\u00eb mbajten dhe\u00a0 gjithnj\u00eb mundohen edhe sot ta\u00a0 mbajn\u00eb situat\u00ebn e tendosur.<\/p>\n<p><a href=\"http:\/\/www.visit-ulcinj.com\/blog\/wp-content\/uploads\/2014\/07\/Esat-Mehmeti-gazetar-i-radio-Ulqinit.jpg\"><img loading=\"lazy\" class=\"alignleft  wp-image-83831\" alt=\"Esat-Mehmeti-gazetar-i-radio-Ulqinit\" src=\"http:\/\/www.visit-ulcinj.com\/blog\/wp-content\/uploads\/2014\/07\/Esat-Mehmeti-gazetar-i-radio-Ulqinit.jpg\" width=\"508\" height=\"600\" \/><\/a><\/p>\n<p>K\u00ebtij fakti ia shtojm\u00eb edhe disa fakte t\u00eb tjera t\u00eb cilat e aktualizojn\u00eb\u00a0 m\u00eb tep\u00ebr Ulqinin me rrethin\u00eb. P\u00ebrve\u00e7 kushteve\u00a0 ekonomike, rrethanave politike e pozit\u00ebs s\u00eb v\u00ebshtir\u00eb materiale, rezulton bilanci p\u00ebrfundimtar q\u00eb sh\u00ebndetin dhe\u00a0 m\u00ebnyr\u00ebn e jetes\u00ebs, vijn\u00eb gjithnj\u00eb duke e dob\u00ebsuar si : mund\u00ebsit\u00eb minimale p\u00ebr shkollimin, p\u00ebrkat\u00ebsisht t\u00eb lartin dhe\u00a0 superior t\u00eb t\u00eb rinjve tan\u00eb, t\u00eb papun\u00ebsuarit t\u00eb cil\u00ebt n\u00eb heshtje presin tri-kat\u00ebr her\u00eb m\u00eb shum\u00eb se koh\u00ebzgjatja e studimeve, intelektuali i p\u00ebrbuzur, pun\u00ebtori I lodhur e I shfryt\u00ebzuar sa s\u2019b\u00ebn, pensionisti\u00a0 me vite t\u00eb plota sh\u00ebrbimi\u00a0 e q\u00eb s\u2019mund\u00a0 t\u00eb siguroj\u00eb as buk\u00ebn e goj\u00ebs, lodrat e f\u00ebmij\u00ebve\u00a0 q\u00eb me p\u00ebrbuzje v\u00ebshtrohen nga prind\u00ebrit, vet\u00ebm pse\u00a0 s\u2019mund t\u2019i blej\u00eb, i s\u00ebmuari i cili pr\u00eat ila\u00e7et\u00a0 e shtrenjta e shum\u00ebher\u00eb edhe\u00a0 s\u2019gjenden\u00a0 fare, Inflacioni I lart\u00eb e kostoja e jet\u00ebs\u00ebs e shum\u00eb \u00e7ka tjet\u00ebr, jan\u00eb\u00a0 t\u00eb gjitha k\u00ebto q\u00eb po ia z\u00ebn\u00eb frym\u00ebn k\u00ebtij populli t\u00eb ngrat\u00eb.<\/p>\n<p>Jemi d\u00ebshmitar\u00eb t\u00eb gjall\u00eb t\u00eb asaj \u00e7far\u00eb po ndodh\u00eb k\u00ebtyre dit\u00ebve n\u00eb Ulqin. Po t\u00eb vazhdohet me k\u00ebt\u00eb avaz, \u00ebsht\u00eb rrezik se \u00e7arjet do t\u00eb vazhdojn\u00eb deri n\u00eb themel. \u00a0Ekonomia e dob\u00ebt dhe pozita e v\u00ebshtir\u00eb materiale, duksh\u00ebm po reflektohen n\u00eb popull. Komuna e Ulqinit dhe nd\u00ebrmarrjet publike, ku themelues \u00ebsht\u00eb komuna, jan\u00eb duke p\u00ebrjetuar dit\u00ebt e saja m\u00eb t\u00eb errta. Ajo po p\u00ebrballet me grahm\u00ebn e fundit. Problemet financiare jan\u00eb t\u00eb m\u00ebdha. Ato dita-dit\u00ebs po r\u00ebndojn\u00eb n\u00eb kurrizin e t\u00eb pun\u00ebsuar\u00ebve. E keqja m\u00eb e madhe qendron aty q\u00eb u b\u00eb m\u00eb shum\u00eb se nj\u00eb muaj q\u00eb xhiro-llogaria e komun\u00ebs \u00ebsht\u00eb e bllokaur nga nj\u00eb firm\u00eb \u201cfantazm\u00eb\u201d, q\u00eb as fara nuk i dihet. Pas k\u00ebsaj, flitet edhe p\u00ebr t\u00eb tjara bllokada e borxhe tep\u00ebr t\u00eb majme.T\u00eb gjitha k\u00ebto kalojn\u00eb n\u00eb heshtje, pa marrur kush p\u00ebrgjegj\u00ebsin\u00eb e duhur. E gjith\u00eb kjo ndikon n\u00eb buxhetin e komun\u00ebs dhe reflektohet n\u00eb jet\u00ebn e t\u00eb pun\u00ebsuarve. N\u00eb nd\u00ebrmarrjet publike, pagat nuk jan\u00eb paguar prej 9 deri m\u00eb\u00a0 14 mauj. As n\u00eb komun\u00eb, situata nuk \u00ebsht\u00eb hi\u00e7 m\u00eb e mir\u00eb. U b\u00eb nj\u00eb gjysm\u00eb viti, q\u00eb pagat nuk u jan\u00eb paguar, duke mos i llogaritur k\u00ebtu kontributet t\u00eb cilat jan\u00eb vite me radh\u00eb pa u paguar si p\u00ebr punonj\u00ebsit e komun\u00ebs ashtu edhe n\u00eb nd\u00ebrmarrjet publike, madje ia shtojm\u00eb edhe borxhe t\u00eb tejra t\u00eb akomuluara nga vitet e shkuara,ato \u00e7do dit\u00eb po rriten. At\u00ebher\u00eb, \u00e7\u2019far\u00eb t\u2019i th\u00ebmi k\u00ebsaj ?!&#8230;T\u00eb thuash se gjendja \u00ebsht\u00eb katastrofike \u00ebsht\u00eb pak. Kjo \u00ebsht\u00eb vet\u00ebm nj\u00eb \u00e7menduri e llojit t\u00eb vet. Fitohet bindja se askush nga pushtetar\u00ebt tan\u00eb nuk e \u201c \u00e7an\u00eb \u201c kok\u00ebn p\u00ebr situat\u00ebn e krijuar dhe me paturp\u00ebsin\u00eb m\u00eb t\u00eb madhe paraqit\u00ebn sikur \u00e7do gj\u00eb \u00ebsht\u00eb n\u00eb rregull dhe normale. E vetmja shpres\u00eb dhe fjal\u00eb \u201clurtuese \u201cka mbetur refremi\u00a0 i zakonsh\u00ebm q\u00eb d\u00ebgjohet m\u00eb shum\u00eb se 1 vit, si nga ata (pushtetar\u00ebt) e m\u00ebpar\u00ebsh\u00ebm, ashtu edhe nga k\u00ebta t\u00eb tanishmit \u201c<b>do marrim kredi<\/b>\u201d dhe duke akuzuar nj\u00ebri-tjetrin,\u201ckinse\u201c,&#8230; \u201ckriza nuk \u00ebsht\u00eb krijuar me fajin ton\u00eb, por \u00ebsht\u00eb trash\u00ebguar\u201d. K\u00ebta shpesh harrojn\u00eb se e ardhmje nuk ndertohet me akuza ndaj nj\u00ebri \u2013tjetrit. Ajo nd\u00ebrtohet me aksione konkrete dhe me nj\u00eb koordinim t\u00eb mir\u00eb. At\u00ebher\u00eb shtrohet pyetja ? Po ne, ( si pushtetar\u00eb ) t\u00eb tanish\u00ebm a kemi p\u00ebrgjegj\u00ebs, si duhet t\u00eb sillemi, si t\u00eb veprojm\u00eb, a kemi ndonj\u00eb plan strategjik p\u00ebr tejkalimin e k\u00ebsaj krize q\u00eb po na merr frym\u00ebn, deri kur duhet shtrenguar rripin ?. \u00c7do gj\u00eb ka kufi, edhe durimi ka kufirin e vet. E v\u00ebrtetar \u00ebsht\u00eb, s\u00eb t\u00eb gjith\u00eb duhet t\u00eb mbajn\u00eb p\u00ebrgjegj\u00ebsin\u00eb e duhur, por p\u00ebrgjegj\u00ebsit\u00eb ndahen sipas pozitave zot\u00ebri ?. Por, jo vet\u00ebm kaq. E keqja edhe m\u00eb e madhe qendron\u00a0 nd\u00ebr ne. E gjith\u00eb kjo erdhi si rezultat i moskoordinimit t\u00eb mendimeve dhe munges\u00ebs s\u00eb nj\u00eb veprimi organizativ, apo m\u00eb mir\u00eb t\u00eb themi, munges\u00eb e nj\u00eb\u00a0 kulture epolitike. Por, kjo nuk \u00ebsht\u00eb e ve\u00e7anta. Nuk \u00ebsht\u00eb hera e par\u00eb q\u00eb k\u00ebtij mjedisi i mungon nj\u00eb organizim i till\u00eb. Nisur nga p\u00ebrvoja disavje\u00e7are, shpesh fitohet bindja se k\u00ebtij mjdisi, ende i mungon nj\u00eb strategji se si t\u2019i qasemi realizimit t\u00eb objektivave tona.<\/p>\n<p>Megjith\u00eb deklarimeve t\u00eb autoriteteve t\u00eb larta t\u00eb pushtetit\u00a0 vendor, se kjo situat\u00eb\u00a0 ka marr\u00eb fizionomin\u00eb e nj\u00eb \u00e7eshtjeje\u00a0 t\u00eb \u201czgjidhur\u201d,\u201ddo t\u00eb merret krediti \u201c dhe do t\u00eb zbutet situata. Mendoj, se e gjith\u00eb kjo mbeshtillet\u00a0 me nj\u00eb mjegullnaj\u00eb. N\u00eb k\u00ebt\u00eb \u201cmjegullnaj\u00eb\u201d, nxiten ndjenja t\u00eb skajshme : n\u00eb nj\u00ebr\u00ebn an\u00eb, optimiz\u00ebm dhe n\u00eb an\u00ebn tjet\u00ebr pesimiz\u00ebm i kulmuar. Q\u00eb t\u00eb dyja k\u00ebto mund t\u00eb prodhojn\u00eb pasojat e veta.<\/p>\n<p><b>At\u00ebher\u00eb, ku \u00ebsht\u00eb p\u00ebrspektiva e t\u00eb rinjve tan\u00eb ? <\/b><\/p>\n<p>N\u00eb an\u00ebn tjet\u00ebr t\u00eb k\u00ebsaj medalje, me t\u00eb madhe ngacmon papun\u00ebsia e t\u00eb rinjve tan\u00eb. Radha e gjat\u00eb e atyre q\u00eb presin punsim, dita-dit\u00ebs sa vjen e rriten. Student\u00ebve tan\u00eb t\u00eb cil\u00ebt studiojn\u00eb n\u00eb Universitete t\u00eb ndryeshme, t\u00eb cil\u00ebt kan\u00eb treguar dhe po tregojn\u00eb suksese t\u00eb shk\u00eblqyesh\u00ebm n\u00eb studime, iu nd\u00ebrpre praktika e kahmotshme, iu mohua e drejta p\u00ebr burs\u00ebn e komun\u00ebs, qoft\u00eb edhe simbolike e cila ishte jet\u00ebsuar vite m\u00eb par\u00eb. Kjo e drejt\u00eb iu mohuar atyre ,vet\u00ebm me preteksin se tani jemi vonuar, fajin e ka \u201cgarnitura\u201d e m\u00ebpar\u00ebshme. K\u00ebta zot\u00ebrinj harrojn\u00eb se po t\u00eb nj\u00ebjtit jan\u00eb. At\u00ebher\u00eb m\u00eb t\u00eb drejt\u00eb lind dyshimi, se k\u00ebta zot\u00ebrinj q\u00eb \u201c ta k\u00ebpusin konopin \u201cmesiguri nuk e kan\u00eb gjetur vehten aty, ose ndonj\u00eb i af\u00ebrmi i tyre s\u2019i ka plot\u00ebsuar kushtet e duhuar p\u00ebr burs\u00eb. Andaj s\u2019duhet harruar s\u00eb k\u00ebta student\u00eb, d\u00ebnj\u00ebsisht p\u00ebrfaq\u00ebsojn\u00eb vendin, jan\u00eb ambasador\u00ebt e ardhsh\u00ebm t\u00eb kombit ton\u00eb, t\u00eb vendit ton\u00eb. K\u00ebta mbajn\u00eb vul\u00ebn e vendit dhe t\u00eb koh\u00ebs, andaj s\u2019duhet anashkaluar ashtu n\u00eb heshtje e symbyllas. Ne duhet t\u00eb mburremi me suksesin e tyre. K\u00ebta n\u00eb radh\u00eb t\u00eb par\u00eb kan\u00eb nderuar vehten, familj\u00ebn, vendit dhe kombit n\u00eb p\u00ebrgjith\u00ebsi, andaj \u00a0duhet p\u00ebrkrahur e mbeshtetur, duhet t\u00eb sillemi me p\u00ebrgjegj\u00ebsi ndaj tyre.<\/p>\n<p>Jo vet\u00ebm kaq. E keqja edhe m\u00eb e madhe sa vjen e shtohet. Shum\u00eb nga zyrtar\u00ebt tan\u00eb,duke mos i p\u00ebrgjithsuar, k\u00ebta m\u00eb shum\u00eb ngasin p\u00ebr t\u00eb z\u00ebn\u00eb ndonj\u00eb vend n\u00ebp\u00ebr K\u00ebshilla Drejtuese, apo komisione t\u00eb \u00e7fardo lloji qofshin ato, duke u rreshtuar shpeshher\u00eb edhe n\u00eb disa vende pa u lodhur fare se aty ka edhe t\u00eb tjer\u00eb. Ata mendojn\u00eb se jan\u00eb t\u00eb \u201cvetmit\u201d nga se pushteti \u00ebsht\u00eb i tyre dhe k\u00ebt\u00eb \u201cduhet shfryt\u00ebzuar mir\u00eb\u201d,( p\u00ebr vehte). K\u00ebta, mesiguri harrojn\u00eb fjal\u00ebn e vjet\u00ebr popullore; \u201dzullumi k\u00ebputet prej s\u00eb trashi\u201d. Shum\u00eb nga k\u00ebto, jo q\u00eb nuk e kan\u00eb as iden\u00eb e qart\u00eb p\u00ebr zbatimin e programeve t\u00eb tyre p\u00ebr at\u00eb \u00e7far\u00eb jan\u00eb t\u00eb thirur, por ka edhe t\u00eb atill\u00eb, q\u00eb me \u201cfudull\u00ebkun\u201d e tyre jo q\u00eb s\u2019p\u00ebrcjellin mbar\u00ebvajtj\u00ebn e pun\u00ebs, por \u00ebsht\u00eb ajo edhe m\u00eb e keqja, se nga ato ka, q\u00eb as pun\u00ebtor\u00ebt e vet s\u2019i njohin dhe \u00e7far\u00eb pune kryejn\u00eb ato. K\u00ebta harrojn\u00eb se kjo jet\u00eb \u00ebsht\u00eb e p\u00ebrkjohshme dhe \u00e7do gj\u00eb \u00ebsht\u00eb kaluese.\u201cJu jeni t\u00eb p\u00ebrkohsh\u00ebm, populli \u00ebsht\u00eb i p\u00ebrjet\u00ebsh\u00ebm\u201d, thot\u00eb nj\u00eb fjal\u00eb e urt\u00eb popullore.<\/p>\n<p>Andaj, mos harroni se pasuria\u00a0 m\u00eb e madhe\u00a0 q\u00eb mund t\u00eb fitoni nga populli, \u00ebsht\u00eb besimi i tij ndaj jush. Besimin e popullit mund ta fitoni shum\u00eb v\u00ebshtir\u00eb, por mund ta humbni shum\u00eb shpejt zot\u00ebrinj. Neriu, besimin n\u00eb radh\u00eb t\u00eb par\u00eb duhet ta k\u00ebrkoj\u00eb n\u00eb vetvete. Ai q\u00eb humb besimin e popullit, i ka\u00a0 humbur t\u00eb gjitha. Besimin\u00a0 e popullit e fitojn\u00eb vet\u00ebm ata q\u00eb vihen n\u00eb sh\u00ebrbim t\u00eb popullit t\u00eb vet, duke qen\u00eb t\u00eb zhveshur nga karrierizmi, lakmia p\u00ebr pasuri e pushtet, nga pasionet dhe veset e liga. Ata q\u00eb mendojn\u00eb se populli duhet t\u2019i vihet n\u00eb sh\u00ebrbim t\u00eb tyre, ata jan\u00eb t\u00eb humbur. Populli n\u00eb udh\u00ebheq\u00ebsit e vet v\u00ebren\u00eb cil\u00ebsit\u00eb dhe tipar\u00ebt e tyre. Ai i don dhe i \u00e7mon njer\u00ebzit e veprave, e jo t\u00eb fjal\u00ebve &#8230;Udh\u00ebheq\u00ebsit dhe intelektual\u00ebt jan\u00eb pasqyra e nj\u00eb populli. Shpirti i nj\u00eb populli \u00ebsht\u00eb udh\u00ebheq\u00ebsi i mir\u00eb, ai q\u00eb e p\u00ebrfaq\u00ebson popullin e vet n\u00eb m\u00ebnyr\u00eb t\u00eb denj\u00eb, q\u00eb realizon d\u00ebshirat, q\u00ebllimet dhe synimet e tij duke u b\u00ebr\u00eb figur\u00eb integruese p\u00ebr popullin e vet. Njeriu peshon dhe vlersohet n\u00eb baz\u00eb t\u00eb dituris\u00eb, pun\u00ebs dhe mir\u00ebqenies q\u00eb posedon.<\/p>\n<p><b>\u00a0N e j s e &#8230;<\/b><\/p>\n<p>Edhe pak dit\u00eb na ndajn\u00eb nga gjysma e sezonit turistik.Edhe p\u00ebrkund\u00ebr asaj q\u00eb \u00ebsht\u00eb propaganduar se p\u00ebrgatitjet e duhaur jan\u00eb b\u00ebr\u00eb me koh\u00eb dhe do t\u00eb kemi nj\u00eb sezon\u00eb t\u00eb mir\u00eb. \u00cbsht\u00eb b\u00ebr\u00eb shum\u00eb mir\u00eb dhe e p\u00ebrg\u00ebzoj, por nga ana tjet\u00ebr kemi t\u00eb dh\u00ebna q\u00eb disa nga nd\u00ebrmarrjet publike, aktivitetet e tyre kulturore pothuaj i kan\u00eb reduktuar, apo m\u00eb mir\u00eb t\u00eb th\u00ebmi do t\u2019i anulojn\u00eb fare, vet\u00ebm e vet\u00ebm \u00a0se xhiro-llogarit\u00eb e tyre jan\u00eb t\u00eb bllokuara, apo priten t\u00eb bllokohen. N\u00eb an\u00ebn tjet\u00ebr, praktikisht ekonomia shoq\u00ebrore, si\u00e7 e quanim, \u00ebsht\u00eb n\u00eb r\u00ebnie e sip\u00ebr, apo m\u00eb mir\u00eb t\u00eb th\u00ebmi n\u00eb shkat\u00ebrrim. N\u00eb nj\u00eb situat\u00eb t\u00eb till\u00eb, t\u00eb rinjt\u00eb tan\u00eb\u00a0 i jan\u00eb rrekur hapjes se disa firmave\u00a0 private tregtare. Por duhet cekur se ka shum\u00eb pak p\u00ebrpjekje e investime n\u00eb reparte prodhuese, qofshin ato edhe t\u00eb vogla. Tregtia \u00ebsht\u00eb vet\u00ebm nj\u00eb segment i jet\u00ebs. E v\u00ebrteta \u00ebsht\u00eb se njer\u00ebzit tan\u00eb nuk\u00a0 kan\u00eb kapital, nd\u00ebrsa nga ana tjet\u00ebr, del se n\u00eb nj\u00eb situat\u00eb t\u00eb till\u00eb nuk mund t\u00eb priten as investime.<\/p>\n<p>Nd\u00ebrsa, nga ana tjet\u00ebr, politika e qeveritar\u00ebve malazez\u00eb, fitohet bindja se duksh\u00ebm ndikon dhe po b\u00ebn trusni tek afarist\u00ebt tan\u00eb. Sot, ispeksioni republikan ka v\u00ebrshuar Ulqinin. Fitohet bindja se n\u00eb sh\u00ebnj\u00ebst\u00ebr e ka k\u00ebt\u00eb pik\u00eb, nga se k\u00ebtu grumbullohen paret dhe k\u00ebtu duhet \u201cdisiplinuar\u201d. Fitohet bindja se ato m\u00eb shum\u00eb merren me\u00a0 gj\u00ebrat sekundare, t\u00eb dor\u00ebs s\u00eb dyt\u00eb, se sa me ato q\u00eb jan\u00eb themb\u00ebsore. Vall\u00eb pse nuk e v\u00ebrejn\u00eb at\u00eb, q\u00eb mundi dhe djersa e t\u00eb rinjve-rejave\u00a0 tan\u00eb n\u00ebp\u00ebr firma \u201c kinse \u201c private dita-dit\u00ebs po shfryt\u00ebzohet t\u00ebjmase \u00a0dhe me orare t\u00eb t\u00ebjzgjatura dhe pa asnj\u00eb or\u00eb pushim n\u00eb jav\u00eb. Vall\u00eb , \u00e7far\u00eb i thon\u00eb k\u00ebsaj ?! A shkelet k\u00ebtu ligji ?,k\u00ebtu m\u00eb shum\u00eb shikohet aty s\u00eb kush nuk e ka marrur llogarin\u00eb e pages\u00ebs s\u00eb kryer nga kasa fiskale, ose pun\u00eb t\u00eb tjera \u201cndoshta \u201ct\u00eb pa ndonj\u00eb r\u00ebnd\u00ebsie t\u00eb ve\u00e7ant\u00eb , denohej me gjoba\u00a0 tep\u00ebr t\u00eb majme. E v\u00ebrteta \u00ebsht\u00eb se k\u00ebto jan\u00eb n\u00eb kompetenca e t\u00eb tjer\u00ebve, por edhe zyrtar\u00ebt tan\u00eb t\u00eb lart\u00eb, duhet kooprdinuar pun\u00ebt, e jo t\u00eb shtypen n\u00eb kok\u00eb, pik\u00ebrisht n\u00eb k\u00ebt\u00eb sezon\u00eb, aty ku njer\u00ebzit e kan\u00eb shpresen.<\/p>\n<p>K\u00ebt\u00eb shkrim po e p\u00ebrfundoj me porosin\u00eb ; t\u00eb bashkuar edhe t\u00eb pamundshmen e b\u00ebjm\u00eb t\u00eb mundshme, t\u00eb ndar\u00eb t\u00eb mundshm\u00ebn e b\u00ebjm\u00eb t\u00eb pamundshme .<\/p>\n<!--YouTube Error: bad URL entered-->\n<p>&nbsp;<\/p>\n<p style=\"text-align: center;\">\u00a0\u00a0\u00a0\u00a0\u00a0\u00a0\u00a0\u00a0\u00a0\u00a0\u00a0\u00a0\u00a0\u00a0\u00a0\u00a0\u00a0\u00a0\u00a0\u00a0\u00a0\u00a0\u00a0\u00a0\u00a0\u00a0\u00a0\u00a0 &#8230;&#8230;&#8230;&#8230;&#8230;&#8230;&#8230;&#8230;.<\/p>\n","protected":false},"excerpt":{"rendered":"<p>K\u00ebsaj radhe nuk \u00ebsht\u00eb tema q\u00eb p\u00ebrzgjodhi koh\u00ebn, por \u00ebsht\u00eb koha q\u00eb p\u00ebrzgjodhi tem\u00ebn. Shkruan : Esat \u00a0Mehmeti, gazetar i radio Ulqinit &nbsp; Gjendja n\u00eb t\u00eb cil\u00ebn ndodhet sot Komuna e Ulqinit, k\u00ebrkon nj\u00eb\u00a0 shqyrtim t\u00eb ve\u00e7ant\u00eb : m\u00eb shum\u00eb politik, se historik, m\u00eb shum\u00eb kritik se oportunizues. N\u00eb Ulqin , asnj\u00ebher\u00eb nuk ka qen\u00eb [&hellip;]<\/p>\n","protected":false},"author":1,"featured_media":0,"comment_status":"closed","ping_status":"closed","sticky":false,"template":"","format":"standard","meta":{"spay_email":"","jetpack_publicize_message":"","jetpack_is_tweetstorm":false,"jetpack_publicize_feature_enabled":true},"categories":[1,12],"tags":[],"jetpack_publicize_connections":[],"yoast_head":"<!-- This site is optimized with the Yoast SEO plugin v19.1 - https:\/\/yoast.com\/wordpress\/plugins\/seo\/ -->\n<title>Komuna e Ulqinit n\u00eb grahm\u00ebn e fundit - Lajme nga Ulqini<\/title>\n<meta name=\"description\" content=\"K\u00ebsaj radhe nuk \u00ebsht\u00eb tema q\u00eb p\u00ebrzgjodhi koh\u00ebn, por \u00ebsht\u00eb koha q\u00eb p\u00ebrzgjodhi tem\u00ebn. Shkruan : Esat \u00a0Mehmeti, gazetar i radio Ulqinit &nbsp; Gjendja n\u00eb t\u00eb\" \/>\n<meta name=\"robots\" content=\"index, follow, max-snippet:-1, max-image-preview:large, max-video-preview:-1\" \/>\n<link rel=\"canonical\" href=\"https:\/\/www.visit-ulcinj.com\/blog\/2014\/07\/06\/komuna-e-ulqinit-ne-grahmen-e-fundit\/\" \/>\n<meta property=\"og:locale\" content=\"en_US\" \/>\n<meta property=\"og:type\" content=\"article\" \/>\n<meta property=\"og:title\" content=\"Komuna e Ulqinit n\u00eb grahm\u00ebn e fundit - Lajme nga Ulqini\" \/>\n<meta property=\"og:description\" content=\"K\u00ebsaj radhe nuk \u00ebsht\u00eb tema q\u00eb p\u00ebrzgjodhi koh\u00ebn, por \u00ebsht\u00eb koha q\u00eb p\u00ebrzgjodhi tem\u00ebn. Shkruan : Esat \u00a0Mehmeti, gazetar i radio Ulqinit &nbsp; Gjendja n\u00eb t\u00eb\" \/>\n<meta property=\"og:url\" content=\"https:\/\/www.visit-ulcinj.com\/blog\/2014\/07\/06\/komuna-e-ulqinit-ne-grahmen-e-fundit\/\" \/>\n<meta property=\"og:site_name\" content=\"Lajme nga Ulqini\" \/>\n<meta property=\"article:published_time\" content=\"2014-07-06T13:40:27+00:00\" \/>\n<meta property=\"article:modified_time\" content=\"2014-07-10T15:15:06+00:00\" \/>\n<meta property=\"og:image\" content=\"http:\/\/www.visit-ulcinj.com\/blog\/wp-content\/uploads\/2014\/07\/Esat-Mehmeti-gazetar-i-radio-Ulqinit.jpg\" \/>\n<meta name=\"twitter:label1\" content=\"Written by\" \/>\n\t<meta name=\"twitter:data1\" content=\"ulqini\" \/>\n\t<meta name=\"twitter:label2\" content=\"Est. reading time\" \/>\n\t<meta name=\"twitter:data2\" content=\"11 minutes\" \/>\n<script type=\"application\/ld+json\" class=\"yoast-schema-graph\">{\"@context\":\"https:\/\/schema.org\",\"@graph\":[{\"@type\":\"WebSite\",\"@id\":\"https:\/\/www.visit-ulcinj.com\/blog\/#website\",\"url\":\"https:\/\/www.visit-ulcinj.com\/blog\/\",\"name\":\"Lajme nga Ulqini\",\"description\":\"Lajme,Vijesti,Ulqini,Ulqin,Crna Gora,Mali i Zi\",\"potentialAction\":[{\"@type\":\"SearchAction\",\"target\":{\"@type\":\"EntryPoint\",\"urlTemplate\":\"https:\/\/www.visit-ulcinj.com\/blog\/?s={search_term_string}\"},\"query-input\":\"required name=search_term_string\"}],\"inLanguage\":\"en-US\"},{\"@type\":\"ImageObject\",\"inLanguage\":\"en-US\",\"@id\":\"https:\/\/www.visit-ulcinj.com\/blog\/2014\/07\/06\/komuna-e-ulqinit-ne-grahmen-e-fundit\/#primaryimage\",\"url\":\"https:\/\/www.visit-ulcinj.com\/blog\/wp-content\/uploads\/2014\/07\/Esat-Mehmeti-gazetar-i-radio-Ulqinit.jpg\",\"contentUrl\":\"https:\/\/www.visit-ulcinj.com\/blog\/wp-content\/uploads\/2014\/07\/Esat-Mehmeti-gazetar-i-radio-Ulqinit.jpg\",\"width\":600,\"height\":800},{\"@type\":\"WebPage\",\"@id\":\"https:\/\/www.visit-ulcinj.com\/blog\/2014\/07\/06\/komuna-e-ulqinit-ne-grahmen-e-fundit\/#webpage\",\"url\":\"https:\/\/www.visit-ulcinj.com\/blog\/2014\/07\/06\/komuna-e-ulqinit-ne-grahmen-e-fundit\/\",\"name\":\"Komuna e Ulqinit n\u00eb grahm\u00ebn e fundit - Lajme nga Ulqini\",\"isPartOf\":{\"@id\":\"https:\/\/www.visit-ulcinj.com\/blog\/#website\"},\"primaryImageOfPage\":{\"@id\":\"https:\/\/www.visit-ulcinj.com\/blog\/2014\/07\/06\/komuna-e-ulqinit-ne-grahmen-e-fundit\/#primaryimage\"},\"datePublished\":\"2014-07-06T13:40:27+00:00\",\"dateModified\":\"2014-07-10T15:15:06+00:00\",\"author\":{\"@id\":\"https:\/\/www.visit-ulcinj.com\/blog\/#\/schema\/person\/dcab619c614d3038751c63bc2aadc06d\"},\"description\":\"K\u00ebsaj radhe nuk \u00ebsht\u00eb tema q\u00eb p\u00ebrzgjodhi koh\u00ebn, por \u00ebsht\u00eb koha q\u00eb p\u00ebrzgjodhi tem\u00ebn. Shkruan : Esat \u00a0Mehmeti, gazetar i radio Ulqinit &nbsp; Gjendja n\u00eb t\u00eb\",\"breadcrumb\":{\"@id\":\"https:\/\/www.visit-ulcinj.com\/blog\/2014\/07\/06\/komuna-e-ulqinit-ne-grahmen-e-fundit\/#breadcrumb\"},\"inLanguage\":\"en-US\",\"potentialAction\":[{\"@type\":\"ReadAction\",\"target\":[\"https:\/\/www.visit-ulcinj.com\/blog\/2014\/07\/06\/komuna-e-ulqinit-ne-grahmen-e-fundit\/\"]}]},{\"@type\":\"BreadcrumbList\",\"@id\":\"https:\/\/www.visit-ulcinj.com\/blog\/2014\/07\/06\/komuna-e-ulqinit-ne-grahmen-e-fundit\/#breadcrumb\",\"itemListElement\":[{\"@type\":\"ListItem\",\"position\":1,\"name\":\"Komuna e Ulqinit n\u00eb grahm\u00ebn e fundit\"}]},{\"@type\":\"Person\",\"@id\":\"https:\/\/www.visit-ulcinj.com\/blog\/#\/schema\/person\/dcab619c614d3038751c63bc2aadc06d\",\"name\":\"ulqini\",\"sameAs\":[\"http:\/\/www.visit-ulcinj.com\"],\"url\":\"https:\/\/www.visit-ulcinj.com\/blog\/author\/admin\/\"}]}<\/script>\n<!-- \/ Yoast SEO plugin. -->","yoast_head_json":{"title":"Komuna e Ulqinit n\u00eb grahm\u00ebn e fundit - Lajme nga Ulqini","description":"K\u00ebsaj radhe nuk \u00ebsht\u00eb tema q\u00eb p\u00ebrzgjodhi koh\u00ebn, por \u00ebsht\u00eb koha q\u00eb p\u00ebrzgjodhi tem\u00ebn. Shkruan : Esat \u00a0Mehmeti, gazetar i radio Ulqinit &nbsp; Gjendja n\u00eb t\u00eb","robots":{"index":"index","follow":"follow","max-snippet":"max-snippet:-1","max-image-preview":"max-image-preview:large","max-video-preview":"max-video-preview:-1"},"canonical":"https:\/\/www.visit-ulcinj.com\/blog\/2014\/07\/06\/komuna-e-ulqinit-ne-grahmen-e-fundit\/","og_locale":"en_US","og_type":"article","og_title":"Komuna e Ulqinit n\u00eb grahm\u00ebn e fundit - Lajme nga Ulqini","og_description":"K\u00ebsaj radhe nuk \u00ebsht\u00eb tema q\u00eb p\u00ebrzgjodhi koh\u00ebn, por \u00ebsht\u00eb koha q\u00eb p\u00ebrzgjodhi tem\u00ebn. Shkruan : Esat \u00a0Mehmeti, gazetar i radio Ulqinit &nbsp; Gjendja n\u00eb t\u00eb","og_url":"https:\/\/www.visit-ulcinj.com\/blog\/2014\/07\/06\/komuna-e-ulqinit-ne-grahmen-e-fundit\/","og_site_name":"Lajme nga Ulqini","article_published_time":"2014-07-06T13:40:27+00:00","article_modified_time":"2014-07-10T15:15:06+00:00","og_image":[{"url":"http:\/\/www.visit-ulcinj.com\/blog\/wp-content\/uploads\/2014\/07\/Esat-Mehmeti-gazetar-i-radio-Ulqinit.jpg"}],"twitter_misc":{"Written by":"ulqini","Est. reading time":"11 minutes"},"schema":{"@context":"https:\/\/schema.org","@graph":[{"@type":"WebSite","@id":"https:\/\/www.visit-ulcinj.com\/blog\/#website","url":"https:\/\/www.visit-ulcinj.com\/blog\/","name":"Lajme nga Ulqini","description":"Lajme,Vijesti,Ulqini,Ulqin,Crna Gora,Mali i Zi","potentialAction":[{"@type":"SearchAction","target":{"@type":"EntryPoint","urlTemplate":"https:\/\/www.visit-ulcinj.com\/blog\/?s={search_term_string}"},"query-input":"required name=search_term_string"}],"inLanguage":"en-US"},{"@type":"ImageObject","inLanguage":"en-US","@id":"https:\/\/www.visit-ulcinj.com\/blog\/2014\/07\/06\/komuna-e-ulqinit-ne-grahmen-e-fundit\/#primaryimage","url":"https:\/\/www.visit-ulcinj.com\/blog\/wp-content\/uploads\/2014\/07\/Esat-Mehmeti-gazetar-i-radio-Ulqinit.jpg","contentUrl":"https:\/\/www.visit-ulcinj.com\/blog\/wp-content\/uploads\/2014\/07\/Esat-Mehmeti-gazetar-i-radio-Ulqinit.jpg","width":600,"height":800},{"@type":"WebPage","@id":"https:\/\/www.visit-ulcinj.com\/blog\/2014\/07\/06\/komuna-e-ulqinit-ne-grahmen-e-fundit\/#webpage","url":"https:\/\/www.visit-ulcinj.com\/blog\/2014\/07\/06\/komuna-e-ulqinit-ne-grahmen-e-fundit\/","name":"Komuna e Ulqinit n\u00eb grahm\u00ebn e fundit - Lajme nga Ulqini","isPartOf":{"@id":"https:\/\/www.visit-ulcinj.com\/blog\/#website"},"primaryImageOfPage":{"@id":"https:\/\/www.visit-ulcinj.com\/blog\/2014\/07\/06\/komuna-e-ulqinit-ne-grahmen-e-fundit\/#primaryimage"},"datePublished":"2014-07-06T13:40:27+00:00","dateModified":"2014-07-10T15:15:06+00:00","author":{"@id":"https:\/\/www.visit-ulcinj.com\/blog\/#\/schema\/person\/dcab619c614d3038751c63bc2aadc06d"},"description":"K\u00ebsaj radhe nuk \u00ebsht\u00eb tema q\u00eb p\u00ebrzgjodhi koh\u00ebn, por \u00ebsht\u00eb koha q\u00eb p\u00ebrzgjodhi tem\u00ebn. Shkruan : Esat \u00a0Mehmeti, gazetar i radio Ulqinit &nbsp; Gjendja n\u00eb t\u00eb","breadcrumb":{"@id":"https:\/\/www.visit-ulcinj.com\/blog\/2014\/07\/06\/komuna-e-ulqinit-ne-grahmen-e-fundit\/#breadcrumb"},"inLanguage":"en-US","potentialAction":[{"@type":"ReadAction","target":["https:\/\/www.visit-ulcinj.com\/blog\/2014\/07\/06\/komuna-e-ulqinit-ne-grahmen-e-fundit\/"]}]},{"@type":"BreadcrumbList","@id":"https:\/\/www.visit-ulcinj.com\/blog\/2014\/07\/06\/komuna-e-ulqinit-ne-grahmen-e-fundit\/#breadcrumb","itemListElement":[{"@type":"ListItem","position":1,"name":"Komuna e Ulqinit n\u00eb grahm\u00ebn e fundit"}]},{"@type":"Person","@id":"https:\/\/www.visit-ulcinj.com\/blog\/#\/schema\/person\/dcab619c614d3038751c63bc2aadc06d","name":"ulqini","sameAs":["http:\/\/www.visit-ulcinj.com"],"url":"https:\/\/www.visit-ulcinj.com\/blog\/author\/admin\/"}]}},"jetpack_featured_media_url":"","jetpack_sharing_enabled":true,"jetpack_shortlink":"https:\/\/wp.me\/pe6lTn-lO6","_links":{"self":[{"href":"https:\/\/www.visit-ulcinj.com\/blog\/wp-json\/wp\/v2\/posts\/83830"}],"collection":[{"href":"https:\/\/www.visit-ulcinj.com\/blog\/wp-json\/wp\/v2\/posts"}],"about":[{"href":"https:\/\/www.visit-ulcinj.com\/blog\/wp-json\/wp\/v2\/types\/post"}],"author":[{"embeddable":true,"href":"https:\/\/www.visit-ulcinj.com\/blog\/wp-json\/wp\/v2\/users\/1"}],"replies":[{"embeddable":true,"href":"https:\/\/www.visit-ulcinj.com\/blog\/wp-json\/wp\/v2\/comments?post=83830"}],"version-history":[{"count":3,"href":"https:\/\/www.visit-ulcinj.com\/blog\/wp-json\/wp\/v2\/posts\/83830\/revisions"}],"predecessor-version":[{"id":83895,"href":"https:\/\/www.visit-ulcinj.com\/blog\/wp-json\/wp\/v2\/posts\/83830\/revisions\/83895"}],"wp:attachment":[{"href":"https:\/\/www.visit-ulcinj.com\/blog\/wp-json\/wp\/v2\/media?parent=83830"}],"wp:term":[{"taxonomy":"category","embeddable":true,"href":"https:\/\/www.visit-ulcinj.com\/blog\/wp-json\/wp\/v2\/categories?post=83830"},{"taxonomy":"post_tag","embeddable":true,"href":"https:\/\/www.visit-ulcinj.com\/blog\/wp-json\/wp\/v2\/tags?post=83830"}],"curies":[{"name":"wp","href":"https:\/\/api.w.org\/{rel}","templated":true}]}}