{"id":83835,"date":"2014-07-07T15:14:59","date_gmt":"2014-07-07T14:14:59","guid":{"rendered":"http:\/\/www.visit-ulcinj.com\/blog\/?p=83835"},"modified":"2014-07-08T16:50:48","modified_gmt":"2014-07-08T15:50:48","slug":"ulqini-kosovareve","status":"publish","type":"post","link":"https:\/\/www.visit-ulcinj.com\/blog\/2014\/07\/07\/ulqini-kosovareve\/","title":{"rendered":"Ulqini i kosovar\u00ebve &#8211; Video"},"content":{"rendered":"<p><strong><a href=\"http:\/\/www.visit-ulcinj.com\/blog\/wp-content\/uploads\/2014\/07\/plazhi-vogel-ulqin.jpg\"><img loading=\"lazy\" class=\"alignleft  wp-image-83738\" alt=\"plazhi-vogel-ulqin\" src=\"http:\/\/www.visit-ulcinj.com\/blog\/wp-content\/uploads\/2014\/07\/plazhi-vogel-ulqin.jpg\" width=\"508\" height=\"360\" \/><\/a>Nga <\/strong><i><strong>Albert Ahmeti<\/strong> <\/i><\/p>\n<p>I lasht\u00eb e i pasur me monumente antike, plazhe t\u00eb bukura, natyr\u00eb magjeps\u00ebse dhe mikpritje t\u00eb shk\u00eblqyeshme, qyteti i Ulqinit ka hapur dyert p\u00ebr turist\u00ebt.<\/p>\n<p>Por, shpresa e ulqinak\u00ebve edhe n\u00eb k\u00ebt\u00eb sezon\u00eb turistike mbesin kosovar\u00ebt, t\u00eb cil\u00ebt gjat\u00eb sezoneve t\u00eb kaluara p\u00ebrb\u00ebnin 80 p\u00ebr qind t\u00eb turist\u00ebve q\u00eb vizitojn\u00eb qytetin, ku besohet t\u00eb jet\u00eb z\u00ebn\u00eb rob nga pirat\u00ebt, shkrimtari i madh spanjoll, Miguel de Servantes.<\/p>\n<p>Ky qytet me shumic\u00eb shqiptare neglizhohet vazhdimisht nga pushteti malazez, prandaj turizmi konsiderohet si shp\u00ebtimtar p\u00ebr shqiptar\u00ebt e k\u00ebtij qyteti, nd\u00ebrsa kontributin m\u00eb t\u00eb madh n\u00eb zhvillimin e Ulqinit tash e dy dekada po e japin kosovar\u00ebt, t\u00eb cil\u00ebt i kalojn\u00eb pushimet n\u00eb k\u00ebt\u00eb vend q\u00eb akoma frymon shqip.<\/p>\n<p><a href=\"http:\/\/www.visit-ulcinj.com\/blog\/wp-content\/uploads\/2014\/06\/Fatmir-Gjeka-kryetari-Ulqinit.jpg\"><img loading=\"lazy\" class=\"alignleft  wp-image-83697\" alt=\"Fatmir-Gjeka-kryetari-Ulqinit\" src=\"http:\/\/www.visit-ulcinj.com\/blog\/wp-content\/uploads\/2014\/06\/Fatmir-Gjeka-kryetari-Ulqinit.jpg\" width=\"508\" height=\"360\" \/><\/a><\/p>\n<p>Kryetari i Komun\u00ebs s\u00eb Ulqinit, Fatmir Gjeka, ka th\u00ebn\u00eb se pret q\u00eb k\u00ebt\u00eb viti numri i turist\u00ebve nga Kosova t\u00eb jet\u00eb edhe m\u00eb i madh. \u201cOfert\u00ebn turistike t\u00eb Ulqinit e kemi prezantuar n\u00ebp\u00ebr panaire t\u00eb ndryshme, p\u00ebrfshir\u00eb edhe Prishtin\u00ebn, pasi q\u00eb Kosova \u00ebsht\u00eb tregu kryesor p\u00ebr Ulqinin. Ne presim q\u00eb p\u00ebr nj\u00eb periudh\u00eb t\u00eb gjat\u00eb Ulqini t\u00eb jet\u00eb destinacioni kryesor p\u00ebr pushime i kosovar\u00ebve\u201d, \u00ebsht\u00eb shprehur Gjeka.<\/p>\n<p><a href=\"http:\/\/www.visit-ulcinj.com\/blog\/wp-content\/uploads\/2014\/06\/35-Gazetare-nga-Kosova-vizitojne-Ulqinin-4.jpg\"><img loading=\"lazy\" class=\"alignleft  wp-image-83518\" alt=\"35 Gazetare nga Kosova vizitojne Ulqinin -4\" src=\"http:\/\/www.visit-ulcinj.com\/blog\/wp-content\/uploads\/2014\/06\/35-Gazetare-nga-Kosova-vizitojne-Ulqinin-4.jpg\" width=\"508\" height=\"360\" \/><\/a><\/p>\n<p>Nd\u00ebrsa ciceroni, Ismet Karamanga, gjat\u00eb sqarimeve q\u00eb i b\u00ebnte p\u00ebr momunentet antike t\u00eb Ulqinit tha se fati i k\u00ebtij vendi \u00ebsht\u00eb n\u00eb duart e kosovar\u00ebve, t\u00eb cil\u00ebt sipas tij, p\u00ebrmes turizmit po kontribuojn\u00eb n\u00eb mbijetes\u00ebn e shqiptar\u00ebve n\u00eb k\u00ebt\u00eb qytet. \u201cKosovar\u00ebt jan\u00eb shp\u00ebtimi i Ulqinit. Shumica absolute e turist\u00ebve n\u00eb Ulqin jan\u00eb nga Kosova\u201d, tha Karamanaga.<\/p>\n<p><strong>Ulqini mir\u00ebpret mbi 200 mij\u00eb turist\u00eb<\/strong><\/p>\n<p>Ulqini me 20 mij\u00eb banor\u00eb gjat\u00eb nj\u00eb sezone turistike mir\u00ebpret mbi 200 mij\u00eb turist\u00eb, nd\u00ebrsa sipas statistikave, k\u00ebt\u00eb vit vet\u00ebm banimi privat ofron 100 mij\u00eb shtret\u00ebr. P\u00ebrve\u00e7 past\u00ebrtis\u00eb s\u00eb qytetit dhe t\u00eb plazheve, n\u00eb Ulqin garantohet edhe siguri dhe vende t\u00eb shumta p\u00ebr rekreacion. Edhe kryetari i Komun\u00ebs s\u00eb Ulqinit, Fatmir Gjeka, ka th\u00ebn\u00eb se n\u00eb vitet e fundit investimet n\u00eb Ulqin jan\u00eb rritur dhe se jan\u00eb p\u00ebrmir\u00ebsuar shum\u00eb kushtet p\u00ebr turist\u00ebt.<\/p>\n<p>\u201cKemi krijuar kushte t\u00eb mira p\u00ebr turist\u00ebt, kemi p\u00ebrmir\u00ebsuar past\u00ebrtin\u00eb, furnizimin me uj\u00eb dhe me rrym\u00eb dhe besojm\u00eb se k\u00ebt\u00eb vit numri i turist\u00ebve t\u00eb kaloj\u00eb mbi 200 mij\u00eb persona\u201d, ka shtuar Gjeka, duke u b\u00ebr\u00eb thirrje edhe biznesmen\u00ebve kosovar\u00eb q\u00eb t\u00eb investojn\u00eb n\u00eb Ulqini. Turist\u00ebt n\u00eb Ulqin mund t\u00eb akomodohen n\u00eb hotele ose n\u00eb banesat private t\u00eb ulqinak\u00ebve. Nd\u00ebrsa, \u00e7mimet duken mjaft t\u00eb volitshme dhe sillen prej 10 deri n\u00eb 25 euro p\u00ebr nj\u00eb dhom\u00eb.<\/p>\n<p><a href=\"http:\/\/www.visit-ulcinj.com\/blog\/wp-content\/uploads\/2014\/06\/35-Gazetare-nga-Kosova-vizitojne-Ulqinin-6.jpg\"><img loading=\"lazy\" class=\"alignleft  wp-image-83520\" alt=\"35 Gazetare nga Kosova vizitojne Ulqinin -6\" src=\"http:\/\/www.visit-ulcinj.com\/blog\/wp-content\/uploads\/2014\/06\/35-Gazetare-nga-Kosova-vizitojne-Ulqinin-6.jpg\" width=\"508\" height=\"360\" \/><\/a><\/p>\n<p>Ushqimet e llojllojshme jan\u00eb ve\u00e7anti tjet\u00ebr e Ulqinit. Aty p\u00ebrve\u00e7 specialiteteve t\u00eb ushqimeve t\u00eb detit, mund t\u00eb gjeni ushqime t\u00eb lira, duke filluar nga ushqimi i shpejt (fastfood) me \u00e7mim prej 1.5 euro, apo gjell\u00eb me \u00e7mim prej rreth 3 euro p\u00ebr racion.<\/p>\n<p>Sa u p\u00ebrket restoranteve nd\u00ebr m\u00eb t\u00eb p\u00eblqyerat edhe n\u00eb k\u00ebt\u00eb sezon\u00eb mbeten: \u201cLa Tavola\u201d, \u201cIbiza\u201d, \u201cCity caffe\u201d si dhe plazhet: \u201cCopacabana\u201d dhe \u201cSafari Beach\u201d. Nd\u00ebrsa, nd\u00ebr hotelet m\u00eb t\u00eb p\u00eblqyera mbeten \u201cHotel Mediteran\u201d dhe \u201cHotel Albatros\u201d, t\u00eb cil\u00ebt ofrojn\u00eb kushte t\u00eb mira p\u00ebr pushuesit.<\/p>\n<p><a href=\"http:\/\/www.visit-ulcinj.com\/blog\/wp-content\/uploads\/2014\/07\/Selatin-Gjeloshi-1.jpg\"><img loading=\"lazy\" class=\"alignleft  wp-image-83737\" alt=\"Selatin-Gjeloshi-1\" src=\"http:\/\/www.visit-ulcinj.com\/blog\/wp-content\/uploads\/2014\/07\/Selatin-Gjeloshi-1.jpg\" width=\"508\" height=\"360\" \/><\/a>Drejtori i \u201cHotel Mediteran\u201d, Selatin Gjeloshi, ka th\u00ebn\u00eb se \u00e7mimet jan\u00eb n\u00eb nivel me vitet e kaluara dhe se ka rritje t\u00eb turist\u00ebve deri 20 % p\u00ebr dallim nga periudha e nj\u00ebjt\u00eb n\u00eb vitin 2013.<\/p>\n<p>\u201cKapaciteti i k\u00ebtij hoteli \u00ebsht\u00eb p\u00ebr momentin 134 dhoma do t\u00eb thot\u00eb diku 330 shtret\u00ebr. Investimet nuk kan\u00eb munguar, t\u00eb gjitha dhomat kan\u00eb, do t\u00eb thot\u00eb, p\u00ebrve\u00e7 akomodimit normal q\u00eb do t\u00eb ket\u00eb aircondicion, banj\u00eb e televizor\u00eb, t\u00eb gjitha kan\u00eb pamje n\u00eb det, ajo \u00ebsht\u00eb di\u00e7ka m\u00eb e r\u00ebnd\u00ebsishme p\u00ebr hotelin ton\u00eb. T\u00eb gjith\u00eb k\u00ebto vite sa un\u00eb punoj n\u00eb hoteleri jan\u00eb mysafir\u00eb nga Kosova, por mysafir\u00eb nga Kosova jan\u00eb edhe ata t\u00eb diaspor\u00ebs\u201d, ka th\u00ebn\u00eb Gjeloshi.<\/p>\n<p><strong>Kosovar\u00ebt i q\u00ebndrojn\u00eb besnik Ulqinit<\/strong><\/p>\n<p>Qytetar\u00ebt e Kosov\u00ebs, t\u00eb cil\u00ebt e vizitojn\u00eb nj\u00eb her\u00eb Ulqinin, ai u mbetet vend i preferuar p\u00ebr t\u00eb kaluar pushimet. Sipas tyre, plazhet e bukura, past\u00ebrtia, \u00e7mimet e volitshme dhe ambienti i qet\u00eb jan\u00eb arsyet kryesore q\u00eb ata i kalojn\u00eb pushimet verore n\u00eb Ulqin.<\/p>\n<p>Nd\u00ebrsa, sipas drejtoresh\u00ebs s\u00eb Organizat\u00ebs Turistike t\u00eb Ulqinit, Zana Serven, n\u00eb periudh\u00ebn e par\u00eb t\u00eb sezon\u00ebs turistike ka rritje p\u00ebr 20% t\u00eb numrit t\u00eb vizitor\u00ebve p\u00ebr dallim nga periudha e nj\u00ebjt\u00eb e vitit t\u00eb kaluar. \u201cJemi t\u00eb k\u00ebnaqur me numrin e turist\u00ebve, t\u00eb cil\u00ebt po e vizitojn\u00eb Ulqinin, pasi q\u00eb ka rritje t\u00eb numrit t\u00eb turist\u00ebve p\u00ebr 20 p\u00ebr qind p\u00ebr dallim me periudh\u00ebn e nj\u00ebjt\u00eb t\u00eb vitit t\u00eb kaluar\u201d, ka deklaruar Zana Servan.<br \/>\n<a href=\"http:\/\/www.visit-ulcinj.com\/blog\/wp-content\/uploads\/2014\/06\/35-Gazetare-nga-Kosova-vizitojne-Ulqinin-2.jpg\"><img loading=\"lazy\" class=\"alignleft  wp-image-83516\" alt=\"35 Gazetare nga Kosova vizitojne Ulqinin -2\" src=\"http:\/\/www.visit-ulcinj.com\/blog\/wp-content\/uploads\/2014\/06\/35-Gazetare-nga-Kosova-vizitojne-Ulqinin-2.jpg\" width=\"508\" height=\"360\" \/><\/a><\/p>\n<p>N\u00eb an\u00ebn tjet\u00ebr kosovar\u00ebt tregojn\u00eb se nuk e kan\u00eb nd\u00ebrmend q\u00eb ta l\u00ebn\u00eb Ulqini p\u00ebr t\u00eb kaluar pushimet n\u00eb ndonj\u00eb vend tjet\u00ebr, pasi sipas tyre vendet si ky jan\u00eb t\u00eb rralla. Nj\u00eb tjet\u00ebr e ve\u00e7ant\u00eb e Ulqinit sipas kosovar\u00ebve \u00ebsht\u00eb ambienti i shk\u00eblqyesh\u00ebm p\u00ebr t\u2019i kaluar pushimet me familje. \u201c\u00cbsht\u00eb viti i pest\u00eb ose i gjasht\u00eb me radh\u00eb q\u00eb pushimet me familje e kaloj n\u00eb Ulqin, pasi q\u00eb \u00ebsht\u00eb vendi m\u00eb i mir\u00eb p\u00ebr pushime p\u00ebr familjar\u00eb\u201d, ka th\u00ebn\u00eb Agron Ibrahimi, qytetar i Prishtin\u00ebs.<\/p>\n<p><strong>Ulqini, qytet antik<\/strong><\/p>\n<p>Plazhet e bukura, natyra magjeps\u00ebse dhe mikpritja nuk jan\u00eb t\u00eb vetmet ve\u00e7anti t\u00eb Ulqinit. Ky qytet njihet edhe p\u00ebr kalan\u00eb 2500-vje\u00e7are dhe qytetin antik Shas. Q\u00ebndrimi n\u00eb k\u00ebt\u00eb qytet pa e vizituar edhe kalan\u00eb e bukur t\u00eb Ulqinit nuk \u00ebsht\u00eb kuptimplote. E nd\u00ebrtuar para 2500 vjet\u00ebsh, mbi shk\u00ebmbinjt\u00eb e af\u00ebr Plazhes s\u00eb Vog\u00ebl dhe me nj\u00eb pamje p\u00ebrrallore, brenda mureve t\u00eb Kalas\u00eb s\u00eb Ulqinit jetojn\u00eb 55 familje, apo 178 qytetar\u00eb t\u00eb Ulqinit. Po ashtu brenda k\u00ebsaj kalaje ka disa restaurante luksoze.<\/p>\n<p>N\u00eb k\u00ebt\u00eb kala gjat\u00eb mesjet\u00ebs besohet t\u00eb ket\u00eb q\u00ebndruar edhe shkrimtari spanjoll, Miguel de Servantes, i cili \u00ebsht\u00eb z\u00ebn\u00eb rob nga pirat\u00ebt ulqinak\u00eb t\u00eb asaj kohe.<\/p>\n<p>Nj\u00eb tjet\u00ebr ve\u00e7anti e Ulqinit \u00ebsht\u00eb ish-qyteti antik i Shasit, n\u00eb t\u00eb cilin besohet t\u00eb jen\u00eb nd\u00ebrtuar aq kisha sa ka viti dit\u00eb, pra 365 kisha. Nd\u00ebrsa, jan\u00eb t\u00eb pakta ato g\u00ebrmadha q\u00eb i kan\u00eb p\u00ebrballuar koh\u00ebs. Sipas historian\u00ebve, ky qytet ka qen\u00eb shum\u00eb i pasur para pushtimit romak.<\/p>\n<p><a href=\"http:\/\/www.visit-ulcinj.com\/blog\/wp-content\/uploads\/2014\/06\/Gazmend-Kovaci-kalaja-Shasit.jpg\"><img loading=\"lazy\" class=\"alignleft  wp-image-83699\" alt=\"Gazmend-Kovaci-kalaja-Shasit\" src=\"http:\/\/www.visit-ulcinj.com\/blog\/wp-content\/uploads\/2014\/06\/Gazmend-Kovaci-kalaja-Shasit.jpg\" width=\"508\" height=\"360\" \/><\/a><\/p>\n<p>Arkeologu, Gazmend Kova\u00e7i, ka th\u00ebn\u00eb se qyteti i vjet\u00ebr i Shasit lidhet me kultur\u00ebn dhe trash\u00ebgimin\u00eb arb\u00ebrore. \u201cTrash\u00ebgimia mesjetare e krishter\u00eb, me t\u00eb cil\u00ebn lidhen edhe trash\u00ebgimia e krishter\u00eb e qytetit, e cila \u00ebsht\u00eb nj\u00eb trash\u00ebgimi q\u00eb e d\u00ebshmon autoktonin\u00eb e popullsis\u00eb dhe fliten edhe mjaft legjenda, ku tregon se edhe n\u00eb mesjet\u00eb qyteti ishte nj\u00eb qend\u00ebr mjaft e r\u00ebnd\u00ebsishme si laike ashtu edhe fetare. Me k\u00ebt\u00eb legjend\u00eb lidhet edhe legjenda e 365 kishave\u201d, ka th\u00ebn\u00eb Kova\u00e7i.<\/p>\n<p>T\u00eb gjitha k\u00ebto ve\u00e7ori e b\u00ebjn\u00eb Ulqinin nj\u00ebrin prej vendeve m\u00eb t\u00eb bukura p\u00ebr t\u2019i vizituar, prandaj edhe besohet se ky qytet do t\u00eb jet\u00eb destinacioni kryesor i kosovar\u00ebve gjat\u00eb sezon\u00ebs turistike t\u00eb k\u00ebtij viti.<\/p>\n<div><\/div>\n<div><strong>\u00a0Z\u00ebri<\/strong><\/div>\n<!--YouTube Error: bad URL entered-->\n","protected":false},"excerpt":{"rendered":"<p>Nga Albert Ahmeti I lasht\u00eb e i pasur me monumente antike, plazhe t\u00eb bukura, natyr\u00eb magjeps\u00ebse dhe mikpritje t\u00eb shk\u00eblqyeshme, qyteti i Ulqinit ka hapur dyert p\u00ebr turist\u00ebt. Por, shpresa e ulqinak\u00ebve edhe n\u00eb k\u00ebt\u00eb sezon\u00eb turistike mbesin kosovar\u00ebt, t\u00eb cil\u00ebt gjat\u00eb sezoneve t\u00eb kaluara p\u00ebrb\u00ebnin 80 p\u00ebr qind t\u00eb turist\u00ebve q\u00eb vizitojn\u00eb qytetin, ku [&hellip;]<\/p>\n","protected":false},"author":1,"featured_media":0,"comment_status":"closed","ping_status":"closed","sticky":false,"template":"","format":"standard","meta":{"spay_email":"","jetpack_publicize_message":"","jetpack_is_tweetstorm":false,"jetpack_publicize_feature_enabled":true},"categories":[1,13],"tags":[],"jetpack_publicize_connections":[],"yoast_head":"<!-- This site is optimized with the Yoast SEO plugin v19.1 - https:\/\/yoast.com\/wordpress\/plugins\/seo\/ -->\n<title>Ulqini i kosovar\u00ebve - Video - Lajme nga Ulqini<\/title>\n<meta name=\"description\" content=\"Nga Albert Ahmeti I lasht\u00eb e i pasur me monumente antike, plazhe t\u00eb bukura, natyr\u00eb magjeps\u00ebse dhe mikpritje t\u00eb shk\u00eblqyeshme, qyteti i Ulqinit ka hapur\" \/>\n<meta name=\"robots\" content=\"index, follow, max-snippet:-1, max-image-preview:large, max-video-preview:-1\" \/>\n<link rel=\"canonical\" href=\"https:\/\/www.visit-ulcinj.com\/blog\/2014\/07\/07\/ulqini-kosovareve\/\" \/>\n<meta property=\"og:locale\" content=\"en_US\" \/>\n<meta property=\"og:type\" content=\"article\" \/>\n<meta property=\"og:title\" content=\"Ulqini i kosovar\u00ebve - Video - Lajme nga Ulqini\" \/>\n<meta property=\"og:description\" content=\"Nga Albert Ahmeti I lasht\u00eb e i pasur me monumente antike, plazhe t\u00eb bukura, natyr\u00eb magjeps\u00ebse dhe mikpritje t\u00eb shk\u00eblqyeshme, qyteti i Ulqinit ka hapur\" \/>\n<meta property=\"og:url\" content=\"https:\/\/www.visit-ulcinj.com\/blog\/2014\/07\/07\/ulqini-kosovareve\/\" \/>\n<meta property=\"og:site_name\" content=\"Lajme nga Ulqini\" \/>\n<meta property=\"article:published_time\" content=\"2014-07-07T14:14:59+00:00\" \/>\n<meta property=\"article:modified_time\" content=\"2014-07-08T15:50:48+00:00\" \/>\n<meta property=\"og:image\" content=\"http:\/\/www.visit-ulcinj.com\/blog\/wp-content\/uploads\/2014\/07\/plazhi-vogel-ulqin.jpg\" \/>\n<meta name=\"twitter:label1\" content=\"Written by\" \/>\n\t<meta name=\"twitter:data1\" content=\"ulqini\" \/>\n\t<meta name=\"twitter:label2\" content=\"Est. reading time\" \/>\n\t<meta name=\"twitter:data2\" content=\"6 minutes\" \/>\n<script type=\"application\/ld+json\" class=\"yoast-schema-graph\">{\"@context\":\"https:\/\/schema.org\",\"@graph\":[{\"@type\":\"WebSite\",\"@id\":\"https:\/\/www.visit-ulcinj.com\/blog\/#website\",\"url\":\"https:\/\/www.visit-ulcinj.com\/blog\/\",\"name\":\"Lajme nga Ulqini\",\"description\":\"Lajme,Vijesti,Ulqini,Ulqin,Crna Gora,Mali i Zi\",\"potentialAction\":[{\"@type\":\"SearchAction\",\"target\":{\"@type\":\"EntryPoint\",\"urlTemplate\":\"https:\/\/www.visit-ulcinj.com\/blog\/?s={search_term_string}\"},\"query-input\":\"required name=search_term_string\"}],\"inLanguage\":\"en-US\"},{\"@type\":\"ImageObject\",\"inLanguage\":\"en-US\",\"@id\":\"https:\/\/www.visit-ulcinj.com\/blog\/2014\/07\/07\/ulqini-kosovareve\/#primaryimage\",\"url\":\"https:\/\/www.visit-ulcinj.com\/blog\/wp-content\/uploads\/2014\/07\/plazhi-vogel-ulqin.jpg\",\"contentUrl\":\"https:\/\/www.visit-ulcinj.com\/blog\/wp-content\/uploads\/2014\/07\/plazhi-vogel-ulqin.jpg\",\"width\":640,\"height\":511},{\"@type\":\"WebPage\",\"@id\":\"https:\/\/www.visit-ulcinj.com\/blog\/2014\/07\/07\/ulqini-kosovareve\/#webpage\",\"url\":\"https:\/\/www.visit-ulcinj.com\/blog\/2014\/07\/07\/ulqini-kosovareve\/\",\"name\":\"Ulqini i kosovar\u00ebve - Video - Lajme nga Ulqini\",\"isPartOf\":{\"@id\":\"https:\/\/www.visit-ulcinj.com\/blog\/#website\"},\"primaryImageOfPage\":{\"@id\":\"https:\/\/www.visit-ulcinj.com\/blog\/2014\/07\/07\/ulqini-kosovareve\/#primaryimage\"},\"datePublished\":\"2014-07-07T14:14:59+00:00\",\"dateModified\":\"2014-07-08T15:50:48+00:00\",\"author\":{\"@id\":\"https:\/\/www.visit-ulcinj.com\/blog\/#\/schema\/person\/dcab619c614d3038751c63bc2aadc06d\"},\"description\":\"Nga Albert Ahmeti I lasht\u00eb e i pasur me monumente antike, plazhe t\u00eb bukura, natyr\u00eb magjeps\u00ebse dhe mikpritje t\u00eb shk\u00eblqyeshme, qyteti i Ulqinit ka hapur\",\"breadcrumb\":{\"@id\":\"https:\/\/www.visit-ulcinj.com\/blog\/2014\/07\/07\/ulqini-kosovareve\/#breadcrumb\"},\"inLanguage\":\"en-US\",\"potentialAction\":[{\"@type\":\"ReadAction\",\"target\":[\"https:\/\/www.visit-ulcinj.com\/blog\/2014\/07\/07\/ulqini-kosovareve\/\"]}]},{\"@type\":\"BreadcrumbList\",\"@id\":\"https:\/\/www.visit-ulcinj.com\/blog\/2014\/07\/07\/ulqini-kosovareve\/#breadcrumb\",\"itemListElement\":[{\"@type\":\"ListItem\",\"position\":1,\"name\":\"Ulqini i kosovar\u00ebve &#8211; Video\"}]},{\"@type\":\"Person\",\"@id\":\"https:\/\/www.visit-ulcinj.com\/blog\/#\/schema\/person\/dcab619c614d3038751c63bc2aadc06d\",\"name\":\"ulqini\",\"sameAs\":[\"http:\/\/www.visit-ulcinj.com\"],\"url\":\"https:\/\/www.visit-ulcinj.com\/blog\/author\/admin\/\"}]}<\/script>\n<!-- \/ Yoast SEO plugin. -->","yoast_head_json":{"title":"Ulqini i kosovar\u00ebve - Video - Lajme nga Ulqini","description":"Nga Albert Ahmeti I lasht\u00eb e i pasur me monumente antike, plazhe t\u00eb bukura, natyr\u00eb magjeps\u00ebse dhe mikpritje t\u00eb shk\u00eblqyeshme, qyteti i Ulqinit ka hapur","robots":{"index":"index","follow":"follow","max-snippet":"max-snippet:-1","max-image-preview":"max-image-preview:large","max-video-preview":"max-video-preview:-1"},"canonical":"https:\/\/www.visit-ulcinj.com\/blog\/2014\/07\/07\/ulqini-kosovareve\/","og_locale":"en_US","og_type":"article","og_title":"Ulqini i kosovar\u00ebve - Video - Lajme nga Ulqini","og_description":"Nga Albert Ahmeti I lasht\u00eb e i pasur me monumente antike, plazhe t\u00eb bukura, natyr\u00eb magjeps\u00ebse dhe mikpritje t\u00eb shk\u00eblqyeshme, qyteti i Ulqinit ka hapur","og_url":"https:\/\/www.visit-ulcinj.com\/blog\/2014\/07\/07\/ulqini-kosovareve\/","og_site_name":"Lajme nga Ulqini","article_published_time":"2014-07-07T14:14:59+00:00","article_modified_time":"2014-07-08T15:50:48+00:00","og_image":[{"url":"http:\/\/www.visit-ulcinj.com\/blog\/wp-content\/uploads\/2014\/07\/plazhi-vogel-ulqin.jpg"}],"twitter_misc":{"Written by":"ulqini","Est. reading time":"6 minutes"},"schema":{"@context":"https:\/\/schema.org","@graph":[{"@type":"WebSite","@id":"https:\/\/www.visit-ulcinj.com\/blog\/#website","url":"https:\/\/www.visit-ulcinj.com\/blog\/","name":"Lajme nga Ulqini","description":"Lajme,Vijesti,Ulqini,Ulqin,Crna Gora,Mali i Zi","potentialAction":[{"@type":"SearchAction","target":{"@type":"EntryPoint","urlTemplate":"https:\/\/www.visit-ulcinj.com\/blog\/?s={search_term_string}"},"query-input":"required name=search_term_string"}],"inLanguage":"en-US"},{"@type":"ImageObject","inLanguage":"en-US","@id":"https:\/\/www.visit-ulcinj.com\/blog\/2014\/07\/07\/ulqini-kosovareve\/#primaryimage","url":"https:\/\/www.visit-ulcinj.com\/blog\/wp-content\/uploads\/2014\/07\/plazhi-vogel-ulqin.jpg","contentUrl":"https:\/\/www.visit-ulcinj.com\/blog\/wp-content\/uploads\/2014\/07\/plazhi-vogel-ulqin.jpg","width":640,"height":511},{"@type":"WebPage","@id":"https:\/\/www.visit-ulcinj.com\/blog\/2014\/07\/07\/ulqini-kosovareve\/#webpage","url":"https:\/\/www.visit-ulcinj.com\/blog\/2014\/07\/07\/ulqini-kosovareve\/","name":"Ulqini i kosovar\u00ebve - Video - Lajme nga Ulqini","isPartOf":{"@id":"https:\/\/www.visit-ulcinj.com\/blog\/#website"},"primaryImageOfPage":{"@id":"https:\/\/www.visit-ulcinj.com\/blog\/2014\/07\/07\/ulqini-kosovareve\/#primaryimage"},"datePublished":"2014-07-07T14:14:59+00:00","dateModified":"2014-07-08T15:50:48+00:00","author":{"@id":"https:\/\/www.visit-ulcinj.com\/blog\/#\/schema\/person\/dcab619c614d3038751c63bc2aadc06d"},"description":"Nga Albert Ahmeti I lasht\u00eb e i pasur me monumente antike, plazhe t\u00eb bukura, natyr\u00eb magjeps\u00ebse dhe mikpritje t\u00eb shk\u00eblqyeshme, qyteti i Ulqinit ka hapur","breadcrumb":{"@id":"https:\/\/www.visit-ulcinj.com\/blog\/2014\/07\/07\/ulqini-kosovareve\/#breadcrumb"},"inLanguage":"en-US","potentialAction":[{"@type":"ReadAction","target":["https:\/\/www.visit-ulcinj.com\/blog\/2014\/07\/07\/ulqini-kosovareve\/"]}]},{"@type":"BreadcrumbList","@id":"https:\/\/www.visit-ulcinj.com\/blog\/2014\/07\/07\/ulqini-kosovareve\/#breadcrumb","itemListElement":[{"@type":"ListItem","position":1,"name":"Ulqini i kosovar\u00ebve &#8211; Video"}]},{"@type":"Person","@id":"https:\/\/www.visit-ulcinj.com\/blog\/#\/schema\/person\/dcab619c614d3038751c63bc2aadc06d","name":"ulqini","sameAs":["http:\/\/www.visit-ulcinj.com"],"url":"https:\/\/www.visit-ulcinj.com\/blog\/author\/admin\/"}]}},"jetpack_featured_media_url":"","jetpack_sharing_enabled":true,"jetpack_shortlink":"https:\/\/wp.me\/pe6lTn-lOb","_links":{"self":[{"href":"https:\/\/www.visit-ulcinj.com\/blog\/wp-json\/wp\/v2\/posts\/83835"}],"collection":[{"href":"https:\/\/www.visit-ulcinj.com\/blog\/wp-json\/wp\/v2\/posts"}],"about":[{"href":"https:\/\/www.visit-ulcinj.com\/blog\/wp-json\/wp\/v2\/types\/post"}],"author":[{"embeddable":true,"href":"https:\/\/www.visit-ulcinj.com\/blog\/wp-json\/wp\/v2\/users\/1"}],"replies":[{"embeddable":true,"href":"https:\/\/www.visit-ulcinj.com\/blog\/wp-json\/wp\/v2\/comments?post=83835"}],"version-history":[{"count":3,"href":"https:\/\/www.visit-ulcinj.com\/blog\/wp-json\/wp\/v2\/posts\/83835\/revisions"}],"predecessor-version":[{"id":83841,"href":"https:\/\/www.visit-ulcinj.com\/blog\/wp-json\/wp\/v2\/posts\/83835\/revisions\/83841"}],"wp:attachment":[{"href":"https:\/\/www.visit-ulcinj.com\/blog\/wp-json\/wp\/v2\/media?parent=83835"}],"wp:term":[{"taxonomy":"category","embeddable":true,"href":"https:\/\/www.visit-ulcinj.com\/blog\/wp-json\/wp\/v2\/categories?post=83835"},{"taxonomy":"post_tag","embeddable":true,"href":"https:\/\/www.visit-ulcinj.com\/blog\/wp-json\/wp\/v2\/tags?post=83835"}],"curies":[{"name":"wp","href":"https:\/\/api.w.org\/{rel}","templated":true}]}}