{"id":83857,"date":"2014-07-08T16:49:05","date_gmt":"2014-07-08T15:49:05","guid":{"rendered":"http:\/\/www.visit-ulcinj.com\/blog\/?p=83857"},"modified":"2014-07-10T15:52:10","modified_gmt":"2014-07-10T14:52:10","slug":"grupi-atlas-kerkon-demshperblim-prej-105-milion-e-nga-komuna-ulqinit","status":"publish","type":"post","link":"https:\/\/www.visit-ulcinj.com\/blog\/2014\/07\/08\/grupi-atlas-kerkon-demshperblim-prej-105-milion-e-nga-komuna-ulqinit\/","title":{"rendered":"Grupi Atlas k\u00ebrkon d\u00ebmshp\u00ebrblim prej 10,5 milion \u20ac nga komuna Ulqinit &#8211; Video"},"content":{"rendered":"<p><a href=\"http:\/\/www.visit-ulcinj.com\/blog\/wp-content\/uploads\/2014\/07\/Abazovic-Nimanbegu.jpg\"><img loading=\"lazy\" class=\"alignleft  wp-image-83847\" alt=\"Abazovic - Nimanbegu\" src=\"http:\/\/www.visit-ulcinj.com\/blog\/wp-content\/uploads\/2014\/07\/Abazovic-Nimanbegu.jpg\" width=\"508\" height=\"360\" \/><\/a>\u201cQytetar\u00ebt e Ulqinit nuk mund t\u00eb pajtohen me at\u00eb q\u00eb dikush p\u00ebrvet\u00ebson t\u00eb mir\u00ebn publike n\u00eb d\u00ebm t\u00eb tyre dhe n\u00eb d\u00ebm t\u00eb Malit t\u00eb Zi\u201d, kan\u00eb th\u00ebn\u00eb sot n\u00eb konferenc\u00ebn e p\u00ebrbashk\u00ebt p\u00ebr shtyp deputet\u00ebt nga Ulqini Dritan Abazoviq, Genci Nimanbegu dhe Lilana Gjurashkoviq.<\/p>\n<p>Ato n\u00eb Kuvendin e Malit t\u00eb Zi, n\u00eb lidhje me \u201crastin K1\u201d p\u00ebr shkak t\u00eb cilit \u201cAtlas grupi\u201d prej komun\u00ebs s\u00eb Ulqinit k\u00ebrkon d\u00ebmshp\u00ebrblimin prej 10,5 milion euro, than\u00eb q\u00eb b\u00ebhet fjal\u00eb p\u00ebr procesin gjyq\u00ebsor i cili k\u00ebrc\u00ebnon q\u00eb komun\u00ebn e Ulqinit ta shtyj n\u00eb falimentim.<\/p>\n<p><a href=\"http:\/\/www.visit-ulcinj.com\/blog\/wp-content\/uploads\/2014\/07\/Abazovic-Nimanbegu-1.jpg\"><img loading=\"lazy\" class=\"alignleft  wp-image-83846\" alt=\"Abazovic - Nimanbegu-1\" src=\"http:\/\/www.visit-ulcinj.com\/blog\/wp-content\/uploads\/2014\/07\/Abazovic-Nimanbegu-1.jpg\" width=\"508\" height=\"360\" \/><\/a><\/p>\n<p>Deputet\u00ebt fol\u00ebn p\u00ebr vendimet e dyshimta t\u00eb organeve gjyq\u00ebsore t\u00eb Malit t\u00eb Zi gjat\u00eb t\u00ebr\u00eb k\u00ebtij rastit dhe ftuan instancat m\u00eb t\u00eb larta gjyq\u00ebsore q\u00eb me m\u00eb shum\u00eb v\u00ebmendje t\u00eb shikojn\u00eb veprimet e organeve m\u00eb t\u00eb ul\u00ebta gjyq\u00ebsore.<\/p>\n<p>\u00cbsht\u00eb theksuar q\u00eb p\u00ebr veprimet e gjyq\u00ebsorit n\u00eb \u201crastin K1\u201d do t\u00eb njoftohen institucionet europiane, raporton media nga ulqini Ul.info.<\/p>\n<!--YouTube Error: bad URL entered-->\n","protected":false},"excerpt":{"rendered":"<p>\u201cQytetar\u00ebt e Ulqinit nuk mund t\u00eb pajtohen me at\u00eb q\u00eb dikush p\u00ebrvet\u00ebson t\u00eb mir\u00ebn publike n\u00eb d\u00ebm t\u00eb tyre dhe n\u00eb d\u00ebm t\u00eb Malit t\u00eb Zi\u201d, kan\u00eb th\u00ebn\u00eb sot n\u00eb konferenc\u00ebn e p\u00ebrbashk\u00ebt p\u00ebr shtyp deputet\u00ebt nga Ulqini Dritan Abazoviq, Genci Nimanbegu dhe Lilana Gjurashkoviq. Ato n\u00eb Kuvendin e Malit t\u00eb Zi, n\u00eb lidhje me [&hellip;]<\/p>\n","protected":false},"author":1,"featured_media":0,"comment_status":"closed","ping_status":"closed","sticky":false,"template":"","format":"standard","meta":{"spay_email":"","jetpack_publicize_message":"","jetpack_is_tweetstorm":false,"jetpack_publicize_feature_enabled":true},"categories":[1,6],"tags":[],"jetpack_publicize_connections":[],"yoast_head":"<!-- This site is optimized with the Yoast SEO plugin v19.1 - https:\/\/yoast.com\/wordpress\/plugins\/seo\/ -->\n<title>Grupi Atlas k\u00ebrkon d\u00ebmshp\u00ebrblim prej 10,5 milion \u20ac nga komuna Ulqinit - Video - Lajme nga Ulqini<\/title>\n<meta name=\"description\" content=\"\u201cQytetar\u00ebt e Ulqinit nuk mund t\u00eb pajtohen me at\u00eb q\u00eb dikush p\u00ebrvet\u00ebson t\u00eb mir\u00ebn publike n\u00eb d\u00ebm t\u00eb tyre dhe n\u00eb d\u00ebm t\u00eb Malit t\u00eb Zi\u201d, kan\u00eb th\u00ebn\u00eb sot n\u00eb\" \/>\n<meta name=\"robots\" content=\"index, follow, max-snippet:-1, max-image-preview:large, max-video-preview:-1\" \/>\n<link rel=\"canonical\" href=\"https:\/\/www.visit-ulcinj.com\/blog\/2014\/07\/08\/grupi-atlas-kerkon-demshperblim-prej-105-milion-e-nga-komuna-ulqinit\/\" \/>\n<meta property=\"og:locale\" content=\"en_US\" \/>\n<meta property=\"og:type\" content=\"article\" \/>\n<meta property=\"og:title\" content=\"Grupi Atlas k\u00ebrkon d\u00ebmshp\u00ebrblim prej 10,5 milion \u20ac nga komuna Ulqinit - Video - Lajme nga Ulqini\" \/>\n<meta property=\"og:description\" content=\"\u201cQytetar\u00ebt e Ulqinit nuk mund t\u00eb pajtohen me at\u00eb q\u00eb dikush p\u00ebrvet\u00ebson t\u00eb mir\u00ebn publike n\u00eb d\u00ebm t\u00eb tyre dhe n\u00eb d\u00ebm t\u00eb Malit t\u00eb Zi\u201d, kan\u00eb th\u00ebn\u00eb sot n\u00eb\" \/>\n<meta property=\"og:url\" content=\"https:\/\/www.visit-ulcinj.com\/blog\/2014\/07\/08\/grupi-atlas-kerkon-demshperblim-prej-105-milion-e-nga-komuna-ulqinit\/\" \/>\n<meta property=\"og:site_name\" content=\"Lajme nga Ulqini\" \/>\n<meta property=\"article:published_time\" content=\"2014-07-08T15:49:05+00:00\" \/>\n<meta property=\"article:modified_time\" content=\"2014-07-10T14:52:10+00:00\" \/>\n<meta property=\"og:image\" content=\"http:\/\/www.visit-ulcinj.com\/blog\/wp-content\/uploads\/2014\/07\/Abazovic-Nimanbegu.jpg\" \/>\n<meta name=\"twitter:label1\" content=\"Written by\" \/>\n\t<meta name=\"twitter:data1\" content=\"ulqini\" \/>\n\t<meta name=\"twitter:label2\" content=\"Est. reading time\" \/>\n\t<meta name=\"twitter:data2\" content=\"1 minute\" \/>\n<script type=\"application\/ld+json\" class=\"yoast-schema-graph\">{\"@context\":\"https:\/\/schema.org\",\"@graph\":[{\"@type\":\"WebSite\",\"@id\":\"https:\/\/www.visit-ulcinj.com\/blog\/#website\",\"url\":\"https:\/\/www.visit-ulcinj.com\/blog\/\",\"name\":\"Lajme nga Ulqini\",\"description\":\"Lajme,Vijesti,Ulqini,Ulqin,Crna Gora,Mali i Zi\",\"potentialAction\":[{\"@type\":\"SearchAction\",\"target\":{\"@type\":\"EntryPoint\",\"urlTemplate\":\"https:\/\/www.visit-ulcinj.com\/blog\/?s={search_term_string}\"},\"query-input\":\"required name=search_term_string\"}],\"inLanguage\":\"en-US\"},{\"@type\":\"ImageObject\",\"inLanguage\":\"en-US\",\"@id\":\"https:\/\/www.visit-ulcinj.com\/blog\/2014\/07\/08\/grupi-atlas-kerkon-demshperblim-prej-105-milion-e-nga-komuna-ulqinit\/#primaryimage\",\"url\":\"https:\/\/www.visit-ulcinj.com\/blog\/wp-content\/uploads\/2014\/07\/Abazovic-Nimanbegu.jpg\",\"contentUrl\":\"https:\/\/www.visit-ulcinj.com\/blog\/wp-content\/uploads\/2014\/07\/Abazovic-Nimanbegu.jpg\",\"width\":960,\"height\":637},{\"@type\":\"WebPage\",\"@id\":\"https:\/\/www.visit-ulcinj.com\/blog\/2014\/07\/08\/grupi-atlas-kerkon-demshperblim-prej-105-milion-e-nga-komuna-ulqinit\/#webpage\",\"url\":\"https:\/\/www.visit-ulcinj.com\/blog\/2014\/07\/08\/grupi-atlas-kerkon-demshperblim-prej-105-milion-e-nga-komuna-ulqinit\/\",\"name\":\"Grupi Atlas k\u00ebrkon d\u00ebmshp\u00ebrblim prej 10,5 milion \u20ac nga komuna Ulqinit - Video - Lajme nga Ulqini\",\"isPartOf\":{\"@id\":\"https:\/\/www.visit-ulcinj.com\/blog\/#website\"},\"primaryImageOfPage\":{\"@id\":\"https:\/\/www.visit-ulcinj.com\/blog\/2014\/07\/08\/grupi-atlas-kerkon-demshperblim-prej-105-milion-e-nga-komuna-ulqinit\/#primaryimage\"},\"datePublished\":\"2014-07-08T15:49:05+00:00\",\"dateModified\":\"2014-07-10T14:52:10+00:00\",\"author\":{\"@id\":\"https:\/\/www.visit-ulcinj.com\/blog\/#\/schema\/person\/dcab619c614d3038751c63bc2aadc06d\"},\"description\":\"\u201cQytetar\u00ebt e Ulqinit nuk mund t\u00eb pajtohen me at\u00eb q\u00eb dikush p\u00ebrvet\u00ebson t\u00eb mir\u00ebn publike n\u00eb d\u00ebm t\u00eb tyre dhe n\u00eb d\u00ebm t\u00eb Malit t\u00eb Zi\u201d, kan\u00eb th\u00ebn\u00eb sot n\u00eb\",\"breadcrumb\":{\"@id\":\"https:\/\/www.visit-ulcinj.com\/blog\/2014\/07\/08\/grupi-atlas-kerkon-demshperblim-prej-105-milion-e-nga-komuna-ulqinit\/#breadcrumb\"},\"inLanguage\":\"en-US\",\"potentialAction\":[{\"@type\":\"ReadAction\",\"target\":[\"https:\/\/www.visit-ulcinj.com\/blog\/2014\/07\/08\/grupi-atlas-kerkon-demshperblim-prej-105-milion-e-nga-komuna-ulqinit\/\"]}]},{\"@type\":\"BreadcrumbList\",\"@id\":\"https:\/\/www.visit-ulcinj.com\/blog\/2014\/07\/08\/grupi-atlas-kerkon-demshperblim-prej-105-milion-e-nga-komuna-ulqinit\/#breadcrumb\",\"itemListElement\":[{\"@type\":\"ListItem\",\"position\":1,\"name\":\"Grupi Atlas k\u00ebrkon d\u00ebmshp\u00ebrblim prej 10,5 milion \u20ac nga komuna Ulqinit &#8211; Video\"}]},{\"@type\":\"Person\",\"@id\":\"https:\/\/www.visit-ulcinj.com\/blog\/#\/schema\/person\/dcab619c614d3038751c63bc2aadc06d\",\"name\":\"ulqini\",\"sameAs\":[\"http:\/\/www.visit-ulcinj.com\"],\"url\":\"https:\/\/www.visit-ulcinj.com\/blog\/author\/admin\/\"}]}<\/script>\n<!-- \/ Yoast SEO plugin. -->","yoast_head_json":{"title":"Grupi Atlas k\u00ebrkon d\u00ebmshp\u00ebrblim prej 10,5 milion \u20ac nga komuna Ulqinit - Video - Lajme nga Ulqini","description":"\u201cQytetar\u00ebt e Ulqinit nuk mund t\u00eb pajtohen me at\u00eb q\u00eb dikush p\u00ebrvet\u00ebson t\u00eb mir\u00ebn publike n\u00eb d\u00ebm t\u00eb tyre dhe n\u00eb d\u00ebm t\u00eb Malit t\u00eb Zi\u201d, kan\u00eb th\u00ebn\u00eb sot n\u00eb","robots":{"index":"index","follow":"follow","max-snippet":"max-snippet:-1","max-image-preview":"max-image-preview:large","max-video-preview":"max-video-preview:-1"},"canonical":"https:\/\/www.visit-ulcinj.com\/blog\/2014\/07\/08\/grupi-atlas-kerkon-demshperblim-prej-105-milion-e-nga-komuna-ulqinit\/","og_locale":"en_US","og_type":"article","og_title":"Grupi Atlas k\u00ebrkon d\u00ebmshp\u00ebrblim prej 10,5 milion \u20ac nga komuna Ulqinit - Video - Lajme nga Ulqini","og_description":"\u201cQytetar\u00ebt e Ulqinit nuk mund t\u00eb pajtohen me at\u00eb q\u00eb dikush p\u00ebrvet\u00ebson t\u00eb mir\u00ebn publike n\u00eb d\u00ebm t\u00eb tyre dhe n\u00eb d\u00ebm t\u00eb Malit t\u00eb Zi\u201d, kan\u00eb th\u00ebn\u00eb sot n\u00eb","og_url":"https:\/\/www.visit-ulcinj.com\/blog\/2014\/07\/08\/grupi-atlas-kerkon-demshperblim-prej-105-milion-e-nga-komuna-ulqinit\/","og_site_name":"Lajme nga Ulqini","article_published_time":"2014-07-08T15:49:05+00:00","article_modified_time":"2014-07-10T14:52:10+00:00","og_image":[{"url":"http:\/\/www.visit-ulcinj.com\/blog\/wp-content\/uploads\/2014\/07\/Abazovic-Nimanbegu.jpg"}],"twitter_misc":{"Written by":"ulqini","Est. reading time":"1 minute"},"schema":{"@context":"https:\/\/schema.org","@graph":[{"@type":"WebSite","@id":"https:\/\/www.visit-ulcinj.com\/blog\/#website","url":"https:\/\/www.visit-ulcinj.com\/blog\/","name":"Lajme nga Ulqini","description":"Lajme,Vijesti,Ulqini,Ulqin,Crna Gora,Mali i Zi","potentialAction":[{"@type":"SearchAction","target":{"@type":"EntryPoint","urlTemplate":"https:\/\/www.visit-ulcinj.com\/blog\/?s={search_term_string}"},"query-input":"required name=search_term_string"}],"inLanguage":"en-US"},{"@type":"ImageObject","inLanguage":"en-US","@id":"https:\/\/www.visit-ulcinj.com\/blog\/2014\/07\/08\/grupi-atlas-kerkon-demshperblim-prej-105-milion-e-nga-komuna-ulqinit\/#primaryimage","url":"https:\/\/www.visit-ulcinj.com\/blog\/wp-content\/uploads\/2014\/07\/Abazovic-Nimanbegu.jpg","contentUrl":"https:\/\/www.visit-ulcinj.com\/blog\/wp-content\/uploads\/2014\/07\/Abazovic-Nimanbegu.jpg","width":960,"height":637},{"@type":"WebPage","@id":"https:\/\/www.visit-ulcinj.com\/blog\/2014\/07\/08\/grupi-atlas-kerkon-demshperblim-prej-105-milion-e-nga-komuna-ulqinit\/#webpage","url":"https:\/\/www.visit-ulcinj.com\/blog\/2014\/07\/08\/grupi-atlas-kerkon-demshperblim-prej-105-milion-e-nga-komuna-ulqinit\/","name":"Grupi Atlas k\u00ebrkon d\u00ebmshp\u00ebrblim prej 10,5 milion \u20ac nga komuna Ulqinit - Video - Lajme nga Ulqini","isPartOf":{"@id":"https:\/\/www.visit-ulcinj.com\/blog\/#website"},"primaryImageOfPage":{"@id":"https:\/\/www.visit-ulcinj.com\/blog\/2014\/07\/08\/grupi-atlas-kerkon-demshperblim-prej-105-milion-e-nga-komuna-ulqinit\/#primaryimage"},"datePublished":"2014-07-08T15:49:05+00:00","dateModified":"2014-07-10T14:52:10+00:00","author":{"@id":"https:\/\/www.visit-ulcinj.com\/blog\/#\/schema\/person\/dcab619c614d3038751c63bc2aadc06d"},"description":"\u201cQytetar\u00ebt e Ulqinit nuk mund t\u00eb pajtohen me at\u00eb q\u00eb dikush p\u00ebrvet\u00ebson t\u00eb mir\u00ebn publike n\u00eb d\u00ebm t\u00eb tyre dhe n\u00eb d\u00ebm t\u00eb Malit t\u00eb Zi\u201d, kan\u00eb th\u00ebn\u00eb sot n\u00eb","breadcrumb":{"@id":"https:\/\/www.visit-ulcinj.com\/blog\/2014\/07\/08\/grupi-atlas-kerkon-demshperblim-prej-105-milion-e-nga-komuna-ulqinit\/#breadcrumb"},"inLanguage":"en-US","potentialAction":[{"@type":"ReadAction","target":["https:\/\/www.visit-ulcinj.com\/blog\/2014\/07\/08\/grupi-atlas-kerkon-demshperblim-prej-105-milion-e-nga-komuna-ulqinit\/"]}]},{"@type":"BreadcrumbList","@id":"https:\/\/www.visit-ulcinj.com\/blog\/2014\/07\/08\/grupi-atlas-kerkon-demshperblim-prej-105-milion-e-nga-komuna-ulqinit\/#breadcrumb","itemListElement":[{"@type":"ListItem","position":1,"name":"Grupi Atlas k\u00ebrkon d\u00ebmshp\u00ebrblim prej 10,5 milion \u20ac nga komuna Ulqinit &#8211; Video"}]},{"@type":"Person","@id":"https:\/\/www.visit-ulcinj.com\/blog\/#\/schema\/person\/dcab619c614d3038751c63bc2aadc06d","name":"ulqini","sameAs":["http:\/\/www.visit-ulcinj.com"],"url":"https:\/\/www.visit-ulcinj.com\/blog\/author\/admin\/"}]}},"jetpack_featured_media_url":"","jetpack_sharing_enabled":true,"jetpack_shortlink":"https:\/\/wp.me\/pe6lTn-lOx","_links":{"self":[{"href":"https:\/\/www.visit-ulcinj.com\/blog\/wp-json\/wp\/v2\/posts\/83857"}],"collection":[{"href":"https:\/\/www.visit-ulcinj.com\/blog\/wp-json\/wp\/v2\/posts"}],"about":[{"href":"https:\/\/www.visit-ulcinj.com\/blog\/wp-json\/wp\/v2\/types\/post"}],"author":[{"embeddable":true,"href":"https:\/\/www.visit-ulcinj.com\/blog\/wp-json\/wp\/v2\/users\/1"}],"replies":[{"embeddable":true,"href":"https:\/\/www.visit-ulcinj.com\/blog\/wp-json\/wp\/v2\/comments?post=83857"}],"version-history":[{"count":2,"href":"https:\/\/www.visit-ulcinj.com\/blog\/wp-json\/wp\/v2\/posts\/83857\/revisions"}],"predecessor-version":[{"id":83890,"href":"https:\/\/www.visit-ulcinj.com\/blog\/wp-json\/wp\/v2\/posts\/83857\/revisions\/83890"}],"wp:attachment":[{"href":"https:\/\/www.visit-ulcinj.com\/blog\/wp-json\/wp\/v2\/media?parent=83857"}],"wp:term":[{"taxonomy":"category","embeddable":true,"href":"https:\/\/www.visit-ulcinj.com\/blog\/wp-json\/wp\/v2\/categories?post=83857"},{"taxonomy":"post_tag","embeddable":true,"href":"https:\/\/www.visit-ulcinj.com\/blog\/wp-json\/wp\/v2\/tags?post=83857"}],"curies":[{"name":"wp","href":"https:\/\/api.w.org\/{rel}","templated":true}]}}