{"id":83859,"date":"2014-07-09T19:11:14","date_gmt":"2014-07-09T18:11:14","guid":{"rendered":"http:\/\/www.visit-ulcinj.com\/blog\/?p=83859"},"modified":"2014-07-12T10:23:47","modified_gmt":"2014-07-12T09:23:47","slug":"kosova-harron-pushimoret-e-veta-ne-ulqin-e-kamenove","status":"publish","type":"post","link":"https:\/\/www.visit-ulcinj.com\/blog\/2014\/07\/09\/kosova-harron-pushimoret-e-veta-ne-ulqin-e-kamenove\/","title":{"rendered":"Kosova \u201charron\u201d pushimoret e veta n\u00eb Ulqin e Kamenov\u00eb &#8211; Video"},"content":{"rendered":"<p><strong><a href=\"http:\/\/www.visit-ulcinj.com\/blog\/wp-content\/uploads\/2014\/07\/Pushimorja-Kosoves-Plazha-madhe-K1-Ulqin-1.jpg\"><img loading=\"lazy\" class=\"alignleft  wp-image-83860\" alt=\"Pushimorja-Kosoves-Plazha-madhe-K1-Ulqin-1\" src=\"http:\/\/www.visit-ulcinj.com\/blog\/wp-content\/uploads\/2014\/07\/Pushimorja-Kosoves-Plazha-madhe-K1-Ulqin-1.jpg\" width=\"508\" height=\"360\" \/><\/a>Ulqin, 9 qershor- Pushimorja e Kosov\u00ebs n\u00eb Plazhin e Madh t\u00eb Ulqinit, e njohur si K-1, u nd\u00ebrtua pas t\u00ebrmetit katastrofal, q\u00eb goditi Ulqinin m\u00eb 1979, \u201cp\u00ebr t\u00eb strehuar ulqinak\u00ebt e mbetur pa \u00e7ati nga fatkeq\u00ebsia e natyr\u00ebs, dhe q\u00eb pas kat\u00ebr vjet\u00ebsh t\u00eb sh\u00ebrbej\u00eb si pushimore p\u00ebr pun\u00ebtor\u00ebt nga Kosova\u201d. <\/strong><\/p>\n<div>\n<p>Por pastaj ndodhi nj\u00eb akt i papar\u00eb, i shkruan Koha.net Ibrahim Berjashi nga Ulqini. Qeveria e at\u00ebhershme e Malit t\u00eb Zi rreth vitit 1983 i rr\u00ebnoi 608 kampt\u00ebpiza, t\u00ebhuajsoi sasi t\u00eb madhe materiali nd\u00ebrtimor e t\u00eb pajisjeve &#8211; t\u00eb teknik\u00ebs s\u00eb bardh\u00eb.<\/p>\n<p>As strukturat e at\u00ebhershme t\u00eb Kosov\u00ebs, as pas r\u00ebnies s\u00eb shtetit t\u00eb p\u00ebrbashk\u00ebt \u2013 Jugosllavis\u00eb, asnj\u00ebher\u00eb nuk k\u00ebrkuan d\u00ebmshp\u00ebrblim nga Podgorica zyrtare. Ndodh nj\u00eb tragjikomedi e llojit t\u00eb vet, e ashtuquajtura \u201cRekreaturs\u201d Sh. A. Budva, \u201c pas dat\u00ebs 12 qershor 1999, kur zbarkoi NATO, ka rr\u00ebmbyer vulat dhe gjith\u00eb dokumentacionin e firm\u00ebs zyrtare \u201cRekreaturs\u201d t\u00eb Prishtin\u00ebs, ka shpallur pron\u00eb t\u00eb veten Pushimoren n\u00eb Ulqin dhe n\u00eb Kamenov\u00eb.<br \/>\nDisa her\u00eb kan\u00eb r\u00ebn\u00eb n\u00eb sy p\u00ebrfaq\u00ebsuesit zyrtar\u00eb t\u00eb Rekreatursit t\u00eb Prishtin\u00ebs n\u00eb Ulqin, por \u201cdrejt\u00ebsia malazeze vazhdimisht ka favorizuar \u201cRekreaturisin \u201c ilegal.<\/p>\n<p>Meq\u00eb Gjykata e Apelit i ka hedhur posht\u00eb pretendimet grabitjes s\u00eb buxhetit t\u00eb Komun\u00ebs s\u00eb Ulqinit, \u00ebsht\u00eb gjetur nj\u00eb m\u00ebnyr\u00eb tjet\u00ebr.<br \/>\n\u201eAtlas Grup \u201c ka deklaruar p\u00ebr Televizionin \u201eVijesti\u201c t\u00eb Podgoric\u00ebs se ata \u201erastin K1\u201c vet\u00ebm e trash\u00ebguan nga \u2018Rekreaturs Sh. A. Budva\u2019, kur e blen\u00eb at\u00eb nd\u00ebrmarrje n\u00eb burs\u00eb. Por, gjat\u00eb vizit\u00ebs s\u00eb kryetarit t\u00eb K\u00ebshillit Drejtues t\u00eb k\u00ebtij grupi, Mihaillo Banjeviq, n\u00eb fillim t\u00eb shkurtit t\u00eb vitit t\u00eb kaluar, \u00ebsht\u00eb th\u00ebn\u00eb q\u00eb kjo l\u00ebnd\u00eb gjyq\u00ebsore, e cila zhvillohet tash 30 vjet, \u00ebsht\u00eb rritur n\u00eb 10,5 milion\u00eb euro.<\/p>\n<p>\u201cRekreatursi\u201d nga komuna e Ulqinit para k\u00ebsaj ka k\u00ebrkuar gjasht\u00eb milion\u00eb euro si d\u00ebmshp\u00ebrblim p\u00ebr kolonin\u00eb e prishur me apartamente t\u00eb pjes\u00ebtar\u00ebve t\u00eb sindikat\u00ebs s\u00eb Kosov\u00ebs n\u00eb Plazhin e madh. M\u00ebsohet se me k\u00ebrkes\u00eb t\u00eb prokurorit mund t\u00eb shtyhet gjykimi, i cili \u00ebsht\u00eb caktuar p\u00ebr dat\u00ebn 10 korrik, n\u00eb Gjykat\u00ebn Ekonomike n\u00eb Podgoric\u00eb.<\/p>\n<p>Deputet\u00ebt nga Ulqini n\u00eb Kuvendin e Malit t\u00eb Zi, Genci Nimanbegu, Dritan Abazoviq dhe Liliana Gjurashkoviq, n\u00eb lidhje me \u201crastin K1\u201d, sipas t\u00eb cilit \u201cAtlas grupi\u201d prej komun\u00ebs s\u00eb Ulqinit k\u00ebrkon d\u00ebmshp\u00ebrblimin prej 10,5 milion\u00eb euro, than\u00eb se b\u00ebhet fjal\u00eb p\u00ebr proces gjyq\u00ebsor i cili k\u00ebrc\u00ebnon q\u00eb komun\u00ebn e Ulqinit ta shtyj\u00eb n\u00eb falimentim.<\/p>\n<p>Deputet\u00ebt fol\u00ebn p\u00ebr vendimet e dyshimta t\u00eb organeve gjyq\u00ebsore t\u00eb Malit t\u00eb Zi gjat\u00eb t\u00ebr\u00eb k\u00ebtij rastit dhe ftuan instancat m\u00eb t\u00eb larta gjyq\u00ebsore q\u00eb me m\u00eb shum\u00eb v\u00ebmendje t\u00eb shikojn\u00eb veprimet e organeve gjyq\u00ebsore. \u00cbsht\u00eb theksuar q\u00eb p\u00ebr veprimet e gjyq\u00ebsorit n\u00eb \u201crastin K1\u201d do t\u00eb njoftohen institucionet europiane.<\/p>\n<p><strong>Koha net<\/strong><\/p>\n<!--YouTube Error: bad URL entered-->\n<\/div>\n","protected":false},"excerpt":{"rendered":"<p>Ulqin, 9 qershor- Pushimorja e Kosov\u00ebs n\u00eb Plazhin e Madh t\u00eb Ulqinit, e njohur si K-1, u nd\u00ebrtua pas t\u00ebrmetit katastrofal, q\u00eb goditi Ulqinin m\u00eb 1979, \u201cp\u00ebr t\u00eb strehuar ulqinak\u00ebt e mbetur pa \u00e7ati nga fatkeq\u00ebsia e natyr\u00ebs, dhe q\u00eb pas kat\u00ebr vjet\u00ebsh t\u00eb sh\u00ebrbej\u00eb si pushimore p\u00ebr pun\u00ebtor\u00ebt nga Kosova\u201d. Por pastaj ndodhi nj\u00eb [&hellip;]<\/p>\n","protected":false},"author":1,"featured_media":0,"comment_status":"closed","ping_status":"closed","sticky":false,"template":"","format":"standard","meta":{"spay_email":"","jetpack_publicize_message":"","jetpack_is_tweetstorm":false,"jetpack_publicize_feature_enabled":true},"categories":[10,1],"tags":[],"jetpack_publicize_connections":[],"yoast_head":"<!-- This site is optimized with the Yoast SEO plugin v19.1 - https:\/\/yoast.com\/wordpress\/plugins\/seo\/ -->\n<title>Kosova \u201charron\u201d pushimoret e veta n\u00eb Ulqin e Kamenov\u00eb - Video - Lajme nga Ulqini<\/title>\n<meta name=\"description\" content=\"Ulqin, 9 qershor- Pushimorja e Kosov\u00ebs n\u00eb Plazhin e Madh t\u00eb Ulqinit, e njohur si K-1, u nd\u00ebrtua pas t\u00ebrmetit katastrofal, q\u00eb goditi Ulqinin m\u00eb 1979, \u201cp\u00ebr\" \/>\n<meta name=\"robots\" content=\"index, follow, max-snippet:-1, max-image-preview:large, max-video-preview:-1\" \/>\n<link rel=\"canonical\" href=\"https:\/\/www.visit-ulcinj.com\/blog\/2014\/07\/09\/kosova-harron-pushimoret-e-veta-ne-ulqin-e-kamenove\/\" \/>\n<meta property=\"og:locale\" content=\"en_US\" \/>\n<meta property=\"og:type\" content=\"article\" \/>\n<meta property=\"og:title\" content=\"Kosova \u201charron\u201d pushimoret e veta n\u00eb Ulqin e Kamenov\u00eb - Video - Lajme nga Ulqini\" \/>\n<meta property=\"og:description\" content=\"Ulqin, 9 qershor- Pushimorja e Kosov\u00ebs n\u00eb Plazhin e Madh t\u00eb Ulqinit, e njohur si K-1, u nd\u00ebrtua pas t\u00ebrmetit katastrofal, q\u00eb goditi Ulqinin m\u00eb 1979, \u201cp\u00ebr\" \/>\n<meta property=\"og:url\" content=\"https:\/\/www.visit-ulcinj.com\/blog\/2014\/07\/09\/kosova-harron-pushimoret-e-veta-ne-ulqin-e-kamenove\/\" \/>\n<meta property=\"og:site_name\" content=\"Lajme nga Ulqini\" \/>\n<meta property=\"article:published_time\" content=\"2014-07-09T18:11:14+00:00\" \/>\n<meta property=\"article:modified_time\" content=\"2014-07-12T09:23:47+00:00\" \/>\n<meta property=\"og:image\" content=\"http:\/\/www.visit-ulcinj.com\/blog\/wp-content\/uploads\/2014\/07\/Pushimorja-Kosoves-Plazha-madhe-K1-Ulqin-1.jpg\" \/>\n<meta name=\"twitter:label1\" content=\"Written by\" \/>\n\t<meta name=\"twitter:data1\" content=\"ulqini\" \/>\n\t<meta name=\"twitter:label2\" content=\"Est. reading time\" \/>\n\t<meta name=\"twitter:data2\" content=\"3 minutes\" \/>\n<script type=\"application\/ld+json\" class=\"yoast-schema-graph\">{\"@context\":\"https:\/\/schema.org\",\"@graph\":[{\"@type\":\"WebSite\",\"@id\":\"https:\/\/www.visit-ulcinj.com\/blog\/#website\",\"url\":\"https:\/\/www.visit-ulcinj.com\/blog\/\",\"name\":\"Lajme nga Ulqini\",\"description\":\"Lajme,Vijesti,Ulqini,Ulqin,Crna Gora,Mali i Zi\",\"potentialAction\":[{\"@type\":\"SearchAction\",\"target\":{\"@type\":\"EntryPoint\",\"urlTemplate\":\"https:\/\/www.visit-ulcinj.com\/blog\/?s={search_term_string}\"},\"query-input\":\"required name=search_term_string\"}],\"inLanguage\":\"en-US\"},{\"@type\":\"ImageObject\",\"inLanguage\":\"en-US\",\"@id\":\"https:\/\/www.visit-ulcinj.com\/blog\/2014\/07\/09\/kosova-harron-pushimoret-e-veta-ne-ulqin-e-kamenove\/#primaryimage\",\"url\":\"https:\/\/www.visit-ulcinj.com\/blog\/wp-content\/uploads\/2014\/07\/Pushimorja-Kosoves-Plazha-madhe-K1-Ulqin-1.jpg\",\"contentUrl\":\"https:\/\/www.visit-ulcinj.com\/blog\/wp-content\/uploads\/2014\/07\/Pushimorja-Kosoves-Plazha-madhe-K1-Ulqin-1.jpg\",\"width\":924,\"height\":600},{\"@type\":\"WebPage\",\"@id\":\"https:\/\/www.visit-ulcinj.com\/blog\/2014\/07\/09\/kosova-harron-pushimoret-e-veta-ne-ulqin-e-kamenove\/#webpage\",\"url\":\"https:\/\/www.visit-ulcinj.com\/blog\/2014\/07\/09\/kosova-harron-pushimoret-e-veta-ne-ulqin-e-kamenove\/\",\"name\":\"Kosova \u201charron\u201d pushimoret e veta n\u00eb Ulqin e Kamenov\u00eb - Video - Lajme nga Ulqini\",\"isPartOf\":{\"@id\":\"https:\/\/www.visit-ulcinj.com\/blog\/#website\"},\"primaryImageOfPage\":{\"@id\":\"https:\/\/www.visit-ulcinj.com\/blog\/2014\/07\/09\/kosova-harron-pushimoret-e-veta-ne-ulqin-e-kamenove\/#primaryimage\"},\"datePublished\":\"2014-07-09T18:11:14+00:00\",\"dateModified\":\"2014-07-12T09:23:47+00:00\",\"author\":{\"@id\":\"https:\/\/www.visit-ulcinj.com\/blog\/#\/schema\/person\/dcab619c614d3038751c63bc2aadc06d\"},\"description\":\"Ulqin, 9 qershor- Pushimorja e Kosov\u00ebs n\u00eb Plazhin e Madh t\u00eb Ulqinit, e njohur si K-1, u nd\u00ebrtua pas t\u00ebrmetit katastrofal, q\u00eb goditi Ulqinin m\u00eb 1979, \u201cp\u00ebr\",\"breadcrumb\":{\"@id\":\"https:\/\/www.visit-ulcinj.com\/blog\/2014\/07\/09\/kosova-harron-pushimoret-e-veta-ne-ulqin-e-kamenove\/#breadcrumb\"},\"inLanguage\":\"en-US\",\"potentialAction\":[{\"@type\":\"ReadAction\",\"target\":[\"https:\/\/www.visit-ulcinj.com\/blog\/2014\/07\/09\/kosova-harron-pushimoret-e-veta-ne-ulqin-e-kamenove\/\"]}]},{\"@type\":\"BreadcrumbList\",\"@id\":\"https:\/\/www.visit-ulcinj.com\/blog\/2014\/07\/09\/kosova-harron-pushimoret-e-veta-ne-ulqin-e-kamenove\/#breadcrumb\",\"itemListElement\":[{\"@type\":\"ListItem\",\"position\":1,\"name\":\"Kosova \u201charron\u201d pushimoret e veta n\u00eb Ulqin e Kamenov\u00eb &#8211; Video\"}]},{\"@type\":\"Person\",\"@id\":\"https:\/\/www.visit-ulcinj.com\/blog\/#\/schema\/person\/dcab619c614d3038751c63bc2aadc06d\",\"name\":\"ulqini\",\"sameAs\":[\"http:\/\/www.visit-ulcinj.com\"],\"url\":\"https:\/\/www.visit-ulcinj.com\/blog\/author\/admin\/\"}]}<\/script>\n<!-- \/ Yoast SEO plugin. -->","yoast_head_json":{"title":"Kosova \u201charron\u201d pushimoret e veta n\u00eb Ulqin e Kamenov\u00eb - Video - Lajme nga Ulqini","description":"Ulqin, 9 qershor- Pushimorja e Kosov\u00ebs n\u00eb Plazhin e Madh t\u00eb Ulqinit, e njohur si K-1, u nd\u00ebrtua pas t\u00ebrmetit katastrofal, q\u00eb goditi Ulqinin m\u00eb 1979, \u201cp\u00ebr","robots":{"index":"index","follow":"follow","max-snippet":"max-snippet:-1","max-image-preview":"max-image-preview:large","max-video-preview":"max-video-preview:-1"},"canonical":"https:\/\/www.visit-ulcinj.com\/blog\/2014\/07\/09\/kosova-harron-pushimoret-e-veta-ne-ulqin-e-kamenove\/","og_locale":"en_US","og_type":"article","og_title":"Kosova \u201charron\u201d pushimoret e veta n\u00eb Ulqin e Kamenov\u00eb - Video - Lajme nga Ulqini","og_description":"Ulqin, 9 qershor- Pushimorja e Kosov\u00ebs n\u00eb Plazhin e Madh t\u00eb Ulqinit, e njohur si K-1, u nd\u00ebrtua pas t\u00ebrmetit katastrofal, q\u00eb goditi Ulqinin m\u00eb 1979, \u201cp\u00ebr","og_url":"https:\/\/www.visit-ulcinj.com\/blog\/2014\/07\/09\/kosova-harron-pushimoret-e-veta-ne-ulqin-e-kamenove\/","og_site_name":"Lajme nga Ulqini","article_published_time":"2014-07-09T18:11:14+00:00","article_modified_time":"2014-07-12T09:23:47+00:00","og_image":[{"url":"http:\/\/www.visit-ulcinj.com\/blog\/wp-content\/uploads\/2014\/07\/Pushimorja-Kosoves-Plazha-madhe-K1-Ulqin-1.jpg"}],"twitter_misc":{"Written by":"ulqini","Est. reading time":"3 minutes"},"schema":{"@context":"https:\/\/schema.org","@graph":[{"@type":"WebSite","@id":"https:\/\/www.visit-ulcinj.com\/blog\/#website","url":"https:\/\/www.visit-ulcinj.com\/blog\/","name":"Lajme nga Ulqini","description":"Lajme,Vijesti,Ulqini,Ulqin,Crna Gora,Mali i Zi","potentialAction":[{"@type":"SearchAction","target":{"@type":"EntryPoint","urlTemplate":"https:\/\/www.visit-ulcinj.com\/blog\/?s={search_term_string}"},"query-input":"required name=search_term_string"}],"inLanguage":"en-US"},{"@type":"ImageObject","inLanguage":"en-US","@id":"https:\/\/www.visit-ulcinj.com\/blog\/2014\/07\/09\/kosova-harron-pushimoret-e-veta-ne-ulqin-e-kamenove\/#primaryimage","url":"https:\/\/www.visit-ulcinj.com\/blog\/wp-content\/uploads\/2014\/07\/Pushimorja-Kosoves-Plazha-madhe-K1-Ulqin-1.jpg","contentUrl":"https:\/\/www.visit-ulcinj.com\/blog\/wp-content\/uploads\/2014\/07\/Pushimorja-Kosoves-Plazha-madhe-K1-Ulqin-1.jpg","width":924,"height":600},{"@type":"WebPage","@id":"https:\/\/www.visit-ulcinj.com\/blog\/2014\/07\/09\/kosova-harron-pushimoret-e-veta-ne-ulqin-e-kamenove\/#webpage","url":"https:\/\/www.visit-ulcinj.com\/blog\/2014\/07\/09\/kosova-harron-pushimoret-e-veta-ne-ulqin-e-kamenove\/","name":"Kosova \u201charron\u201d pushimoret e veta n\u00eb Ulqin e Kamenov\u00eb - Video - Lajme nga Ulqini","isPartOf":{"@id":"https:\/\/www.visit-ulcinj.com\/blog\/#website"},"primaryImageOfPage":{"@id":"https:\/\/www.visit-ulcinj.com\/blog\/2014\/07\/09\/kosova-harron-pushimoret-e-veta-ne-ulqin-e-kamenove\/#primaryimage"},"datePublished":"2014-07-09T18:11:14+00:00","dateModified":"2014-07-12T09:23:47+00:00","author":{"@id":"https:\/\/www.visit-ulcinj.com\/blog\/#\/schema\/person\/dcab619c614d3038751c63bc2aadc06d"},"description":"Ulqin, 9 qershor- Pushimorja e Kosov\u00ebs n\u00eb Plazhin e Madh t\u00eb Ulqinit, e njohur si K-1, u nd\u00ebrtua pas t\u00ebrmetit katastrofal, q\u00eb goditi Ulqinin m\u00eb 1979, \u201cp\u00ebr","breadcrumb":{"@id":"https:\/\/www.visit-ulcinj.com\/blog\/2014\/07\/09\/kosova-harron-pushimoret-e-veta-ne-ulqin-e-kamenove\/#breadcrumb"},"inLanguage":"en-US","potentialAction":[{"@type":"ReadAction","target":["https:\/\/www.visit-ulcinj.com\/blog\/2014\/07\/09\/kosova-harron-pushimoret-e-veta-ne-ulqin-e-kamenove\/"]}]},{"@type":"BreadcrumbList","@id":"https:\/\/www.visit-ulcinj.com\/blog\/2014\/07\/09\/kosova-harron-pushimoret-e-veta-ne-ulqin-e-kamenove\/#breadcrumb","itemListElement":[{"@type":"ListItem","position":1,"name":"Kosova \u201charron\u201d pushimoret e veta n\u00eb Ulqin e Kamenov\u00eb &#8211; Video"}]},{"@type":"Person","@id":"https:\/\/www.visit-ulcinj.com\/blog\/#\/schema\/person\/dcab619c614d3038751c63bc2aadc06d","name":"ulqini","sameAs":["http:\/\/www.visit-ulcinj.com"],"url":"https:\/\/www.visit-ulcinj.com\/blog\/author\/admin\/"}]}},"jetpack_featured_media_url":"","jetpack_sharing_enabled":true,"jetpack_shortlink":"https:\/\/wp.me\/pe6lTn-lOz","_links":{"self":[{"href":"https:\/\/www.visit-ulcinj.com\/blog\/wp-json\/wp\/v2\/posts\/83859"}],"collection":[{"href":"https:\/\/www.visit-ulcinj.com\/blog\/wp-json\/wp\/v2\/posts"}],"about":[{"href":"https:\/\/www.visit-ulcinj.com\/blog\/wp-json\/wp\/v2\/types\/post"}],"author":[{"embeddable":true,"href":"https:\/\/www.visit-ulcinj.com\/blog\/wp-json\/wp\/v2\/users\/1"}],"replies":[{"embeddable":true,"href":"https:\/\/www.visit-ulcinj.com\/blog\/wp-json\/wp\/v2\/comments?post=83859"}],"version-history":[{"count":2,"href":"https:\/\/www.visit-ulcinj.com\/blog\/wp-json\/wp\/v2\/posts\/83859\/revisions"}],"predecessor-version":[{"id":83889,"href":"https:\/\/www.visit-ulcinj.com\/blog\/wp-json\/wp\/v2\/posts\/83859\/revisions\/83889"}],"wp:attachment":[{"href":"https:\/\/www.visit-ulcinj.com\/blog\/wp-json\/wp\/v2\/media?parent=83859"}],"wp:term":[{"taxonomy":"category","embeddable":true,"href":"https:\/\/www.visit-ulcinj.com\/blog\/wp-json\/wp\/v2\/categories?post=83859"},{"taxonomy":"post_tag","embeddable":true,"href":"https:\/\/www.visit-ulcinj.com\/blog\/wp-json\/wp\/v2\/tags?post=83859"}],"curies":[{"name":"wp","href":"https:\/\/api.w.org\/{rel}","templated":true}]}}