{"id":83872,"date":"2014-07-09T19:46:06","date_gmt":"2014-07-09T18:46:06","guid":{"rendered":"http:\/\/www.visit-ulcinj.com\/blog\/?p=83872"},"modified":"2014-07-12T22:21:48","modified_gmt":"2014-07-12T21:21:48","slug":"zavrsena-rasprava-o-zakljuccima-za-solanu","status":"publish","type":"post","link":"https:\/\/www.visit-ulcinj.com\/blog\/2014\/07\/09\/zavrsena-rasprava-o-zakljuccima-za-solanu\/","title":{"rendered":"Zavr\u0161ena rasprava o zaklju\u010dcima za Solanu"},"content":{"rendered":"<p><a href=\"http:\/\/www.visit-ulcinj.com\/blog\/wp-content\/uploads\/2013\/04\/ULCINJSKA-SOLANA.jpg\"><img loading=\"lazy\" class=\"alignleft  wp-image-70529\" alt=\"ULCINJSKA SOLANA\" src=\"http:\/\/www.visit-ulcinj.com\/blog\/wp-content\/uploads\/2013\/04\/ULCINJSKA-SOLANA.jpg\" width=\"508\" height=\"360\" \/><\/a>Skup\u0161tina je danas zavr\u0161ila raspravu o Predlogu zaklju\u010daka za rje\u0161avanje problema u ulcinjskoj Solani \u201eBajo Sekuli\u0107, koji bi trebalo da omogu\u0107e opstanak tog preduze\u0107a.<\/p>\n<p>Skup\u0161tinski Odbor je sredinom aprila jednoglasno predlo\u017eio parlamentu da prihvati zaklju\u010dke o kontrolnom saslu\u0161anju predstavnika Vlade i ste\u010dajne uprave ulcinjskog preduze\u0107a, kojim se predvi\u0111a da Elektroprivreda (EPCG) \u0161to prije uklju\u010di struju Solani, kako bi se za\u0161titila proizvodnja i dr\u017eavna imovina.<\/p>\n<p>Isporuka struje Solani bi, kako je obja\u0161njeno, predvi\u0111ala obavezu ulcinjskog preduze\u0107a da dug prema elektroenergetskoj kompaniji isplati nakon pokretanja proizvodnog procesa. Prelo\u017eeno je i da nadle\u017eni preduzmu sve neophodno kako bi radnicima Solane bile ispla\u0107ene zaostale zarade i povezan radi sta\u017e.<\/p>\n<p>Odbor je predlo\u017eio i da Vlada i Op\u0161tina Ulcinj, uz podr\u0161ku Investiciono-razvojnog fonda (IRF), sagledaju mogu\u0107nosti da se u Solani kroz poslovno-tehni\u010dku saradnju obezbijede uslovi za nastavak proizvodnje. Predlo\u017eeno je i da Vlada i Op\u0161tina sagledaju mogu\u0107nost prodaje adekvatne dr\u017eavne ili op\u0161tinske imovine, kako bi se obezbijedila neophodna sredstva za nastavak primarne djelatnosti, odnosno proizvodnja soli, \u0161to ne bi podrazumijevalo prodaju imovine Solane.<\/p>\n<p>Poslanik Pozitivne Crne Gore, Dritan Abazovi\u0107, ocijenio je da je Solana klasi\u010dan primjer neuspjele tranzicije, crtanje poslova za kumove i organizovana plja\u010dka stolje\u0107a kroz brojne institucije sistema.<\/p>\n<p>\u201eOvogodi\u0161nja berba soli je propala, ali se nadamo da \u0107e struja Solani biti uklju\u010dena i da \u0107e se na taj na\u010din izbje\u0107i ekolo\u0161ka katastrofa koja prijeti tom podru\u010dju. Nakon toga bi dr\u017eava trebalo da preuzme preduze\u0107e\u201c, rekao je Abazovi\u0107.<\/p>\n<p>On je naveo i da je zemlji\u0161te na kojem se nalazi Solana dr\u017eavno, odnosno da ga preduze\u0107e samo koristi, zbog \u010dega njegova prodaja nije mogu\u0107a.<\/p>\n<p>Poslanik Demokratskog fronta (DF), Janko Vu\u010dini\u0107, smatra da je imovina Solane glavno pitanje u cijeloj pri\u010di.<\/p>\n<p>\u201eIdeja da se jedan dio imovine Solane urbanizuje i proda kako bi se izmirila potra\u017eivanja radnika, kojima od 2011. godine nijesu ispla\u0107ene zarade, problemati\u010dna je. Kako se mo\u017ee prodati imovina preduze\u0107a koje je dr\u017eavno da bi se izmirile obaveze privatnika\u201c, pitao je Vu\u010dini\u0107.<\/p>\n<p>Poslanik Force, Genci Nimanbegu, saop\u0161tio je da \u0107e se poslanici o predlo\u017eenim zaklju\u010dcima izjasniti najvjerovatnije 16. jula, tri mjeseca nakon \u0161to ih je Odbor predlo\u017eio.<\/p>\n<p>\u201eVrijeme za berbu soli je isteklo i sada ostaje samo nada da \u0107e usvajanje zaklju\u010daka pomo\u0107i da Solana opstane\u201c, upozorio je Nimanbegu.<\/p>\n<p>On je pitao na osnovu kojeg zakona \u0107e radnicima podgori\u010dkog Kombinata aluminijuma (KAP) biti omogu\u0107eno da dobiju otpremnine od Vlade, a zaposlenima u Solani ne\u0107e.<\/p>\n<p>\u201eSolana je za Ulcinj, ono \u0161to je KAP za Podgoricu\u201c, poru\u010dio je Nimanbegu i dodao da bi dr\u017eava, Vlada i Tu\u017eila\u0161tvo morali da utvrde na koji na\u010din je privatizovano ulcinjsko preduze\u0107e.<\/p>\n<p>Poslanik Demokratskog fronta (DF), Milan Kne\u017eevi\u0107, naveo je da u Solani vi\u0161e nema radnika, ve\u0107 da su tamo samo flamingosi, koji su sada turisti\u010dka atrakcija.<\/p>\n<p>On je podsjetio da je dug Solane, u koju je 2005. godine uveden programirani ste\u010daj, dostigao 1,7 miliona EUR. Solana je u klasi\u010dnom ste\u010daju od 2011. godine, otkad se radnicima ne ispla\u0107uju zarade, niti preduze\u0107e podnosi finansijske izvje\u0161taje.<\/p>\n<p>\u201eSte\u010dajni upravnik Solane, Ognjen Jovovi\u0107, tra\u017ei da se formira multidisciplinarni tim koji bi mu pomogao da na\u0111e rje\u0161enje za preduze\u0107e. A \u0161ta on onda radi? Nema tog tima koji bi mu pomogao\u201c, poru\u010dio je Kne\u017eevi\u0107.<\/p>\n<p>Poslanik Socijalisti\u010dke narodne partije (SNP), Aleksandar Damjanovi\u0107, pozvao je poslanike da usvoje predlo\u017eene zaklju\u010dke kako bi se omogu\u0107io opstanak Solane.<\/p>\n<p>\u201eOvo je poku\u0161aj da se natjera Vlada da, kao ve\u0107inski vlasnik EPCG, omogu\u0107i isporuku struje Solani, da se sa\u010duva imovina preduze\u0107a i obezbijedi nastavak proizvodnje. Ovdje se radi o 49 radnika\u201c, upozorio je Damjanovi\u0107.<\/p>\n<p>Poslanik Demokratske partije socijalista, Zoran Jeli\u0107, smatra da je neophodno ulo\u017eiti napor kako bi se Solana \u0161to prije stavila u funkciju i obezbijedila proizvodnja koja je veoma va\u017ena za Ulcinj.<\/p>\n<p>\u201eZbog toga treba podr\u017eati predlo\u017eene zaklju\u010dke\u201c, naveo je Jeli\u0107.<\/p>\n<p>On je podsjetio da je na kontrolnom saslu\u0161anju predstavnika Vlade i ste\u010dajne uprave Solane predlagano da se dio imovine segmentira, kako bi se njenom prodajom obezbijedila sredstva za izmirenje potra\u017eivanja prema radnicima.<\/p>\n<p>\u201eRadnici to, me\u0111utim, nijesu shvatili na najbolji na\u010din\u201c, saop\u0161tio je Jeli\u0107.<\/p>\n<p>On smatra da bi Solani trebalo omogu\u0107iti pravo na koncesije za proizvodnju soli, koje joj je uvo\u0111enjem ste\u010daja automatski ukinuto.<\/p>\n<p>Poslanik DPS-a, Lui\u0111 \u0160krelja, naveo je da je problem Solane politi\u010dki, ekonomski i lokalni, a da bi dr\u017eava trebalo da pomogne kako bi se na\u0161lo rje\u0161enje za njen opstanak.<\/p>\n<p>\u201eSolana je zna\u010dajna za Crnu Goru i Ulcinj i ona treba da opstane\u201c, poru\u010dio je \u0160krelja.<\/p>\n<p>Solanu je od 2003. kontrolisao podgori\u010dki biznismen Veselin Barovi\u0107, koji je kupio kontrolni paket akcija za 800 hiljada eura.<\/p>\n<p>U kompaniju je 2005. godine, zbog duga od 13 hiljada EUR, uveden programirani ste\u010daj, koji nije dao rezultate, pa je po\u010detkom 2011. godine uveden klasi\u010dni.<\/p>\n<p>Vlada je u novembru 2011. godine Solani oduzela koncesiju na kori\u0161\u0107enje morske vode.<\/p>\n<p><strong>Izvor: Mina BIZNIS \/ Analitika &#8211; Informativni Portal<em><br \/>\n<\/em><\/strong><\/p>\n<!--YouTube Error: bad URL entered-->\n<p>&nbsp;<\/p>\n","protected":false},"excerpt":{"rendered":"<p>Skup\u0161tina je danas zavr\u0161ila raspravu o Predlogu zaklju\u010daka za rje\u0161avanje problema u ulcinjskoj Solani \u201eBajo Sekuli\u0107, koji bi trebalo da omogu\u0107e opstanak tog preduze\u0107a. Skup\u0161tinski Odbor je sredinom aprila jednoglasno predlo\u017eio parlamentu da prihvati zaklju\u010dke o kontrolnom saslu\u0161anju predstavnika Vlade i ste\u010dajne uprave ulcinjskog preduze\u0107a, kojim se predvi\u0111a da Elektroprivreda (EPCG) \u0161to prije uklju\u010di struju [&hellip;]<\/p>\n","protected":false},"author":1,"featured_media":0,"comment_status":"closed","ping_status":"closed","sticky":false,"template":"","format":"standard","meta":{"spay_email":"","jetpack_publicize_message":"","jetpack_is_tweetstorm":false,"jetpack_publicize_feature_enabled":true},"categories":[8337],"tags":[],"jetpack_publicize_connections":[],"yoast_head":"<!-- This site is optimized with the Yoast SEO plugin v19.1 - https:\/\/yoast.com\/wordpress\/plugins\/seo\/ -->\n<title>Zavr\u0161ena rasprava o zaklju\u010dcima za Solanu - Lajme nga Ulqini<\/title>\n<meta name=\"description\" content=\"Skup\u0161tina je danas zavr\u0161ila raspravu o Predlogu zaklju\u010daka za rje\u0161avanje problema u ulcinjskoj Solani \u201eBajo Sekuli\u0107, koji bi trebalo da omogu\u0107e opstanak\" \/>\n<meta name=\"robots\" content=\"index, follow, max-snippet:-1, max-image-preview:large, max-video-preview:-1\" \/>\n<link rel=\"canonical\" href=\"https:\/\/www.visit-ulcinj.com\/blog\/2014\/07\/09\/zavrsena-rasprava-o-zakljuccima-za-solanu\/\" \/>\n<meta property=\"og:locale\" content=\"en_US\" \/>\n<meta property=\"og:type\" content=\"article\" \/>\n<meta property=\"og:title\" content=\"Zavr\u0161ena rasprava o zaklju\u010dcima za Solanu - Lajme nga Ulqini\" \/>\n<meta property=\"og:description\" content=\"Skup\u0161tina je danas zavr\u0161ila raspravu o Predlogu zaklju\u010daka za rje\u0161avanje problema u ulcinjskoj Solani \u201eBajo Sekuli\u0107, koji bi trebalo da omogu\u0107e opstanak\" \/>\n<meta property=\"og:url\" content=\"https:\/\/www.visit-ulcinj.com\/blog\/2014\/07\/09\/zavrsena-rasprava-o-zakljuccima-za-solanu\/\" \/>\n<meta property=\"og:site_name\" content=\"Lajme nga Ulqini\" \/>\n<meta property=\"article:published_time\" content=\"2014-07-09T18:46:06+00:00\" \/>\n<meta property=\"article:modified_time\" content=\"2014-07-12T21:21:48+00:00\" \/>\n<meta property=\"og:image\" content=\"http:\/\/www.visit-ulcinj.com\/blog\/wp-content\/uploads\/2013\/04\/ULCINJSKA-SOLANA.jpg\" \/>\n<meta name=\"twitter:label1\" content=\"Written by\" \/>\n\t<meta name=\"twitter:data1\" content=\"ulqini\" \/>\n\t<meta name=\"twitter:label2\" content=\"Est. reading time\" \/>\n\t<meta name=\"twitter:data2\" content=\"5 minutes\" \/>\n<script type=\"application\/ld+json\" class=\"yoast-schema-graph\">{\"@context\":\"https:\/\/schema.org\",\"@graph\":[{\"@type\":\"WebSite\",\"@id\":\"https:\/\/www.visit-ulcinj.com\/blog\/#website\",\"url\":\"https:\/\/www.visit-ulcinj.com\/blog\/\",\"name\":\"Lajme nga Ulqini\",\"description\":\"Lajme,Vijesti,Ulqini,Ulqin,Crna Gora,Mali i Zi\",\"potentialAction\":[{\"@type\":\"SearchAction\",\"target\":{\"@type\":\"EntryPoint\",\"urlTemplate\":\"https:\/\/www.visit-ulcinj.com\/blog\/?s={search_term_string}\"},\"query-input\":\"required name=search_term_string\"}],\"inLanguage\":\"en-US\"},{\"@type\":\"ImageObject\",\"inLanguage\":\"en-US\",\"@id\":\"https:\/\/www.visit-ulcinj.com\/blog\/2014\/07\/09\/zavrsena-rasprava-o-zakljuccima-za-solanu\/#primaryimage\",\"url\":\"https:\/\/www.visit-ulcinj.com\/blog\/wp-content\/uploads\/2013\/04\/ULCINJSKA-SOLANA.jpg\",\"contentUrl\":\"https:\/\/www.visit-ulcinj.com\/blog\/wp-content\/uploads\/2013\/04\/ULCINJSKA-SOLANA.jpg\",\"width\":960,\"height\":561},{\"@type\":\"WebPage\",\"@id\":\"https:\/\/www.visit-ulcinj.com\/blog\/2014\/07\/09\/zavrsena-rasprava-o-zakljuccima-za-solanu\/#webpage\",\"url\":\"https:\/\/www.visit-ulcinj.com\/blog\/2014\/07\/09\/zavrsena-rasprava-o-zakljuccima-za-solanu\/\",\"name\":\"Zavr\u0161ena rasprava o zaklju\u010dcima za Solanu - Lajme nga Ulqini\",\"isPartOf\":{\"@id\":\"https:\/\/www.visit-ulcinj.com\/blog\/#website\"},\"primaryImageOfPage\":{\"@id\":\"https:\/\/www.visit-ulcinj.com\/blog\/2014\/07\/09\/zavrsena-rasprava-o-zakljuccima-za-solanu\/#primaryimage\"},\"datePublished\":\"2014-07-09T18:46:06+00:00\",\"dateModified\":\"2014-07-12T21:21:48+00:00\",\"author\":{\"@id\":\"https:\/\/www.visit-ulcinj.com\/blog\/#\/schema\/person\/dcab619c614d3038751c63bc2aadc06d\"},\"description\":\"Skup\u0161tina je danas zavr\u0161ila raspravu o Predlogu zaklju\u010daka za rje\u0161avanje problema u ulcinjskoj Solani \u201eBajo Sekuli\u0107, koji bi trebalo da omogu\u0107e opstanak\",\"breadcrumb\":{\"@id\":\"https:\/\/www.visit-ulcinj.com\/blog\/2014\/07\/09\/zavrsena-rasprava-o-zakljuccima-za-solanu\/#breadcrumb\"},\"inLanguage\":\"en-US\",\"potentialAction\":[{\"@type\":\"ReadAction\",\"target\":[\"https:\/\/www.visit-ulcinj.com\/blog\/2014\/07\/09\/zavrsena-rasprava-o-zakljuccima-za-solanu\/\"]}]},{\"@type\":\"BreadcrumbList\",\"@id\":\"https:\/\/www.visit-ulcinj.com\/blog\/2014\/07\/09\/zavrsena-rasprava-o-zakljuccima-za-solanu\/#breadcrumb\",\"itemListElement\":[{\"@type\":\"ListItem\",\"position\":1,\"name\":\"Zavr\u0161ena rasprava o zaklju\u010dcima za Solanu\"}]},{\"@type\":\"Person\",\"@id\":\"https:\/\/www.visit-ulcinj.com\/blog\/#\/schema\/person\/dcab619c614d3038751c63bc2aadc06d\",\"name\":\"ulqini\",\"sameAs\":[\"http:\/\/www.visit-ulcinj.com\"],\"url\":\"https:\/\/www.visit-ulcinj.com\/blog\/author\/admin\/\"}]}<\/script>\n<!-- \/ Yoast SEO plugin. -->","yoast_head_json":{"title":"Zavr\u0161ena rasprava o zaklju\u010dcima za Solanu - Lajme nga Ulqini","description":"Skup\u0161tina je danas zavr\u0161ila raspravu o Predlogu zaklju\u010daka za rje\u0161avanje problema u ulcinjskoj Solani \u201eBajo Sekuli\u0107, koji bi trebalo da omogu\u0107e opstanak","robots":{"index":"index","follow":"follow","max-snippet":"max-snippet:-1","max-image-preview":"max-image-preview:large","max-video-preview":"max-video-preview:-1"},"canonical":"https:\/\/www.visit-ulcinj.com\/blog\/2014\/07\/09\/zavrsena-rasprava-o-zakljuccima-za-solanu\/","og_locale":"en_US","og_type":"article","og_title":"Zavr\u0161ena rasprava o zaklju\u010dcima za Solanu - Lajme nga Ulqini","og_description":"Skup\u0161tina je danas zavr\u0161ila raspravu o Predlogu zaklju\u010daka za rje\u0161avanje problema u ulcinjskoj Solani \u201eBajo Sekuli\u0107, koji bi trebalo da omogu\u0107e opstanak","og_url":"https:\/\/www.visit-ulcinj.com\/blog\/2014\/07\/09\/zavrsena-rasprava-o-zakljuccima-za-solanu\/","og_site_name":"Lajme nga Ulqini","article_published_time":"2014-07-09T18:46:06+00:00","article_modified_time":"2014-07-12T21:21:48+00:00","og_image":[{"url":"http:\/\/www.visit-ulcinj.com\/blog\/wp-content\/uploads\/2013\/04\/ULCINJSKA-SOLANA.jpg"}],"twitter_misc":{"Written by":"ulqini","Est. reading time":"5 minutes"},"schema":{"@context":"https:\/\/schema.org","@graph":[{"@type":"WebSite","@id":"https:\/\/www.visit-ulcinj.com\/blog\/#website","url":"https:\/\/www.visit-ulcinj.com\/blog\/","name":"Lajme nga Ulqini","description":"Lajme,Vijesti,Ulqini,Ulqin,Crna Gora,Mali i Zi","potentialAction":[{"@type":"SearchAction","target":{"@type":"EntryPoint","urlTemplate":"https:\/\/www.visit-ulcinj.com\/blog\/?s={search_term_string}"},"query-input":"required name=search_term_string"}],"inLanguage":"en-US"},{"@type":"ImageObject","inLanguage":"en-US","@id":"https:\/\/www.visit-ulcinj.com\/blog\/2014\/07\/09\/zavrsena-rasprava-o-zakljuccima-za-solanu\/#primaryimage","url":"https:\/\/www.visit-ulcinj.com\/blog\/wp-content\/uploads\/2013\/04\/ULCINJSKA-SOLANA.jpg","contentUrl":"https:\/\/www.visit-ulcinj.com\/blog\/wp-content\/uploads\/2013\/04\/ULCINJSKA-SOLANA.jpg","width":960,"height":561},{"@type":"WebPage","@id":"https:\/\/www.visit-ulcinj.com\/blog\/2014\/07\/09\/zavrsena-rasprava-o-zakljuccima-za-solanu\/#webpage","url":"https:\/\/www.visit-ulcinj.com\/blog\/2014\/07\/09\/zavrsena-rasprava-o-zakljuccima-za-solanu\/","name":"Zavr\u0161ena rasprava o zaklju\u010dcima za Solanu - Lajme nga Ulqini","isPartOf":{"@id":"https:\/\/www.visit-ulcinj.com\/blog\/#website"},"primaryImageOfPage":{"@id":"https:\/\/www.visit-ulcinj.com\/blog\/2014\/07\/09\/zavrsena-rasprava-o-zakljuccima-za-solanu\/#primaryimage"},"datePublished":"2014-07-09T18:46:06+00:00","dateModified":"2014-07-12T21:21:48+00:00","author":{"@id":"https:\/\/www.visit-ulcinj.com\/blog\/#\/schema\/person\/dcab619c614d3038751c63bc2aadc06d"},"description":"Skup\u0161tina je danas zavr\u0161ila raspravu o Predlogu zaklju\u010daka za rje\u0161avanje problema u ulcinjskoj Solani \u201eBajo Sekuli\u0107, koji bi trebalo da omogu\u0107e opstanak","breadcrumb":{"@id":"https:\/\/www.visit-ulcinj.com\/blog\/2014\/07\/09\/zavrsena-rasprava-o-zakljuccima-za-solanu\/#breadcrumb"},"inLanguage":"en-US","potentialAction":[{"@type":"ReadAction","target":["https:\/\/www.visit-ulcinj.com\/blog\/2014\/07\/09\/zavrsena-rasprava-o-zakljuccima-za-solanu\/"]}]},{"@type":"BreadcrumbList","@id":"https:\/\/www.visit-ulcinj.com\/blog\/2014\/07\/09\/zavrsena-rasprava-o-zakljuccima-za-solanu\/#breadcrumb","itemListElement":[{"@type":"ListItem","position":1,"name":"Zavr\u0161ena rasprava o zaklju\u010dcima za Solanu"}]},{"@type":"Person","@id":"https:\/\/www.visit-ulcinj.com\/blog\/#\/schema\/person\/dcab619c614d3038751c63bc2aadc06d","name":"ulqini","sameAs":["http:\/\/www.visit-ulcinj.com"],"url":"https:\/\/www.visit-ulcinj.com\/blog\/author\/admin\/"}]}},"jetpack_featured_media_url":"","jetpack_sharing_enabled":true,"jetpack_shortlink":"https:\/\/wp.me\/pe6lTn-lOM","_links":{"self":[{"href":"https:\/\/www.visit-ulcinj.com\/blog\/wp-json\/wp\/v2\/posts\/83872"}],"collection":[{"href":"https:\/\/www.visit-ulcinj.com\/blog\/wp-json\/wp\/v2\/posts"}],"about":[{"href":"https:\/\/www.visit-ulcinj.com\/blog\/wp-json\/wp\/v2\/types\/post"}],"author":[{"embeddable":true,"href":"https:\/\/www.visit-ulcinj.com\/blog\/wp-json\/wp\/v2\/users\/1"}],"replies":[{"embeddable":true,"href":"https:\/\/www.visit-ulcinj.com\/blog\/wp-json\/wp\/v2\/comments?post=83872"}],"version-history":[{"count":5,"href":"https:\/\/www.visit-ulcinj.com\/blog\/wp-json\/wp\/v2\/posts\/83872\/revisions"}],"predecessor-version":[{"id":84031,"href":"https:\/\/www.visit-ulcinj.com\/blog\/wp-json\/wp\/v2\/posts\/83872\/revisions\/84031"}],"wp:attachment":[{"href":"https:\/\/www.visit-ulcinj.com\/blog\/wp-json\/wp\/v2\/media?parent=83872"}],"wp:term":[{"taxonomy":"category","embeddable":true,"href":"https:\/\/www.visit-ulcinj.com\/blog\/wp-json\/wp\/v2\/categories?post=83872"},{"taxonomy":"post_tag","embeddable":true,"href":"https:\/\/www.visit-ulcinj.com\/blog\/wp-json\/wp\/v2\/tags?post=83872"}],"curies":[{"name":"wp","href":"https:\/\/api.w.org\/{rel}","templated":true}]}}