{"id":8388,"date":"2009-01-10T23:14:08","date_gmt":"2009-01-10T22:14:08","guid":{"rendered":"http:\/\/www.visit-ulcinj.com\/blog\/?p=8388"},"modified":"2009-01-10T23:15:39","modified_gmt":"2009-01-10T22:15:39","slug":"cfare-mund-te-prese-ulqini-nga-stina-e-ardhshme-turistike","status":"publish","type":"post","link":"https:\/\/www.visit-ulcinj.com\/blog\/2009\/01\/10\/cfare-mund-te-prese-ulqini-nga-stina-e-ardhshme-turistike\/","title":{"rendered":"\u00c7far\u00eb mund t\u00eb pres\u00eb Ulqini nga stina e ardhshme turistike"},"content":{"rendered":"<p><strong><a title=\"kopakabana ulqin_ulqini\" rel=\"attachment wp-att-8389\" href=\"http:\/\/www.visit-ulcinj.com\/blog\/2009\/01\/10\/cfare-mund-te-prese-ulqini-nga-stina-e-ardhshme-turistike\/kopakabana_ulqin_ulqini\/\" target=\"_blank\"><img loading=\"lazy\" class=\"alignleft size-full wp-image-8389\" title=\"kopakabana_ulqin_ulqini\" src=\"http:\/\/www.visit-ulcinj.com\/blog\/wp-content\/uploads\/2009\/01\/kopakabana_ulqin_ulqini.jpg\" alt=\"kopakabana_ulqin_ulqini\" width=\"329\" height=\"246\" srcset=\"https:\/\/www.visit-ulcinj.com\/blog\/wp-content\/uploads\/2009\/01\/kopakabana_ulqin_ulqini.jpg 800w, https:\/\/www.visit-ulcinj.com\/blog\/wp-content\/uploads\/2009\/01\/kopakabana_ulqin_ulqini-300x225.jpg 300w\" sizes=\"(max-width: 329px) 100vw, 329px\" \/><\/a>Mir\u00eb nuk do t\u00eb jet\u00eb, por\u2026<\/strong><\/p>\n<p>Funksionar\u00ebt e Qeveris\u00eb s\u00eb Malit t\u00eb Zi si duket kan\u00eb vendosur ta nxjerrin kok\u00ebn nga r\u00ebra dhe t\u00eb p\u00ebrballen me pasojat e kriz\u00ebs s\u00eb madhe ekonomike bot\u00ebrore. Natyrisht, turizmi \u00ebsht\u00eb sektori m\u00eb i ndjesh\u00ebm ndaj kriz\u00ebs, sidomos grupet me aft\u00ebsi t\u00eb kufizuar t\u00eb pages\u00ebs, t\u00eb cilat brenda 20 viteve t\u00eb fundit kryesisht e vizitojn\u00eb Rivier\u00ebn e Ulqinit.<br \/>\nEdhe n\u00eb Ministrin\u00eb Malazeze t\u00eb Turizmit m\u00eb n\u00eb fund e kan\u00eb kuptuar: stina e ardhshme do t\u00eb jet\u00eb m\u00eb e dob\u00ebt se ajo e k\u00ebtij viti. Ministri tashm\u00eb ua ka b\u00ebr\u00eb t\u00eb ditur pun\u00ebtor\u00ebve turistik\u00eb, hotelier\u00ebve dhe qiradh\u00ebn\u00ebsve q\u00eb t\u00eb mos shpresojn\u00eb shum\u00eb dhe t`i ulin \u00e7mimet. Drejtor\u00ebt e hoteleve t\u00eb m\u00ebdha thon\u00eb se do t\u00eb ishin t\u00eb k\u00ebnaqur n\u00eb qoft\u00eb se fitimi do t\u00eb jet\u00eb p\u00ebr 15% m\u00eb i vog\u00ebl nga ai i vitit t\u00eb kaluar.<br \/>\nFunksionar\u00ebt e Qeveris\u00eb s\u00eb Malit t\u00eb Zi si duket kan\u00eb vendosur ta nxjerrin kok\u00ebn nga r\u00ebra dhe t\u00eb p\u00ebrballen me pasojat e kriz\u00ebs s\u00eb madhe ekonomike bot\u00ebrore. Natyrisht, turizmi \u00ebsht\u00eb sektori m\u00eb i ndjesh\u00ebm ndaj kriz\u00ebs, sidomos grupet me aft\u00ebsi t\u00eb kufizuar t\u00eb pages\u00ebs, t\u00eb cilat brenda 20 viteve t\u00eb fundit kryesisht e vizitojn\u00eb Rivier\u00ebn e Ulqinit.<br \/>\nN\u00eb t\u00eb nj\u00ebjt\u00ebn koh\u00eb, pronar\u00ebt e ullishtave dhe fabrikave t\u00eb vajit shpresuan t\u00eb ken\u00eb nj\u00eb vjelje m\u00eb t\u00eb mir\u00eb, nj\u00ebsoj sikurse kriporet. Me probleme t\u00eb shumta u p\u00ebrball\u00ebn gjat\u00eb t\u00ebr\u00eb k\u00ebtyre muajve edhe bujqit, peshkatar\u00ebt vite me radh\u00eb ankohen p\u00ebr gjuajtje t\u00eb dob\u00ebt, ku t\u00eb gjitha s\u00eb bashku flasin p\u00ebr faktin q\u00eb n\u00eb k\u00ebt\u00eb qytet, sikurse n\u00eb mbar\u00eb planetin, ka gjithnj\u00eb e m\u00eb pak bereqet, begati dhe mir\u00ebqenie.<br \/>\nMadje edhe ajo q\u00eb fitohet, konsumohet mjaft shpejt. Shpenzohet n\u00eb \u00e7do gj\u00eb dhe n\u00eb gjith\u00e7ka, e m\u00eb s\u00eb shumti shpenzohet koha. Ajo tani, p\u00ebrkrah dijes \u00ebsht\u00eb resursi m\u00eb i r\u00ebnd\u00ebsish\u00ebm. Mir\u00ebpo, m\u00eb duket se megjithat\u00eb n\u00eb k\u00ebt\u00eb shoq\u00ebri konsumi m\u00eb s\u00eb shumti konsumohen njer\u00ebzit. K\u00ebtu mendoj p\u00ebr nderin, dinjitetin, integritetin, solidaritetin, mir\u00ebkuptimin, besimin, p\u00ebr gjith\u00eb at\u00eb q\u00eb esencialisht na b\u00ebn njer\u00ebz, pjes\u00ebtar\u00eb t\u00eb species m\u00eb t\u00eb zgjedhur n\u00eb Tok\u00eb.<br \/>\nE kjo \u00ebsht\u00eb ajo q\u00eb na nevojitet m\u00eb s\u00eb shumti: prandaj kjo kriz\u00eb nuk \u00ebsht\u00eb aq e keqe. Madje \u00ebsht\u00eb frytdh\u00ebn\u00ebse. Ajo duhet t\u00eb na nxis\u00eb q\u00eb t\u00eb zbulojm\u00eb at\u00eb m\u00eb t\u00eb mir\u00ebn n\u00eb vet\u00ebvete dhe n\u00eb njer\u00ebzit rreth nesh p\u00ebr t\u00eb kuptuar m\u00eb n\u00eb fund se pasuria m\u00eb e madhe \u00ebsht\u00eb pasuria e shpirtit. Pasi ta kuptoni k\u00ebt\u00eb, \u00e7do gj\u00eb do t\u00eb jet\u00eb m\u00eb e leht\u00eb, m\u00eb e thjesht\u00eb, m\u00eb e bukur.<br \/>\nEdhe stin\u00ebt do t\u00eb jen\u00eb m\u00eb t\u00eb mira, ullishtat do t\u00eb japin m\u00eb shum\u00eb rendiment, do t\u00eb gjuhen m\u00eb shum\u00eb peshq, \u00e7do gj\u00eb do t\u00eb ket\u00eb m\u00eb shum\u00eb bereqet, begati dhe mir\u00ebqenie, qyteti do t\u00eb mbushet me energji pozitive. Ai edhe lindi si sht\u00ebpi e mrekullueshme: vend ku ruhen dhe zbulohen mund\u00ebsit\u00eb hyjnore. E bukura, diversiteti dhe ruajtja e natyr\u00ebs, jan\u00eb p\u00ebrgjigjet m\u00eb t\u00eb shpeshta t\u00eb turist\u00ebve kur n\u00eb anketa i p\u00ebrgjigjen pyetjes p\u00ebrse vin\u00eb n\u00eb qytetin ton\u00eb.<br \/>\nSepse, si\u00e7 pat filluar dhe si\u00e7 qe paralajm\u00ebruar, ky qytet duhej t\u00eb b\u00ebhej Dubai, Nica, Kana, Monako, Monte Karlo, pra, cilido por vet\u00ebm jo Ulqin. Portali britanik Izier shkroi para do kohe se Qeveria malazeze hapi &#8220;tenderin nd\u00ebrkomb\u00ebtar p\u00ebr ofert\u00ebn p\u00ebr zhvillimin e bashk\u00ebsis\u00eb s\u00eb q\u00ebndrueshme p\u00ebr m\u00eb shum\u00eb se 60 mij\u00eb banor\u00eb n\u00eb bregdetin e Ulqinit me gjat\u00ebsi prej 13 km&#8221;.<br \/>\nKjo \u00ebsht\u00eb tri her\u00eb m\u00eb shum\u00eb banor\u00eb se\u00e7 ka tani ky qytet!? Nga do t\u00eb vin\u00eb k\u00ebta njer\u00ebz, \u00e7far\u00eb do t\u00eb thot\u00eb kjo p\u00ebr k\u00ebt\u00eb qytet, ku do t\u00eb lahen turist\u00ebt q\u00eb banojn\u00eb n\u00eb k\u00ebt\u00eb qytet apo n\u00eb Shtoj, sa do t\u00eb vlej\u00eb at\u00ebher\u00eb sht\u00ebpia n\u00eb gjirin e Plazhit t\u00eb Madh, n\u00eb interes t\u00eb kujt \u00ebsht\u00eb e gjith\u00eb kjo, sikur askush t\u00eb mos e ket\u00eb menduar k\u00ebt\u00eb. Jan\u00eb t\u00eb r\u00ebnd\u00ebsishme vet\u00ebm miliardat e premtuara t\u00eb tajkun\u00ebve t\u00eb \u00e7far\u00ebdo lloji. Dhe kjo \u00ebsht\u00eb e logjikshme. K\u00ebtij vendi, sistemit i cili \u00ebsht\u00eb krijuar k\u00ebtu i duhen medoemos investime t\u00eb reja, kapital i madh, n\u00eb m\u00ebnyr\u00eb q\u00eb i t\u00ebr\u00eb ky sistem t\u00eb mos rr\u00ebnohej si kulla prej kartonit. S\u00eb k\u00ebndejmi, k\u00ebtyre investitor\u00ebve, t\u00eb cil\u00ebt kryesisht jan\u00eb firmat nd\u00ebrtimore, vite me radh\u00eb u vihen n\u00eb dispozicion gj\u00ebrat m\u00eb t\u00eb vlefshme q\u00eb i ka ky vend: hap\u00ebsir\u00ebn e mrekullueshme.<br \/>\nPor, kjo kriz\u00eb ekonomike n\u00eb Malin e Zi dhe kriza financiare globale tashm\u00eb kan\u00eb ndikuar n\u00eb ata q\u00eb paralajm\u00ebruan investime prej disa miliarda eurosh q\u00eb t\u00eb frenojn\u00eb paksa.<br \/>\nSido q\u00eb t\u00eb jet\u00eb, na u dha edhe nj\u00eb shans i pamerituar q\u00eb t\u00eb tentojm\u00eb q\u00eb n\u00eb interesin e banor\u00ebve t\u00eb k\u00ebtij qyteti t`i shfryt\u00ebzojm\u00eb bukurit\u00eb tona natyrore. Por, m\u00eb par\u00eb, n\u00eb parlamentin komunal dhe n\u00eb tubimet profesionale m\u00eb n\u00eb fund duhet t\u00eb hapet diskutim i gjer\u00eb lidhur me faktin se \u00e7far\u00eb zhvillimi na nevojitet, ndon\u00ebse gj\u00ebrat kan\u00eb ecur mjaft p\u00ebrpara kur \u00ebsht\u00eb fjala p\u00ebr Valdanosin dhe Plazhin e Madh.<br \/>\nDhe po e p\u00ebrs\u00ebris: askush k\u00ebtu nuk \u00ebsht\u00eb kund\u00ebr nd\u00ebrtimit dhe investimit, por na duhet nj\u00eb zhvillim i q\u00ebndruesh\u00ebm i cili do t\u00eb siguroj\u00eb prosperitet dhe vende pune krahas ruajtjes s\u00eb specifikave ekonomike, sociale, kulturore, ekologjike dhe demografike t\u00eb k\u00ebtij qyteti, p\u00ebr ne m\u00eb t\u00eb dashurin n\u00eb planetin Tok\u00eb! Ndoshta n\u00eb k\u00ebt\u00eb drejtim mund t\u00eb na ndihmoj\u00eb &#8220;Master-plani i inovuar i zhvillimit t\u00eb turizmit malazias&#8221;, n\u00eb t\u00eb cilin Komuna e Ulqinit z\u00eb vend qendror, t\u00eb cilin e hartuan ekspert\u00ebt gjerman\u00eb. Aq m\u00eb tep\u00ebr, n\u00ebse kjo kriz\u00eb shfryt\u00ebzohet p\u00ebr st\u00ebrvitjen m\u00eb se t\u00eb nevojshme t\u00eb kuadrove dhe p\u00ebr ngritjen e ofert\u00ebs s\u00eb gjith\u00ebmbarshme, n\u00eb rast t\u00eb till\u00eb kriza do t\u00eb ket\u00eb efekte pozitive p\u00ebr qytetin ton\u00eb!<br \/>\n<strong>Mustafa Canka<br \/>\nKoha Javore<\/strong><\/p>\n<!--YouTube Error: bad URL entered-->\n","protected":false},"excerpt":{"rendered":"<p>Mir\u00eb nuk do t\u00eb jet\u00eb, por\u2026 Funksionar\u00ebt e Qeveris\u00eb s\u00eb Malit t\u00eb Zi si duket kan\u00eb vendosur ta nxjerrin kok\u00ebn nga r\u00ebra dhe t\u00eb p\u00ebrballen me pasojat e kriz\u00ebs s\u00eb madhe ekonomike bot\u00ebrore. Natyrisht, turizmi \u00ebsht\u00eb sektori m\u00eb i ndjesh\u00ebm ndaj kriz\u00ebs, sidomos grupet me aft\u00ebsi t\u00eb kufizuar t\u00eb pages\u00ebs, t\u00eb cilat brenda 20 viteve [&hellip;]<\/p>\n","protected":false},"author":1,"featured_media":0,"comment_status":"open","ping_status":"closed","sticky":false,"template":"","format":"standard","meta":{"spay_email":"","jetpack_publicize_message":"","jetpack_is_tweetstorm":false,"jetpack_publicize_feature_enabled":true},"categories":[15],"tags":[5658,95,5657,200],"jetpack_publicize_connections":[],"yoast_head":"<!-- This site is optimized with the Yoast SEO plugin v19.1 - https:\/\/yoast.com\/wordpress\/plugins\/seo\/ -->\n<title>\u00c7far\u00eb mund t\u00eb pres\u00eb Ulqini nga stina e ardhshme turistike - Lajme nga Ulqini<\/title>\n<meta name=\"description\" content=\"Mir\u00eb nuk do t\u00eb jet\u00eb, por\u2026 Funksionar\u00ebt e Qeveris\u00eb s\u00eb Malit t\u00eb Zi si duket kan\u00eb vendosur ta nxjerrin kok\u00ebn nga r\u00ebra dhe t\u00eb p\u00ebrballen me pasojat e kriz\u00ebs s\u00eb\" \/>\n<meta name=\"robots\" content=\"index, follow, max-snippet:-1, max-image-preview:large, max-video-preview:-1\" \/>\n<link rel=\"canonical\" href=\"https:\/\/www.visit-ulcinj.com\/blog\/2009\/01\/10\/cfare-mund-te-prese-ulqini-nga-stina-e-ardhshme-turistike\/\" \/>\n<meta property=\"og:locale\" content=\"en_US\" \/>\n<meta property=\"og:type\" content=\"article\" \/>\n<meta property=\"og:title\" content=\"\u00c7far\u00eb mund t\u00eb pres\u00eb Ulqini nga stina e ardhshme turistike - Lajme nga Ulqini\" \/>\n<meta property=\"og:description\" content=\"Mir\u00eb nuk do t\u00eb jet\u00eb, por\u2026 Funksionar\u00ebt e Qeveris\u00eb s\u00eb Malit t\u00eb Zi si duket kan\u00eb vendosur ta nxjerrin kok\u00ebn nga r\u00ebra dhe t\u00eb p\u00ebrballen me pasojat e kriz\u00ebs s\u00eb\" \/>\n<meta property=\"og:url\" content=\"https:\/\/www.visit-ulcinj.com\/blog\/2009\/01\/10\/cfare-mund-te-prese-ulqini-nga-stina-e-ardhshme-turistike\/\" \/>\n<meta property=\"og:site_name\" content=\"Lajme nga Ulqini\" \/>\n<meta property=\"article:published_time\" content=\"2009-01-10T22:14:08+00:00\" \/>\n<meta property=\"article:modified_time\" content=\"2009-01-10T22:15:39+00:00\" \/>\n<meta property=\"og:image\" content=\"http:\/\/www.visit-ulcinj.com\/blog\/wp-content\/uploads\/2009\/01\/kopakabana_ulqin_ulqini.jpg\" \/>\n<meta name=\"twitter:label1\" content=\"Written by\" \/>\n\t<meta name=\"twitter:data1\" content=\"ulqini\" \/>\n\t<meta name=\"twitter:label2\" content=\"Est. reading time\" \/>\n\t<meta name=\"twitter:data2\" content=\"5 minutes\" \/>\n<script type=\"application\/ld+json\" class=\"yoast-schema-graph\">{\"@context\":\"https:\/\/schema.org\",\"@graph\":[{\"@type\":\"WebSite\",\"@id\":\"https:\/\/www.visit-ulcinj.com\/blog\/#website\",\"url\":\"https:\/\/www.visit-ulcinj.com\/blog\/\",\"name\":\"Lajme nga Ulqini\",\"description\":\"Lajme,Vijesti,Ulqini,Ulqin,Crna Gora,Mali i Zi\",\"potentialAction\":[{\"@type\":\"SearchAction\",\"target\":{\"@type\":\"EntryPoint\",\"urlTemplate\":\"https:\/\/www.visit-ulcinj.com\/blog\/?s={search_term_string}\"},\"query-input\":\"required name=search_term_string\"}],\"inLanguage\":\"en-US\"},{\"@type\":\"ImageObject\",\"inLanguage\":\"en-US\",\"@id\":\"https:\/\/www.visit-ulcinj.com\/blog\/2009\/01\/10\/cfare-mund-te-prese-ulqini-nga-stina-e-ardhshme-turistike\/#primaryimage\",\"url\":\"https:\/\/www.visit-ulcinj.com\/blog\/wp-content\/uploads\/2009\/01\/kopakabana_ulqin_ulqini.jpg\",\"contentUrl\":\"https:\/\/www.visit-ulcinj.com\/blog\/wp-content\/uploads\/2009\/01\/kopakabana_ulqin_ulqini.jpg\",\"width\":\"800\",\"height\":\"600\"},{\"@type\":\"WebPage\",\"@id\":\"https:\/\/www.visit-ulcinj.com\/blog\/2009\/01\/10\/cfare-mund-te-prese-ulqini-nga-stina-e-ardhshme-turistike\/#webpage\",\"url\":\"https:\/\/www.visit-ulcinj.com\/blog\/2009\/01\/10\/cfare-mund-te-prese-ulqini-nga-stina-e-ardhshme-turistike\/\",\"name\":\"\u00c7far\u00eb mund t\u00eb pres\u00eb Ulqini nga stina e ardhshme turistike - Lajme nga Ulqini\",\"isPartOf\":{\"@id\":\"https:\/\/www.visit-ulcinj.com\/blog\/#website\"},\"primaryImageOfPage\":{\"@id\":\"https:\/\/www.visit-ulcinj.com\/blog\/2009\/01\/10\/cfare-mund-te-prese-ulqini-nga-stina-e-ardhshme-turistike\/#primaryimage\"},\"datePublished\":\"2009-01-10T22:14:08+00:00\",\"dateModified\":\"2009-01-10T22:15:39+00:00\",\"author\":{\"@id\":\"https:\/\/www.visit-ulcinj.com\/blog\/#\/schema\/person\/dcab619c614d3038751c63bc2aadc06d\"},\"description\":\"Mir\u00eb nuk do t\u00eb jet\u00eb, por\u2026 Funksionar\u00ebt e Qeveris\u00eb s\u00eb Malit t\u00eb Zi si duket kan\u00eb vendosur ta nxjerrin kok\u00ebn nga r\u00ebra dhe t\u00eb p\u00ebrballen me pasojat e kriz\u00ebs s\u00eb\",\"breadcrumb\":{\"@id\":\"https:\/\/www.visit-ulcinj.com\/blog\/2009\/01\/10\/cfare-mund-te-prese-ulqini-nga-stina-e-ardhshme-turistike\/#breadcrumb\"},\"inLanguage\":\"en-US\",\"potentialAction\":[{\"@type\":\"ReadAction\",\"target\":[\"https:\/\/www.visit-ulcinj.com\/blog\/2009\/01\/10\/cfare-mund-te-prese-ulqini-nga-stina-e-ardhshme-turistike\/\"]}]},{\"@type\":\"BreadcrumbList\",\"@id\":\"https:\/\/www.visit-ulcinj.com\/blog\/2009\/01\/10\/cfare-mund-te-prese-ulqini-nga-stina-e-ardhshme-turistike\/#breadcrumb\",\"itemListElement\":[{\"@type\":\"ListItem\",\"position\":1,\"name\":\"\u00c7far\u00eb mund t\u00eb pres\u00eb Ulqini nga stina e ardhshme turistike\"}]},{\"@type\":\"Person\",\"@id\":\"https:\/\/www.visit-ulcinj.com\/blog\/#\/schema\/person\/dcab619c614d3038751c63bc2aadc06d\",\"name\":\"ulqini\",\"sameAs\":[\"http:\/\/www.visit-ulcinj.com\"],\"url\":\"https:\/\/www.visit-ulcinj.com\/blog\/author\/admin\/\"}]}<\/script>\n<!-- \/ Yoast SEO plugin. -->","yoast_head_json":{"title":"\u00c7far\u00eb mund t\u00eb pres\u00eb Ulqini nga stina e ardhshme turistike - Lajme nga Ulqini","description":"Mir\u00eb nuk do t\u00eb jet\u00eb, por\u2026 Funksionar\u00ebt e Qeveris\u00eb s\u00eb Malit t\u00eb Zi si duket kan\u00eb vendosur ta nxjerrin kok\u00ebn nga r\u00ebra dhe t\u00eb p\u00ebrballen me pasojat e kriz\u00ebs s\u00eb","robots":{"index":"index","follow":"follow","max-snippet":"max-snippet:-1","max-image-preview":"max-image-preview:large","max-video-preview":"max-video-preview:-1"},"canonical":"https:\/\/www.visit-ulcinj.com\/blog\/2009\/01\/10\/cfare-mund-te-prese-ulqini-nga-stina-e-ardhshme-turistike\/","og_locale":"en_US","og_type":"article","og_title":"\u00c7far\u00eb mund t\u00eb pres\u00eb Ulqini nga stina e ardhshme turistike - Lajme nga Ulqini","og_description":"Mir\u00eb nuk do t\u00eb jet\u00eb, por\u2026 Funksionar\u00ebt e Qeveris\u00eb s\u00eb Malit t\u00eb Zi si duket kan\u00eb vendosur ta nxjerrin kok\u00ebn nga r\u00ebra dhe t\u00eb p\u00ebrballen me pasojat e kriz\u00ebs s\u00eb","og_url":"https:\/\/www.visit-ulcinj.com\/blog\/2009\/01\/10\/cfare-mund-te-prese-ulqini-nga-stina-e-ardhshme-turistike\/","og_site_name":"Lajme nga Ulqini","article_published_time":"2009-01-10T22:14:08+00:00","article_modified_time":"2009-01-10T22:15:39+00:00","og_image":[{"url":"http:\/\/www.visit-ulcinj.com\/blog\/wp-content\/uploads\/2009\/01\/kopakabana_ulqin_ulqini.jpg"}],"twitter_misc":{"Written by":"ulqini","Est. reading time":"5 minutes"},"schema":{"@context":"https:\/\/schema.org","@graph":[{"@type":"WebSite","@id":"https:\/\/www.visit-ulcinj.com\/blog\/#website","url":"https:\/\/www.visit-ulcinj.com\/blog\/","name":"Lajme nga Ulqini","description":"Lajme,Vijesti,Ulqini,Ulqin,Crna Gora,Mali i Zi","potentialAction":[{"@type":"SearchAction","target":{"@type":"EntryPoint","urlTemplate":"https:\/\/www.visit-ulcinj.com\/blog\/?s={search_term_string}"},"query-input":"required name=search_term_string"}],"inLanguage":"en-US"},{"@type":"ImageObject","inLanguage":"en-US","@id":"https:\/\/www.visit-ulcinj.com\/blog\/2009\/01\/10\/cfare-mund-te-prese-ulqini-nga-stina-e-ardhshme-turistike\/#primaryimage","url":"https:\/\/www.visit-ulcinj.com\/blog\/wp-content\/uploads\/2009\/01\/kopakabana_ulqin_ulqini.jpg","contentUrl":"https:\/\/www.visit-ulcinj.com\/blog\/wp-content\/uploads\/2009\/01\/kopakabana_ulqin_ulqini.jpg","width":"800","height":"600"},{"@type":"WebPage","@id":"https:\/\/www.visit-ulcinj.com\/blog\/2009\/01\/10\/cfare-mund-te-prese-ulqini-nga-stina-e-ardhshme-turistike\/#webpage","url":"https:\/\/www.visit-ulcinj.com\/blog\/2009\/01\/10\/cfare-mund-te-prese-ulqini-nga-stina-e-ardhshme-turistike\/","name":"\u00c7far\u00eb mund t\u00eb pres\u00eb Ulqini nga stina e ardhshme turistike - Lajme nga Ulqini","isPartOf":{"@id":"https:\/\/www.visit-ulcinj.com\/blog\/#website"},"primaryImageOfPage":{"@id":"https:\/\/www.visit-ulcinj.com\/blog\/2009\/01\/10\/cfare-mund-te-prese-ulqini-nga-stina-e-ardhshme-turistike\/#primaryimage"},"datePublished":"2009-01-10T22:14:08+00:00","dateModified":"2009-01-10T22:15:39+00:00","author":{"@id":"https:\/\/www.visit-ulcinj.com\/blog\/#\/schema\/person\/dcab619c614d3038751c63bc2aadc06d"},"description":"Mir\u00eb nuk do t\u00eb jet\u00eb, por\u2026 Funksionar\u00ebt e Qeveris\u00eb s\u00eb Malit t\u00eb Zi si duket kan\u00eb vendosur ta nxjerrin kok\u00ebn nga r\u00ebra dhe t\u00eb p\u00ebrballen me pasojat e kriz\u00ebs s\u00eb","breadcrumb":{"@id":"https:\/\/www.visit-ulcinj.com\/blog\/2009\/01\/10\/cfare-mund-te-prese-ulqini-nga-stina-e-ardhshme-turistike\/#breadcrumb"},"inLanguage":"en-US","potentialAction":[{"@type":"ReadAction","target":["https:\/\/www.visit-ulcinj.com\/blog\/2009\/01\/10\/cfare-mund-te-prese-ulqini-nga-stina-e-ardhshme-turistike\/"]}]},{"@type":"BreadcrumbList","@id":"https:\/\/www.visit-ulcinj.com\/blog\/2009\/01\/10\/cfare-mund-te-prese-ulqini-nga-stina-e-ardhshme-turistike\/#breadcrumb","itemListElement":[{"@type":"ListItem","position":1,"name":"\u00c7far\u00eb mund t\u00eb pres\u00eb Ulqini nga stina e ardhshme turistike"}]},{"@type":"Person","@id":"https:\/\/www.visit-ulcinj.com\/blog\/#\/schema\/person\/dcab619c614d3038751c63bc2aadc06d","name":"ulqini","sameAs":["http:\/\/www.visit-ulcinj.com"],"url":"https:\/\/www.visit-ulcinj.com\/blog\/author\/admin\/"}]}},"jetpack_featured_media_url":"","jetpack_sharing_enabled":true,"jetpack_shortlink":"https:\/\/wp.me\/pe6lTn-2bi","_links":{"self":[{"href":"https:\/\/www.visit-ulcinj.com\/blog\/wp-json\/wp\/v2\/posts\/8388"}],"collection":[{"href":"https:\/\/www.visit-ulcinj.com\/blog\/wp-json\/wp\/v2\/posts"}],"about":[{"href":"https:\/\/www.visit-ulcinj.com\/blog\/wp-json\/wp\/v2\/types\/post"}],"author":[{"embeddable":true,"href":"https:\/\/www.visit-ulcinj.com\/blog\/wp-json\/wp\/v2\/users\/1"}],"replies":[{"embeddable":true,"href":"https:\/\/www.visit-ulcinj.com\/blog\/wp-json\/wp\/v2\/comments?post=8388"}],"version-history":[{"count":0,"href":"https:\/\/www.visit-ulcinj.com\/blog\/wp-json\/wp\/v2\/posts\/8388\/revisions"}],"wp:attachment":[{"href":"https:\/\/www.visit-ulcinj.com\/blog\/wp-json\/wp\/v2\/media?parent=8388"}],"wp:term":[{"taxonomy":"category","embeddable":true,"href":"https:\/\/www.visit-ulcinj.com\/blog\/wp-json\/wp\/v2\/categories?post=8388"},{"taxonomy":"post_tag","embeddable":true,"href":"https:\/\/www.visit-ulcinj.com\/blog\/wp-json\/wp\/v2\/tags?post=8388"}],"curies":[{"name":"wp","href":"https:\/\/api.w.org\/{rel}","templated":true}]}}