{"id":83880,"date":"2014-07-09T19:55:02","date_gmt":"2014-07-09T18:55:02","guid":{"rendered":"http:\/\/www.visit-ulcinj.com\/blog\/?p=83880"},"modified":"2014-07-09T19:56:08","modified_gmt":"2014-07-09T18:56:08","slug":"utopio-se-turista-iz-bih-na-kupalistu-coco-beach-ulcinj","status":"publish","type":"post","link":"https:\/\/www.visit-ulcinj.com\/blog\/2014\/07\/09\/utopio-se-turista-iz-bih-na-kupalistu-coco-beach-ulcinj\/","title":{"rendered":"Utopio se turista iz BiH na kupali\u0161tu &#8220;Coco Beach&#8221; Ulcinj"},"content":{"rendered":"<div id=\"article_text\">\n<p><a href=\"http:\/\/www.visit-ulcinj.com\/blog\/wp-content\/uploads\/2014\/07\/Coco-Beach-Ulcinj.jpg\"><img loading=\"lazy\" class=\"alignleft  wp-image-83881\" alt=\"Coco-Beach-Ulcinj\" src=\"http:\/\/www.visit-ulcinj.com\/blog\/wp-content\/uploads\/2014\/07\/Coco-Beach-Ulcinj.jpg\" width=\"508\" height=\"360\" \/><\/a>Dr\u017eavljanin BiH D.S (44) utopio se ju\u010de na kupali\u0161tu &#8220;Koko Bi\u010d\u201d na Velikoj pla\u017ei.<\/p>\n<p>Kako saznaje Dan, nesre\u0107a se dogodila ne\u0161to prije 20 \u010dasova, nakon \u0161to se \u010dovjek previ\u0161e udaljio od obale, na\u0161av\u0161i se u vrtlogu struja.<\/p>\n<p>Ekipa Hitne pomo\u0107i, koja je o nesre\u0107i obavje\u0161tena od strane policije, stigla je brzo po dojavi ali je mogla samo da konstatuje smrt.<\/p>\n<p><a href=\"http:\/\/www.visit-ulcinj.com\/blog\/wp-content\/uploads\/2014\/07\/Coco-Beach-Ulcinj-.jpg\"><img loading=\"lazy\" class=\"alignleft  wp-image-83882\" alt=\"Coco-Beach-Ulcinj-\" src=\"http:\/\/www.visit-ulcinj.com\/blog\/wp-content\/uploads\/2014\/07\/Coco-Beach-Ulcinj-.jpg\" width=\"508\" height=\"360\" \/><\/a><\/p>\n<p>Sumnja se da je do smrti do\u0161lo utapanjem, pa je nalo\u017eena obdukcija koja \u0107e pokazati da li je to uzrok smrti, saop\u0161teno je iz Hitne pomo\u0107i.<\/p>\n<p>Ovo je prvi takav slu\u010daj ovog ljeta. U posljednjih deset godina, jedino ljeto koje je pro\u0161lo bez utapanja je bilo 2010. godine, kada je tokom \u010ditave ljetnje sezone more bilo mirno i bez talasa.<\/p>\n<p>Prema kazivanju starijih Ulcinjana od svih pla\u017ea Velika pla\u017ea je najopasnija za kupa\u010de i to se na \u017ealost potvr\u0111uje svake godine.<\/p>\n<p><strong>Izvor: Vijesti Online<\/strong><\/p>\n<\/div>\n","protected":false},"excerpt":{"rendered":"<p>Dr\u017eavljanin BiH D.S (44) utopio se ju\u010de na kupali\u0161tu &#8220;Koko Bi\u010d\u201d na Velikoj pla\u017ei. Kako saznaje Dan, nesre\u0107a se dogodila ne\u0161to prije 20 \u010dasova, nakon \u0161to se \u010dovjek previ\u0161e udaljio od obale, na\u0161av\u0161i se u vrtlogu struja. Ekipa Hitne pomo\u0107i, koja je o nesre\u0107i obavje\u0161tena od strane policije, stigla je brzo po dojavi ali je [&hellip;]<\/p>\n","protected":false},"author":1,"featured_media":0,"comment_status":"closed","ping_status":"closed","sticky":false,"template":"","format":"standard","meta":{"spay_email":"","jetpack_publicize_message":"","jetpack_is_tweetstorm":false,"jetpack_publicize_feature_enabled":true},"categories":[6950],"tags":[],"jetpack_publicize_connections":[],"yoast_head":"<!-- This site is optimized with the Yoast SEO plugin v19.1 - https:\/\/yoast.com\/wordpress\/plugins\/seo\/ -->\n<title>Utopio se turista iz BiH na kupali\u0161tu &quot;Coco Beach&quot; Ulcinj - Lajme nga Ulqini<\/title>\n<meta name=\"description\" content=\"Dr\u017eavljanin BiH D.S (44) utopio se ju\u010de na kupali\u0161tu &quot;Koko Bi\u010d\u201d na Velikoj pla\u017ei. Kako saznaje Dan, nesre\u0107a se dogodila ne\u0161to prije 20 \u010dasova, nakon \u0161to\" \/>\n<meta name=\"robots\" content=\"index, follow, max-snippet:-1, max-image-preview:large, max-video-preview:-1\" \/>\n<link rel=\"canonical\" href=\"https:\/\/www.visit-ulcinj.com\/blog\/2014\/07\/09\/utopio-se-turista-iz-bih-na-kupalistu-coco-beach-ulcinj\/\" \/>\n<meta property=\"og:locale\" content=\"en_US\" \/>\n<meta property=\"og:type\" content=\"article\" \/>\n<meta property=\"og:title\" content=\"Utopio se turista iz BiH na kupali\u0161tu &quot;Coco Beach&quot; Ulcinj - Lajme nga Ulqini\" \/>\n<meta property=\"og:description\" content=\"Dr\u017eavljanin BiH D.S (44) utopio se ju\u010de na kupali\u0161tu &quot;Koko Bi\u010d\u201d na Velikoj pla\u017ei. Kako saznaje Dan, nesre\u0107a se dogodila ne\u0161to prije 20 \u010dasova, nakon \u0161to\" \/>\n<meta property=\"og:url\" content=\"https:\/\/www.visit-ulcinj.com\/blog\/2014\/07\/09\/utopio-se-turista-iz-bih-na-kupalistu-coco-beach-ulcinj\/\" \/>\n<meta property=\"og:site_name\" content=\"Lajme nga Ulqini\" \/>\n<meta property=\"article:published_time\" content=\"2014-07-09T18:55:02+00:00\" \/>\n<meta property=\"article:modified_time\" content=\"2014-07-09T18:56:08+00:00\" \/>\n<meta property=\"og:image\" content=\"http:\/\/www.visit-ulcinj.com\/blog\/wp-content\/uploads\/2014\/07\/Coco-Beach-Ulcinj.jpg\" \/>\n<meta name=\"twitter:label1\" content=\"Written by\" \/>\n\t<meta name=\"twitter:data1\" content=\"ulqini\" \/>\n\t<meta name=\"twitter:label2\" content=\"Est. reading time\" \/>\n\t<meta name=\"twitter:data2\" content=\"1 minute\" \/>\n<script type=\"application\/ld+json\" class=\"yoast-schema-graph\">{\"@context\":\"https:\/\/schema.org\",\"@graph\":[{\"@type\":\"WebSite\",\"@id\":\"https:\/\/www.visit-ulcinj.com\/blog\/#website\",\"url\":\"https:\/\/www.visit-ulcinj.com\/blog\/\",\"name\":\"Lajme nga Ulqini\",\"description\":\"Lajme,Vijesti,Ulqini,Ulqin,Crna Gora,Mali i Zi\",\"potentialAction\":[{\"@type\":\"SearchAction\",\"target\":{\"@type\":\"EntryPoint\",\"urlTemplate\":\"https:\/\/www.visit-ulcinj.com\/blog\/?s={search_term_string}\"},\"query-input\":\"required name=search_term_string\"}],\"inLanguage\":\"en-US\"},{\"@type\":\"ImageObject\",\"inLanguage\":\"en-US\",\"@id\":\"https:\/\/www.visit-ulcinj.com\/blog\/2014\/07\/09\/utopio-se-turista-iz-bih-na-kupalistu-coco-beach-ulcinj\/#primaryimage\",\"url\":\"https:\/\/www.visit-ulcinj.com\/blog\/wp-content\/uploads\/2014\/07\/Coco-Beach-Ulcinj.jpg\",\"contentUrl\":\"https:\/\/www.visit-ulcinj.com\/blog\/wp-content\/uploads\/2014\/07\/Coco-Beach-Ulcinj.jpg\",\"width\":960,\"height\":640},{\"@type\":\"WebPage\",\"@id\":\"https:\/\/www.visit-ulcinj.com\/blog\/2014\/07\/09\/utopio-se-turista-iz-bih-na-kupalistu-coco-beach-ulcinj\/#webpage\",\"url\":\"https:\/\/www.visit-ulcinj.com\/blog\/2014\/07\/09\/utopio-se-turista-iz-bih-na-kupalistu-coco-beach-ulcinj\/\",\"name\":\"Utopio se turista iz BiH na kupali\u0161tu \\\"Coco Beach\\\" Ulcinj - Lajme nga Ulqini\",\"isPartOf\":{\"@id\":\"https:\/\/www.visit-ulcinj.com\/blog\/#website\"},\"primaryImageOfPage\":{\"@id\":\"https:\/\/www.visit-ulcinj.com\/blog\/2014\/07\/09\/utopio-se-turista-iz-bih-na-kupalistu-coco-beach-ulcinj\/#primaryimage\"},\"datePublished\":\"2014-07-09T18:55:02+00:00\",\"dateModified\":\"2014-07-09T18:56:08+00:00\",\"author\":{\"@id\":\"https:\/\/www.visit-ulcinj.com\/blog\/#\/schema\/person\/dcab619c614d3038751c63bc2aadc06d\"},\"description\":\"Dr\u017eavljanin BiH D.S (44) utopio se ju\u010de na kupali\u0161tu \\\"Koko Bi\u010d\u201d na Velikoj pla\u017ei. Kako saznaje Dan, nesre\u0107a se dogodila ne\u0161to prije 20 \u010dasova, nakon \u0161to\",\"breadcrumb\":{\"@id\":\"https:\/\/www.visit-ulcinj.com\/blog\/2014\/07\/09\/utopio-se-turista-iz-bih-na-kupalistu-coco-beach-ulcinj\/#breadcrumb\"},\"inLanguage\":\"en-US\",\"potentialAction\":[{\"@type\":\"ReadAction\",\"target\":[\"https:\/\/www.visit-ulcinj.com\/blog\/2014\/07\/09\/utopio-se-turista-iz-bih-na-kupalistu-coco-beach-ulcinj\/\"]}]},{\"@type\":\"BreadcrumbList\",\"@id\":\"https:\/\/www.visit-ulcinj.com\/blog\/2014\/07\/09\/utopio-se-turista-iz-bih-na-kupalistu-coco-beach-ulcinj\/#breadcrumb\",\"itemListElement\":[{\"@type\":\"ListItem\",\"position\":1,\"name\":\"Utopio se turista iz BiH na kupali\u0161tu &#8220;Coco Beach&#8221; Ulcinj\"}]},{\"@type\":\"Person\",\"@id\":\"https:\/\/www.visit-ulcinj.com\/blog\/#\/schema\/person\/dcab619c614d3038751c63bc2aadc06d\",\"name\":\"ulqini\",\"sameAs\":[\"http:\/\/www.visit-ulcinj.com\"],\"url\":\"https:\/\/www.visit-ulcinj.com\/blog\/author\/admin\/\"}]}<\/script>\n<!-- \/ Yoast SEO plugin. -->","yoast_head_json":{"title":"Utopio se turista iz BiH na kupali\u0161tu \"Coco Beach\" Ulcinj - Lajme nga Ulqini","description":"Dr\u017eavljanin BiH D.S (44) utopio se ju\u010de na kupali\u0161tu \"Koko Bi\u010d\u201d na Velikoj pla\u017ei. Kako saznaje Dan, nesre\u0107a se dogodila ne\u0161to prije 20 \u010dasova, nakon \u0161to","robots":{"index":"index","follow":"follow","max-snippet":"max-snippet:-1","max-image-preview":"max-image-preview:large","max-video-preview":"max-video-preview:-1"},"canonical":"https:\/\/www.visit-ulcinj.com\/blog\/2014\/07\/09\/utopio-se-turista-iz-bih-na-kupalistu-coco-beach-ulcinj\/","og_locale":"en_US","og_type":"article","og_title":"Utopio se turista iz BiH na kupali\u0161tu \"Coco Beach\" Ulcinj - Lajme nga Ulqini","og_description":"Dr\u017eavljanin BiH D.S (44) utopio se ju\u010de na kupali\u0161tu \"Koko Bi\u010d\u201d na Velikoj pla\u017ei. Kako saznaje Dan, nesre\u0107a se dogodila ne\u0161to prije 20 \u010dasova, nakon \u0161to","og_url":"https:\/\/www.visit-ulcinj.com\/blog\/2014\/07\/09\/utopio-se-turista-iz-bih-na-kupalistu-coco-beach-ulcinj\/","og_site_name":"Lajme nga Ulqini","article_published_time":"2014-07-09T18:55:02+00:00","article_modified_time":"2014-07-09T18:56:08+00:00","og_image":[{"url":"http:\/\/www.visit-ulcinj.com\/blog\/wp-content\/uploads\/2014\/07\/Coco-Beach-Ulcinj.jpg"}],"twitter_misc":{"Written by":"ulqini","Est. reading time":"1 minute"},"schema":{"@context":"https:\/\/schema.org","@graph":[{"@type":"WebSite","@id":"https:\/\/www.visit-ulcinj.com\/blog\/#website","url":"https:\/\/www.visit-ulcinj.com\/blog\/","name":"Lajme nga Ulqini","description":"Lajme,Vijesti,Ulqini,Ulqin,Crna Gora,Mali i Zi","potentialAction":[{"@type":"SearchAction","target":{"@type":"EntryPoint","urlTemplate":"https:\/\/www.visit-ulcinj.com\/blog\/?s={search_term_string}"},"query-input":"required name=search_term_string"}],"inLanguage":"en-US"},{"@type":"ImageObject","inLanguage":"en-US","@id":"https:\/\/www.visit-ulcinj.com\/blog\/2014\/07\/09\/utopio-se-turista-iz-bih-na-kupalistu-coco-beach-ulcinj\/#primaryimage","url":"https:\/\/www.visit-ulcinj.com\/blog\/wp-content\/uploads\/2014\/07\/Coco-Beach-Ulcinj.jpg","contentUrl":"https:\/\/www.visit-ulcinj.com\/blog\/wp-content\/uploads\/2014\/07\/Coco-Beach-Ulcinj.jpg","width":960,"height":640},{"@type":"WebPage","@id":"https:\/\/www.visit-ulcinj.com\/blog\/2014\/07\/09\/utopio-se-turista-iz-bih-na-kupalistu-coco-beach-ulcinj\/#webpage","url":"https:\/\/www.visit-ulcinj.com\/blog\/2014\/07\/09\/utopio-se-turista-iz-bih-na-kupalistu-coco-beach-ulcinj\/","name":"Utopio se turista iz BiH na kupali\u0161tu \"Coco Beach\" Ulcinj - Lajme nga Ulqini","isPartOf":{"@id":"https:\/\/www.visit-ulcinj.com\/blog\/#website"},"primaryImageOfPage":{"@id":"https:\/\/www.visit-ulcinj.com\/blog\/2014\/07\/09\/utopio-se-turista-iz-bih-na-kupalistu-coco-beach-ulcinj\/#primaryimage"},"datePublished":"2014-07-09T18:55:02+00:00","dateModified":"2014-07-09T18:56:08+00:00","author":{"@id":"https:\/\/www.visit-ulcinj.com\/blog\/#\/schema\/person\/dcab619c614d3038751c63bc2aadc06d"},"description":"Dr\u017eavljanin BiH D.S (44) utopio se ju\u010de na kupali\u0161tu \"Koko Bi\u010d\u201d na Velikoj pla\u017ei. Kako saznaje Dan, nesre\u0107a se dogodila ne\u0161to prije 20 \u010dasova, nakon \u0161to","breadcrumb":{"@id":"https:\/\/www.visit-ulcinj.com\/blog\/2014\/07\/09\/utopio-se-turista-iz-bih-na-kupalistu-coco-beach-ulcinj\/#breadcrumb"},"inLanguage":"en-US","potentialAction":[{"@type":"ReadAction","target":["https:\/\/www.visit-ulcinj.com\/blog\/2014\/07\/09\/utopio-se-turista-iz-bih-na-kupalistu-coco-beach-ulcinj\/"]}]},{"@type":"BreadcrumbList","@id":"https:\/\/www.visit-ulcinj.com\/blog\/2014\/07\/09\/utopio-se-turista-iz-bih-na-kupalistu-coco-beach-ulcinj\/#breadcrumb","itemListElement":[{"@type":"ListItem","position":1,"name":"Utopio se turista iz BiH na kupali\u0161tu &#8220;Coco Beach&#8221; Ulcinj"}]},{"@type":"Person","@id":"https:\/\/www.visit-ulcinj.com\/blog\/#\/schema\/person\/dcab619c614d3038751c63bc2aadc06d","name":"ulqini","sameAs":["http:\/\/www.visit-ulcinj.com"],"url":"https:\/\/www.visit-ulcinj.com\/blog\/author\/admin\/"}]}},"jetpack_featured_media_url":"","jetpack_sharing_enabled":true,"jetpack_shortlink":"https:\/\/wp.me\/pe6lTn-lOU","_links":{"self":[{"href":"https:\/\/www.visit-ulcinj.com\/blog\/wp-json\/wp\/v2\/posts\/83880"}],"collection":[{"href":"https:\/\/www.visit-ulcinj.com\/blog\/wp-json\/wp\/v2\/posts"}],"about":[{"href":"https:\/\/www.visit-ulcinj.com\/blog\/wp-json\/wp\/v2\/types\/post"}],"author":[{"embeddable":true,"href":"https:\/\/www.visit-ulcinj.com\/blog\/wp-json\/wp\/v2\/users\/1"}],"replies":[{"embeddable":true,"href":"https:\/\/www.visit-ulcinj.com\/blog\/wp-json\/wp\/v2\/comments?post=83880"}],"version-history":[{"count":2,"href":"https:\/\/www.visit-ulcinj.com\/blog\/wp-json\/wp\/v2\/posts\/83880\/revisions"}],"predecessor-version":[{"id":83884,"href":"https:\/\/www.visit-ulcinj.com\/blog\/wp-json\/wp\/v2\/posts\/83880\/revisions\/83884"}],"wp:attachment":[{"href":"https:\/\/www.visit-ulcinj.com\/blog\/wp-json\/wp\/v2\/media?parent=83880"}],"wp:term":[{"taxonomy":"category","embeddable":true,"href":"https:\/\/www.visit-ulcinj.com\/blog\/wp-json\/wp\/v2\/categories?post=83880"},{"taxonomy":"post_tag","embeddable":true,"href":"https:\/\/www.visit-ulcinj.com\/blog\/wp-json\/wp\/v2\/tags?post=83880"}],"curies":[{"name":"wp","href":"https:\/\/api.w.org\/{rel}","templated":true}]}}