{"id":83885,"date":"2014-07-10T08:22:44","date_gmt":"2014-07-10T07:22:44","guid":{"rendered":"http:\/\/www.visit-ulcinj.com\/blog\/?p=83885"},"modified":"2014-07-10T08:23:33","modified_gmt":"2014-07-10T07:23:33","slug":"dritan-abazovic-solana-je-klasican-dokaz-neuspjele-tranzicije","status":"publish","type":"post","link":"https:\/\/www.visit-ulcinj.com\/blog\/2014\/07\/10\/dritan-abazovic-solana-je-klasican-dokaz-neuspjele-tranzicije\/","title":{"rendered":"Dritan Abazovic: Solana je klasi\u010dan dokaz neuspjele tranzicije"},"content":{"rendered":"<p><strong><a href=\"http:\/\/www.visit-ulcinj.com\/blog\/wp-content\/uploads\/2014\/01\/dritan-abazovic-ulqin-ulcinj.jpg\"><img loading=\"lazy\" class=\"alignleft  wp-image-79055\" alt=\"dritan-abazovic-ulqin-ulcinj\" src=\"http:\/\/www.visit-ulcinj.com\/blog\/wp-content\/uploads\/2014\/01\/dritan-abazovic-ulqin-ulcinj.jpg\" width=\"508\" height=\"360\" \/><\/a>Izlaganje poslanika Dritana Abazovi\u0107a povodom Zaklju\u010daka o Solani u Ulcinju, Skup\u0161tina Crne Gore \u2013 09.07.2014.<\/strong><\/p>\n<p>Solana je klasi\u010dan dokaz neuspjele tranzicije, crtanja poslova za svoje kumove i organizovana plja\u010dka stolje\u0107a kroz brojne institucije sistema. \u00a0Mi smo definitivno zemlja koja ima \u0161ampionsku vlast u vrlo negativnom smislu. Toliki resursi morske vode i sunca ne mogu da se iskoriste da bi 50 radnika primilo platu.<\/p>\n<p>Solana u Se\u010dovlju, u Sloveniji proizvodi 5 hiljada tona godi\u0161nje i 50 hiljada posjetilaca , a \u00a0mi prirodni rezervat \u00a0ne znamo da valorizujemo. Ucijenjeni smo od strane vrha vlasti. \u00a0Kontrolni paket akcija Solana je prodata \u00a0preko berze \u00a0za 800 hiljada eura, a sada kupac akcija \u00a0na tenderu prodaje \u00a0zemlji\u0161te koje je i dalje u dr\u017eavnom vlasni\u0161tvu \u00a0za vi\u0161e od 200 miliona.<\/p>\n<p>Odgovorni ste , a \u00a0mi \u0161to vas fizi\u010dki nismo sprije\u010dili da to radite. Solana mo\u017ee da zapo\u0161ljava 500 radnika . A vi ste za \u00a014 hiljada \u00a0uveli ste\u010daj u preduze\u0107e da biste svoje kumove zadovoljavali. Do\u0107i \u0107e vrijeme kad \u0107ete se stidjeti svojih postupaka i odgovara\u0107ete za njih.<\/p>\n<p>Tolike godine nemamo berbu solu u Ulcinju. Pustimo makar elektri\u010dnu energiju kako bi krenulo ispumpavanje vode. Dr\u017eava treba da preuzme Solanu, jer sada preko tendera prodaju maglu. To nije zemlji\u0161te Solane, to je zemlji\u0161te dr\u017eave.<\/p>\n<p>&nbsp;<\/p>\n<p><strong>Obra\u0107anje poslanika Dritana Abazovi\u0107a povodom Predloga zakona o dopuni Zakona o obligacionim odnosima, Skup\u0161tina Crne Gore \u2013 08.07.2014.<\/strong><\/p>\n<p>Ovaj Predlog zakona, ne mo\u017ee da rije\u0161i pitanje zelena\u0161enja, jer je zelena\u0161enje ruka ruci i takve osobe ne idu kroz pravni sistem, a ja \u0107u ovaj zakon podr\u017eati.<\/p>\n<p>Karl Jaspers je definisao 4 vrste odgovornosti : moralnu, politi\u010dku, krivi\u010dnu i metafizi\u010dku. Vi mo\u017eda krivi\u010dnu zaista nemate, ali politi\u010dku ne mo\u017eete da izbjegnete, a moralnu mora da trpi svaki gra\u0111anin pa i onaj koji nije glasao vlast.<\/p>\n<p>Afera snimak je dokaz piramidalnog organizovanog kriminala, gdje od vrha ka dnu idu naredbe kako da se vr\u0161i kriminal.<\/p>\n<p>Me\u0111utim, lopta je okrugla, vi danas jeste u ve\u0107ini,\u00a0ali sjutra mo\u017eda ne\u0107ete biti. I nije bitno ko \u0107e do\u0107i na vlast poslije vas, va\u017eno je da \u0107e sve stvari iza\u0107i na vidjelo.<\/p>\n<p><strong>Izvor: Pozitivnacrnagora<\/strong><\/p>\n","protected":false},"excerpt":{"rendered":"<p>Izlaganje poslanika Dritana Abazovi\u0107a povodom Zaklju\u010daka o Solani u Ulcinju, Skup\u0161tina Crne Gore \u2013 09.07.2014. Solana je klasi\u010dan dokaz neuspjele tranzicije, crtanja poslova za svoje kumove i organizovana plja\u010dka stolje\u0107a kroz brojne institucije sistema. \u00a0Mi smo definitivno zemlja koja ima \u0161ampionsku vlast u vrlo negativnom smislu. Toliki resursi morske vode i sunca ne mogu da [&hellip;]<\/p>\n","protected":false},"author":1,"featured_media":0,"comment_status":"closed","ping_status":"closed","sticky":false,"template":"","format":"standard","meta":{"spay_email":"","jetpack_publicize_message":"","jetpack_is_tweetstorm":false,"jetpack_publicize_feature_enabled":true},"categories":[6950],"tags":[],"jetpack_publicize_connections":[],"yoast_head":"<!-- This site is optimized with the Yoast SEO plugin v19.1 - https:\/\/yoast.com\/wordpress\/plugins\/seo\/ -->\n<title>Dritan Abazovic: Solana je klasi\u010dan dokaz neuspjele tranzicije - Lajme nga Ulqini<\/title>\n<meta name=\"description\" content=\"Izlaganje poslanika Dritana Abazovi\u0107a povodom Zaklju\u010daka o Solani u Ulcinju, Skup\u0161tina Crne Gore \u2013 09.07.2014. Solana je klasi\u010dan dokaz neuspjele\" \/>\n<meta name=\"robots\" content=\"index, follow, max-snippet:-1, max-image-preview:large, max-video-preview:-1\" \/>\n<link rel=\"canonical\" href=\"https:\/\/www.visit-ulcinj.com\/blog\/2014\/07\/10\/dritan-abazovic-solana-je-klasican-dokaz-neuspjele-tranzicije\/\" \/>\n<meta property=\"og:locale\" content=\"en_US\" \/>\n<meta property=\"og:type\" content=\"article\" \/>\n<meta property=\"og:title\" content=\"Dritan Abazovic: Solana je klasi\u010dan dokaz neuspjele tranzicije - Lajme nga Ulqini\" \/>\n<meta property=\"og:description\" content=\"Izlaganje poslanika Dritana Abazovi\u0107a povodom Zaklju\u010daka o Solani u Ulcinju, Skup\u0161tina Crne Gore \u2013 09.07.2014. Solana je klasi\u010dan dokaz neuspjele\" \/>\n<meta property=\"og:url\" content=\"https:\/\/www.visit-ulcinj.com\/blog\/2014\/07\/10\/dritan-abazovic-solana-je-klasican-dokaz-neuspjele-tranzicije\/\" \/>\n<meta property=\"og:site_name\" content=\"Lajme nga Ulqini\" \/>\n<meta property=\"article:published_time\" content=\"2014-07-10T07:22:44+00:00\" \/>\n<meta property=\"article:modified_time\" content=\"2014-07-10T07:23:33+00:00\" \/>\n<meta property=\"og:image\" content=\"http:\/\/www.visit-ulcinj.com\/blog\/wp-content\/uploads\/2014\/01\/dritan-abazovic-ulqin-ulcinj.jpg\" \/>\n<meta name=\"twitter:label1\" content=\"Written by\" \/>\n\t<meta name=\"twitter:data1\" content=\"ulqini\" \/>\n\t<meta name=\"twitter:label2\" content=\"Est. reading time\" \/>\n\t<meta name=\"twitter:data2\" content=\"2 minutes\" \/>\n<script type=\"application\/ld+json\" class=\"yoast-schema-graph\">{\"@context\":\"https:\/\/schema.org\",\"@graph\":[{\"@type\":\"WebSite\",\"@id\":\"https:\/\/www.visit-ulcinj.com\/blog\/#website\",\"url\":\"https:\/\/www.visit-ulcinj.com\/blog\/\",\"name\":\"Lajme nga Ulqini\",\"description\":\"Lajme,Vijesti,Ulqini,Ulqin,Crna Gora,Mali i Zi\",\"potentialAction\":[{\"@type\":\"SearchAction\",\"target\":{\"@type\":\"EntryPoint\",\"urlTemplate\":\"https:\/\/www.visit-ulcinj.com\/blog\/?s={search_term_string}\"},\"query-input\":\"required name=search_term_string\"}],\"inLanguage\":\"en-US\"},{\"@type\":\"ImageObject\",\"inLanguage\":\"en-US\",\"@id\":\"https:\/\/www.visit-ulcinj.com\/blog\/2014\/07\/10\/dritan-abazovic-solana-je-klasican-dokaz-neuspjele-tranzicije\/#primaryimage\",\"url\":\"https:\/\/www.visit-ulcinj.com\/blog\/wp-content\/uploads\/2014\/01\/dritan-abazovic-ulqin-ulcinj.jpg\",\"contentUrl\":\"https:\/\/www.visit-ulcinj.com\/blog\/wp-content\/uploads\/2014\/01\/dritan-abazovic-ulqin-ulcinj.jpg\",\"width\":1024,\"height\":749},{\"@type\":\"WebPage\",\"@id\":\"https:\/\/www.visit-ulcinj.com\/blog\/2014\/07\/10\/dritan-abazovic-solana-je-klasican-dokaz-neuspjele-tranzicije\/#webpage\",\"url\":\"https:\/\/www.visit-ulcinj.com\/blog\/2014\/07\/10\/dritan-abazovic-solana-je-klasican-dokaz-neuspjele-tranzicije\/\",\"name\":\"Dritan Abazovic: Solana je klasi\u010dan dokaz neuspjele tranzicije - Lajme nga Ulqini\",\"isPartOf\":{\"@id\":\"https:\/\/www.visit-ulcinj.com\/blog\/#website\"},\"primaryImageOfPage\":{\"@id\":\"https:\/\/www.visit-ulcinj.com\/blog\/2014\/07\/10\/dritan-abazovic-solana-je-klasican-dokaz-neuspjele-tranzicije\/#primaryimage\"},\"datePublished\":\"2014-07-10T07:22:44+00:00\",\"dateModified\":\"2014-07-10T07:23:33+00:00\",\"author\":{\"@id\":\"https:\/\/www.visit-ulcinj.com\/blog\/#\/schema\/person\/dcab619c614d3038751c63bc2aadc06d\"},\"description\":\"Izlaganje poslanika Dritana Abazovi\u0107a povodom Zaklju\u010daka o Solani u Ulcinju, Skup\u0161tina Crne Gore \u2013 09.07.2014. Solana je klasi\u010dan dokaz neuspjele\",\"breadcrumb\":{\"@id\":\"https:\/\/www.visit-ulcinj.com\/blog\/2014\/07\/10\/dritan-abazovic-solana-je-klasican-dokaz-neuspjele-tranzicije\/#breadcrumb\"},\"inLanguage\":\"en-US\",\"potentialAction\":[{\"@type\":\"ReadAction\",\"target\":[\"https:\/\/www.visit-ulcinj.com\/blog\/2014\/07\/10\/dritan-abazovic-solana-je-klasican-dokaz-neuspjele-tranzicije\/\"]}]},{\"@type\":\"BreadcrumbList\",\"@id\":\"https:\/\/www.visit-ulcinj.com\/blog\/2014\/07\/10\/dritan-abazovic-solana-je-klasican-dokaz-neuspjele-tranzicije\/#breadcrumb\",\"itemListElement\":[{\"@type\":\"ListItem\",\"position\":1,\"name\":\"Dritan Abazovic: Solana je klasi\u010dan dokaz neuspjele tranzicije\"}]},{\"@type\":\"Person\",\"@id\":\"https:\/\/www.visit-ulcinj.com\/blog\/#\/schema\/person\/dcab619c614d3038751c63bc2aadc06d\",\"name\":\"ulqini\",\"sameAs\":[\"http:\/\/www.visit-ulcinj.com\"],\"url\":\"https:\/\/www.visit-ulcinj.com\/blog\/author\/admin\/\"}]}<\/script>\n<!-- \/ Yoast SEO plugin. -->","yoast_head_json":{"title":"Dritan Abazovic: Solana je klasi\u010dan dokaz neuspjele tranzicije - Lajme nga Ulqini","description":"Izlaganje poslanika Dritana Abazovi\u0107a povodom Zaklju\u010daka o Solani u Ulcinju, Skup\u0161tina Crne Gore \u2013 09.07.2014. Solana je klasi\u010dan dokaz neuspjele","robots":{"index":"index","follow":"follow","max-snippet":"max-snippet:-1","max-image-preview":"max-image-preview:large","max-video-preview":"max-video-preview:-1"},"canonical":"https:\/\/www.visit-ulcinj.com\/blog\/2014\/07\/10\/dritan-abazovic-solana-je-klasican-dokaz-neuspjele-tranzicije\/","og_locale":"en_US","og_type":"article","og_title":"Dritan Abazovic: Solana je klasi\u010dan dokaz neuspjele tranzicije - Lajme nga Ulqini","og_description":"Izlaganje poslanika Dritana Abazovi\u0107a povodom Zaklju\u010daka o Solani u Ulcinju, Skup\u0161tina Crne Gore \u2013 09.07.2014. Solana je klasi\u010dan dokaz neuspjele","og_url":"https:\/\/www.visit-ulcinj.com\/blog\/2014\/07\/10\/dritan-abazovic-solana-je-klasican-dokaz-neuspjele-tranzicije\/","og_site_name":"Lajme nga Ulqini","article_published_time":"2014-07-10T07:22:44+00:00","article_modified_time":"2014-07-10T07:23:33+00:00","og_image":[{"url":"http:\/\/www.visit-ulcinj.com\/blog\/wp-content\/uploads\/2014\/01\/dritan-abazovic-ulqin-ulcinj.jpg"}],"twitter_misc":{"Written by":"ulqini","Est. reading time":"2 minutes"},"schema":{"@context":"https:\/\/schema.org","@graph":[{"@type":"WebSite","@id":"https:\/\/www.visit-ulcinj.com\/blog\/#website","url":"https:\/\/www.visit-ulcinj.com\/blog\/","name":"Lajme nga Ulqini","description":"Lajme,Vijesti,Ulqini,Ulqin,Crna Gora,Mali i Zi","potentialAction":[{"@type":"SearchAction","target":{"@type":"EntryPoint","urlTemplate":"https:\/\/www.visit-ulcinj.com\/blog\/?s={search_term_string}"},"query-input":"required name=search_term_string"}],"inLanguage":"en-US"},{"@type":"ImageObject","inLanguage":"en-US","@id":"https:\/\/www.visit-ulcinj.com\/blog\/2014\/07\/10\/dritan-abazovic-solana-je-klasican-dokaz-neuspjele-tranzicije\/#primaryimage","url":"https:\/\/www.visit-ulcinj.com\/blog\/wp-content\/uploads\/2014\/01\/dritan-abazovic-ulqin-ulcinj.jpg","contentUrl":"https:\/\/www.visit-ulcinj.com\/blog\/wp-content\/uploads\/2014\/01\/dritan-abazovic-ulqin-ulcinj.jpg","width":1024,"height":749},{"@type":"WebPage","@id":"https:\/\/www.visit-ulcinj.com\/blog\/2014\/07\/10\/dritan-abazovic-solana-je-klasican-dokaz-neuspjele-tranzicije\/#webpage","url":"https:\/\/www.visit-ulcinj.com\/blog\/2014\/07\/10\/dritan-abazovic-solana-je-klasican-dokaz-neuspjele-tranzicije\/","name":"Dritan Abazovic: Solana je klasi\u010dan dokaz neuspjele tranzicije - Lajme nga Ulqini","isPartOf":{"@id":"https:\/\/www.visit-ulcinj.com\/blog\/#website"},"primaryImageOfPage":{"@id":"https:\/\/www.visit-ulcinj.com\/blog\/2014\/07\/10\/dritan-abazovic-solana-je-klasican-dokaz-neuspjele-tranzicije\/#primaryimage"},"datePublished":"2014-07-10T07:22:44+00:00","dateModified":"2014-07-10T07:23:33+00:00","author":{"@id":"https:\/\/www.visit-ulcinj.com\/blog\/#\/schema\/person\/dcab619c614d3038751c63bc2aadc06d"},"description":"Izlaganje poslanika Dritana Abazovi\u0107a povodom Zaklju\u010daka o Solani u Ulcinju, Skup\u0161tina Crne Gore \u2013 09.07.2014. Solana je klasi\u010dan dokaz neuspjele","breadcrumb":{"@id":"https:\/\/www.visit-ulcinj.com\/blog\/2014\/07\/10\/dritan-abazovic-solana-je-klasican-dokaz-neuspjele-tranzicije\/#breadcrumb"},"inLanguage":"en-US","potentialAction":[{"@type":"ReadAction","target":["https:\/\/www.visit-ulcinj.com\/blog\/2014\/07\/10\/dritan-abazovic-solana-je-klasican-dokaz-neuspjele-tranzicije\/"]}]},{"@type":"BreadcrumbList","@id":"https:\/\/www.visit-ulcinj.com\/blog\/2014\/07\/10\/dritan-abazovic-solana-je-klasican-dokaz-neuspjele-tranzicije\/#breadcrumb","itemListElement":[{"@type":"ListItem","position":1,"name":"Dritan Abazovic: Solana je klasi\u010dan dokaz neuspjele tranzicije"}]},{"@type":"Person","@id":"https:\/\/www.visit-ulcinj.com\/blog\/#\/schema\/person\/dcab619c614d3038751c63bc2aadc06d","name":"ulqini","sameAs":["http:\/\/www.visit-ulcinj.com"],"url":"https:\/\/www.visit-ulcinj.com\/blog\/author\/admin\/"}]}},"jetpack_featured_media_url":"","jetpack_sharing_enabled":true,"jetpack_shortlink":"https:\/\/wp.me\/pe6lTn-lOZ","_links":{"self":[{"href":"https:\/\/www.visit-ulcinj.com\/blog\/wp-json\/wp\/v2\/posts\/83885"}],"collection":[{"href":"https:\/\/www.visit-ulcinj.com\/blog\/wp-json\/wp\/v2\/posts"}],"about":[{"href":"https:\/\/www.visit-ulcinj.com\/blog\/wp-json\/wp\/v2\/types\/post"}],"author":[{"embeddable":true,"href":"https:\/\/www.visit-ulcinj.com\/blog\/wp-json\/wp\/v2\/users\/1"}],"replies":[{"embeddable":true,"href":"https:\/\/www.visit-ulcinj.com\/blog\/wp-json\/wp\/v2\/comments?post=83885"}],"version-history":[{"count":2,"href":"https:\/\/www.visit-ulcinj.com\/blog\/wp-json\/wp\/v2\/posts\/83885\/revisions"}],"predecessor-version":[{"id":83887,"href":"https:\/\/www.visit-ulcinj.com\/blog\/wp-json\/wp\/v2\/posts\/83885\/revisions\/83887"}],"wp:attachment":[{"href":"https:\/\/www.visit-ulcinj.com\/blog\/wp-json\/wp\/v2\/media?parent=83885"}],"wp:term":[{"taxonomy":"category","embeddable":true,"href":"https:\/\/www.visit-ulcinj.com\/blog\/wp-json\/wp\/v2\/categories?post=83885"},{"taxonomy":"post_tag","embeddable":true,"href":"https:\/\/www.visit-ulcinj.com\/blog\/wp-json\/wp\/v2\/tags?post=83885"}],"curies":[{"name":"wp","href":"https:\/\/api.w.org\/{rel}","templated":true}]}}