{"id":83898,"date":"2014-07-10T16:27:08","date_gmt":"2014-07-10T15:27:08","guid":{"rendered":"http:\/\/www.visit-ulcinj.com\/blog\/?p=83898"},"modified":"2014-07-10T16:27:08","modified_gmt":"2014-07-10T15:27:08","slug":"zoran-jelic-obezbijediti-uslove-za-proizvodnju-u-solani","status":"publish","type":"post","link":"https:\/\/www.visit-ulcinj.com\/blog\/2014\/07\/10\/zoran-jelic-obezbijediti-uslove-za-proizvodnju-u-solani\/","title":{"rendered":"Zoran Jeli\u0107: Obezbijediti uslove za proizvodnju u Solani"},"content":{"rendered":"<p><b>PODGORICA \u2013 Skup\u0161tina je u srijedu zavr\u0161ila raspravu o Predlogu zaklju\u010daka za rje\u0161avanje problema u ulcinjskoj Solani \u201eBajo Sekuli\u0107\u201c, koji bi trebalo da omogu\u0107e opstanak tog preduze\u0107a.<\/b><\/p>\n<p><strong><a href=\"http:\/\/www.visit-ulcinj.com\/blog\/wp-content\/uploads\/2014\/07\/Zoran-Jelic.jpg\"><img loading=\"lazy\" class=\"alignleft  wp-image-83899\" alt=\"Zoran Jelic\" src=\"http:\/\/www.visit-ulcinj.com\/blog\/wp-content\/uploads\/2014\/07\/Zoran-Jelic.jpg\" width=\"508\" height=\"296\" \/><\/a><\/strong><\/p>\n<p>Poslanik Demokratske partije socijalista Zoran Jeli\u0107 smatra da je neophodno ulo\u017eiti napor kako bi se Solana \u0161to prije stavila u funkciju i obezbijedila proizvodnja koja je veoma va\u017ena za Ulcinj.<\/p>\n<p><strong>Koncesije<\/strong><\/p>\n<p>&#8211; Zbog toga treba podr\u017eati predlo\u017eene zaklju\u010dke. Smatram da bi Solani trebalo omogu\u0107iti pravo na koncesije za proizvodnju soli, koje joj je uvo\u0111enjem ste\u010daja automatski ukinuto \u2013 naveo je Jeli\u0107, prenosi Mina biznis.<br \/>\nOn je podsjetio da je na kontrolnom saslu\u0161anju predstavnika Vlade i ste\u010dajne uprave Solane predlagano da se dio imovine segmentira, kako bi se njenom prodajom obezbijedila sredstva za izmirenje potra\u017eivanja prema radnicima, \u0161to oni nijesu prihvatili.<\/p>\n<p>I poslanik Socijalisti\u010dke narodne partije Aleksandar Damjanovi\u0107 pozvao je poslanike da usvoje predlo\u017eene zaklju\u010dke kako bi se omogu\u0107io opstanak Solane.<\/p>\n<p>&#8211; Ovo je poku\u0161aj da se natjera Vlada da, kao ve\u0107inski vlasnik EPCG, omogu\u0107i isporuku struje Solani, da se sa\u010duva imovina preduze\u0107a i obezbijedi nastavak proizvodnje. Ovdje se radi o 49 radnika \u2013 upozorio je Damjanovi\u0107.<\/p>\n<p>Poslanik Pozitivne Crne Gore Dritan Abazovi\u0107 ocijenio je da je Solana klasi\u010dan primjer neuspjele tranzicije.<br \/>\n&#8211; Ovogodi\u0161nja berba soli je propala, ali se nadamo da \u0107e struja Solani biti uklju\u010dena i da \u0107e se na taj na\u010din izbje\u0107i ekolo\u0161ka katastrofa koja prijeti tom podru\u010dju. Nakon toga bi dr\u017eava trebalo da preuzme preduze\u0107e \u2013 rekao je Abazovi\u0107.<\/p>\n<p><strong>Zemlji\u0161te<\/strong><\/p>\n<p>On je naveo i da je zemlji\u0161te na kojem se nalazi Solana dr\u017eavno, odnosno da ga preduze\u0107e samo koristi, zbog \u010dega njegova prodaja nije mogu\u0107a.<\/p>\n<p>Skup\u0161tinski odbor je sredinom aprila jednoglasno predlo\u017eio parlamentu da prihvati zaklju\u010dke o kontrolnom saslu\u0161anju predstavnika Vlade i ste\u010dajne uprave ulcinjskog preduze\u0107a, kojim se predvi\u0111a da Elektroprivreda \u0161to prije uklju\u010di struju Solani, kako bi se za\u0161titila proizvodnja i dr\u017eavna imovina.<\/p>\n<p>Isporuka struje Solani bi, kako je obja\u0161njeno, predvi\u0111ala obavezu ulcinjskog preduze\u0107a da dug prema elektroenergetskoj kompaniji isplati nakon pokretanja proizvodnog procesa. Prelo\u017eeno je i da nadle\u017eni preduzmu sve neophodno kako bi radnicima Solane bile ispla\u0107ene zaostale zarade i povezan radi sta\u017e.<\/p>\n<p>Odbor je predlo\u017eio i da Vlada i op\u0161tina Ulcinj, uz podr\u0161ku Investiciono-razvojnog fonda (IRF), sagledaju mogu\u0107nosti da se u Solani kroz poslovno-tehni\u010dku saradnju obezbijede uslovi za nastavak proizvodnje. Predlo\u017eeno je i da Vlada i op\u0161tina sagledaju mogu\u0107nost prodaje adekvatne dr\u017eavne ili op\u0161tinske imovine, kako bi se obezbijedila neophodna sredstva za nastavak primarne djelatnosti, odnosno proizvodnja soli, \u0161to ne bi podrazumijevalo prodaju imovine Solane.<\/p>\n<h4>Vu\u010dini\u0107: Dobro smo radili i pomogli mnogim radnicima<\/h4>\n<p>Skup\u0161tina je u srijedu zavr\u0161ila raspravu o izvje\u0161taju o radu skup\u0161tinske Komisije za pra\u0107enje i kontrolu postupka privatizacije u pro\u0161loj godini.<\/p>\n<p>Predsjednik Komisije Janko Vu\u010dini\u0107 naveo je da se to skup\u0161tinsko tijelo trudilo da pomogne radnicima privatizovanih preduze\u0107a, koji su to ocijenili pozitivno.<\/p>\n<p>&#8211; Pozitivna ocjena radnika u slu\u010dajevima privatizacija koje smo razmatrali potvr\u0111uje da smo dobro radili i da smo im pomogli \u2013 kazao je Vu\u010dini\u0107.<\/p>\n<p>Poslanik DPS-a Zoran Jeli\u0107 saop\u0161tio je da \u010dlanovi Komisije nijesu sudije, ni policajci, ve\u0107 poslanici koji su utvr\u0111ivali da li je neki privatizacioni postupak ura\u0111en po zakonima, odnosno da li je privatizacija bila uspje\u0161na.<\/p>\n<p>&#8211; Komisija je radila dobro i kvalitetno, ali zbog aktuelnih okolnosti nije uspjela da obavimo kontrolu planiranih 17 preduze\u0107a, ve\u0107 devet, za koje su definisani zaklju\u010dci o tome \u0161ta bi trebalo uraditi \u2013 rekao je Jeli\u0107.<\/p>\n<p><em><strong>Bi.R.<\/strong><\/em><\/p>\n<p><strong>Izvor: DAN<\/strong><\/p>\n","protected":false},"excerpt":{"rendered":"<p>PODGORICA \u2013 Skup\u0161tina je u srijedu zavr\u0161ila raspravu o Predlogu zaklju\u010daka za rje\u0161avanje problema u ulcinjskoj Solani \u201eBajo Sekuli\u0107\u201c, koji bi trebalo da omogu\u0107e opstanak tog preduze\u0107a. Poslanik Demokratske partije socijalista Zoran Jeli\u0107 smatra da je neophodno ulo\u017eiti napor kako bi se Solana \u0161to prije stavila u funkciju i obezbijedila proizvodnja koja je veoma va\u017ena [&hellip;]<\/p>\n","protected":false},"author":1,"featured_media":0,"comment_status":"closed","ping_status":"closed","sticky":false,"template":"","format":"standard","meta":{"spay_email":"","jetpack_publicize_message":"","jetpack_is_tweetstorm":false,"jetpack_publicize_feature_enabled":true},"categories":[8337],"tags":[],"jetpack_publicize_connections":[],"yoast_head":"<!-- This site is optimized with the Yoast SEO plugin v19.1 - https:\/\/yoast.com\/wordpress\/plugins\/seo\/ -->\n<title>Zoran Jeli\u0107: Obezbijediti uslove za proizvodnju u Solani - Lajme nga Ulqini<\/title>\n<meta name=\"description\" content=\"PODGORICA \u2013 Skup\u0161tina je u srijedu zavr\u0161ila raspravu o Predlogu zaklju\u010daka za rje\u0161avanje problema u ulcinjskoj Solani \u201eBajo Sekuli\u0107\u201c, koji bi trebalo da\" \/>\n<meta name=\"robots\" content=\"index, follow, max-snippet:-1, max-image-preview:large, max-video-preview:-1\" \/>\n<link rel=\"canonical\" href=\"https:\/\/www.visit-ulcinj.com\/blog\/2014\/07\/10\/zoran-jelic-obezbijediti-uslove-za-proizvodnju-u-solani\/\" \/>\n<meta property=\"og:locale\" content=\"en_US\" \/>\n<meta property=\"og:type\" content=\"article\" \/>\n<meta property=\"og:title\" content=\"Zoran Jeli\u0107: Obezbijediti uslove za proizvodnju u Solani - Lajme nga Ulqini\" \/>\n<meta property=\"og:description\" content=\"PODGORICA \u2013 Skup\u0161tina je u srijedu zavr\u0161ila raspravu o Predlogu zaklju\u010daka za rje\u0161avanje problema u ulcinjskoj Solani \u201eBajo Sekuli\u0107\u201c, koji bi trebalo da\" \/>\n<meta property=\"og:url\" content=\"https:\/\/www.visit-ulcinj.com\/blog\/2014\/07\/10\/zoran-jelic-obezbijediti-uslove-za-proizvodnju-u-solani\/\" \/>\n<meta property=\"og:site_name\" content=\"Lajme nga Ulqini\" \/>\n<meta property=\"article:published_time\" content=\"2014-07-10T15:27:08+00:00\" \/>\n<meta property=\"og:image\" content=\"http:\/\/www.visit-ulcinj.com\/blog\/wp-content\/uploads\/2014\/07\/Zoran-Jelic.jpg\" \/>\n<meta name=\"twitter:label1\" content=\"Written by\" \/>\n\t<meta name=\"twitter:data1\" content=\"ulqini\" \/>\n\t<meta name=\"twitter:label2\" content=\"Est. reading time\" \/>\n\t<meta name=\"twitter:data2\" content=\"3 minutes\" \/>\n<script type=\"application\/ld+json\" class=\"yoast-schema-graph\">{\"@context\":\"https:\/\/schema.org\",\"@graph\":[{\"@type\":\"WebSite\",\"@id\":\"https:\/\/www.visit-ulcinj.com\/blog\/#website\",\"url\":\"https:\/\/www.visit-ulcinj.com\/blog\/\",\"name\":\"Lajme nga Ulqini\",\"description\":\"Lajme,Vijesti,Ulqini,Ulqin,Crna Gora,Mali i Zi\",\"potentialAction\":[{\"@type\":\"SearchAction\",\"target\":{\"@type\":\"EntryPoint\",\"urlTemplate\":\"https:\/\/www.visit-ulcinj.com\/blog\/?s={search_term_string}\"},\"query-input\":\"required name=search_term_string\"}],\"inLanguage\":\"en-US\"},{\"@type\":\"ImageObject\",\"inLanguage\":\"en-US\",\"@id\":\"https:\/\/www.visit-ulcinj.com\/blog\/2014\/07\/10\/zoran-jelic-obezbijediti-uslove-za-proizvodnju-u-solani\/#primaryimage\",\"url\":\"https:\/\/www.visit-ulcinj.com\/blog\/wp-content\/uploads\/2014\/07\/Zoran-Jelic.jpg\",\"contentUrl\":\"https:\/\/www.visit-ulcinj.com\/blog\/wp-content\/uploads\/2014\/07\/Zoran-Jelic.jpg\",\"width\":468,\"height\":296},{\"@type\":\"WebPage\",\"@id\":\"https:\/\/www.visit-ulcinj.com\/blog\/2014\/07\/10\/zoran-jelic-obezbijediti-uslove-za-proizvodnju-u-solani\/#webpage\",\"url\":\"https:\/\/www.visit-ulcinj.com\/blog\/2014\/07\/10\/zoran-jelic-obezbijediti-uslove-za-proizvodnju-u-solani\/\",\"name\":\"Zoran Jeli\u0107: Obezbijediti uslove za proizvodnju u Solani - Lajme nga Ulqini\",\"isPartOf\":{\"@id\":\"https:\/\/www.visit-ulcinj.com\/blog\/#website\"},\"primaryImageOfPage\":{\"@id\":\"https:\/\/www.visit-ulcinj.com\/blog\/2014\/07\/10\/zoran-jelic-obezbijediti-uslove-za-proizvodnju-u-solani\/#primaryimage\"},\"datePublished\":\"2014-07-10T15:27:08+00:00\",\"dateModified\":\"2014-07-10T15:27:08+00:00\",\"author\":{\"@id\":\"https:\/\/www.visit-ulcinj.com\/blog\/#\/schema\/person\/dcab619c614d3038751c63bc2aadc06d\"},\"description\":\"PODGORICA \u2013 Skup\u0161tina je u srijedu zavr\u0161ila raspravu o Predlogu zaklju\u010daka za rje\u0161avanje problema u ulcinjskoj Solani \u201eBajo Sekuli\u0107\u201c, koji bi trebalo da\",\"breadcrumb\":{\"@id\":\"https:\/\/www.visit-ulcinj.com\/blog\/2014\/07\/10\/zoran-jelic-obezbijediti-uslove-za-proizvodnju-u-solani\/#breadcrumb\"},\"inLanguage\":\"en-US\",\"potentialAction\":[{\"@type\":\"ReadAction\",\"target\":[\"https:\/\/www.visit-ulcinj.com\/blog\/2014\/07\/10\/zoran-jelic-obezbijediti-uslove-za-proizvodnju-u-solani\/\"]}]},{\"@type\":\"BreadcrumbList\",\"@id\":\"https:\/\/www.visit-ulcinj.com\/blog\/2014\/07\/10\/zoran-jelic-obezbijediti-uslove-za-proizvodnju-u-solani\/#breadcrumb\",\"itemListElement\":[{\"@type\":\"ListItem\",\"position\":1,\"name\":\"Zoran Jeli\u0107: Obezbijediti uslove za proizvodnju u Solani\"}]},{\"@type\":\"Person\",\"@id\":\"https:\/\/www.visit-ulcinj.com\/blog\/#\/schema\/person\/dcab619c614d3038751c63bc2aadc06d\",\"name\":\"ulqini\",\"sameAs\":[\"http:\/\/www.visit-ulcinj.com\"],\"url\":\"https:\/\/www.visit-ulcinj.com\/blog\/author\/admin\/\"}]}<\/script>\n<!-- \/ Yoast SEO plugin. -->","yoast_head_json":{"title":"Zoran Jeli\u0107: Obezbijediti uslove za proizvodnju u Solani - Lajme nga Ulqini","description":"PODGORICA \u2013 Skup\u0161tina je u srijedu zavr\u0161ila raspravu o Predlogu zaklju\u010daka za rje\u0161avanje problema u ulcinjskoj Solani \u201eBajo Sekuli\u0107\u201c, koji bi trebalo da","robots":{"index":"index","follow":"follow","max-snippet":"max-snippet:-1","max-image-preview":"max-image-preview:large","max-video-preview":"max-video-preview:-1"},"canonical":"https:\/\/www.visit-ulcinj.com\/blog\/2014\/07\/10\/zoran-jelic-obezbijediti-uslove-za-proizvodnju-u-solani\/","og_locale":"en_US","og_type":"article","og_title":"Zoran Jeli\u0107: Obezbijediti uslove za proizvodnju u Solani - Lajme nga Ulqini","og_description":"PODGORICA \u2013 Skup\u0161tina je u srijedu zavr\u0161ila raspravu o Predlogu zaklju\u010daka za rje\u0161avanje problema u ulcinjskoj Solani \u201eBajo Sekuli\u0107\u201c, koji bi trebalo da","og_url":"https:\/\/www.visit-ulcinj.com\/blog\/2014\/07\/10\/zoran-jelic-obezbijediti-uslove-za-proizvodnju-u-solani\/","og_site_name":"Lajme nga Ulqini","article_published_time":"2014-07-10T15:27:08+00:00","og_image":[{"url":"http:\/\/www.visit-ulcinj.com\/blog\/wp-content\/uploads\/2014\/07\/Zoran-Jelic.jpg"}],"twitter_misc":{"Written by":"ulqini","Est. reading time":"3 minutes"},"schema":{"@context":"https:\/\/schema.org","@graph":[{"@type":"WebSite","@id":"https:\/\/www.visit-ulcinj.com\/blog\/#website","url":"https:\/\/www.visit-ulcinj.com\/blog\/","name":"Lajme nga Ulqini","description":"Lajme,Vijesti,Ulqini,Ulqin,Crna Gora,Mali i Zi","potentialAction":[{"@type":"SearchAction","target":{"@type":"EntryPoint","urlTemplate":"https:\/\/www.visit-ulcinj.com\/blog\/?s={search_term_string}"},"query-input":"required name=search_term_string"}],"inLanguage":"en-US"},{"@type":"ImageObject","inLanguage":"en-US","@id":"https:\/\/www.visit-ulcinj.com\/blog\/2014\/07\/10\/zoran-jelic-obezbijediti-uslove-za-proizvodnju-u-solani\/#primaryimage","url":"https:\/\/www.visit-ulcinj.com\/blog\/wp-content\/uploads\/2014\/07\/Zoran-Jelic.jpg","contentUrl":"https:\/\/www.visit-ulcinj.com\/blog\/wp-content\/uploads\/2014\/07\/Zoran-Jelic.jpg","width":468,"height":296},{"@type":"WebPage","@id":"https:\/\/www.visit-ulcinj.com\/blog\/2014\/07\/10\/zoran-jelic-obezbijediti-uslove-za-proizvodnju-u-solani\/#webpage","url":"https:\/\/www.visit-ulcinj.com\/blog\/2014\/07\/10\/zoran-jelic-obezbijediti-uslove-za-proizvodnju-u-solani\/","name":"Zoran Jeli\u0107: Obezbijediti uslove za proizvodnju u Solani - Lajme nga Ulqini","isPartOf":{"@id":"https:\/\/www.visit-ulcinj.com\/blog\/#website"},"primaryImageOfPage":{"@id":"https:\/\/www.visit-ulcinj.com\/blog\/2014\/07\/10\/zoran-jelic-obezbijediti-uslove-za-proizvodnju-u-solani\/#primaryimage"},"datePublished":"2014-07-10T15:27:08+00:00","dateModified":"2014-07-10T15:27:08+00:00","author":{"@id":"https:\/\/www.visit-ulcinj.com\/blog\/#\/schema\/person\/dcab619c614d3038751c63bc2aadc06d"},"description":"PODGORICA \u2013 Skup\u0161tina je u srijedu zavr\u0161ila raspravu o Predlogu zaklju\u010daka za rje\u0161avanje problema u ulcinjskoj Solani \u201eBajo Sekuli\u0107\u201c, koji bi trebalo da","breadcrumb":{"@id":"https:\/\/www.visit-ulcinj.com\/blog\/2014\/07\/10\/zoran-jelic-obezbijediti-uslove-za-proizvodnju-u-solani\/#breadcrumb"},"inLanguage":"en-US","potentialAction":[{"@type":"ReadAction","target":["https:\/\/www.visit-ulcinj.com\/blog\/2014\/07\/10\/zoran-jelic-obezbijediti-uslove-za-proizvodnju-u-solani\/"]}]},{"@type":"BreadcrumbList","@id":"https:\/\/www.visit-ulcinj.com\/blog\/2014\/07\/10\/zoran-jelic-obezbijediti-uslove-za-proizvodnju-u-solani\/#breadcrumb","itemListElement":[{"@type":"ListItem","position":1,"name":"Zoran Jeli\u0107: Obezbijediti uslove za proizvodnju u Solani"}]},{"@type":"Person","@id":"https:\/\/www.visit-ulcinj.com\/blog\/#\/schema\/person\/dcab619c614d3038751c63bc2aadc06d","name":"ulqini","sameAs":["http:\/\/www.visit-ulcinj.com"],"url":"https:\/\/www.visit-ulcinj.com\/blog\/author\/admin\/"}]}},"jetpack_featured_media_url":"","jetpack_sharing_enabled":true,"jetpack_shortlink":"https:\/\/wp.me\/pe6lTn-lPc","_links":{"self":[{"href":"https:\/\/www.visit-ulcinj.com\/blog\/wp-json\/wp\/v2\/posts\/83898"}],"collection":[{"href":"https:\/\/www.visit-ulcinj.com\/blog\/wp-json\/wp\/v2\/posts"}],"about":[{"href":"https:\/\/www.visit-ulcinj.com\/blog\/wp-json\/wp\/v2\/types\/post"}],"author":[{"embeddable":true,"href":"https:\/\/www.visit-ulcinj.com\/blog\/wp-json\/wp\/v2\/users\/1"}],"replies":[{"embeddable":true,"href":"https:\/\/www.visit-ulcinj.com\/blog\/wp-json\/wp\/v2\/comments?post=83898"}],"version-history":[{"count":1,"href":"https:\/\/www.visit-ulcinj.com\/blog\/wp-json\/wp\/v2\/posts\/83898\/revisions"}],"predecessor-version":[{"id":83900,"href":"https:\/\/www.visit-ulcinj.com\/blog\/wp-json\/wp\/v2\/posts\/83898\/revisions\/83900"}],"wp:attachment":[{"href":"https:\/\/www.visit-ulcinj.com\/blog\/wp-json\/wp\/v2\/media?parent=83898"}],"wp:term":[{"taxonomy":"category","embeddable":true,"href":"https:\/\/www.visit-ulcinj.com\/blog\/wp-json\/wp\/v2\/categories?post=83898"},{"taxonomy":"post_tag","embeddable":true,"href":"https:\/\/www.visit-ulcinj.com\/blog\/wp-json\/wp\/v2\/tags?post=83898"}],"curies":[{"name":"wp","href":"https:\/\/api.w.org\/{rel}","templated":true}]}}