{"id":83923,"date":"2014-07-11T14:08:20","date_gmt":"2014-07-11T13:08:20","guid":{"rendered":"http:\/\/www.visit-ulcinj.com\/blog\/?p=83923"},"modified":"2014-07-11T14:21:53","modified_gmt":"2014-07-11T13:21:53","slug":"shkodra-kthehet-ne-ekspozite-fotot-e-marubit","status":"publish","type":"post","link":"https:\/\/www.visit-ulcinj.com\/blog\/2014\/07\/11\/shkodra-kthehet-ne-ekspozite-fotot-e-marubit\/","title":{"rendered":"Shkodra kthehet n\u00eb ekspozit\u00eb me fotot e Marubit"},"content":{"rendered":"<p><a href=\"http:\/\/www.visit-ulcinj.com\/blog\/wp-content\/uploads\/2014\/07\/kartoline_nga_shkodra_marubi.jpg\"><img loading=\"lazy\" class=\"alignleft  wp-image-83924\" alt=\"kartoline_nga_shkodra_marubi\" src=\"http:\/\/www.visit-ulcinj.com\/blog\/wp-content\/uploads\/2014\/07\/kartoline_nga_shkodra_marubi.jpg\" width=\"508\" height=\"300\" \/><\/a>Prej dit\u00ebs s\u00eb sotshme, deri n\u00eb 7 gusht, qyteti i Shkodr\u00ebs do t\u00eb kthehet n\u00eb ekspozit\u00eb t\u00eb hapur. Fotografi gjigante t\u00eb Marub\u00ebve, Picit, Idromenos etj., do t\u00eb mbushin \u00e7do k\u00ebnd t\u00eb qytetit. B\u00ebhet fjal\u00eb p\u00ebr ekspozit\u00ebn \u201cMarubi Route\u201d, pjes\u00eb e nj\u00eb aktiviteti m\u00eb gjith\u00ebp\u00ebrfshir\u00ebs, nj\u00eb iniciativ\u00eb historiko-kulturore e organizuar p\u00ebr her\u00eb t\u00eb par\u00eb n\u00eb qytetin e Shkodr\u00ebs n\u00eb kuad\u00ebr t\u00eb projektit \u201cMarubi: Nj\u00eb model bashk\u00ebpunimi p\u00ebr promovimin e turizmit nd\u00ebrmjet Shkodr\u00ebs dhe Ulqinit t\u00eb Bashkis\u00eb Shkod\u00ebr\u201d, nj\u00eb projekt nd\u00ebrkufitar IPA Shqip\u00ebri \u2013 Mali i Zi, i financuar nga Bashkimi Europian n\u00eb Tiran\u00eb. N\u00eb ekspozit\u00eb do t\u00eb prezantohen 60 stampime historike, \u201cgjigantografi\u201d t\u00eb seleksionuara nga koleksioni i Fototek\u00ebs Marubi p\u00ebr t\u00eb treguar rritjen e qytetit t\u00eb Shkodr\u00ebs nd\u00ebr shekuj, momentet historike e sociale, jet\u00ebn dhe dellin kreativ t\u00eb njer\u00ebzve t\u00eb k\u00ebtij qyteti.<\/p>\n<p>Fotot e p\u00ebrzgjedhura p\u00ebrfshijn\u00eb mjeshtrit e fototek\u00ebs, Marub\u00ebt, Idromeno, Pici, Jakova, Nenshati, Rraboshta etj. Ambienti ku do t\u00eb ekspozohen fotografit\u00eb, \u00ebsht\u00eb vet\u00eb qyteti i Shkodr\u00ebs, n\u00eb qend\u00ebr dhe n\u00eb periferi, rrug\u00ebt, nd\u00ebrtesat, dyqanet, institucionet shtet\u00ebrore e private, muret tradicionale, kalaja, zona pedonale e k\u00ebshtu me radh\u00eb. \u00c7do ambient me r\u00ebnd\u00ebsi e interes kulturor, ekonomik e social do t\u00eb kthehet n\u00eb muze n\u00eb vetvete dhe e gjith\u00eb Shkodra n\u00eb nj\u00eb qytet-muze. Bashkia Shkod\u00ebr me projektin \u201cMarubi Route\u201d ka menduar dhe propozuar nj\u00eb qasje t\u00eb re ndaj artit dhe vlerave q\u00eb bart vet\u00eb qyteti, n\u00eb m\u00ebnyr\u00eb q\u00eb t\u00eb rris\u00eb imazhin e Shkodr\u00ebs dhe t\u00eb nxjerr\u00eb n\u00eb pah arritjet dhe p\u00ebrmir\u00ebsimet n\u00eb cil\u00ebsin\u00eb e jet\u00ebs, infrastruktur\u00ebs, jet\u00ebs sociale dhe ekonomike n\u00eb qytetin e Shkodr\u00ebs \u2013 si nj\u00eb nd\u00ebr qytetet m\u00eb t\u00eb jetueshme sot n\u00eb vend.<\/p>\n<p>\u201cMarubi Route\u201d synon t\u00eb promovoj\u00eb dhe komunikoj\u00eb artin e fotografis\u00eb shkodrane e shqiptare si nj\u00eb nd\u00ebr realitetet m\u00eb unike dhe atraktive n\u00eb Ballkan e Europ\u00eb. Promovon Fototek\u00ebn Marubi dhe vler\u00ebn e saj n\u00eb nj\u00eb kontekst komb\u00ebtar dhe nd\u00ebrkomb\u00ebtar, t\u00ebrheq v\u00ebmendjen e publikut, studiuesve, publikuesve dhe donator\u00ebve ndaj r\u00ebnd\u00ebsis\u00eb s\u00eb k\u00ebsaj shkolle t\u00eb fotografis\u00eb. \u00cbsht\u00eb gjithashtu nj\u00eb sensibilizim mbi r\u00ebnd\u00ebsin\u00eb e k\u00ebsaj pasurie komb\u00ebtare.<\/p>\n<p>&nbsp;<\/p>\n<p><strong>Panorama<\/strong><\/p>\n","protected":false},"excerpt":{"rendered":"<p>Prej dit\u00ebs s\u00eb sotshme, deri n\u00eb 7 gusht, qyteti i Shkodr\u00ebs do t\u00eb kthehet n\u00eb ekspozit\u00eb t\u00eb hapur. Fotografi gjigante t\u00eb Marub\u00ebve, Picit, Idromenos etj., do t\u00eb mbushin \u00e7do k\u00ebnd t\u00eb qytetit. B\u00ebhet fjal\u00eb p\u00ebr ekspozit\u00ebn \u201cMarubi Route\u201d, pjes\u00eb e nj\u00eb aktiviteti m\u00eb gjith\u00ebp\u00ebrfshir\u00ebs, nj\u00eb iniciativ\u00eb historiko-kulturore e organizuar p\u00ebr her\u00eb t\u00eb par\u00eb n\u00eb qytetin [&hellip;]<\/p>\n","protected":false},"author":1,"featured_media":0,"comment_status":"closed","ping_status":"closed","sticky":false,"template":"","format":"standard","meta":{"spay_email":"","jetpack_publicize_message":"","jetpack_is_tweetstorm":false,"jetpack_publicize_feature_enabled":true},"categories":[4,14],"tags":[],"jetpack_publicize_connections":[],"yoast_head":"<!-- This site is optimized with the Yoast SEO plugin v19.1 - https:\/\/yoast.com\/wordpress\/plugins\/seo\/ -->\n<title>Shkodra kthehet n\u00eb ekspozit\u00eb me fotot e Marubit - Lajme nga Ulqini<\/title>\n<meta name=\"description\" content=\"Prej dit\u00ebs s\u00eb sotshme, deri n\u00eb 7 gusht, qyteti i Shkodr\u00ebs do t\u00eb kthehet n\u00eb ekspozit\u00eb t\u00eb hapur. Fotografi gjigante t\u00eb Marub\u00ebve, Picit, Idromenos etj., do\" \/>\n<meta name=\"robots\" content=\"index, follow, max-snippet:-1, max-image-preview:large, max-video-preview:-1\" \/>\n<link rel=\"canonical\" href=\"https:\/\/www.visit-ulcinj.com\/blog\/2014\/07\/11\/shkodra-kthehet-ne-ekspozite-fotot-e-marubit\/\" \/>\n<meta property=\"og:locale\" content=\"en_US\" \/>\n<meta property=\"og:type\" content=\"article\" \/>\n<meta property=\"og:title\" content=\"Shkodra kthehet n\u00eb ekspozit\u00eb me fotot e Marubit - Lajme nga Ulqini\" \/>\n<meta property=\"og:description\" content=\"Prej dit\u00ebs s\u00eb sotshme, deri n\u00eb 7 gusht, qyteti i Shkodr\u00ebs do t\u00eb kthehet n\u00eb ekspozit\u00eb t\u00eb hapur. Fotografi gjigante t\u00eb Marub\u00ebve, Picit, Idromenos etj., do\" \/>\n<meta property=\"og:url\" content=\"https:\/\/www.visit-ulcinj.com\/blog\/2014\/07\/11\/shkodra-kthehet-ne-ekspozite-fotot-e-marubit\/\" \/>\n<meta property=\"og:site_name\" content=\"Lajme nga Ulqini\" \/>\n<meta property=\"article:published_time\" content=\"2014-07-11T13:08:20+00:00\" \/>\n<meta property=\"article:modified_time\" content=\"2014-07-11T13:21:53+00:00\" \/>\n<meta property=\"og:image\" content=\"http:\/\/www.visit-ulcinj.com\/blog\/wp-content\/uploads\/2014\/07\/kartoline_nga_shkodra_marubi.jpg\" \/>\n<meta name=\"twitter:label1\" content=\"Written by\" \/>\n\t<meta name=\"twitter:data1\" content=\"ulqini\" \/>\n\t<meta name=\"twitter:label2\" content=\"Est. reading time\" \/>\n\t<meta name=\"twitter:data2\" content=\"2 minutes\" \/>\n<script type=\"application\/ld+json\" class=\"yoast-schema-graph\">{\"@context\":\"https:\/\/schema.org\",\"@graph\":[{\"@type\":\"WebSite\",\"@id\":\"https:\/\/www.visit-ulcinj.com\/blog\/#website\",\"url\":\"https:\/\/www.visit-ulcinj.com\/blog\/\",\"name\":\"Lajme nga Ulqini\",\"description\":\"Lajme,Vijesti,Ulqini,Ulqin,Crna Gora,Mali i Zi\",\"potentialAction\":[{\"@type\":\"SearchAction\",\"target\":{\"@type\":\"EntryPoint\",\"urlTemplate\":\"https:\/\/www.visit-ulcinj.com\/blog\/?s={search_term_string}\"},\"query-input\":\"required name=search_term_string\"}],\"inLanguage\":\"en-US\"},{\"@type\":\"ImageObject\",\"inLanguage\":\"en-US\",\"@id\":\"https:\/\/www.visit-ulcinj.com\/blog\/2014\/07\/11\/shkodra-kthehet-ne-ekspozite-fotot-e-marubit\/#primaryimage\",\"url\":\"https:\/\/www.visit-ulcinj.com\/blog\/wp-content\/uploads\/2014\/07\/kartoline_nga_shkodra_marubi.jpg\",\"contentUrl\":\"https:\/\/www.visit-ulcinj.com\/blog\/wp-content\/uploads\/2014\/07\/kartoline_nga_shkodra_marubi.jpg\",\"width\":475,\"height\":300},{\"@type\":\"WebPage\",\"@id\":\"https:\/\/www.visit-ulcinj.com\/blog\/2014\/07\/11\/shkodra-kthehet-ne-ekspozite-fotot-e-marubit\/#webpage\",\"url\":\"https:\/\/www.visit-ulcinj.com\/blog\/2014\/07\/11\/shkodra-kthehet-ne-ekspozite-fotot-e-marubit\/\",\"name\":\"Shkodra kthehet n\u00eb ekspozit\u00eb me fotot e Marubit - Lajme nga Ulqini\",\"isPartOf\":{\"@id\":\"https:\/\/www.visit-ulcinj.com\/blog\/#website\"},\"primaryImageOfPage\":{\"@id\":\"https:\/\/www.visit-ulcinj.com\/blog\/2014\/07\/11\/shkodra-kthehet-ne-ekspozite-fotot-e-marubit\/#primaryimage\"},\"datePublished\":\"2014-07-11T13:08:20+00:00\",\"dateModified\":\"2014-07-11T13:21:53+00:00\",\"author\":{\"@id\":\"https:\/\/www.visit-ulcinj.com\/blog\/#\/schema\/person\/dcab619c614d3038751c63bc2aadc06d\"},\"description\":\"Prej dit\u00ebs s\u00eb sotshme, deri n\u00eb 7 gusht, qyteti i Shkodr\u00ebs do t\u00eb kthehet n\u00eb ekspozit\u00eb t\u00eb hapur. Fotografi gjigante t\u00eb Marub\u00ebve, Picit, Idromenos etj., do\",\"breadcrumb\":{\"@id\":\"https:\/\/www.visit-ulcinj.com\/blog\/2014\/07\/11\/shkodra-kthehet-ne-ekspozite-fotot-e-marubit\/#breadcrumb\"},\"inLanguage\":\"en-US\",\"potentialAction\":[{\"@type\":\"ReadAction\",\"target\":[\"https:\/\/www.visit-ulcinj.com\/blog\/2014\/07\/11\/shkodra-kthehet-ne-ekspozite-fotot-e-marubit\/\"]}]},{\"@type\":\"BreadcrumbList\",\"@id\":\"https:\/\/www.visit-ulcinj.com\/blog\/2014\/07\/11\/shkodra-kthehet-ne-ekspozite-fotot-e-marubit\/#breadcrumb\",\"itemListElement\":[{\"@type\":\"ListItem\",\"position\":1,\"name\":\"Shkodra kthehet n\u00eb ekspozit\u00eb me fotot e Marubit\"}]},{\"@type\":\"Person\",\"@id\":\"https:\/\/www.visit-ulcinj.com\/blog\/#\/schema\/person\/dcab619c614d3038751c63bc2aadc06d\",\"name\":\"ulqini\",\"sameAs\":[\"http:\/\/www.visit-ulcinj.com\"],\"url\":\"https:\/\/www.visit-ulcinj.com\/blog\/author\/admin\/\"}]}<\/script>\n<!-- \/ Yoast SEO plugin. -->","yoast_head_json":{"title":"Shkodra kthehet n\u00eb ekspozit\u00eb me fotot e Marubit - Lajme nga Ulqini","description":"Prej dit\u00ebs s\u00eb sotshme, deri n\u00eb 7 gusht, qyteti i Shkodr\u00ebs do t\u00eb kthehet n\u00eb ekspozit\u00eb t\u00eb hapur. Fotografi gjigante t\u00eb Marub\u00ebve, Picit, Idromenos etj., do","robots":{"index":"index","follow":"follow","max-snippet":"max-snippet:-1","max-image-preview":"max-image-preview:large","max-video-preview":"max-video-preview:-1"},"canonical":"https:\/\/www.visit-ulcinj.com\/blog\/2014\/07\/11\/shkodra-kthehet-ne-ekspozite-fotot-e-marubit\/","og_locale":"en_US","og_type":"article","og_title":"Shkodra kthehet n\u00eb ekspozit\u00eb me fotot e Marubit - Lajme nga Ulqini","og_description":"Prej dit\u00ebs s\u00eb sotshme, deri n\u00eb 7 gusht, qyteti i Shkodr\u00ebs do t\u00eb kthehet n\u00eb ekspozit\u00eb t\u00eb hapur. Fotografi gjigante t\u00eb Marub\u00ebve, Picit, Idromenos etj., do","og_url":"https:\/\/www.visit-ulcinj.com\/blog\/2014\/07\/11\/shkodra-kthehet-ne-ekspozite-fotot-e-marubit\/","og_site_name":"Lajme nga Ulqini","article_published_time":"2014-07-11T13:08:20+00:00","article_modified_time":"2014-07-11T13:21:53+00:00","og_image":[{"url":"http:\/\/www.visit-ulcinj.com\/blog\/wp-content\/uploads\/2014\/07\/kartoline_nga_shkodra_marubi.jpg"}],"twitter_misc":{"Written by":"ulqini","Est. reading time":"2 minutes"},"schema":{"@context":"https:\/\/schema.org","@graph":[{"@type":"WebSite","@id":"https:\/\/www.visit-ulcinj.com\/blog\/#website","url":"https:\/\/www.visit-ulcinj.com\/blog\/","name":"Lajme nga Ulqini","description":"Lajme,Vijesti,Ulqini,Ulqin,Crna Gora,Mali i Zi","potentialAction":[{"@type":"SearchAction","target":{"@type":"EntryPoint","urlTemplate":"https:\/\/www.visit-ulcinj.com\/blog\/?s={search_term_string}"},"query-input":"required name=search_term_string"}],"inLanguage":"en-US"},{"@type":"ImageObject","inLanguage":"en-US","@id":"https:\/\/www.visit-ulcinj.com\/blog\/2014\/07\/11\/shkodra-kthehet-ne-ekspozite-fotot-e-marubit\/#primaryimage","url":"https:\/\/www.visit-ulcinj.com\/blog\/wp-content\/uploads\/2014\/07\/kartoline_nga_shkodra_marubi.jpg","contentUrl":"https:\/\/www.visit-ulcinj.com\/blog\/wp-content\/uploads\/2014\/07\/kartoline_nga_shkodra_marubi.jpg","width":475,"height":300},{"@type":"WebPage","@id":"https:\/\/www.visit-ulcinj.com\/blog\/2014\/07\/11\/shkodra-kthehet-ne-ekspozite-fotot-e-marubit\/#webpage","url":"https:\/\/www.visit-ulcinj.com\/blog\/2014\/07\/11\/shkodra-kthehet-ne-ekspozite-fotot-e-marubit\/","name":"Shkodra kthehet n\u00eb ekspozit\u00eb me fotot e Marubit - Lajme nga Ulqini","isPartOf":{"@id":"https:\/\/www.visit-ulcinj.com\/blog\/#website"},"primaryImageOfPage":{"@id":"https:\/\/www.visit-ulcinj.com\/blog\/2014\/07\/11\/shkodra-kthehet-ne-ekspozite-fotot-e-marubit\/#primaryimage"},"datePublished":"2014-07-11T13:08:20+00:00","dateModified":"2014-07-11T13:21:53+00:00","author":{"@id":"https:\/\/www.visit-ulcinj.com\/blog\/#\/schema\/person\/dcab619c614d3038751c63bc2aadc06d"},"description":"Prej dit\u00ebs s\u00eb sotshme, deri n\u00eb 7 gusht, qyteti i Shkodr\u00ebs do t\u00eb kthehet n\u00eb ekspozit\u00eb t\u00eb hapur. Fotografi gjigante t\u00eb Marub\u00ebve, Picit, Idromenos etj., do","breadcrumb":{"@id":"https:\/\/www.visit-ulcinj.com\/blog\/2014\/07\/11\/shkodra-kthehet-ne-ekspozite-fotot-e-marubit\/#breadcrumb"},"inLanguage":"en-US","potentialAction":[{"@type":"ReadAction","target":["https:\/\/www.visit-ulcinj.com\/blog\/2014\/07\/11\/shkodra-kthehet-ne-ekspozite-fotot-e-marubit\/"]}]},{"@type":"BreadcrumbList","@id":"https:\/\/www.visit-ulcinj.com\/blog\/2014\/07\/11\/shkodra-kthehet-ne-ekspozite-fotot-e-marubit\/#breadcrumb","itemListElement":[{"@type":"ListItem","position":1,"name":"Shkodra kthehet n\u00eb ekspozit\u00eb me fotot e Marubit"}]},{"@type":"Person","@id":"https:\/\/www.visit-ulcinj.com\/blog\/#\/schema\/person\/dcab619c614d3038751c63bc2aadc06d","name":"ulqini","sameAs":["http:\/\/www.visit-ulcinj.com"],"url":"https:\/\/www.visit-ulcinj.com\/blog\/author\/admin\/"}]}},"jetpack_featured_media_url":"","jetpack_sharing_enabled":true,"jetpack_shortlink":"https:\/\/wp.me\/pe6lTn-lPB","_links":{"self":[{"href":"https:\/\/www.visit-ulcinj.com\/blog\/wp-json\/wp\/v2\/posts\/83923"}],"collection":[{"href":"https:\/\/www.visit-ulcinj.com\/blog\/wp-json\/wp\/v2\/posts"}],"about":[{"href":"https:\/\/www.visit-ulcinj.com\/blog\/wp-json\/wp\/v2\/types\/post"}],"author":[{"embeddable":true,"href":"https:\/\/www.visit-ulcinj.com\/blog\/wp-json\/wp\/v2\/users\/1"}],"replies":[{"embeddable":true,"href":"https:\/\/www.visit-ulcinj.com\/blog\/wp-json\/wp\/v2\/comments?post=83923"}],"version-history":[{"count":2,"href":"https:\/\/www.visit-ulcinj.com\/blog\/wp-json\/wp\/v2\/posts\/83923\/revisions"}],"predecessor-version":[{"id":83926,"href":"https:\/\/www.visit-ulcinj.com\/blog\/wp-json\/wp\/v2\/posts\/83923\/revisions\/83926"}],"wp:attachment":[{"href":"https:\/\/www.visit-ulcinj.com\/blog\/wp-json\/wp\/v2\/media?parent=83923"}],"wp:term":[{"taxonomy":"category","embeddable":true,"href":"https:\/\/www.visit-ulcinj.com\/blog\/wp-json\/wp\/v2\/categories?post=83923"},{"taxonomy":"post_tag","embeddable":true,"href":"https:\/\/www.visit-ulcinj.com\/blog\/wp-json\/wp\/v2\/tags?post=83923"}],"curies":[{"name":"wp","href":"https:\/\/api.w.org\/{rel}","templated":true}]}}