{"id":83965,"date":"2014-07-12T12:50:11","date_gmt":"2014-07-12T11:50:11","guid":{"rendered":"http:\/\/www.visit-ulcinj.com\/blog\/?p=83965"},"modified":"2014-07-31T10:42:36","modified_gmt":"2014-07-31T09:42:36","slug":"gjeka-te-zbardhet-e-verteta-e-rastit-k1","status":"publish","type":"post","link":"https:\/\/www.visit-ulcinj.com\/blog\/2014\/07\/12\/gjeka-te-zbardhet-e-verteta-e-rastit-k1\/","title":{"rendered":"Gjeka: T\u00eb zbardhet e v\u00ebrteta e rastit &#8220;K1\u201d"},"content":{"rendered":"<p><a href=\"http:\/\/www.visit-ulcinj.com\/blog\/wp-content\/uploads\/2014\/07\/Fatmir-Gjeka-Ulqin-1.jpg\"><img loading=\"lazy\" class=\"alignleft size-full wp-image-83966\" src=\"http:\/\/www.visit-ulcinj.com\/blog\/wp-content\/uploads\/2014\/07\/Fatmir-Gjeka-Ulqin-1.jpg\" alt=\"Fatmir-Gjeka-Ulqin-1\" width=\"508\" height=\"377\" srcset=\"https:\/\/www.visit-ulcinj.com\/blog\/wp-content\/uploads\/2014\/07\/Fatmir-Gjeka-Ulqin-1.jpg 508w, https:\/\/www.visit-ulcinj.com\/blog\/wp-content\/uploads\/2014\/07\/Fatmir-Gjeka-Ulqin-1-300x222.jpg 300w\" sizes=\"(max-width: 508px) 100vw, 508px\" \/><\/a>Foto: DAN<\/p>\n<p>Kryetari i komun\u00ebs s\u00eb Ulqinit Fatmir Gjeka ka ftuar sot organet shtet\u00ebrore t\u00eb Malit t\u00eb Zi q\u00eb t\u00eb ky\u00e7en n\u00eb zbardhjen e t\u00eb v\u00ebrtet\u00ebs n\u00eb \u201crastin K1\u201d.<\/p>\n<p>\u201cSepse, n\u00ebse do t\u00eb miratohet k\u00ebrkesa e prokurorit, Atlas grup\u00ebs, e cila k\u00ebrkon nga komuna e Ulqinit 10,5 milion euro n\u00eb em\u00ebr t\u00eb d\u00ebmit t\u00eb cilin e b\u00ebri dikush tjet\u00ebr, kjo do t\u00eb sillte deri tek bllokada dhe paraliza totale e pun\u00ebs s\u00eb administrat\u00ebs lokale me pasoja t\u00eb paparashikueshme\u201d, tha ai n\u00eb konferenc\u00eb p\u00ebr shtyp n\u00eb t\u00eb cil\u00ebn ishin t\u00eb pranish\u00ebm dhe tre n\u00ebnkryetar t\u00eb komun\u00ebs dhe kryetari i Parlamentit lokal Fuad Haxhibeti.<\/p>\n<p>\u201cNe si qeverisje lokale nuk jemi n\u00eb gjendje t\u00eb marrim mbi veti t\u00ebr\u00eb k\u00ebt\u00eb p\u00ebrgjegj\u00ebsi. N\u00ebse kjo situat\u00eb b\u00ebhet realitet, pushteti jon\u00eb ekzekutiv dhe ligjv\u00ebn\u00ebs \u00ebsht\u00eb e gatshme t\u00eb ja kthej\u00eb mandatin qytetar\u00ebve, sepse vet\u00ebm ata mund t\u00eb vendosin p\u00ebr t\u00eb ardhmen e m\u00ebtejme t\u00eb qytetit\u201d, shtoi Gjeka.<\/p>\n<p>Sipas fjal\u00ebve t\u00eb tija, zyrtar\u00ebt malazez jan\u00eb t\u00eb njoftuar rreth k\u00ebtij rasti, nd\u00ebrsa p\u00ebr \u00e7do gj\u00eb do ti d\u00ebrgohet raporti Delegacionit t\u00eb BE-s\u00eb dhe OEBS-it n\u00eb Podgoric\u00eb, si dhe t\u00eb gjith\u00eb p\u00ebrfaq\u00ebsive diplomatike.<\/p>\n<p>\u201cNe kemi durim dhe shpresojm\u00eb q\u00eb vendimi i Gjykat\u00ebs ekonomike do t\u00eb jet\u00eb korrekt dhe i paansh\u00ebm\u201d, tha kryetari i komun\u00ebs s\u00eb Ulqinit.<\/p>\n<p>I pyetur a jan\u00eb bllokada e xhiro-llogaris\u00eb s\u00eb komun\u00ebs n\u00eb rastin \u201cPartizanski put\u201d dhe vendimi i pritur i gjykat\u00ebs n\u00eb \u201crastin K1\u201d caktuara mbas vendosjes s\u00eb pushtetit t\u00eb ri n\u00eb Ulqin, Gjeka u p\u00ebrgjigj q\u00eb kjo do t\u00eb shihet s\u00eb shpejti, , raporton media nga ulqini Ul.info.<\/p>\n<!--YouTube Error: bad URL entered-->\n","protected":false},"excerpt":{"rendered":"<p>Foto: DAN Kryetari i komun\u00ebs s\u00eb Ulqinit Fatmir Gjeka ka ftuar sot organet shtet\u00ebrore t\u00eb Malit t\u00eb Zi q\u00eb t\u00eb ky\u00e7en n\u00eb zbardhjen e t\u00eb v\u00ebrtet\u00ebs n\u00eb \u201crastin K1\u201d. \u201cSepse, n\u00ebse do t\u00eb miratohet k\u00ebrkesa e prokurorit, Atlas grup\u00ebs, e cila k\u00ebrkon nga komuna e Ulqinit 10,5 milion euro n\u00eb em\u00ebr t\u00eb d\u00ebmit t\u00eb cilin [&hellip;]<\/p>\n","protected":false},"author":1,"featured_media":0,"comment_status":"closed","ping_status":"closed","sticky":false,"template":"","format":"standard","meta":{"spay_email":"","jetpack_publicize_message":"","jetpack_is_tweetstorm":false,"jetpack_publicize_feature_enabled":true},"categories":[6],"tags":[],"jetpack_publicize_connections":[],"yoast_head":"<!-- This site is optimized with the Yoast SEO plugin v19.1 - https:\/\/yoast.com\/wordpress\/plugins\/seo\/ -->\n<title>Gjeka: T\u00eb zbardhet e v\u00ebrteta e rastit &quot;K1\u201d - Lajme nga Ulqini<\/title>\n<meta name=\"description\" content=\"Foto: DAN Kryetari i komun\u00ebs s\u00eb Ulqinit Fatmir Gjeka ka ftuar sot organet shtet\u00ebrore t\u00eb Malit t\u00eb Zi q\u00eb t\u00eb ky\u00e7en n\u00eb zbardhjen e t\u00eb v\u00ebrtet\u00ebs n\u00eb \u201crastin K1\u201d.\" \/>\n<meta name=\"robots\" content=\"index, follow, max-snippet:-1, max-image-preview:large, max-video-preview:-1\" \/>\n<link rel=\"canonical\" href=\"https:\/\/www.visit-ulcinj.com\/blog\/2014\/07\/12\/gjeka-te-zbardhet-e-verteta-e-rastit-k1\/\" \/>\n<meta property=\"og:locale\" content=\"en_US\" \/>\n<meta property=\"og:type\" content=\"article\" \/>\n<meta property=\"og:title\" content=\"Gjeka: T\u00eb zbardhet e v\u00ebrteta e rastit &quot;K1\u201d - Lajme nga Ulqini\" \/>\n<meta property=\"og:description\" content=\"Foto: DAN Kryetari i komun\u00ebs s\u00eb Ulqinit Fatmir Gjeka ka ftuar sot organet shtet\u00ebrore t\u00eb Malit t\u00eb Zi q\u00eb t\u00eb ky\u00e7en n\u00eb zbardhjen e t\u00eb v\u00ebrtet\u00ebs n\u00eb \u201crastin K1\u201d.\" \/>\n<meta property=\"og:url\" content=\"https:\/\/www.visit-ulcinj.com\/blog\/2014\/07\/12\/gjeka-te-zbardhet-e-verteta-e-rastit-k1\/\" \/>\n<meta property=\"og:site_name\" content=\"Lajme nga Ulqini\" \/>\n<meta property=\"article:published_time\" content=\"2014-07-12T11:50:11+00:00\" \/>\n<meta property=\"article:modified_time\" content=\"2014-07-31T09:42:36+00:00\" \/>\n<meta property=\"og:image\" content=\"http:\/\/www.visit-ulcinj.com\/blog\/wp-content\/uploads\/2014\/07\/Fatmir-Gjeka-Ulqin-1.jpg\" \/>\n<meta name=\"twitter:label1\" content=\"Written by\" \/>\n\t<meta name=\"twitter:data1\" content=\"ulqini\" \/>\n\t<meta name=\"twitter:label2\" content=\"Est. reading time\" \/>\n\t<meta name=\"twitter:data2\" content=\"2 minutes\" \/>\n<script type=\"application\/ld+json\" class=\"yoast-schema-graph\">{\"@context\":\"https:\/\/schema.org\",\"@graph\":[{\"@type\":\"WebSite\",\"@id\":\"https:\/\/www.visit-ulcinj.com\/blog\/#website\",\"url\":\"https:\/\/www.visit-ulcinj.com\/blog\/\",\"name\":\"Lajme nga Ulqini\",\"description\":\"Lajme,Vijesti,Ulqini,Ulqin,Crna Gora,Mali i Zi\",\"potentialAction\":[{\"@type\":\"SearchAction\",\"target\":{\"@type\":\"EntryPoint\",\"urlTemplate\":\"https:\/\/www.visit-ulcinj.com\/blog\/?s={search_term_string}\"},\"query-input\":\"required name=search_term_string\"}],\"inLanguage\":\"en-US\"},{\"@type\":\"ImageObject\",\"inLanguage\":\"en-US\",\"@id\":\"https:\/\/www.visit-ulcinj.com\/blog\/2014\/07\/12\/gjeka-te-zbardhet-e-verteta-e-rastit-k1\/#primaryimage\",\"url\":\"https:\/\/www.visit-ulcinj.com\/blog\/wp-content\/uploads\/2014\/07\/Fatmir-Gjeka-Ulqin-1.jpg\",\"contentUrl\":\"https:\/\/www.visit-ulcinj.com\/blog\/wp-content\/uploads\/2014\/07\/Fatmir-Gjeka-Ulqin-1.jpg\",\"width\":508,\"height\":377},{\"@type\":\"WebPage\",\"@id\":\"https:\/\/www.visit-ulcinj.com\/blog\/2014\/07\/12\/gjeka-te-zbardhet-e-verteta-e-rastit-k1\/#webpage\",\"url\":\"https:\/\/www.visit-ulcinj.com\/blog\/2014\/07\/12\/gjeka-te-zbardhet-e-verteta-e-rastit-k1\/\",\"name\":\"Gjeka: T\u00eb zbardhet e v\u00ebrteta e rastit \\\"K1\u201d - Lajme nga Ulqini\",\"isPartOf\":{\"@id\":\"https:\/\/www.visit-ulcinj.com\/blog\/#website\"},\"primaryImageOfPage\":{\"@id\":\"https:\/\/www.visit-ulcinj.com\/blog\/2014\/07\/12\/gjeka-te-zbardhet-e-verteta-e-rastit-k1\/#primaryimage\"},\"datePublished\":\"2014-07-12T11:50:11+00:00\",\"dateModified\":\"2014-07-31T09:42:36+00:00\",\"author\":{\"@id\":\"https:\/\/www.visit-ulcinj.com\/blog\/#\/schema\/person\/dcab619c614d3038751c63bc2aadc06d\"},\"description\":\"Foto: DAN Kryetari i komun\u00ebs s\u00eb Ulqinit Fatmir Gjeka ka ftuar sot organet shtet\u00ebrore t\u00eb Malit t\u00eb Zi q\u00eb t\u00eb ky\u00e7en n\u00eb zbardhjen e t\u00eb v\u00ebrtet\u00ebs n\u00eb \u201crastin K1\u201d.\",\"breadcrumb\":{\"@id\":\"https:\/\/www.visit-ulcinj.com\/blog\/2014\/07\/12\/gjeka-te-zbardhet-e-verteta-e-rastit-k1\/#breadcrumb\"},\"inLanguage\":\"en-US\",\"potentialAction\":[{\"@type\":\"ReadAction\",\"target\":[\"https:\/\/www.visit-ulcinj.com\/blog\/2014\/07\/12\/gjeka-te-zbardhet-e-verteta-e-rastit-k1\/\"]}]},{\"@type\":\"BreadcrumbList\",\"@id\":\"https:\/\/www.visit-ulcinj.com\/blog\/2014\/07\/12\/gjeka-te-zbardhet-e-verteta-e-rastit-k1\/#breadcrumb\",\"itemListElement\":[{\"@type\":\"ListItem\",\"position\":1,\"name\":\"Gjeka: T\u00eb zbardhet e v\u00ebrteta e rastit &#8220;K1\u201d\"}]},{\"@type\":\"Person\",\"@id\":\"https:\/\/www.visit-ulcinj.com\/blog\/#\/schema\/person\/dcab619c614d3038751c63bc2aadc06d\",\"name\":\"ulqini\",\"sameAs\":[\"http:\/\/www.visit-ulcinj.com\"],\"url\":\"https:\/\/www.visit-ulcinj.com\/blog\/author\/admin\/\"}]}<\/script>\n<!-- \/ Yoast SEO plugin. -->","yoast_head_json":{"title":"Gjeka: T\u00eb zbardhet e v\u00ebrteta e rastit \"K1\u201d - Lajme nga Ulqini","description":"Foto: DAN Kryetari i komun\u00ebs s\u00eb Ulqinit Fatmir Gjeka ka ftuar sot organet shtet\u00ebrore t\u00eb Malit t\u00eb Zi q\u00eb t\u00eb ky\u00e7en n\u00eb zbardhjen e t\u00eb v\u00ebrtet\u00ebs n\u00eb \u201crastin K1\u201d.","robots":{"index":"index","follow":"follow","max-snippet":"max-snippet:-1","max-image-preview":"max-image-preview:large","max-video-preview":"max-video-preview:-1"},"canonical":"https:\/\/www.visit-ulcinj.com\/blog\/2014\/07\/12\/gjeka-te-zbardhet-e-verteta-e-rastit-k1\/","og_locale":"en_US","og_type":"article","og_title":"Gjeka: T\u00eb zbardhet e v\u00ebrteta e rastit \"K1\u201d - Lajme nga Ulqini","og_description":"Foto: DAN Kryetari i komun\u00ebs s\u00eb Ulqinit Fatmir Gjeka ka ftuar sot organet shtet\u00ebrore t\u00eb Malit t\u00eb Zi q\u00eb t\u00eb ky\u00e7en n\u00eb zbardhjen e t\u00eb v\u00ebrtet\u00ebs n\u00eb \u201crastin K1\u201d.","og_url":"https:\/\/www.visit-ulcinj.com\/blog\/2014\/07\/12\/gjeka-te-zbardhet-e-verteta-e-rastit-k1\/","og_site_name":"Lajme nga Ulqini","article_published_time":"2014-07-12T11:50:11+00:00","article_modified_time":"2014-07-31T09:42:36+00:00","og_image":[{"url":"http:\/\/www.visit-ulcinj.com\/blog\/wp-content\/uploads\/2014\/07\/Fatmir-Gjeka-Ulqin-1.jpg"}],"twitter_misc":{"Written by":"ulqini","Est. reading time":"2 minutes"},"schema":{"@context":"https:\/\/schema.org","@graph":[{"@type":"WebSite","@id":"https:\/\/www.visit-ulcinj.com\/blog\/#website","url":"https:\/\/www.visit-ulcinj.com\/blog\/","name":"Lajme nga Ulqini","description":"Lajme,Vijesti,Ulqini,Ulqin,Crna Gora,Mali i Zi","potentialAction":[{"@type":"SearchAction","target":{"@type":"EntryPoint","urlTemplate":"https:\/\/www.visit-ulcinj.com\/blog\/?s={search_term_string}"},"query-input":"required name=search_term_string"}],"inLanguage":"en-US"},{"@type":"ImageObject","inLanguage":"en-US","@id":"https:\/\/www.visit-ulcinj.com\/blog\/2014\/07\/12\/gjeka-te-zbardhet-e-verteta-e-rastit-k1\/#primaryimage","url":"https:\/\/www.visit-ulcinj.com\/blog\/wp-content\/uploads\/2014\/07\/Fatmir-Gjeka-Ulqin-1.jpg","contentUrl":"https:\/\/www.visit-ulcinj.com\/blog\/wp-content\/uploads\/2014\/07\/Fatmir-Gjeka-Ulqin-1.jpg","width":508,"height":377},{"@type":"WebPage","@id":"https:\/\/www.visit-ulcinj.com\/blog\/2014\/07\/12\/gjeka-te-zbardhet-e-verteta-e-rastit-k1\/#webpage","url":"https:\/\/www.visit-ulcinj.com\/blog\/2014\/07\/12\/gjeka-te-zbardhet-e-verteta-e-rastit-k1\/","name":"Gjeka: T\u00eb zbardhet e v\u00ebrteta e rastit \"K1\u201d - Lajme nga Ulqini","isPartOf":{"@id":"https:\/\/www.visit-ulcinj.com\/blog\/#website"},"primaryImageOfPage":{"@id":"https:\/\/www.visit-ulcinj.com\/blog\/2014\/07\/12\/gjeka-te-zbardhet-e-verteta-e-rastit-k1\/#primaryimage"},"datePublished":"2014-07-12T11:50:11+00:00","dateModified":"2014-07-31T09:42:36+00:00","author":{"@id":"https:\/\/www.visit-ulcinj.com\/blog\/#\/schema\/person\/dcab619c614d3038751c63bc2aadc06d"},"description":"Foto: DAN Kryetari i komun\u00ebs s\u00eb Ulqinit Fatmir Gjeka ka ftuar sot organet shtet\u00ebrore t\u00eb Malit t\u00eb Zi q\u00eb t\u00eb ky\u00e7en n\u00eb zbardhjen e t\u00eb v\u00ebrtet\u00ebs n\u00eb \u201crastin K1\u201d.","breadcrumb":{"@id":"https:\/\/www.visit-ulcinj.com\/blog\/2014\/07\/12\/gjeka-te-zbardhet-e-verteta-e-rastit-k1\/#breadcrumb"},"inLanguage":"en-US","potentialAction":[{"@type":"ReadAction","target":["https:\/\/www.visit-ulcinj.com\/blog\/2014\/07\/12\/gjeka-te-zbardhet-e-verteta-e-rastit-k1\/"]}]},{"@type":"BreadcrumbList","@id":"https:\/\/www.visit-ulcinj.com\/blog\/2014\/07\/12\/gjeka-te-zbardhet-e-verteta-e-rastit-k1\/#breadcrumb","itemListElement":[{"@type":"ListItem","position":1,"name":"Gjeka: T\u00eb zbardhet e v\u00ebrteta e rastit &#8220;K1\u201d"}]},{"@type":"Person","@id":"https:\/\/www.visit-ulcinj.com\/blog\/#\/schema\/person\/dcab619c614d3038751c63bc2aadc06d","name":"ulqini","sameAs":["http:\/\/www.visit-ulcinj.com"],"url":"https:\/\/www.visit-ulcinj.com\/blog\/author\/admin\/"}]}},"jetpack_featured_media_url":"","jetpack_sharing_enabled":true,"jetpack_shortlink":"https:\/\/wp.me\/pe6lTn-lQh","_links":{"self":[{"href":"https:\/\/www.visit-ulcinj.com\/blog\/wp-json\/wp\/v2\/posts\/83965"}],"collection":[{"href":"https:\/\/www.visit-ulcinj.com\/blog\/wp-json\/wp\/v2\/posts"}],"about":[{"href":"https:\/\/www.visit-ulcinj.com\/blog\/wp-json\/wp\/v2\/types\/post"}],"author":[{"embeddable":true,"href":"https:\/\/www.visit-ulcinj.com\/blog\/wp-json\/wp\/v2\/users\/1"}],"replies":[{"embeddable":true,"href":"https:\/\/www.visit-ulcinj.com\/blog\/wp-json\/wp\/v2\/comments?post=83965"}],"version-history":[{"count":2,"href":"https:\/\/www.visit-ulcinj.com\/blog\/wp-json\/wp\/v2\/posts\/83965\/revisions"}],"predecessor-version":[{"id":84428,"href":"https:\/\/www.visit-ulcinj.com\/blog\/wp-json\/wp\/v2\/posts\/83965\/revisions\/84428"}],"wp:attachment":[{"href":"https:\/\/www.visit-ulcinj.com\/blog\/wp-json\/wp\/v2\/media?parent=83965"}],"wp:term":[{"taxonomy":"category","embeddable":true,"href":"https:\/\/www.visit-ulcinj.com\/blog\/wp-json\/wp\/v2\/categories?post=83965"},{"taxonomy":"post_tag","embeddable":true,"href":"https:\/\/www.visit-ulcinj.com\/blog\/wp-json\/wp\/v2\/tags?post=83965"}],"curies":[{"name":"wp","href":"https:\/\/api.w.org\/{rel}","templated":true}]}}