{"id":84032,"date":"2014-07-13T12:24:19","date_gmt":"2014-07-13T11:24:19","guid":{"rendered":"http:\/\/www.visit-ulcinj.com\/blog\/?p=84032"},"modified":"2022-08-03T17:35:13","modified_gmt":"2022-08-03T16:35:13","slug":"apartmani-ulcinj-letovanje-crna-gora-2014-privatni-smestaj-jeftin-smestaj","status":"publish","type":"post","link":"https:\/\/www.visit-ulcinj.com\/blog\/2014\/07\/13\/apartmani-ulcinj-letovanje-crna-gora-2014-privatni-smestaj-jeftin-smestaj\/","title":{"rendered":"Apartmani Ulcinj, Letovanje Crna Gora 2014, Privatni smestaj, Jeftin smestaj"},"content":{"rendered":"<p><a href=\"http:\/\/www.visit-ulcinj.com\/blog\/wp-content\/uploads\/2014\/07\/plazhi-vogel-ulqin1.jpg\"><img loading=\"lazy\" class=\"alignleft  wp-image-84033\" src=\"http:\/\/www.visit-ulcinj.com\/blog\/wp-content\/uploads\/2014\/07\/plazhi-vogel-ulqin1.jpg\" alt=\"plazhi-vogel-ulqin\" width=\"508\" height=\"360\" \/><\/a><br \/>\nI n f o<br \/>\n<a href=\"skype:mirsadaselita01?call\"><img loading=\"lazy\" class=\"alignleft size-full wp-image-3933\" src=\"http:\/\/www.visit-ulcinj.com\/blog\/wp-content\/uploads\/2014\/07\/c70e_skype.jpg\" alt=\"skype\" width=\"121\" height=\"91\" \/><\/a><br \/>\n<strong><em><br \/>\n<\/em><\/strong><\/p>\n<p>Crna Gora \u2013 biser Mediterana, po mnogo \u010demu je posebna, sme\u0161tena je na jugu Jadranskog mora. Nigde ne\u0107ete na\u0107i, na tako malom prostoru, toliko prirodnog bogatstva, lepote, pitomih pla\u017ea, bistrih jezera, brzih reka i predivnih planina \u2013 osim u Crnoj Gori.<\/p>\n<p>Najjuzniji grad na Crnogorskoj obali, Ulcinj je svojim prirodnim potencijalima preodredjen za turizam. Ulcinj svojim polo\u017eajem \u00a0zauzima krajnji ju\u017eni deo Jadranskog primorja, a nalazi se u jugoisto\u010dnom delu Crne Gore. Ju\u017enim delom izlazi na Jadransko more, a isto\u010dnim delom proti\u010de reka Bojana. Ulcinj le\u017ei na otvorenom moru, naspram Otrantskih vrata.<\/p>\n<p><a href=\"http:\/\/www.visit-ulcinj.com\/blog\/wp-content\/uploads\/2009\/05\/valdanos_ulcinj_ulqin-montenegro.jpg\"><img loading=\"lazy\" class=\"alignleft  wp-image-20887\" src=\"http:\/\/www.visit-ulcinj.com\/blog\/wp-content\/uploads\/2009\/05\/valdanos_ulcinj_ulqin-montenegro.jpg\" alt=\"valdanos_ulcinj_ulqin-montenegro\" width=\"508\" height=\"360\" \/><\/a><\/p>\n<p>Sa blizu 20 km pla\u017ea, od toga 15 km finih pe\u0161\u010danih, maslinjacima od oko 88.000 stabala, lekovitim svojstvima peska, blata i mineralne sumporne vode, Ulcinj predstavlja respektabilan ekonomsko-turisti\u010dki potencijal za razvoj svih vrsta elitnog, nauti\u010dkog i zdravstvenog turizma<\/p>\n<p>Ulcinj ima bogatu kuhinju, osim odli\u010dnih \u0107evapa i bureka, obavezno treba probati ulcinjske bamije kao i baklave, tulumbe i alve. A za ljubitelje mediteranske kuhinje tu je sve\u017ea raznovrsna riba kao na pr. Arbun, Brancin, Gof.. kao I morski plodovi. Ulcinjska obala je duga\u010dka 32,70 km, a najveve\u0107im delom to su pe\u0161\u010dane pla\u017ee me\u0111u kojima\u00a0 su najpoznatije Velika pla\u017ea, Mala pla\u017ea, Ada Bojana, kao I pla\u017ee du\u017e Borove \u0161ume i Valdanosa..<\/p>\n<!--YouTube Error: bad URL entered-->\n","protected":false},"excerpt":{"rendered":"<p>I n f o Crna Gora \u2013 biser Mediterana, po mnogo \u010demu je posebna, sme\u0161tena je na jugu Jadranskog mora. Nigde ne\u0107ete na\u0107i, na tako malom prostoru, toliko prirodnog bogatstva, lepote, pitomih pla\u017ea, bistrih jezera, brzih reka i predivnih planina \u2013 osim u Crnoj Gori. Najjuzniji grad na Crnogorskoj obali, Ulcinj je svojim prirodnim potencijalima [&hellip;]<\/p>\n","protected":false},"author":1,"featured_media":0,"comment_status":"closed","ping_status":"closed","sticky":false,"template":"","format":"standard","meta":{"spay_email":"","jetpack_publicize_message":"","jetpack_is_tweetstorm":false,"jetpack_publicize_feature_enabled":true},"categories":[7679],"tags":[3368,3325,10368,21997,3541,10369,3542,3351,22001,3344,3362,21995,2227,2228,748,3365,2862,3382,10364,2229,2230,9436,2231,10365,3338,3340,2232,2233,2234,2235,2236,2237,10366,2240,2241,2243,2242,10367,21,2244,2245,3539,3540,1919,13028,2247,10371,10372,2248,2249,3543,2250,2252,10458,2253,3345,3544,2255,2254,2256,423,3363,2260,3339,2261,2262,10373,2263,3348,3358,2264,2265,3548,1924,2267,21998,21999,2440,3324,3330,22002,10374,3331,3367,2270,3346,3327,3550,3551,3552,3350,3553,2271,22006,10376,3349,1716,2273,2277,2278,2401,3323,3334,3353,2279,22005,3347,3554,3602,10377,21996,3555,22000,21993,3556,3356,3342,21990,10454,22003,2239,3336,9439,9437,9880,92,21991,10378,3335,10379,3352,3557,2335,260,3341,3558,2196,10380,9438,10381,3361,2280,10382,2281,3366,2282,3328,21992,3559,3357,2195,2284,2285,2286,3359,21989,3560,3354,3383,3369,10383,3563,10384,1334,10385,3564,3565,3316,19,10457,10386,10387,3332,3329,10388,22007,3566,3567,3569,3568,22004,3570,3333,3364,21994,3360,1923,2207,3337,2274,2275,3355,2276,3326,3455,3561,3562,3572,3571],"jetpack_publicize_connections":[],"yoast_head":"<!-- This site is optimized with the Yoast SEO plugin v19.1 - https:\/\/yoast.com\/wordpress\/plugins\/seo\/ -->\n<title>Apartmani Ulcinj, Letovanje Crna Gora 2014, Privatni smestaj, Jeftin smestaj - Lajme nga Ulqini<\/title>\n<meta name=\"description\" content=\"I n f o Crna Gora \u2013 biser Mediterana, po mnogo \u010demu je posebna, sme\u0161tena je na jugu Jadranskog mora. Nigde ne\u0107ete na\u0107i, na tako malom prostoru, toliko\" \/>\n<meta name=\"robots\" content=\"index, follow, max-snippet:-1, max-image-preview:large, max-video-preview:-1\" \/>\n<link rel=\"canonical\" href=\"https:\/\/www.visit-ulcinj.com\/blog\/2014\/07\/13\/apartmani-ulcinj-letovanje-crna-gora-2014-privatni-smestaj-jeftin-smestaj\/\" \/>\n<meta property=\"og:locale\" content=\"en_US\" \/>\n<meta property=\"og:type\" content=\"article\" \/>\n<meta property=\"og:title\" content=\"Apartmani Ulcinj, Letovanje Crna Gora 2014, Privatni smestaj, Jeftin smestaj - Lajme nga Ulqini\" \/>\n<meta property=\"og:description\" content=\"I n f o Crna Gora \u2013 biser Mediterana, po mnogo \u010demu je posebna, sme\u0161tena je na jugu Jadranskog mora. Nigde ne\u0107ete na\u0107i, na tako malom prostoru, toliko\" \/>\n<meta property=\"og:url\" content=\"https:\/\/www.visit-ulcinj.com\/blog\/2014\/07\/13\/apartmani-ulcinj-letovanje-crna-gora-2014-privatni-smestaj-jeftin-smestaj\/\" \/>\n<meta property=\"og:site_name\" content=\"Lajme nga Ulqini\" \/>\n<meta property=\"article:published_time\" content=\"2014-07-13T11:24:19+00:00\" \/>\n<meta property=\"article:modified_time\" content=\"2022-08-03T16:35:13+00:00\" \/>\n<meta property=\"og:image\" content=\"http:\/\/www.visit-ulcinj.com\/blog\/wp-content\/uploads\/2014\/07\/plazhi-vogel-ulqin1.jpg\" \/>\n<meta name=\"twitter:label1\" content=\"Written by\" \/>\n\t<meta name=\"twitter:data1\" content=\"ulqini\" \/>\n\t<meta name=\"twitter:label2\" content=\"Est. reading time\" \/>\n\t<meta name=\"twitter:data2\" content=\"2 minutes\" \/>\n<script type=\"application\/ld+json\" class=\"yoast-schema-graph\">{\"@context\":\"https:\/\/schema.org\",\"@graph\":[{\"@type\":\"WebSite\",\"@id\":\"https:\/\/www.visit-ulcinj.com\/blog\/#website\",\"url\":\"https:\/\/www.visit-ulcinj.com\/blog\/\",\"name\":\"Lajme nga Ulqini\",\"description\":\"Lajme,Vijesti,Ulqini,Ulqin,Crna Gora,Mali i Zi\",\"potentialAction\":[{\"@type\":\"SearchAction\",\"target\":{\"@type\":\"EntryPoint\",\"urlTemplate\":\"https:\/\/www.visit-ulcinj.com\/blog\/?s={search_term_string}\"},\"query-input\":\"required name=search_term_string\"}],\"inLanguage\":\"en-US\"},{\"@type\":\"ImageObject\",\"inLanguage\":\"en-US\",\"@id\":\"https:\/\/www.visit-ulcinj.com\/blog\/2014\/07\/13\/apartmani-ulcinj-letovanje-crna-gora-2014-privatni-smestaj-jeftin-smestaj\/#primaryimage\",\"url\":\"https:\/\/www.visit-ulcinj.com\/blog\/wp-content\/uploads\/2014\/07\/plazhi-vogel-ulqin1.jpg\",\"contentUrl\":\"https:\/\/www.visit-ulcinj.com\/blog\/wp-content\/uploads\/2014\/07\/plazhi-vogel-ulqin1.jpg\",\"width\":640,\"height\":511},{\"@type\":\"WebPage\",\"@id\":\"https:\/\/www.visit-ulcinj.com\/blog\/2014\/07\/13\/apartmani-ulcinj-letovanje-crna-gora-2014-privatni-smestaj-jeftin-smestaj\/#webpage\",\"url\":\"https:\/\/www.visit-ulcinj.com\/blog\/2014\/07\/13\/apartmani-ulcinj-letovanje-crna-gora-2014-privatni-smestaj-jeftin-smestaj\/\",\"name\":\"Apartmani Ulcinj, Letovanje Crna Gora 2014, Privatni smestaj, Jeftin smestaj - Lajme nga Ulqini\",\"isPartOf\":{\"@id\":\"https:\/\/www.visit-ulcinj.com\/blog\/#website\"},\"primaryImageOfPage\":{\"@id\":\"https:\/\/www.visit-ulcinj.com\/blog\/2014\/07\/13\/apartmani-ulcinj-letovanje-crna-gora-2014-privatni-smestaj-jeftin-smestaj\/#primaryimage\"},\"datePublished\":\"2014-07-13T11:24:19+00:00\",\"dateModified\":\"2022-08-03T16:35:13+00:00\",\"author\":{\"@id\":\"https:\/\/www.visit-ulcinj.com\/blog\/#\/schema\/person\/dcab619c614d3038751c63bc2aadc06d\"},\"description\":\"I n f o Crna Gora \u2013 biser Mediterana, po mnogo \u010demu je posebna, sme\u0161tena je na jugu Jadranskog mora. Nigde ne\u0107ete na\u0107i, na tako malom prostoru, toliko\",\"breadcrumb\":{\"@id\":\"https:\/\/www.visit-ulcinj.com\/blog\/2014\/07\/13\/apartmani-ulcinj-letovanje-crna-gora-2014-privatni-smestaj-jeftin-smestaj\/#breadcrumb\"},\"inLanguage\":\"en-US\",\"potentialAction\":[{\"@type\":\"ReadAction\",\"target\":[\"https:\/\/www.visit-ulcinj.com\/blog\/2014\/07\/13\/apartmani-ulcinj-letovanje-crna-gora-2014-privatni-smestaj-jeftin-smestaj\/\"]}]},{\"@type\":\"BreadcrumbList\",\"@id\":\"https:\/\/www.visit-ulcinj.com\/blog\/2014\/07\/13\/apartmani-ulcinj-letovanje-crna-gora-2014-privatni-smestaj-jeftin-smestaj\/#breadcrumb\",\"itemListElement\":[{\"@type\":\"ListItem\",\"position\":1,\"name\":\"Apartmani Ulcinj, Letovanje Crna Gora 2014, Privatni smestaj, Jeftin smestaj\"}]},{\"@type\":\"Person\",\"@id\":\"https:\/\/www.visit-ulcinj.com\/blog\/#\/schema\/person\/dcab619c614d3038751c63bc2aadc06d\",\"name\":\"ulqini\",\"sameAs\":[\"http:\/\/www.visit-ulcinj.com\"],\"url\":\"https:\/\/www.visit-ulcinj.com\/blog\/author\/admin\/\"}]}<\/script>\n<!-- \/ Yoast SEO plugin. -->","yoast_head_json":{"title":"Apartmani Ulcinj, Letovanje Crna Gora 2014, Privatni smestaj, Jeftin smestaj - Lajme nga Ulqini","description":"I n f o Crna Gora \u2013 biser Mediterana, po mnogo \u010demu je posebna, sme\u0161tena je na jugu Jadranskog mora. Nigde ne\u0107ete na\u0107i, na tako malom prostoru, toliko","robots":{"index":"index","follow":"follow","max-snippet":"max-snippet:-1","max-image-preview":"max-image-preview:large","max-video-preview":"max-video-preview:-1"},"canonical":"https:\/\/www.visit-ulcinj.com\/blog\/2014\/07\/13\/apartmani-ulcinj-letovanje-crna-gora-2014-privatni-smestaj-jeftin-smestaj\/","og_locale":"en_US","og_type":"article","og_title":"Apartmani Ulcinj, Letovanje Crna Gora 2014, Privatni smestaj, Jeftin smestaj - Lajme nga Ulqini","og_description":"I n f o Crna Gora \u2013 biser Mediterana, po mnogo \u010demu je posebna, sme\u0161tena je na jugu Jadranskog mora. Nigde ne\u0107ete na\u0107i, na tako malom prostoru, toliko","og_url":"https:\/\/www.visit-ulcinj.com\/blog\/2014\/07\/13\/apartmani-ulcinj-letovanje-crna-gora-2014-privatni-smestaj-jeftin-smestaj\/","og_site_name":"Lajme nga Ulqini","article_published_time":"2014-07-13T11:24:19+00:00","article_modified_time":"2022-08-03T16:35:13+00:00","og_image":[{"url":"http:\/\/www.visit-ulcinj.com\/blog\/wp-content\/uploads\/2014\/07\/plazhi-vogel-ulqin1.jpg"}],"twitter_misc":{"Written by":"ulqini","Est. reading time":"2 minutes"},"schema":{"@context":"https:\/\/schema.org","@graph":[{"@type":"WebSite","@id":"https:\/\/www.visit-ulcinj.com\/blog\/#website","url":"https:\/\/www.visit-ulcinj.com\/blog\/","name":"Lajme nga Ulqini","description":"Lajme,Vijesti,Ulqini,Ulqin,Crna Gora,Mali i Zi","potentialAction":[{"@type":"SearchAction","target":{"@type":"EntryPoint","urlTemplate":"https:\/\/www.visit-ulcinj.com\/blog\/?s={search_term_string}"},"query-input":"required name=search_term_string"}],"inLanguage":"en-US"},{"@type":"ImageObject","inLanguage":"en-US","@id":"https:\/\/www.visit-ulcinj.com\/blog\/2014\/07\/13\/apartmani-ulcinj-letovanje-crna-gora-2014-privatni-smestaj-jeftin-smestaj\/#primaryimage","url":"https:\/\/www.visit-ulcinj.com\/blog\/wp-content\/uploads\/2014\/07\/plazhi-vogel-ulqin1.jpg","contentUrl":"https:\/\/www.visit-ulcinj.com\/blog\/wp-content\/uploads\/2014\/07\/plazhi-vogel-ulqin1.jpg","width":640,"height":511},{"@type":"WebPage","@id":"https:\/\/www.visit-ulcinj.com\/blog\/2014\/07\/13\/apartmani-ulcinj-letovanje-crna-gora-2014-privatni-smestaj-jeftin-smestaj\/#webpage","url":"https:\/\/www.visit-ulcinj.com\/blog\/2014\/07\/13\/apartmani-ulcinj-letovanje-crna-gora-2014-privatni-smestaj-jeftin-smestaj\/","name":"Apartmani Ulcinj, Letovanje Crna Gora 2014, Privatni smestaj, Jeftin smestaj - Lajme nga Ulqini","isPartOf":{"@id":"https:\/\/www.visit-ulcinj.com\/blog\/#website"},"primaryImageOfPage":{"@id":"https:\/\/www.visit-ulcinj.com\/blog\/2014\/07\/13\/apartmani-ulcinj-letovanje-crna-gora-2014-privatni-smestaj-jeftin-smestaj\/#primaryimage"},"datePublished":"2014-07-13T11:24:19+00:00","dateModified":"2022-08-03T16:35:13+00:00","author":{"@id":"https:\/\/www.visit-ulcinj.com\/blog\/#\/schema\/person\/dcab619c614d3038751c63bc2aadc06d"},"description":"I n f o Crna Gora \u2013 biser Mediterana, po mnogo \u010demu je posebna, sme\u0161tena je na jugu Jadranskog mora. Nigde ne\u0107ete na\u0107i, na tako malom prostoru, toliko","breadcrumb":{"@id":"https:\/\/www.visit-ulcinj.com\/blog\/2014\/07\/13\/apartmani-ulcinj-letovanje-crna-gora-2014-privatni-smestaj-jeftin-smestaj\/#breadcrumb"},"inLanguage":"en-US","potentialAction":[{"@type":"ReadAction","target":["https:\/\/www.visit-ulcinj.com\/blog\/2014\/07\/13\/apartmani-ulcinj-letovanje-crna-gora-2014-privatni-smestaj-jeftin-smestaj\/"]}]},{"@type":"BreadcrumbList","@id":"https:\/\/www.visit-ulcinj.com\/blog\/2014\/07\/13\/apartmani-ulcinj-letovanje-crna-gora-2014-privatni-smestaj-jeftin-smestaj\/#breadcrumb","itemListElement":[{"@type":"ListItem","position":1,"name":"Apartmani Ulcinj, Letovanje Crna Gora 2014, Privatni smestaj, Jeftin smestaj"}]},{"@type":"Person","@id":"https:\/\/www.visit-ulcinj.com\/blog\/#\/schema\/person\/dcab619c614d3038751c63bc2aadc06d","name":"ulqini","sameAs":["http:\/\/www.visit-ulcinj.com"],"url":"https:\/\/www.visit-ulcinj.com\/blog\/author\/admin\/"}]}},"jetpack_featured_media_url":"","jetpack_sharing_enabled":true,"jetpack_shortlink":"https:\/\/wp.me\/pe6lTn-lRm","_links":{"self":[{"href":"https:\/\/www.visit-ulcinj.com\/blog\/wp-json\/wp\/v2\/posts\/84032"}],"collection":[{"href":"https:\/\/www.visit-ulcinj.com\/blog\/wp-json\/wp\/v2\/posts"}],"about":[{"href":"https:\/\/www.visit-ulcinj.com\/blog\/wp-json\/wp\/v2\/types\/post"}],"author":[{"embeddable":true,"href":"https:\/\/www.visit-ulcinj.com\/blog\/wp-json\/wp\/v2\/users\/1"}],"replies":[{"embeddable":true,"href":"https:\/\/www.visit-ulcinj.com\/blog\/wp-json\/wp\/v2\/comments?post=84032"}],"version-history":[{"count":9,"href":"https:\/\/www.visit-ulcinj.com\/blog\/wp-json\/wp\/v2\/posts\/84032\/revisions"}],"predecessor-version":[{"id":106749,"href":"https:\/\/www.visit-ulcinj.com\/blog\/wp-json\/wp\/v2\/posts\/84032\/revisions\/106749"}],"wp:attachment":[{"href":"https:\/\/www.visit-ulcinj.com\/blog\/wp-json\/wp\/v2\/media?parent=84032"}],"wp:term":[{"taxonomy":"category","embeddable":true,"href":"https:\/\/www.visit-ulcinj.com\/blog\/wp-json\/wp\/v2\/categories?post=84032"},{"taxonomy":"post_tag","embeddable":true,"href":"https:\/\/www.visit-ulcinj.com\/blog\/wp-json\/wp\/v2\/tags?post=84032"}],"curies":[{"name":"wp","href":"https:\/\/api.w.org\/{rel}","templated":true}]}}