{"id":84047,"date":"2014-07-13T19:04:23","date_gmt":"2014-07-13T18:04:23","guid":{"rendered":"http:\/\/www.visit-ulcinj.com\/blog\/?p=84047"},"modified":"2014-07-13T19:04:23","modified_gmt":"2014-07-13T18:04:23","slug":"eksodi-shqiptareve-te-malit-te-zi-1912-13-foto","status":"publish","type":"post","link":"https:\/\/www.visit-ulcinj.com\/blog\/2014\/07\/13\/eksodi-shqiptareve-te-malit-te-zi-1912-13-foto\/","title":{"rendered":"Eksodi i shqiptar\u00ebve t\u00eb Malit t\u00eb Zi, 1912-13 &#8211; Foto"},"content":{"rendered":"<p><strong><a href=\"http:\/\/www.visit-ulcinj.com\/blog\/wp-content\/uploads\/2014\/07\/Eksodi-i-shqiptar\u00ebve-t\u00eb-Malit-t\u00eb-Zi-1912-13.jpg\"><img loading=\"lazy\" class=\"alignleft  wp-image-84048\" alt=\"Eksodi i shqiptar\u00ebve t\u00eb Malit t\u00eb Zi, 1912-13\" src=\"http:\/\/www.visit-ulcinj.com\/blog\/wp-content\/uploads\/2014\/07\/Eksodi-i-shqiptar\u00ebve-t\u00eb-Malit-t\u00eb-Zi-1912-13.jpg\" width=\"508\" height=\"360\" \/><\/a>Nga<\/strong> <strong>Flamur Maxharri<\/strong><\/p>\n<p>Para fillimit t\u00eb Luft\u00ebrave Ballkanike qytet shqiptare Podgorica, Tuzi, dhe nj\u00eb pjes\u00eb \u00eb Mal\u00ebsis\u00eb s\u00eb Madhe u pushtuan nga Mali Zi, nd\u00ebrsa banor\u00ebt shqiptar\u00eb u d\u00ebbuan nga sht\u00ebpit\u00eb e tyre.<\/p>\n<p>Para fillimit t\u00eb Luft\u00ebrave Ballkanike qytet shqiptare Podgorica, Tuzi, dhe nj\u00eb pjes\u00eb \u00eb Mal\u00ebsis\u00eb s\u00eb Madhe u pushtuan nga Mali Zi, nd\u00ebrsa banor\u00ebt shqiptar\u00eb u d\u00ebbuan nga sht\u00ebpit\u00eb e tyre.<br \/>\n<a href=\"http:\/\/www.visit-ulcinj.com\/blog\/wp-content\/uploads\/2014\/07\/Eksodi-i-shqiptar\u00ebve-t\u00eb-Malit-t\u00eb-Zi-1912-13-1.jpg\"><img loading=\"lazy\" class=\"alignleft  wp-image-84049\" alt=\"Eksodi i shqiptar\u00ebve t\u00eb Malit t\u00eb Zi, 1912-13-1\" src=\"http:\/\/www.visit-ulcinj.com\/blog\/wp-content\/uploads\/2014\/07\/Eksodi-i-shqiptar\u00ebve-t\u00eb-Malit-t\u00eb-Zi-1912-13-1.jpg\" width=\"508\" height=\"600\" \/><\/a><\/p>\n<p>Kurse, nga qyteti i Tivarit i cili ishte \u201ccenuar\u201d n\u00eb vitin 1878, shqiptar\u00ebt u d\u00ebbuan n\u00eb vitin 1912\/13.<\/p>\n<p>M\u00eb posht\u00eb mund t\u00eb shihni fotografi t\u00eb shqiptar\u00ebve t\u00eb d\u00ebbuar nga forcat malazeze. N\u00eb foton kryesore jan\u00eb refugjat\u00ebt n\u00eb bordin e nj\u00eb anijeje austriake q\u00eb arrinte n\u00eb Durr\u00ebs. Nd\u00ebrsa, n\u00eb dy foto tjera jan\u00eb refugjat\u00ebt shqiptar\u00eb dhe kampi i refugjat\u00ebve t\u00eb d\u00ebbuar shqiptar\u00eb.<\/p>\n<p><a href=\"http:\/\/www.visit-ulcinj.com\/blog\/wp-content\/uploads\/2014\/07\/Eksodi-i-shqiptar\u00ebve-t\u00eb-Malit-t\u00eb-Zi-1912-13-2.jpg\"><img loading=\"lazy\" class=\"alignleft  wp-image-84050\" alt=\"Eksodi i shqiptar\u00ebve t\u00eb Malit t\u00eb Zi, 1912-13-2\" src=\"http:\/\/www.visit-ulcinj.com\/blog\/wp-content\/uploads\/2014\/07\/Eksodi-i-shqiptar\u00ebve-t\u00eb-Malit-t\u00eb-Zi-1912-13-2.jpg\" width=\"508\" height=\"360\" \/><\/a><\/p>\n<p>Gjat\u00eb pushtimeve, shqiptar\u00ebt m\u00eb s\u00eb shumti kan\u00eb vuajtur nga malazez\u00ebt, meq\u00eb ishin m\u00eb mizor\u00ebt. Pushtimet ndiqeshin nga pop\u00ebt e tyre, t\u00eb cil\u00ebn detyronin ose konvertimin e dhunsh\u00ebm &#8211; pra edhe asimilimin komb\u00ebtar &#8211; ose ekzekutimin n\u00eb vend. <strong>Z\u00ebri \/ Telegrafi<\/strong><\/p>\n","protected":false},"excerpt":{"rendered":"<p>Nga Flamur Maxharri Para fillimit t\u00eb Luft\u00ebrave Ballkanike qytet shqiptare Podgorica, Tuzi, dhe nj\u00eb pjes\u00eb \u00eb Mal\u00ebsis\u00eb s\u00eb Madhe u pushtuan nga Mali Zi, nd\u00ebrsa banor\u00ebt shqiptar\u00eb u d\u00ebbuan nga sht\u00ebpit\u00eb e tyre. Para fillimit t\u00eb Luft\u00ebrave Ballkanike qytet shqiptare Podgorica, Tuzi, dhe nj\u00eb pjes\u00eb \u00eb Mal\u00ebsis\u00eb s\u00eb Madhe u pushtuan nga Mali Zi, nd\u00ebrsa [&hellip;]<\/p>\n","protected":false},"author":1,"featured_media":0,"comment_status":"closed","ping_status":"closed","sticky":false,"template":"","format":"standard","meta":{"spay_email":"","jetpack_publicize_message":"","jetpack_is_tweetstorm":false,"jetpack_publicize_feature_enabled":true},"categories":[14],"tags":[],"jetpack_publicize_connections":[],"yoast_head":"<!-- This site is optimized with the Yoast SEO plugin v19.1 - https:\/\/yoast.com\/wordpress\/plugins\/seo\/ -->\n<title>Eksodi i shqiptar\u00ebve t\u00eb Malit t\u00eb Zi, 1912-13 - Foto - Lajme nga Ulqini<\/title>\n<meta name=\"description\" content=\"Nga Flamur Maxharri Para fillimit t\u00eb Luft\u00ebrave Ballkanike qytet shqiptare Podgorica, Tuzi, dhe nj\u00eb pjes\u00eb \u00eb Mal\u00ebsis\u00eb s\u00eb Madhe u pushtuan nga Mali Zi,\" \/>\n<meta name=\"robots\" content=\"index, follow, max-snippet:-1, max-image-preview:large, max-video-preview:-1\" \/>\n<link rel=\"canonical\" href=\"https:\/\/www.visit-ulcinj.com\/blog\/2014\/07\/13\/eksodi-shqiptareve-te-malit-te-zi-1912-13-foto\/\" \/>\n<meta property=\"og:locale\" content=\"en_US\" \/>\n<meta property=\"og:type\" content=\"article\" \/>\n<meta property=\"og:title\" content=\"Eksodi i shqiptar\u00ebve t\u00eb Malit t\u00eb Zi, 1912-13 - Foto - Lajme nga Ulqini\" \/>\n<meta property=\"og:description\" content=\"Nga Flamur Maxharri Para fillimit t\u00eb Luft\u00ebrave Ballkanike qytet shqiptare Podgorica, Tuzi, dhe nj\u00eb pjes\u00eb \u00eb Mal\u00ebsis\u00eb s\u00eb Madhe u pushtuan nga Mali Zi,\" \/>\n<meta property=\"og:url\" content=\"https:\/\/www.visit-ulcinj.com\/blog\/2014\/07\/13\/eksodi-shqiptareve-te-malit-te-zi-1912-13-foto\/\" \/>\n<meta property=\"og:site_name\" content=\"Lajme nga Ulqini\" \/>\n<meta property=\"article:published_time\" content=\"2014-07-13T18:04:23+00:00\" \/>\n<meta name=\"twitter:label1\" content=\"Written by\" \/>\n\t<meta name=\"twitter:data1\" content=\"ulqini\" \/>\n\t<meta name=\"twitter:label2\" content=\"Est. reading time\" \/>\n\t<meta name=\"twitter:data2\" content=\"1 minute\" \/>\n<script type=\"application\/ld+json\" class=\"yoast-schema-graph\">{\"@context\":\"https:\/\/schema.org\",\"@graph\":[{\"@type\":\"WebSite\",\"@id\":\"https:\/\/www.visit-ulcinj.com\/blog\/#website\",\"url\":\"https:\/\/www.visit-ulcinj.com\/blog\/\",\"name\":\"Lajme nga Ulqini\",\"description\":\"Lajme,Vijesti,Ulqini,Ulqin,Crna Gora,Mali i Zi\",\"potentialAction\":[{\"@type\":\"SearchAction\",\"target\":{\"@type\":\"EntryPoint\",\"urlTemplate\":\"https:\/\/www.visit-ulcinj.com\/blog\/?s={search_term_string}\"},\"query-input\":\"required name=search_term_string\"}],\"inLanguage\":\"en-US\"},{\"@type\":\"WebPage\",\"@id\":\"https:\/\/www.visit-ulcinj.com\/blog\/2014\/07\/13\/eksodi-shqiptareve-te-malit-te-zi-1912-13-foto\/#webpage\",\"url\":\"https:\/\/www.visit-ulcinj.com\/blog\/2014\/07\/13\/eksodi-shqiptareve-te-malit-te-zi-1912-13-foto\/\",\"name\":\"Eksodi i shqiptar\u00ebve t\u00eb Malit t\u00eb Zi, 1912-13 - Foto - Lajme nga Ulqini\",\"isPartOf\":{\"@id\":\"https:\/\/www.visit-ulcinj.com\/blog\/#website\"},\"datePublished\":\"2014-07-13T18:04:23+00:00\",\"dateModified\":\"2014-07-13T18:04:23+00:00\",\"author\":{\"@id\":\"https:\/\/www.visit-ulcinj.com\/blog\/#\/schema\/person\/dcab619c614d3038751c63bc2aadc06d\"},\"description\":\"Nga Flamur Maxharri Para fillimit t\u00eb Luft\u00ebrave Ballkanike qytet shqiptare Podgorica, Tuzi, dhe nj\u00eb pjes\u00eb \u00eb Mal\u00ebsis\u00eb s\u00eb Madhe u pushtuan nga Mali Zi,\",\"breadcrumb\":{\"@id\":\"https:\/\/www.visit-ulcinj.com\/blog\/2014\/07\/13\/eksodi-shqiptareve-te-malit-te-zi-1912-13-foto\/#breadcrumb\"},\"inLanguage\":\"en-US\",\"potentialAction\":[{\"@type\":\"ReadAction\",\"target\":[\"https:\/\/www.visit-ulcinj.com\/blog\/2014\/07\/13\/eksodi-shqiptareve-te-malit-te-zi-1912-13-foto\/\"]}]},{\"@type\":\"BreadcrumbList\",\"@id\":\"https:\/\/www.visit-ulcinj.com\/blog\/2014\/07\/13\/eksodi-shqiptareve-te-malit-te-zi-1912-13-foto\/#breadcrumb\",\"itemListElement\":[{\"@type\":\"ListItem\",\"position\":1,\"name\":\"Eksodi i shqiptar\u00ebve t\u00eb Malit t\u00eb Zi, 1912-13 &#8211; Foto\"}]},{\"@type\":\"Person\",\"@id\":\"https:\/\/www.visit-ulcinj.com\/blog\/#\/schema\/person\/dcab619c614d3038751c63bc2aadc06d\",\"name\":\"ulqini\",\"sameAs\":[\"http:\/\/www.visit-ulcinj.com\"],\"url\":\"https:\/\/www.visit-ulcinj.com\/blog\/author\/admin\/\"}]}<\/script>\n<!-- \/ Yoast SEO plugin. -->","yoast_head_json":{"title":"Eksodi i shqiptar\u00ebve t\u00eb Malit t\u00eb Zi, 1912-13 - Foto - Lajme nga Ulqini","description":"Nga Flamur Maxharri Para fillimit t\u00eb Luft\u00ebrave Ballkanike qytet shqiptare Podgorica, Tuzi, dhe nj\u00eb pjes\u00eb \u00eb Mal\u00ebsis\u00eb s\u00eb Madhe u pushtuan nga Mali Zi,","robots":{"index":"index","follow":"follow","max-snippet":"max-snippet:-1","max-image-preview":"max-image-preview:large","max-video-preview":"max-video-preview:-1"},"canonical":"https:\/\/www.visit-ulcinj.com\/blog\/2014\/07\/13\/eksodi-shqiptareve-te-malit-te-zi-1912-13-foto\/","og_locale":"en_US","og_type":"article","og_title":"Eksodi i shqiptar\u00ebve t\u00eb Malit t\u00eb Zi, 1912-13 - Foto - Lajme nga Ulqini","og_description":"Nga Flamur Maxharri Para fillimit t\u00eb Luft\u00ebrave Ballkanike qytet shqiptare Podgorica, Tuzi, dhe nj\u00eb pjes\u00eb \u00eb Mal\u00ebsis\u00eb s\u00eb Madhe u pushtuan nga Mali Zi,","og_url":"https:\/\/www.visit-ulcinj.com\/blog\/2014\/07\/13\/eksodi-shqiptareve-te-malit-te-zi-1912-13-foto\/","og_site_name":"Lajme nga Ulqini","article_published_time":"2014-07-13T18:04:23+00:00","twitter_misc":{"Written by":"ulqini","Est. reading time":"1 minute"},"schema":{"@context":"https:\/\/schema.org","@graph":[{"@type":"WebSite","@id":"https:\/\/www.visit-ulcinj.com\/blog\/#website","url":"https:\/\/www.visit-ulcinj.com\/blog\/","name":"Lajme nga Ulqini","description":"Lajme,Vijesti,Ulqini,Ulqin,Crna Gora,Mali i Zi","potentialAction":[{"@type":"SearchAction","target":{"@type":"EntryPoint","urlTemplate":"https:\/\/www.visit-ulcinj.com\/blog\/?s={search_term_string}"},"query-input":"required name=search_term_string"}],"inLanguage":"en-US"},{"@type":"WebPage","@id":"https:\/\/www.visit-ulcinj.com\/blog\/2014\/07\/13\/eksodi-shqiptareve-te-malit-te-zi-1912-13-foto\/#webpage","url":"https:\/\/www.visit-ulcinj.com\/blog\/2014\/07\/13\/eksodi-shqiptareve-te-malit-te-zi-1912-13-foto\/","name":"Eksodi i shqiptar\u00ebve t\u00eb Malit t\u00eb Zi, 1912-13 - Foto - Lajme nga Ulqini","isPartOf":{"@id":"https:\/\/www.visit-ulcinj.com\/blog\/#website"},"datePublished":"2014-07-13T18:04:23+00:00","dateModified":"2014-07-13T18:04:23+00:00","author":{"@id":"https:\/\/www.visit-ulcinj.com\/blog\/#\/schema\/person\/dcab619c614d3038751c63bc2aadc06d"},"description":"Nga Flamur Maxharri Para fillimit t\u00eb Luft\u00ebrave Ballkanike qytet shqiptare Podgorica, Tuzi, dhe nj\u00eb pjes\u00eb \u00eb Mal\u00ebsis\u00eb s\u00eb Madhe u pushtuan nga Mali Zi,","breadcrumb":{"@id":"https:\/\/www.visit-ulcinj.com\/blog\/2014\/07\/13\/eksodi-shqiptareve-te-malit-te-zi-1912-13-foto\/#breadcrumb"},"inLanguage":"en-US","potentialAction":[{"@type":"ReadAction","target":["https:\/\/www.visit-ulcinj.com\/blog\/2014\/07\/13\/eksodi-shqiptareve-te-malit-te-zi-1912-13-foto\/"]}]},{"@type":"BreadcrumbList","@id":"https:\/\/www.visit-ulcinj.com\/blog\/2014\/07\/13\/eksodi-shqiptareve-te-malit-te-zi-1912-13-foto\/#breadcrumb","itemListElement":[{"@type":"ListItem","position":1,"name":"Eksodi i shqiptar\u00ebve t\u00eb Malit t\u00eb Zi, 1912-13 &#8211; Foto"}]},{"@type":"Person","@id":"https:\/\/www.visit-ulcinj.com\/blog\/#\/schema\/person\/dcab619c614d3038751c63bc2aadc06d","name":"ulqini","sameAs":["http:\/\/www.visit-ulcinj.com"],"url":"https:\/\/www.visit-ulcinj.com\/blog\/author\/admin\/"}]}},"jetpack_featured_media_url":"","jetpack_sharing_enabled":true,"jetpack_shortlink":"https:\/\/wp.me\/pe6lTn-lRB","_links":{"self":[{"href":"https:\/\/www.visit-ulcinj.com\/blog\/wp-json\/wp\/v2\/posts\/84047"}],"collection":[{"href":"https:\/\/www.visit-ulcinj.com\/blog\/wp-json\/wp\/v2\/posts"}],"about":[{"href":"https:\/\/www.visit-ulcinj.com\/blog\/wp-json\/wp\/v2\/types\/post"}],"author":[{"embeddable":true,"href":"https:\/\/www.visit-ulcinj.com\/blog\/wp-json\/wp\/v2\/users\/1"}],"replies":[{"embeddable":true,"href":"https:\/\/www.visit-ulcinj.com\/blog\/wp-json\/wp\/v2\/comments?post=84047"}],"version-history":[{"count":1,"href":"https:\/\/www.visit-ulcinj.com\/blog\/wp-json\/wp\/v2\/posts\/84047\/revisions"}],"predecessor-version":[{"id":84051,"href":"https:\/\/www.visit-ulcinj.com\/blog\/wp-json\/wp\/v2\/posts\/84047\/revisions\/84051"}],"wp:attachment":[{"href":"https:\/\/www.visit-ulcinj.com\/blog\/wp-json\/wp\/v2\/media?parent=84047"}],"wp:term":[{"taxonomy":"category","embeddable":true,"href":"https:\/\/www.visit-ulcinj.com\/blog\/wp-json\/wp\/v2\/categories?post=84047"},{"taxonomy":"post_tag","embeddable":true,"href":"https:\/\/www.visit-ulcinj.com\/blog\/wp-json\/wp\/v2\/tags?post=84047"}],"curies":[{"name":"wp","href":"https:\/\/api.w.org\/{rel}","templated":true}]}}