{"id":84052,"date":"2014-07-13T19:23:00","date_gmt":"2014-07-13T18:23:00","guid":{"rendered":"http:\/\/www.visit-ulcinj.com\/blog\/?p=84052"},"modified":"2014-07-13T19:30:34","modified_gmt":"2014-07-13T18:30:34","slug":"nora-robertin-dhe-labin-ne-shetitore-te-ulqinit","status":"publish","type":"post","link":"https:\/\/www.visit-ulcinj.com\/blog\/2014\/07\/13\/nora-robertin-dhe-labin-ne-shetitore-te-ulqinit\/","title":{"rendered":"Nora me Robertin dhe Labin n\u00eb shetitore t\u00eb Ulqinit"},"content":{"rendered":"<p><a href=\"http:\/\/www.visit-ulcinj.com\/blog\/wp-content\/uploads\/2014\/07\/Nora-istrefi-n\u00eb-Ulqin.jpg\"><img loading=\"lazy\" class=\"alignleft  wp-image-84053\" alt=\"Nora-istrefi n\u00eb Ulqin\" src=\"http:\/\/www.visit-ulcinj.com\/blog\/wp-content\/uploads\/2014\/07\/Nora-istrefi-n\u00eb-Ulqin.jpg\" width=\"508\" height=\"400\" \/><\/a>K\u00ebng\u00ebtarja e mir\u00ebnjohur Nora Istrefi duket se angazhimi i saj n\u00eb muzik\u00eb i ka sjell p\u00ebrfitime t\u00eb k\u00ebnaqshme me Robertin dhe Labin n\u00eb shoq\u00ebri t\u00eb Leonardo Leo Stanaj n\u00eb shetitoren e plazhit t\u00eb vogel n\u00eb Ulqin. Duhet cekur q\u00eb Nora dhe Roberti posedojn\u00eb vil\u00eb n\u00eb Ulqin ku ato kalojn\u00eb momente t\u00eb paharuara.<\/p>\n<p>Burime t\u00eb af\u00ebrta me k\u00ebng\u00ebtaren prishtinase kan\u00eb b\u00ebr\u00eb me dije se Nora dhe Robert Berisha kan vendos q\u00eb me dy shtator\u00eb, ta caktoj si dat\u00ebn e martes\u00ebs s\u00eb tyre. Nuk dihet se ku do t\u00eb ndodh ajo n\u00eb Ulqin, Prishtin, Tiran\u00eb, Dubai, Lausanne apo diku tjet\u00ebr apo si, vet\u00ebm se kjo \u00ebsht\u00eb data., nd\u00ebrsa kjo \u00ebsht\u00eb nj\u00eb tjet\u00ebr d\u00ebshmi q\u00eb \u00e7ifti jan\u00eb bashk\u00eb dhe t\u00eb lumtur n\u00eb Ulqin.<\/p>\n<p>Ndryshe, ata, prej koh\u00ebsh jan\u00eb bashk\u00eb, dhe s\u00eb fundmi n\u00eb spotin e saj, k\u00ebng\u00ebtarja kosovare, e ka b\u00ebr\u00eb s\u00eb bashku me t\u00eb dashurin, Robertin.<\/p>\n<div id=\"stcpDiv\">Nora i k\u00ebndon dashuris\u00eb s\u00eb saj n\u00eb k\u00ebng\u00ebn m\u00eb t\u00eb re \u2018Baby jem\u2019, t\u00eb cil\u00ebs i ka realizuar edhe nj\u00eb videoklip me skena shum\u00eb hot ku tregon trupin e mrekulluesh\u00ebm p\u00ebrkrah Robertit me <strong>1,651,531 klikime ne You Tube.<\/strong><\/div>\n<p>&nbsp;<\/p>\n<p><strong>Lajme nga Ulqini<\/strong><\/p>\n<!--YouTube Error: bad URL entered-->\n","protected":false},"excerpt":{"rendered":"<p>K\u00ebng\u00ebtarja e mir\u00ebnjohur Nora Istrefi duket se angazhimi i saj n\u00eb muzik\u00eb i ka sjell p\u00ebrfitime t\u00eb k\u00ebnaqshme me Robertin dhe Labin n\u00eb shoq\u00ebri t\u00eb Leonardo Leo Stanaj n\u00eb shetitoren e plazhit t\u00eb vogel n\u00eb Ulqin. Duhet cekur q\u00eb Nora dhe Roberti posedojn\u00eb vil\u00eb n\u00eb Ulqin ku ato kalojn\u00eb momente t\u00eb paharuara. Burime t\u00eb af\u00ebrta [&hellip;]<\/p>\n","protected":false},"author":1,"featured_media":0,"comment_status":"closed","ping_status":"closed","sticky":false,"template":"","format":"standard","meta":{"spay_email":"","jetpack_publicize_message":"","jetpack_is_tweetstorm":false,"jetpack_publicize_feature_enabled":true},"categories":[1],"tags":[],"jetpack_publicize_connections":[],"yoast_head":"<!-- This site is optimized with the Yoast SEO plugin v19.1 - https:\/\/yoast.com\/wordpress\/plugins\/seo\/ -->\n<title>Nora me Robertin dhe Labin n\u00eb shetitore t\u00eb Ulqinit - Lajme nga Ulqini<\/title>\n<meta name=\"description\" content=\"K\u00ebng\u00ebtarja e mir\u00ebnjohur Nora Istrefi duket se angazhimi i saj n\u00eb muzik\u00eb i ka sjell p\u00ebrfitime t\u00eb k\u00ebnaqshme me Robertin dhe Labin n\u00eb shoq\u00ebri t\u00eb Leonardo Leo\" \/>\n<meta name=\"robots\" content=\"index, follow, max-snippet:-1, max-image-preview:large, max-video-preview:-1\" \/>\n<link rel=\"canonical\" href=\"https:\/\/www.visit-ulcinj.com\/blog\/2014\/07\/13\/nora-robertin-dhe-labin-ne-shetitore-te-ulqinit\/\" \/>\n<meta property=\"og:locale\" content=\"en_US\" \/>\n<meta property=\"og:type\" content=\"article\" \/>\n<meta property=\"og:title\" content=\"Nora me Robertin dhe Labin n\u00eb shetitore t\u00eb Ulqinit - Lajme nga Ulqini\" \/>\n<meta property=\"og:description\" content=\"K\u00ebng\u00ebtarja e mir\u00ebnjohur Nora Istrefi duket se angazhimi i saj n\u00eb muzik\u00eb i ka sjell p\u00ebrfitime t\u00eb k\u00ebnaqshme me Robertin dhe Labin n\u00eb shoq\u00ebri t\u00eb Leonardo Leo\" \/>\n<meta property=\"og:url\" content=\"https:\/\/www.visit-ulcinj.com\/blog\/2014\/07\/13\/nora-robertin-dhe-labin-ne-shetitore-te-ulqinit\/\" \/>\n<meta property=\"og:site_name\" content=\"Lajme nga Ulqini\" \/>\n<meta property=\"article:published_time\" content=\"2014-07-13T18:23:00+00:00\" \/>\n<meta property=\"article:modified_time\" content=\"2014-07-13T18:30:34+00:00\" \/>\n<meta name=\"twitter:label1\" content=\"Written by\" \/>\n\t<meta name=\"twitter:data1\" content=\"ulqini\" \/>\n\t<meta name=\"twitter:label2\" content=\"Est. reading time\" \/>\n\t<meta name=\"twitter:data2\" content=\"1 minute\" \/>\n<script type=\"application\/ld+json\" class=\"yoast-schema-graph\">{\"@context\":\"https:\/\/schema.org\",\"@graph\":[{\"@type\":\"WebSite\",\"@id\":\"https:\/\/www.visit-ulcinj.com\/blog\/#website\",\"url\":\"https:\/\/www.visit-ulcinj.com\/blog\/\",\"name\":\"Lajme nga Ulqini\",\"description\":\"Lajme,Vijesti,Ulqini,Ulqin,Crna Gora,Mali i Zi\",\"potentialAction\":[{\"@type\":\"SearchAction\",\"target\":{\"@type\":\"EntryPoint\",\"urlTemplate\":\"https:\/\/www.visit-ulcinj.com\/blog\/?s={search_term_string}\"},\"query-input\":\"required name=search_term_string\"}],\"inLanguage\":\"en-US\"},{\"@type\":\"WebPage\",\"@id\":\"https:\/\/www.visit-ulcinj.com\/blog\/2014\/07\/13\/nora-robertin-dhe-labin-ne-shetitore-te-ulqinit\/#webpage\",\"url\":\"https:\/\/www.visit-ulcinj.com\/blog\/2014\/07\/13\/nora-robertin-dhe-labin-ne-shetitore-te-ulqinit\/\",\"name\":\"Nora me Robertin dhe Labin n\u00eb shetitore t\u00eb Ulqinit - Lajme nga Ulqini\",\"isPartOf\":{\"@id\":\"https:\/\/www.visit-ulcinj.com\/blog\/#website\"},\"datePublished\":\"2014-07-13T18:23:00+00:00\",\"dateModified\":\"2014-07-13T18:30:34+00:00\",\"author\":{\"@id\":\"https:\/\/www.visit-ulcinj.com\/blog\/#\/schema\/person\/dcab619c614d3038751c63bc2aadc06d\"},\"description\":\"K\u00ebng\u00ebtarja e mir\u00ebnjohur Nora Istrefi duket se angazhimi i saj n\u00eb muzik\u00eb i ka sjell p\u00ebrfitime t\u00eb k\u00ebnaqshme me Robertin dhe Labin n\u00eb shoq\u00ebri t\u00eb Leonardo Leo\",\"breadcrumb\":{\"@id\":\"https:\/\/www.visit-ulcinj.com\/blog\/2014\/07\/13\/nora-robertin-dhe-labin-ne-shetitore-te-ulqinit\/#breadcrumb\"},\"inLanguage\":\"en-US\",\"potentialAction\":[{\"@type\":\"ReadAction\",\"target\":[\"https:\/\/www.visit-ulcinj.com\/blog\/2014\/07\/13\/nora-robertin-dhe-labin-ne-shetitore-te-ulqinit\/\"]}]},{\"@type\":\"BreadcrumbList\",\"@id\":\"https:\/\/www.visit-ulcinj.com\/blog\/2014\/07\/13\/nora-robertin-dhe-labin-ne-shetitore-te-ulqinit\/#breadcrumb\",\"itemListElement\":[{\"@type\":\"ListItem\",\"position\":1,\"name\":\"Nora me Robertin dhe Labin n\u00eb shetitore t\u00eb Ulqinit\"}]},{\"@type\":\"Person\",\"@id\":\"https:\/\/www.visit-ulcinj.com\/blog\/#\/schema\/person\/dcab619c614d3038751c63bc2aadc06d\",\"name\":\"ulqini\",\"sameAs\":[\"http:\/\/www.visit-ulcinj.com\"],\"url\":\"https:\/\/www.visit-ulcinj.com\/blog\/author\/admin\/\"}]}<\/script>\n<!-- \/ Yoast SEO plugin. -->","yoast_head_json":{"title":"Nora me Robertin dhe Labin n\u00eb shetitore t\u00eb Ulqinit - Lajme nga Ulqini","description":"K\u00ebng\u00ebtarja e mir\u00ebnjohur Nora Istrefi duket se angazhimi i saj n\u00eb muzik\u00eb i ka sjell p\u00ebrfitime t\u00eb k\u00ebnaqshme me Robertin dhe Labin n\u00eb shoq\u00ebri t\u00eb Leonardo Leo","robots":{"index":"index","follow":"follow","max-snippet":"max-snippet:-1","max-image-preview":"max-image-preview:large","max-video-preview":"max-video-preview:-1"},"canonical":"https:\/\/www.visit-ulcinj.com\/blog\/2014\/07\/13\/nora-robertin-dhe-labin-ne-shetitore-te-ulqinit\/","og_locale":"en_US","og_type":"article","og_title":"Nora me Robertin dhe Labin n\u00eb shetitore t\u00eb Ulqinit - Lajme nga Ulqini","og_description":"K\u00ebng\u00ebtarja e mir\u00ebnjohur Nora Istrefi duket se angazhimi i saj n\u00eb muzik\u00eb i ka sjell p\u00ebrfitime t\u00eb k\u00ebnaqshme me Robertin dhe Labin n\u00eb shoq\u00ebri t\u00eb Leonardo Leo","og_url":"https:\/\/www.visit-ulcinj.com\/blog\/2014\/07\/13\/nora-robertin-dhe-labin-ne-shetitore-te-ulqinit\/","og_site_name":"Lajme nga Ulqini","article_published_time":"2014-07-13T18:23:00+00:00","article_modified_time":"2014-07-13T18:30:34+00:00","twitter_misc":{"Written by":"ulqini","Est. reading time":"1 minute"},"schema":{"@context":"https:\/\/schema.org","@graph":[{"@type":"WebSite","@id":"https:\/\/www.visit-ulcinj.com\/blog\/#website","url":"https:\/\/www.visit-ulcinj.com\/blog\/","name":"Lajme nga Ulqini","description":"Lajme,Vijesti,Ulqini,Ulqin,Crna Gora,Mali i Zi","potentialAction":[{"@type":"SearchAction","target":{"@type":"EntryPoint","urlTemplate":"https:\/\/www.visit-ulcinj.com\/blog\/?s={search_term_string}"},"query-input":"required name=search_term_string"}],"inLanguage":"en-US"},{"@type":"WebPage","@id":"https:\/\/www.visit-ulcinj.com\/blog\/2014\/07\/13\/nora-robertin-dhe-labin-ne-shetitore-te-ulqinit\/#webpage","url":"https:\/\/www.visit-ulcinj.com\/blog\/2014\/07\/13\/nora-robertin-dhe-labin-ne-shetitore-te-ulqinit\/","name":"Nora me Robertin dhe Labin n\u00eb shetitore t\u00eb Ulqinit - Lajme nga Ulqini","isPartOf":{"@id":"https:\/\/www.visit-ulcinj.com\/blog\/#website"},"datePublished":"2014-07-13T18:23:00+00:00","dateModified":"2014-07-13T18:30:34+00:00","author":{"@id":"https:\/\/www.visit-ulcinj.com\/blog\/#\/schema\/person\/dcab619c614d3038751c63bc2aadc06d"},"description":"K\u00ebng\u00ebtarja e mir\u00ebnjohur Nora Istrefi duket se angazhimi i saj n\u00eb muzik\u00eb i ka sjell p\u00ebrfitime t\u00eb k\u00ebnaqshme me Robertin dhe Labin n\u00eb shoq\u00ebri t\u00eb Leonardo Leo","breadcrumb":{"@id":"https:\/\/www.visit-ulcinj.com\/blog\/2014\/07\/13\/nora-robertin-dhe-labin-ne-shetitore-te-ulqinit\/#breadcrumb"},"inLanguage":"en-US","potentialAction":[{"@type":"ReadAction","target":["https:\/\/www.visit-ulcinj.com\/blog\/2014\/07\/13\/nora-robertin-dhe-labin-ne-shetitore-te-ulqinit\/"]}]},{"@type":"BreadcrumbList","@id":"https:\/\/www.visit-ulcinj.com\/blog\/2014\/07\/13\/nora-robertin-dhe-labin-ne-shetitore-te-ulqinit\/#breadcrumb","itemListElement":[{"@type":"ListItem","position":1,"name":"Nora me Robertin dhe Labin n\u00eb shetitore t\u00eb Ulqinit"}]},{"@type":"Person","@id":"https:\/\/www.visit-ulcinj.com\/blog\/#\/schema\/person\/dcab619c614d3038751c63bc2aadc06d","name":"ulqini","sameAs":["http:\/\/www.visit-ulcinj.com"],"url":"https:\/\/www.visit-ulcinj.com\/blog\/author\/admin\/"}]}},"jetpack_featured_media_url":"","jetpack_sharing_enabled":true,"jetpack_shortlink":"https:\/\/wp.me\/pe6lTn-lRG","_links":{"self":[{"href":"https:\/\/www.visit-ulcinj.com\/blog\/wp-json\/wp\/v2\/posts\/84052"}],"collection":[{"href":"https:\/\/www.visit-ulcinj.com\/blog\/wp-json\/wp\/v2\/posts"}],"about":[{"href":"https:\/\/www.visit-ulcinj.com\/blog\/wp-json\/wp\/v2\/types\/post"}],"author":[{"embeddable":true,"href":"https:\/\/www.visit-ulcinj.com\/blog\/wp-json\/wp\/v2\/users\/1"}],"replies":[{"embeddable":true,"href":"https:\/\/www.visit-ulcinj.com\/blog\/wp-json\/wp\/v2\/comments?post=84052"}],"version-history":[{"count":5,"href":"https:\/\/www.visit-ulcinj.com\/blog\/wp-json\/wp\/v2\/posts\/84052\/revisions"}],"predecessor-version":[{"id":84058,"href":"https:\/\/www.visit-ulcinj.com\/blog\/wp-json\/wp\/v2\/posts\/84052\/revisions\/84058"}],"wp:attachment":[{"href":"https:\/\/www.visit-ulcinj.com\/blog\/wp-json\/wp\/v2\/media?parent=84052"}],"wp:term":[{"taxonomy":"category","embeddable":true,"href":"https:\/\/www.visit-ulcinj.com\/blog\/wp-json\/wp\/v2\/categories?post=84052"},{"taxonomy":"post_tag","embeddable":true,"href":"https:\/\/www.visit-ulcinj.com\/blog\/wp-json\/wp\/v2\/tags?post=84052"}],"curies":[{"name":"wp","href":"https:\/\/api.w.org\/{rel}","templated":true}]}}