{"id":84059,"date":"2014-07-13T19:41:53","date_gmt":"2014-07-13T18:41:53","guid":{"rendered":"http:\/\/www.visit-ulcinj.com\/blog\/?p=84059"},"modified":"2014-07-13T19:42:14","modified_gmt":"2014-07-13T18:42:14","slug":"dy-aktor-kosovar-ne-filmin-malazez-video","status":"publish","type":"post","link":"https:\/\/www.visit-ulcinj.com\/blog\/2014\/07\/13\/dy-aktor-kosovar-ne-filmin-malazez-video\/","title":{"rendered":"Dy aktor kosovar n\u00eb filmin malazez &#8211; Video"},"content":{"rendered":"<p><b><a href=\"http:\/\/www.visit-ulcinj.com\/blog\/wp-content\/uploads\/2014\/07\/Dy-aktor-kosovar-n\u00eb-filmin-malazez.jpg\"><img loading=\"lazy\" class=\"alignleft  wp-image-84060\" alt=\"Dy aktor kosovar n\u00eb filmin malazez\" src=\"http:\/\/www.visit-ulcinj.com\/blog\/wp-content\/uploads\/2014\/07\/Dy-aktor-kosovar-n\u00eb-filmin-malazez.jpg\" width=\"508\" height=\"356\" \/><\/a>Prishtin\u00eb, 13 korrik-<\/b> Kishin filluar dy vite m\u00eb par\u00eb n\u00eb Podgoric\u00eb, xhirimet e filmit t\u00eb metrazhit t\u00eb gjat\u00eb \u201cDjecaci iz ulice Marksa i Engelsa\u201d, projekt ky i regjisorit t\u00eb njohur malazez Nikolu Vukcevica.<\/p>\n<p>Ky prodhim filmik brenda ekipit t\u00eb tij n\u00eb kast\u00ebn e aktor\u00ebve kishte dhe dy artist kosovar, aktorin e njohur Fatmir Spahiun dhe Q\u00ebndrim Kqikun.<\/p>\n<p>K\u00ebta t\u00eb fundit treguan p\u00ebr gazet\u00ebn n\u00eb lidhje me p\u00ebrvoj\u00ebn q\u00eb pat\u00ebn n\u00eb filmin e Vukcevicit si dhe r\u00ebnd\u00ebsin\u00eb e t\u00eb dep\u00ebrtuarit jasht\u00eb kufijve. \u201cUn\u00eb kam pasur bashk\u00ebpunime dhe takime t\u00eb ndryshme me stafin realizues t\u00eb filmit. Ata brenda projektit t\u00eb tyre kan\u00eb pasur nj\u00eb rol t\u00eb cilin e kan\u00eb konsideruar q\u00eb \u00ebsht\u00eb p\u00ebr mua.<\/p>\n<p>N\u00eb k\u00ebt\u00eb film un\u00eb luaj rolin e menaxherit muzikor Sheki\u201d, tha aktori Spahiu, sipas t\u00eb cilit bashk\u00ebpunimet rajonale n\u00eb art jan\u00eb tejet t\u00eb r\u00ebnd\u00ebsishme dhe jan\u00eb zgjedhja e vetme p\u00ebr promovimin e artist\u00ebve kosovar.<\/p>\n<p>\u201cFondet e shteteve tona, nuk jan\u00eb t\u00eb mjaftueshme p\u00ebr realizimin e filmave, k\u00ebshtu q\u00eb kooproduksionet jan\u00eb zgjedhja m\u00eb e mir\u00eb, edhe p\u00ebr sa i p\u00ebrket distribucionit po dhe suksesit t\u00eb filmit n\u00eb p\u00ebrgjith\u00ebsi\u201d, u shpreh m\u00eb tej Fatmir Spahiu.\/Indeksonline\/.<\/p>\n<!-- vimeo error: not a vimeo video -->\n","protected":false},"excerpt":{"rendered":"<p>Prishtin\u00eb, 13 korrik- Kishin filluar dy vite m\u00eb par\u00eb n\u00eb Podgoric\u00eb, xhirimet e filmit t\u00eb metrazhit t\u00eb gjat\u00eb \u201cDjecaci iz ulice Marksa i Engelsa\u201d, projekt ky i regjisorit t\u00eb njohur malazez Nikolu Vukcevica. Ky prodhim filmik brenda ekipit t\u00eb tij n\u00eb kast\u00ebn e aktor\u00ebve kishte dhe dy artist kosovar, aktorin e njohur Fatmir Spahiun dhe [&hellip;]<\/p>\n","protected":false},"author":1,"featured_media":0,"comment_status":"closed","ping_status":"closed","sticky":false,"template":"","format":"standard","meta":{"spay_email":"","jetpack_publicize_message":"","jetpack_is_tweetstorm":false,"jetpack_publicize_feature_enabled":true},"categories":[4],"tags":[],"jetpack_publicize_connections":[],"yoast_head":"<!-- This site is optimized with the Yoast SEO plugin v19.1 - https:\/\/yoast.com\/wordpress\/plugins\/seo\/ -->\n<title>Dy aktor kosovar n\u00eb filmin malazez - Video - Lajme nga Ulqini<\/title>\n<meta name=\"description\" content=\"Prishtin\u00eb, 13 korrik- Kishin filluar dy vite m\u00eb par\u00eb n\u00eb Podgoric\u00eb, xhirimet e filmit t\u00eb metrazhit t\u00eb gjat\u00eb \u201cDjecaci iz ulice Marksa i Engelsa\u201d, projekt ky\" \/>\n<meta name=\"robots\" content=\"index, follow, max-snippet:-1, max-image-preview:large, max-video-preview:-1\" \/>\n<link rel=\"canonical\" href=\"https:\/\/www.visit-ulcinj.com\/blog\/2014\/07\/13\/dy-aktor-kosovar-ne-filmin-malazez-video\/\" \/>\n<meta property=\"og:locale\" content=\"en_US\" \/>\n<meta property=\"og:type\" content=\"article\" \/>\n<meta property=\"og:title\" content=\"Dy aktor kosovar n\u00eb filmin malazez - Video - Lajme nga Ulqini\" \/>\n<meta property=\"og:description\" content=\"Prishtin\u00eb, 13 korrik- Kishin filluar dy vite m\u00eb par\u00eb n\u00eb Podgoric\u00eb, xhirimet e filmit t\u00eb metrazhit t\u00eb gjat\u00eb \u201cDjecaci iz ulice Marksa i Engelsa\u201d, projekt ky\" \/>\n<meta property=\"og:url\" content=\"https:\/\/www.visit-ulcinj.com\/blog\/2014\/07\/13\/dy-aktor-kosovar-ne-filmin-malazez-video\/\" \/>\n<meta property=\"og:site_name\" content=\"Lajme nga Ulqini\" \/>\n<meta property=\"article:published_time\" content=\"2014-07-13T18:41:53+00:00\" \/>\n<meta property=\"article:modified_time\" content=\"2014-07-13T18:42:14+00:00\" \/>\n<meta name=\"twitter:label1\" content=\"Written by\" \/>\n\t<meta name=\"twitter:data1\" content=\"ulqini\" \/>\n\t<meta name=\"twitter:label2\" content=\"Est. reading time\" \/>\n\t<meta name=\"twitter:data2\" content=\"1 minute\" \/>\n<script type=\"application\/ld+json\" class=\"yoast-schema-graph\">{\"@context\":\"https:\/\/schema.org\",\"@graph\":[{\"@type\":\"WebSite\",\"@id\":\"https:\/\/www.visit-ulcinj.com\/blog\/#website\",\"url\":\"https:\/\/www.visit-ulcinj.com\/blog\/\",\"name\":\"Lajme nga Ulqini\",\"description\":\"Lajme,Vijesti,Ulqini,Ulqin,Crna Gora,Mali i Zi\",\"potentialAction\":[{\"@type\":\"SearchAction\",\"target\":{\"@type\":\"EntryPoint\",\"urlTemplate\":\"https:\/\/www.visit-ulcinj.com\/blog\/?s={search_term_string}\"},\"query-input\":\"required name=search_term_string\"}],\"inLanguage\":\"en-US\"},{\"@type\":\"WebPage\",\"@id\":\"https:\/\/www.visit-ulcinj.com\/blog\/2014\/07\/13\/dy-aktor-kosovar-ne-filmin-malazez-video\/#webpage\",\"url\":\"https:\/\/www.visit-ulcinj.com\/blog\/2014\/07\/13\/dy-aktor-kosovar-ne-filmin-malazez-video\/\",\"name\":\"Dy aktor kosovar n\u00eb filmin malazez - Video - Lajme nga Ulqini\",\"isPartOf\":{\"@id\":\"https:\/\/www.visit-ulcinj.com\/blog\/#website\"},\"datePublished\":\"2014-07-13T18:41:53+00:00\",\"dateModified\":\"2014-07-13T18:42:14+00:00\",\"author\":{\"@id\":\"https:\/\/www.visit-ulcinj.com\/blog\/#\/schema\/person\/dcab619c614d3038751c63bc2aadc06d\"},\"description\":\"Prishtin\u00eb, 13 korrik- Kishin filluar dy vite m\u00eb par\u00eb n\u00eb Podgoric\u00eb, xhirimet e filmit t\u00eb metrazhit t\u00eb gjat\u00eb \u201cDjecaci iz ulice Marksa i Engelsa\u201d, projekt ky\",\"breadcrumb\":{\"@id\":\"https:\/\/www.visit-ulcinj.com\/blog\/2014\/07\/13\/dy-aktor-kosovar-ne-filmin-malazez-video\/#breadcrumb\"},\"inLanguage\":\"en-US\",\"potentialAction\":[{\"@type\":\"ReadAction\",\"target\":[\"https:\/\/www.visit-ulcinj.com\/blog\/2014\/07\/13\/dy-aktor-kosovar-ne-filmin-malazez-video\/\"]}]},{\"@type\":\"BreadcrumbList\",\"@id\":\"https:\/\/www.visit-ulcinj.com\/blog\/2014\/07\/13\/dy-aktor-kosovar-ne-filmin-malazez-video\/#breadcrumb\",\"itemListElement\":[{\"@type\":\"ListItem\",\"position\":1,\"name\":\"Dy aktor kosovar n\u00eb filmin malazez &#8211; Video\"}]},{\"@type\":\"Person\",\"@id\":\"https:\/\/www.visit-ulcinj.com\/blog\/#\/schema\/person\/dcab619c614d3038751c63bc2aadc06d\",\"name\":\"ulqini\",\"sameAs\":[\"http:\/\/www.visit-ulcinj.com\"],\"url\":\"https:\/\/www.visit-ulcinj.com\/blog\/author\/admin\/\"}]}<\/script>\n<!-- \/ Yoast SEO plugin. -->","yoast_head_json":{"title":"Dy aktor kosovar n\u00eb filmin malazez - Video - Lajme nga Ulqini","description":"Prishtin\u00eb, 13 korrik- Kishin filluar dy vite m\u00eb par\u00eb n\u00eb Podgoric\u00eb, xhirimet e filmit t\u00eb metrazhit t\u00eb gjat\u00eb \u201cDjecaci iz ulice Marksa i Engelsa\u201d, projekt ky","robots":{"index":"index","follow":"follow","max-snippet":"max-snippet:-1","max-image-preview":"max-image-preview:large","max-video-preview":"max-video-preview:-1"},"canonical":"https:\/\/www.visit-ulcinj.com\/blog\/2014\/07\/13\/dy-aktor-kosovar-ne-filmin-malazez-video\/","og_locale":"en_US","og_type":"article","og_title":"Dy aktor kosovar n\u00eb filmin malazez - Video - Lajme nga Ulqini","og_description":"Prishtin\u00eb, 13 korrik- Kishin filluar dy vite m\u00eb par\u00eb n\u00eb Podgoric\u00eb, xhirimet e filmit t\u00eb metrazhit t\u00eb gjat\u00eb \u201cDjecaci iz ulice Marksa i Engelsa\u201d, projekt ky","og_url":"https:\/\/www.visit-ulcinj.com\/blog\/2014\/07\/13\/dy-aktor-kosovar-ne-filmin-malazez-video\/","og_site_name":"Lajme nga Ulqini","article_published_time":"2014-07-13T18:41:53+00:00","article_modified_time":"2014-07-13T18:42:14+00:00","twitter_misc":{"Written by":"ulqini","Est. reading time":"1 minute"},"schema":{"@context":"https:\/\/schema.org","@graph":[{"@type":"WebSite","@id":"https:\/\/www.visit-ulcinj.com\/blog\/#website","url":"https:\/\/www.visit-ulcinj.com\/blog\/","name":"Lajme nga Ulqini","description":"Lajme,Vijesti,Ulqini,Ulqin,Crna Gora,Mali i Zi","potentialAction":[{"@type":"SearchAction","target":{"@type":"EntryPoint","urlTemplate":"https:\/\/www.visit-ulcinj.com\/blog\/?s={search_term_string}"},"query-input":"required name=search_term_string"}],"inLanguage":"en-US"},{"@type":"WebPage","@id":"https:\/\/www.visit-ulcinj.com\/blog\/2014\/07\/13\/dy-aktor-kosovar-ne-filmin-malazez-video\/#webpage","url":"https:\/\/www.visit-ulcinj.com\/blog\/2014\/07\/13\/dy-aktor-kosovar-ne-filmin-malazez-video\/","name":"Dy aktor kosovar n\u00eb filmin malazez - Video - Lajme nga Ulqini","isPartOf":{"@id":"https:\/\/www.visit-ulcinj.com\/blog\/#website"},"datePublished":"2014-07-13T18:41:53+00:00","dateModified":"2014-07-13T18:42:14+00:00","author":{"@id":"https:\/\/www.visit-ulcinj.com\/blog\/#\/schema\/person\/dcab619c614d3038751c63bc2aadc06d"},"description":"Prishtin\u00eb, 13 korrik- Kishin filluar dy vite m\u00eb par\u00eb n\u00eb Podgoric\u00eb, xhirimet e filmit t\u00eb metrazhit t\u00eb gjat\u00eb \u201cDjecaci iz ulice Marksa i Engelsa\u201d, projekt ky","breadcrumb":{"@id":"https:\/\/www.visit-ulcinj.com\/blog\/2014\/07\/13\/dy-aktor-kosovar-ne-filmin-malazez-video\/#breadcrumb"},"inLanguage":"en-US","potentialAction":[{"@type":"ReadAction","target":["https:\/\/www.visit-ulcinj.com\/blog\/2014\/07\/13\/dy-aktor-kosovar-ne-filmin-malazez-video\/"]}]},{"@type":"BreadcrumbList","@id":"https:\/\/www.visit-ulcinj.com\/blog\/2014\/07\/13\/dy-aktor-kosovar-ne-filmin-malazez-video\/#breadcrumb","itemListElement":[{"@type":"ListItem","position":1,"name":"Dy aktor kosovar n\u00eb filmin malazez &#8211; Video"}]},{"@type":"Person","@id":"https:\/\/www.visit-ulcinj.com\/blog\/#\/schema\/person\/dcab619c614d3038751c63bc2aadc06d","name":"ulqini","sameAs":["http:\/\/www.visit-ulcinj.com"],"url":"https:\/\/www.visit-ulcinj.com\/blog\/author\/admin\/"}]}},"jetpack_featured_media_url":"","jetpack_sharing_enabled":true,"jetpack_shortlink":"https:\/\/wp.me\/pe6lTn-lRN","_links":{"self":[{"href":"https:\/\/www.visit-ulcinj.com\/blog\/wp-json\/wp\/v2\/posts\/84059"}],"collection":[{"href":"https:\/\/www.visit-ulcinj.com\/blog\/wp-json\/wp\/v2\/posts"}],"about":[{"href":"https:\/\/www.visit-ulcinj.com\/blog\/wp-json\/wp\/v2\/types\/post"}],"author":[{"embeddable":true,"href":"https:\/\/www.visit-ulcinj.com\/blog\/wp-json\/wp\/v2\/users\/1"}],"replies":[{"embeddable":true,"href":"https:\/\/www.visit-ulcinj.com\/blog\/wp-json\/wp\/v2\/comments?post=84059"}],"version-history":[{"count":1,"href":"https:\/\/www.visit-ulcinj.com\/blog\/wp-json\/wp\/v2\/posts\/84059\/revisions"}],"predecessor-version":[{"id":84061,"href":"https:\/\/www.visit-ulcinj.com\/blog\/wp-json\/wp\/v2\/posts\/84059\/revisions\/84061"}],"wp:attachment":[{"href":"https:\/\/www.visit-ulcinj.com\/blog\/wp-json\/wp\/v2\/media?parent=84059"}],"wp:term":[{"taxonomy":"category","embeddable":true,"href":"https:\/\/www.visit-ulcinj.com\/blog\/wp-json\/wp\/v2\/categories?post=84059"},{"taxonomy":"post_tag","embeddable":true,"href":"https:\/\/www.visit-ulcinj.com\/blog\/wp-json\/wp\/v2\/tags?post=84059"}],"curies":[{"name":"wp","href":"https:\/\/api.w.org\/{rel}","templated":true}]}}