{"id":84068,"date":"2014-07-15T14:44:36","date_gmt":"2014-07-15T13:44:36","guid":{"rendered":"http:\/\/www.visit-ulcinj.com\/blog\/?p=84068"},"modified":"2014-07-15T15:43:32","modified_gmt":"2014-07-15T14:43:32","slug":"nika-gjeka-k-1-eshte-rast-per-prokurorin-shtetror-vazhdim-2","status":"publish","type":"post","link":"https:\/\/www.visit-ulcinj.com\/blog\/2014\/07\/15\/nika-gjeka-k-1-eshte-rast-per-prokurorin-shtetror-vazhdim-2\/","title":{"rendered":"Nika: \u201cGjeka \u201d K -1\u201d \u00ebsht\u00eb rast p\u00ebr prokurorin shtetror \u201d &#8211; Vazhdim ( 2)"},"content":{"rendered":"<p><b><i><a href=\"http:\/\/www.visit-ulcinj.com\/blog\/wp-content\/uploads\/2014\/07\/Muhamet-Nika-Gjeka.jpg\"><img loading=\"lazy\" class=\"alignleft  wp-image-83969\" alt=\"Muhamet-Nika-Gjeka\" src=\"http:\/\/www.visit-ulcinj.com\/blog\/wp-content\/uploads\/2014\/07\/Muhamet-Nika-Gjeka.jpg\" width=\"508\" height=\"327\" \/><\/a>Shkruan\u00a0 Muhamet Nika<\/i><\/b><\/p>\n<p><b><i>\u201c<\/i><\/b><b><i>GJEKA \u201d K -1\u201d\u00a0 \u00cbSHT\u00cb RAST P\u00cbR PROKURORIN SHTETROR\u00a0 \u201d\u00a0\u00a0 &#8211; VAZHDIM ( 2)<\/i><\/b><\/p>\n<p><i>\u00a0<\/i><\/p>\n<p><b><i>Historiku i problemit t\u00eb pushimores K-1 dhe Partizanski put<\/i><\/b><\/p>\n<p>&nbsp;<\/p>\n<p>N\u00eb koh\u00ebn e sistemit komunist, politika e at\u00ebhershme p\u00ebr t\u2019i ardhur n\u00eb ndihm\u00eb ekonomis\u00eb s\u00eb vet t\u00eb planifikuar kishte formuar Bashk\u00ebsit\u00eb Vet\u00ebqeveris\u00ebse t\u00eb Interesit \u00a0q\u00eb ishin koprativa t\u00eb p\u00ebrb\u00ebra nga hiset e vlerave\u00a0 t\u00eb cilat \u00a0depononin n\u00eb te subjektet e ndryshme ekonomike dhe politike t\u00eb bashk\u00ebsis\u00eb. Ata n\u00eb at\u00eb koh\u00eb, administroheshin nga\u00a0 kuvendi i t\u00eb deleguarve\u00a0 n\u00eb BVI dhe Komiteti Qendror i Partis\u00eb- kuvendi i komun\u00ebs, i cili me nj\u00eb vendim politik q\u00eb e quante sekret dinte ti hidhte posht\u00eb vendimet e BVI-s\u00eb..?!<\/p>\n<p>K\u00ebshtu p\u00ebr shembull\u00a0 n\u00eb Ulqin,\u00a0 hisen e vet n\u00eb fond\u00a0 n\u00eb varshm\u00ebri prej vler\u00ebs s\u00eb deponuar\u00a0 e kishin : komuna, Kriporja, Primorja, Hoteleria, PTT-ja, Elektroja &#8230;.. Mir\u00ebpo , si\u00e7 cek\u00ebm, \u00a0pun\u00ebn e tyre \u00a0gjith her\u00eb e kontrollonte dhe\u00a0 udh\u00ebheqte\u00a0 politika. Nd\u00ebrsa v\u00ebrehet, se ajo \u00a0n\u00eb Ulqin , kur ishin n\u00eb pyetje shqiptar\u00ebt dhe \u00a0\u00a0investimet n\u00eb zon\u00ebn e tyre kishte edhe\u00a0 prapavi\u00a0 asimiluese . Politika- Komiteti&#8230;, \u00a0p\u00ebrkujdesej q\u00eb p\u00ebrmes investimeve, \u00a0t\u00eb prishej \u00a0edhe struktura e popullsis\u00eb, n\u00eb d\u00ebm t\u00eb shqiptar\u00ebve. Andaj \u00a0n\u00eb varshm\u00ebri prej k\u00ebsaj , kur\u00a0\u00a0 kuvendi i BVI-s\u00eb, pat \u00a0nxjerr\u00eb vendim q\u00eb n\u00eb Ulqin t\u00eb ndertohej pushimorja p\u00ebr kosovar\u00ebt \u2013 me 623 nj\u00ebsi banimi, \u00a0ajo ato i sh\u00ebmbi duke mos marr\u00eb kurr\u00ebfar\u00eb p\u00ebrgjegj\u00ebsie\u00a0 e dhe pse k\u00ebtu \u00a0\u00a0ishin nd\u00ebrtuar\u00a0 120 nj\u00ebsi banimi. P\u00ebr k\u00ebt\u00eb\u00a0 n\u00eb nj\u00eb regjister t\u00eb\u00a0 dokumentave sekrete t\u00eb kryetarit t\u00eb\u00a0 komun\u00ebs\u00a0 m\u00ebsohet se ekzistonte edhe nj\u00eb dokument me shifren sekret i lart\u00eb shtet\u00ebror \u00a0p\u00ebr rastin e K-1shit&#8230;?!!\u201d Si dhe nj\u00eb kaset\u00eb e filmuar p\u00ebr m\u00ebnyren e prishjes s\u00eb pushimores s\u00eb Kosov\u00ebs n\u00eb Shtoj?!! K\u00ebt\u00eb e b\u00ebri \u00a0me nj\u00eb vendim sekret, \u00a0sepse i druhej kolonizimit shqiptar\u00eb, kurse nga ana tjet\u00ebr , nuk e pengoi rasti kur nj\u00eb firm\u00ebs nga Beogradi \u201c Partizanski Put\u201d, i ndau truall nd\u00ebrtimor p\u00ebr nd\u00ebrtim , n\u00eb zonat m\u00eb atraktive\u00a0 t\u00eb Ran\u00ebs- Plazhit t\u00eb Vog\u00ebl &#8230; Me ramjene komunizmit si sistem , kuptohet se u\u00a0 fik\u00ebn edhe fondet (BVI-t\u00eb), me ligjin e nxjerr\u00eb p\u00ebr k\u00ebt\u00eb pun\u00eb.\u00a0 T\u00eb gjith\u00eb fondet\u00a0 n\u00eb nivel t\u00eb Federates \u00a0u shuan dhe \u00a0u transformuan du ke u b\u00ebr\u00eb m\u00eb von\u00eb \u00a0shoq\u00ebri aksionare n\u00eb\u00a0 fazat e ndryshme t\u00eb\u00a0 privatizimit. Kuptohet se me fikjen e tyre, dihet q\u00eb nuk\u00a0 shlyheshin borxhet \u00a0dhe detyrimet e tyre, \u00a0ndaj subjekteve t\u00eb ndryshme dhe k\u00ebt\u00eb pun\u00eb \u00a0s\u00ebrish e rregullonte ligji. N\u00eb k\u00ebt\u00eb proces t\u00eb transformimit t\u00eb BVI-ve dhe qendrimit karshi tyre , p\u00ebrjashtim po duket\u00a0 b\u00ebn\u00eb vet\u00ebm politika nacionale n\u00eb Ulqin.<\/p>\n<p><a href=\"http:\/\/www.visit-ulcinj.com\/blog\/wp-content\/uploads\/2013\/02\/Mehmet-Bardhi_Kryetari-dhe-deputeti-i-LDn\u00ebMZ.jpg\"><img loading=\"lazy\" class=\"alignleft  wp-image-68620\" alt=\"Mehmet-Bardhi_Kryetari-dhe-deputeti-i-LDn\u00ebMZ\" src=\"http:\/\/www.visit-ulcinj.com\/blog\/wp-content\/uploads\/2013\/02\/Mehmet-Bardhi_Kryetari-dhe-deputeti-i-LDn\u00ebMZ.jpg\" width=\"242\" height=\"281\" \/><\/a><\/p>\n<p><b><i>Ku gaboi Mehmet Bardhi si kryetar i komun\u00ebs ?!<\/i><\/b><\/p>\n<p>Nga koha e cekur \u00a0e fikjes s\u00eb fondeve , n\u00eb Ulqin, shihet se \u00a0u krijuan si rezultat i veprimeve t\u00eb pamatura politike\u00a0 edhe dy skandale gjyqsore, si ai \u00a0\u201cPartizanski Put\u201d- q\u00eb kushtoi \u00a01miljon e 800mij\u00eb euro dhe ai i K-1, q\u00eb do t\u00eb kushtoj\u00eb 10 miljon euro. Borxhi i till\u00eb k\u00ebrkohet nga komuna ? ! Por a duhej t\u00eb ndodhte bashk\u00ebshtu. Fajtor p\u00ebr k\u00ebt\u00eb \u00a0politik\u00eb t\u00eb gabuar, duhet t\u00eb jet\u00eb Mehmet Bardhi, i cili\u00a0 n\u00eb kuvend \u00a0t\u00eb Ulqinit , q\u00eb kryesonte, iu imponoi k\u00ebshill\u00ebtar\u00ebve dhe nxorri\u00a0 nj\u00eb vendim p\u00ebr tu b\u00ebr\u00eb trash\u00ebgimtar i fondit(BVI-s\u00eb), duke mos e ditur se me k\u00ebt\u00eb , merrte p\u00ebrsip\u00ebr edhe borxhet e tyre, kurse shembulli i trash\u00ebgimit ishte unikat n\u00eb \u00a0gjith\u00eb vendin , sepse asnj\u00eb komun\u00eb tjet\u00ebr n\u00eb nivel t\u00eb shtetit , nuk u kujtua ta b\u00ebj\u00eb k\u00ebt\u00eb. Ky nuk ishte gabimi i vet\u00ebm i tiji politiko ekonomik \u00a0i k\u00ebsaj kohem , ai n\u00eb k\u00ebt\u00eb koh\u00eb, \u00a0v\u00ebrehet se nuk k\u00ebrkoi\u00a0 as\u00a0 hisen n\u00eb privatizimin e ekonomis\u00eb ulqinake \u00a0q\u00eb i takonte komun\u00ebs n\u00eb em\u00ebr t\u00eb infrastruktur\u00ebs s\u00eb saj. Andaj sot i bie , q\u00eb ne t\u00eb jemi e vetmja komun\u00eb pa hise\u00a0 , n\u00eb ish -ekonomin\u00eb socialiste p\u00ebr dallim nga 20 komunat tjera t\u00eb Malit t\u00eb Zi.\u00a0 Ky potez e ka dob\u00ebsuar fare pozit\u00ebn e komun\u00ebs n\u00eb proceset e falimentimeve q\u00eb po vuan kjo pjes\u00eb e ekonomis\u00eb dhe le t\u00eb kujtojm\u00eb p\u00ebr k\u00ebt\u00eb \u00a0vet\u00ebm rastin e Kripores&#8230;?!!!<\/p>\n<p>Thuhet se n\u00eb fillim t\u00eb mandatit, kur komuna i kish marr\u00eb 1miljon euro, nga firma e Beogradit \u201c Partizanski Put\u201d,dhe u aktualizua , ky borxh, ai pat shkuar n\u00eb Beograd p\u00ebr tu marr\u00eb vesht rreth problemit. Por nuk dihet se \u00e7far\u00eb obligimesh mund t\u00eb ket\u00eb marr\u00eb rreth l\u00ebnd\u00ebs e sidomos rreth mund\u00ebsive q\u00eb ti shmangemi obligimit t\u00eb borxhit&#8230;. Megjith\u00eb ate komuna nuk e pengoi at\u00ebher\u00eb firm\u00ebn q\u00eb t\u00eb kryej obligimet n\u00eb nd\u00ebrtim por as q\u00eb nxorri ndonj\u00eb vendim p\u00ebr shfuqizim t\u00eb vendimit&#8230;?!<\/p>\n<p>&nbsp;<\/p>\n<p><b><i><a href=\"http:\/\/www.visit-ulcinj.com\/blog\/wp-content\/uploads\/2014\/07\/skender-hoxha-ULQIN.jpg\"><img loading=\"lazy\" class=\"alignleft  wp-image-84071\" alt=\"skender-hoxha-ULQIN\" src=\"http:\/\/www.visit-ulcinj.com\/blog\/wp-content\/uploads\/2014\/07\/skender-hoxha-ULQIN.jpg\" width=\"242\" height=\"281\" \/><\/a>\u00c7far\u00eb deklaroi\u00a0 Skender Hoxha si ish kryetar i komun\u00ebs&#8230;<\/i><\/b><\/p>\n<p>Hoxha kujton se deri kur ai ishte kryetar i komun\u00ebs , pat ardhur ish drejtori i firm\u00ebs nga Beogradi, \u00a0bashk\u00eb me ish drejtorin e Fondit, Rashko Gazivoda, p\u00ebr t\u00eb k\u00ebrkuar t\u2019i kthehet vet\u00ebm borxhi dhe nuk k\u00ebrkonte kamat\u00eb n\u00eb shum\u00eb \u00a0t\u00eb te \u00a0hollave. Duke e ditur q\u00eb borxhi ishte borxh , ai, m\u00ebsohetse e \u00a0thirri kuvendin, q\u00eb ta shfuqizoj\u00eb vendimin p\u00ebr tu ikur pasojave, ose t\u00eb kthehet borxhi. Mir\u00ebpo gjizhashtu shton se ka qen\u00eb i penguar n\u00eb kuvend , p\u00ebr t\u00eb nxjerr\u00eb konkluza t\u00eb nevojshme, nga sekretari i kuvendit, P. Lulgjuraj, dhe sekretari p\u00ebr mbrojtjen e pasuris\u00eb Sadik Pelinku. P\u00ebr k\u00ebt\u00eb u v\u00ebrtetuam edhe nga procesverbali i k\u00ebsaj mledhjeje t\u00eb\u00a0 kuvendit. Ky rast , i trash\u00ebgimit t\u00eb fondit- bashk\u00eb me ate t\u00eb \u00a0pushimores s\u00eb Kosov\u00ebs , q\u00eb cil\u00ebsohej si ide gjeniale, \u00ebsht\u00eb duke e hedhur komun\u00ebn e Ulqinit n\u00eb humner\u00eb financiare\u00a0 nga e cila v\u00ebshtir\u00eb se do t\u00eb dilet.<\/p>\n<p><b><i>Si t\u00eb sanohet faji i\u00a0 kuvendit t\u00eb Bardhit<\/i><\/b><\/p>\n<p>Komuna duhet t\u00eb insistoj\u00eb , q\u00eb ajo nuk mund t\u00eb jet\u00eb trash\u00ebgimtare e t\u00eb gjith\u00eb fondit(BVI-s\u00eb), por vet\u00ebm e pjes\u00ebs s\u00eb saj (vler\u00ebs) s\u00eb deponuar n\u00eb te dhe q\u00eb ekziston keqkuptimi n\u00eb vendim.\u00a0 Komuna mund t\u00eb marr\u00eb p\u00ebrgjegj\u00ebsi\u00a0 n\u00eb\u00a0 l\u00ebnd\u00ebt gjyqsore, q\u00eb jan\u00eb n\u00eb proces,\u00a0\u00a0 vet\u00ebm n\u00eb nivel t\u00eb vler\u00ebs s\u00eb deponuar n\u00eb p\u00ebrqindjen e borxheve, kurse pjes\u00ebn e borxheve tjera t\u00eb k\u00ebsaj kohe, padit\u00ebsit\u00a0 duhet ta k\u00ebrkojn\u00eb t\u00eb trash\u00ebgimtar\u00ebt tjer\u00eb q\u00eb ishin an\u00ebtare t\u00eb kuvendit t\u00eb BVI-s\u00eb.<\/p>\n<p>Gjithashtu, t\u00eb\u00a0 l\u00ebnda\u00a0 \u201cPartizanski put\u201d, p\u00ebrmes\u00a0\u00a0 ndonj\u00eb avokati nga Beogradi t\u00eb shikohet se si \u00ebsht\u00eb e mundur , q\u00eb nj\u00eb firm\u00eb q\u00eb ishte e regjistruar n\u00eb Beograd , t\u00eb ket\u00eb trash\u00ebgimtarin e saj t\u00eb ligjsh\u00ebm n\u00eb Mal t\u00eb Zi. E\u00a0 nj\u00ebjta gj\u00eb \u00a0vlen edhe p\u00ebr Atlas Grupin\u00a0 i cili deklaron se \u00ebsht\u00eb trash\u00ebgimtar i pushimores nga Kosov- ish BVI-s\u00eb (Rekreatursit ), t\u00eb cilin, si\u00e7 m\u00ebsohet, \u00a0e bleu p\u00ebr 60 mij\u00eb euro, kurse nuk iu llogarit vlera\u00a0 e borxhit t\u00eb tij , prej 10 miljon eurosh, plus \u00a0edhe borxhin \u00a0q\u00eb ia kan\u00eb Rekreatursit, p\u00ebr rr\u00ebzimi t\u00eb pushimores s\u00eb Kamenov\u00ebs,\u00a0 n\u00eb Budv\u00ebs, por q\u00eb \u00a0t\u00eb cil\u00ebn nuk dihet n\u00ebse ATLAS GROP \u00a0e k\u00ebrkon&#8230;?!!!<\/p>\n<p>Tjet\u00ebr, gjithashtu, \u00a0duhet t\u00eb shikohet n\u00ebse p\u00ebr rastin, \u00ebsht\u00eb fjala p\u00ebr krim t\u00eb organizuar. Andaj t\u00eb shikohet se nga u ran\u00eb n\u00eb dor\u00eb vulat e Kosov\u00ebs atyre, t\u00eb cilat , po thuhet se \u00a0u vodh\u00ebn , po duket , n\u00eb koh\u00ebn e bombardimeve t\u00eb NATOS. Veprimi u krye, nga \u00a0nj\u00eb grup i pushtetit t\u00eb dhunsh\u00ebm n\u00eb Kosov\u00eb. Pastaj t\u00eb shikohet se \u00e7far\u00eb \u00ebsht\u00eb me deklaraten e Tha\u00e7it, i cili , para Qeveris\u00eb s\u00eb Kosov\u00ebs, pat deklaruar se vlera e K-1, \u00ebsht\u00eb 5 miljon euro,dhe \u00a0i cili u fry n\u00eb 7 miljon p\u00ebr t\u00eb p\u00ebrfunduar n\u00eb 10 miljon&#8230;.?!!!<\/p>\n<p>Gjithashtu, p\u00ebr fund nuk \u00ebsht\u00eb e tep\u00ebrt t\u00eb thuhet, se Atllas Grupi , i cili padit\u00eb komun\u00ebn , p\u00ebr 10 miljon euro, \u00a0n\u00eb em\u00ebr t\u00eb \u201cK-1\u201d, \u00a0i bie t\u00eb jet\u00eb vet\u00eb banka , nga e cila komuna e Ulqinit, pret t\u00eb marr\u00eb nj\u00eb kredi prej 1miljon e gjysm\u00eb eurosh, p\u00ebr t\u00eb sanuar gjendjen e r\u00ebnd\u00eb financiare t\u00eb sajen. M\u00ebsohet, se problem n\u00eb k\u00ebt\u00eb situat\u00eb- mbase edhe i pa kap\u00ebrcyesh\u00ebm ,pritet t\u00eb jet\u00eb \u00a0parcellla urbanistike , apo objekti q\u00eb k\u00ebrkohet t\u00eb vihet n\u00eb hipotek\u00eb.\u00a0\u00a0 Si opcion p\u00ebr hipotek\u00eb, flitet se jan\u00eb: Biblioteka e Qytetit t\u00eb Ulqinit- \u00a0k\u00ebt\u00eb e k\u00ebrkon banka, Plo\u00e7a- ish objekti i Partizanski putit, ose \u00a0parcela urbanistike n\u00eb Hije- por q\u00eb \u00a0\u00a0p\u00ebr dy opcionet e fundit, \u00a0m\u00ebsohet se nuk \u00ebsht\u00eb dakord nj\u00eb pjes\u00eb e \u00a0politik\u00ebs s\u00eb pozit\u00ebs. Kurse parcellat tjera \u00a0q\u00eb mund t\u00eb ofrohen n\u00eb Shtoj, thuhet se nuk i parap\u00eblqen\u00a0 vet\u00eb banka?!!!! Megjith\u00eb at\u00eb, me interes , p\u00ebr marrjen e kredis\u00eb dhe p\u00ebrcaktim p\u00ebr pacell\u00eb n\u00eb favor t\u00eb kredis\u00eb\u00a0 pritet t\u00eb jen\u00eb t\u00eb pun\u00ebsuarit e komun\u00ebs. Ata me siguri, kan\u00eb\u00a0 b\u00ebr\u00eb t\u00eb b\u00ebr\u00eb\u00a0 presion n\u00eb politik\u00eb p\u00ebr parcell\u00ebn q\u00eb k\u00ebrkon banka si hipotek\u00eb\u00a0 duke p\u00ebrjashtuar vet\u00ebm bibliotek\u00ebn P\u00ebr ndryshe sipas ligjit, n\u00ebse\u00a0 ata nuk\u00a0 i marrin\u00a0 rrogat , p\u00ebr 6 muaj\u00a0 duhet t\u00eb pasojn\u00eb\u00a0 masat radikale ligjore n\u00eb favor t\u00eb tyre.<\/p>\n<p><b><i>Shkrimi ,vazhdon me publikimin e dokumentit sekret t\u00eb komitetit qendror i \u00a0komun\u00ebs s\u00eb dikurshme p\u00ebr rastin K-1(Kosova 1)&#8230;?!!!<\/i><\/b><\/p>\n","protected":false},"excerpt":{"rendered":"<p>Shkruan\u00a0 Muhamet Nika \u201cGJEKA \u201d K -1\u201d\u00a0 \u00cbSHT\u00cb RAST P\u00cbR PROKURORIN SHTETROR\u00a0 \u201d\u00a0\u00a0 &#8211; VAZHDIM ( 2) \u00a0 Historiku i problemit t\u00eb pushimores K-1 dhe Partizanski put &nbsp; N\u00eb koh\u00ebn e sistemit komunist, politika e at\u00ebhershme p\u00ebr t\u2019i ardhur n\u00eb ndihm\u00eb ekonomis\u00eb s\u00eb vet t\u00eb planifikuar kishte formuar Bashk\u00ebsit\u00eb Vet\u00ebqeveris\u00ebse t\u00eb Interesit \u00a0q\u00eb ishin koprativa [&hellip;]<\/p>\n","protected":false},"author":1,"featured_media":0,"comment_status":"closed","ping_status":"closed","sticky":false,"template":"","format":"standard","meta":{"spay_email":"","jetpack_publicize_message":"","jetpack_is_tweetstorm":false,"jetpack_publicize_feature_enabled":true},"categories":[1,14249],"tags":[],"jetpack_publicize_connections":[],"yoast_head":"<!-- This site is optimized with the Yoast SEO plugin v19.1 - https:\/\/yoast.com\/wordpress\/plugins\/seo\/ -->\n<title>Nika: \u201cGjeka \u201d K -1\u201d \u00ebsht\u00eb rast p\u00ebr prokurorin shtetror \u201d - Vazhdim ( 2) - Lajme nga Ulqini<\/title>\n<meta name=\"description\" content=\"Shkruan\u00a0 Muhamet Nika \u201cGJEKA \u201d K -1\u201d\u00a0 \u00cbSHT\u00cb RAST P\u00cbR PROKURORIN SHTETROR\u00a0 \u201d\u00a0\u00a0 - VAZHDIM ( 2) \u00a0 Historiku i problemit t\u00eb pushimores K-1 dhe Partizanski\" \/>\n<meta name=\"robots\" content=\"index, follow, max-snippet:-1, max-image-preview:large, max-video-preview:-1\" \/>\n<link rel=\"canonical\" href=\"https:\/\/www.visit-ulcinj.com\/blog\/2014\/07\/15\/nika-gjeka-k-1-eshte-rast-per-prokurorin-shtetror-vazhdim-2\/\" \/>\n<meta property=\"og:locale\" content=\"en_US\" \/>\n<meta property=\"og:type\" content=\"article\" \/>\n<meta property=\"og:title\" content=\"Nika: \u201cGjeka \u201d K -1\u201d \u00ebsht\u00eb rast p\u00ebr prokurorin shtetror \u201d - Vazhdim ( 2) - Lajme nga Ulqini\" \/>\n<meta property=\"og:description\" content=\"Shkruan\u00a0 Muhamet Nika \u201cGJEKA \u201d K -1\u201d\u00a0 \u00cbSHT\u00cb RAST P\u00cbR PROKURORIN SHTETROR\u00a0 \u201d\u00a0\u00a0 - VAZHDIM ( 2) \u00a0 Historiku i problemit t\u00eb pushimores K-1 dhe Partizanski\" \/>\n<meta property=\"og:url\" content=\"https:\/\/www.visit-ulcinj.com\/blog\/2014\/07\/15\/nika-gjeka-k-1-eshte-rast-per-prokurorin-shtetror-vazhdim-2\/\" \/>\n<meta property=\"og:site_name\" content=\"Lajme nga Ulqini\" \/>\n<meta property=\"article:published_time\" content=\"2014-07-15T13:44:36+00:00\" \/>\n<meta property=\"article:modified_time\" content=\"2014-07-15T14:43:32+00:00\" \/>\n<meta property=\"og:image\" content=\"http:\/\/www.visit-ulcinj.com\/blog\/wp-content\/uploads\/2014\/07\/Muhamet-Nika-Gjeka.jpg\" \/>\n<meta name=\"twitter:label1\" content=\"Written by\" \/>\n\t<meta name=\"twitter:data1\" content=\"ulqini\" \/>\n\t<meta name=\"twitter:label2\" content=\"Est. reading time\" \/>\n\t<meta name=\"twitter:data2\" content=\"8 minutes\" \/>\n<script type=\"application\/ld+json\" class=\"yoast-schema-graph\">{\"@context\":\"https:\/\/schema.org\",\"@graph\":[{\"@type\":\"WebSite\",\"@id\":\"https:\/\/www.visit-ulcinj.com\/blog\/#website\",\"url\":\"https:\/\/www.visit-ulcinj.com\/blog\/\",\"name\":\"Lajme nga Ulqini\",\"description\":\"Lajme,Vijesti,Ulqini,Ulqin,Crna Gora,Mali i Zi\",\"potentialAction\":[{\"@type\":\"SearchAction\",\"target\":{\"@type\":\"EntryPoint\",\"urlTemplate\":\"https:\/\/www.visit-ulcinj.com\/blog\/?s={search_term_string}\"},\"query-input\":\"required name=search_term_string\"}],\"inLanguage\":\"en-US\"},{\"@type\":\"ImageObject\",\"inLanguage\":\"en-US\",\"@id\":\"https:\/\/www.visit-ulcinj.com\/blog\/2014\/07\/15\/nika-gjeka-k-1-eshte-rast-per-prokurorin-shtetror-vazhdim-2\/#primaryimage\",\"url\":\"https:\/\/www.visit-ulcinj.com\/blog\/wp-content\/uploads\/2014\/07\/Muhamet-Nika-Gjeka.jpg\",\"contentUrl\":\"https:\/\/www.visit-ulcinj.com\/blog\/wp-content\/uploads\/2014\/07\/Muhamet-Nika-Gjeka.jpg\",\"width\":537,\"height\":327},{\"@type\":\"WebPage\",\"@id\":\"https:\/\/www.visit-ulcinj.com\/blog\/2014\/07\/15\/nika-gjeka-k-1-eshte-rast-per-prokurorin-shtetror-vazhdim-2\/#webpage\",\"url\":\"https:\/\/www.visit-ulcinj.com\/blog\/2014\/07\/15\/nika-gjeka-k-1-eshte-rast-per-prokurorin-shtetror-vazhdim-2\/\",\"name\":\"Nika: \u201cGjeka \u201d K -1\u201d \u00ebsht\u00eb rast p\u00ebr prokurorin shtetror \u201d - Vazhdim ( 2) - Lajme nga Ulqini\",\"isPartOf\":{\"@id\":\"https:\/\/www.visit-ulcinj.com\/blog\/#website\"},\"primaryImageOfPage\":{\"@id\":\"https:\/\/www.visit-ulcinj.com\/blog\/2014\/07\/15\/nika-gjeka-k-1-eshte-rast-per-prokurorin-shtetror-vazhdim-2\/#primaryimage\"},\"datePublished\":\"2014-07-15T13:44:36+00:00\",\"dateModified\":\"2014-07-15T14:43:32+00:00\",\"author\":{\"@id\":\"https:\/\/www.visit-ulcinj.com\/blog\/#\/schema\/person\/dcab619c614d3038751c63bc2aadc06d\"},\"description\":\"Shkruan\u00a0 Muhamet Nika \u201cGJEKA \u201d K -1\u201d\u00a0 \u00cbSHT\u00cb RAST P\u00cbR PROKURORIN SHTETROR\u00a0 \u201d\u00a0\u00a0 - VAZHDIM ( 2) \u00a0 Historiku i problemit t\u00eb pushimores K-1 dhe Partizanski\",\"breadcrumb\":{\"@id\":\"https:\/\/www.visit-ulcinj.com\/blog\/2014\/07\/15\/nika-gjeka-k-1-eshte-rast-per-prokurorin-shtetror-vazhdim-2\/#breadcrumb\"},\"inLanguage\":\"en-US\",\"potentialAction\":[{\"@type\":\"ReadAction\",\"target\":[\"https:\/\/www.visit-ulcinj.com\/blog\/2014\/07\/15\/nika-gjeka-k-1-eshte-rast-per-prokurorin-shtetror-vazhdim-2\/\"]}]},{\"@type\":\"BreadcrumbList\",\"@id\":\"https:\/\/www.visit-ulcinj.com\/blog\/2014\/07\/15\/nika-gjeka-k-1-eshte-rast-per-prokurorin-shtetror-vazhdim-2\/#breadcrumb\",\"itemListElement\":[{\"@type\":\"ListItem\",\"position\":1,\"name\":\"Nika: \u201cGjeka \u201d K -1\u201d \u00ebsht\u00eb rast p\u00ebr prokurorin shtetror \u201d &#8211; Vazhdim ( 2)\"}]},{\"@type\":\"Person\",\"@id\":\"https:\/\/www.visit-ulcinj.com\/blog\/#\/schema\/person\/dcab619c614d3038751c63bc2aadc06d\",\"name\":\"ulqini\",\"sameAs\":[\"http:\/\/www.visit-ulcinj.com\"],\"url\":\"https:\/\/www.visit-ulcinj.com\/blog\/author\/admin\/\"}]}<\/script>\n<!-- \/ Yoast SEO plugin. -->","yoast_head_json":{"title":"Nika: \u201cGjeka \u201d K -1\u201d \u00ebsht\u00eb rast p\u00ebr prokurorin shtetror \u201d - Vazhdim ( 2) - Lajme nga Ulqini","description":"Shkruan\u00a0 Muhamet Nika \u201cGJEKA \u201d K -1\u201d\u00a0 \u00cbSHT\u00cb RAST P\u00cbR PROKURORIN SHTETROR\u00a0 \u201d\u00a0\u00a0 - VAZHDIM ( 2) \u00a0 Historiku i problemit t\u00eb pushimores K-1 dhe Partizanski","robots":{"index":"index","follow":"follow","max-snippet":"max-snippet:-1","max-image-preview":"max-image-preview:large","max-video-preview":"max-video-preview:-1"},"canonical":"https:\/\/www.visit-ulcinj.com\/blog\/2014\/07\/15\/nika-gjeka-k-1-eshte-rast-per-prokurorin-shtetror-vazhdim-2\/","og_locale":"en_US","og_type":"article","og_title":"Nika: \u201cGjeka \u201d K -1\u201d \u00ebsht\u00eb rast p\u00ebr prokurorin shtetror \u201d - Vazhdim ( 2) - Lajme nga Ulqini","og_description":"Shkruan\u00a0 Muhamet Nika \u201cGJEKA \u201d K -1\u201d\u00a0 \u00cbSHT\u00cb RAST P\u00cbR PROKURORIN SHTETROR\u00a0 \u201d\u00a0\u00a0 - VAZHDIM ( 2) \u00a0 Historiku i problemit t\u00eb pushimores K-1 dhe Partizanski","og_url":"https:\/\/www.visit-ulcinj.com\/blog\/2014\/07\/15\/nika-gjeka-k-1-eshte-rast-per-prokurorin-shtetror-vazhdim-2\/","og_site_name":"Lajme nga Ulqini","article_published_time":"2014-07-15T13:44:36+00:00","article_modified_time":"2014-07-15T14:43:32+00:00","og_image":[{"url":"http:\/\/www.visit-ulcinj.com\/blog\/wp-content\/uploads\/2014\/07\/Muhamet-Nika-Gjeka.jpg"}],"twitter_misc":{"Written by":"ulqini","Est. reading time":"8 minutes"},"schema":{"@context":"https:\/\/schema.org","@graph":[{"@type":"WebSite","@id":"https:\/\/www.visit-ulcinj.com\/blog\/#website","url":"https:\/\/www.visit-ulcinj.com\/blog\/","name":"Lajme nga Ulqini","description":"Lajme,Vijesti,Ulqini,Ulqin,Crna Gora,Mali i Zi","potentialAction":[{"@type":"SearchAction","target":{"@type":"EntryPoint","urlTemplate":"https:\/\/www.visit-ulcinj.com\/blog\/?s={search_term_string}"},"query-input":"required name=search_term_string"}],"inLanguage":"en-US"},{"@type":"ImageObject","inLanguage":"en-US","@id":"https:\/\/www.visit-ulcinj.com\/blog\/2014\/07\/15\/nika-gjeka-k-1-eshte-rast-per-prokurorin-shtetror-vazhdim-2\/#primaryimage","url":"https:\/\/www.visit-ulcinj.com\/blog\/wp-content\/uploads\/2014\/07\/Muhamet-Nika-Gjeka.jpg","contentUrl":"https:\/\/www.visit-ulcinj.com\/blog\/wp-content\/uploads\/2014\/07\/Muhamet-Nika-Gjeka.jpg","width":537,"height":327},{"@type":"WebPage","@id":"https:\/\/www.visit-ulcinj.com\/blog\/2014\/07\/15\/nika-gjeka-k-1-eshte-rast-per-prokurorin-shtetror-vazhdim-2\/#webpage","url":"https:\/\/www.visit-ulcinj.com\/blog\/2014\/07\/15\/nika-gjeka-k-1-eshte-rast-per-prokurorin-shtetror-vazhdim-2\/","name":"Nika: \u201cGjeka \u201d K -1\u201d \u00ebsht\u00eb rast p\u00ebr prokurorin shtetror \u201d - Vazhdim ( 2) - Lajme nga Ulqini","isPartOf":{"@id":"https:\/\/www.visit-ulcinj.com\/blog\/#website"},"primaryImageOfPage":{"@id":"https:\/\/www.visit-ulcinj.com\/blog\/2014\/07\/15\/nika-gjeka-k-1-eshte-rast-per-prokurorin-shtetror-vazhdim-2\/#primaryimage"},"datePublished":"2014-07-15T13:44:36+00:00","dateModified":"2014-07-15T14:43:32+00:00","author":{"@id":"https:\/\/www.visit-ulcinj.com\/blog\/#\/schema\/person\/dcab619c614d3038751c63bc2aadc06d"},"description":"Shkruan\u00a0 Muhamet Nika \u201cGJEKA \u201d K -1\u201d\u00a0 \u00cbSHT\u00cb RAST P\u00cbR PROKURORIN SHTETROR\u00a0 \u201d\u00a0\u00a0 - VAZHDIM ( 2) \u00a0 Historiku i problemit t\u00eb pushimores K-1 dhe Partizanski","breadcrumb":{"@id":"https:\/\/www.visit-ulcinj.com\/blog\/2014\/07\/15\/nika-gjeka-k-1-eshte-rast-per-prokurorin-shtetror-vazhdim-2\/#breadcrumb"},"inLanguage":"en-US","potentialAction":[{"@type":"ReadAction","target":["https:\/\/www.visit-ulcinj.com\/blog\/2014\/07\/15\/nika-gjeka-k-1-eshte-rast-per-prokurorin-shtetror-vazhdim-2\/"]}]},{"@type":"BreadcrumbList","@id":"https:\/\/www.visit-ulcinj.com\/blog\/2014\/07\/15\/nika-gjeka-k-1-eshte-rast-per-prokurorin-shtetror-vazhdim-2\/#breadcrumb","itemListElement":[{"@type":"ListItem","position":1,"name":"Nika: \u201cGjeka \u201d K -1\u201d \u00ebsht\u00eb rast p\u00ebr prokurorin shtetror \u201d &#8211; Vazhdim ( 2)"}]},{"@type":"Person","@id":"https:\/\/www.visit-ulcinj.com\/blog\/#\/schema\/person\/dcab619c614d3038751c63bc2aadc06d","name":"ulqini","sameAs":["http:\/\/www.visit-ulcinj.com"],"url":"https:\/\/www.visit-ulcinj.com\/blog\/author\/admin\/"}]}},"jetpack_featured_media_url":"","jetpack_sharing_enabled":true,"jetpack_shortlink":"https:\/\/wp.me\/pe6lTn-lRW","_links":{"self":[{"href":"https:\/\/www.visit-ulcinj.com\/blog\/wp-json\/wp\/v2\/posts\/84068"}],"collection":[{"href":"https:\/\/www.visit-ulcinj.com\/blog\/wp-json\/wp\/v2\/posts"}],"about":[{"href":"https:\/\/www.visit-ulcinj.com\/blog\/wp-json\/wp\/v2\/types\/post"}],"author":[{"embeddable":true,"href":"https:\/\/www.visit-ulcinj.com\/blog\/wp-json\/wp\/v2\/users\/1"}],"replies":[{"embeddable":true,"href":"https:\/\/www.visit-ulcinj.com\/blog\/wp-json\/wp\/v2\/comments?post=84068"}],"version-history":[{"count":3,"href":"https:\/\/www.visit-ulcinj.com\/blog\/wp-json\/wp\/v2\/posts\/84068\/revisions"}],"predecessor-version":[{"id":84072,"href":"https:\/\/www.visit-ulcinj.com\/blog\/wp-json\/wp\/v2\/posts\/84068\/revisions\/84072"}],"wp:attachment":[{"href":"https:\/\/www.visit-ulcinj.com\/blog\/wp-json\/wp\/v2\/media?parent=84068"}],"wp:term":[{"taxonomy":"category","embeddable":true,"href":"https:\/\/www.visit-ulcinj.com\/blog\/wp-json\/wp\/v2\/categories?post=84068"},{"taxonomy":"post_tag","embeddable":true,"href":"https:\/\/www.visit-ulcinj.com\/blog\/wp-json\/wp\/v2\/tags?post=84068"}],"curies":[{"name":"wp","href":"https:\/\/api.w.org\/{rel}","templated":true}]}}