{"id":84082,"date":"2014-07-15T16:27:34","date_gmt":"2014-07-15T15:27:34","guid":{"rendered":"http:\/\/www.visit-ulcinj.com\/blog\/?p=84082"},"modified":"2014-07-15T16:27:34","modified_gmt":"2014-07-15T15:27:34","slug":"ne-tuz-humb-jeten-punetori-nga-gjakova","status":"publish","type":"post","link":"https:\/\/www.visit-ulcinj.com\/blog\/2014\/07\/15\/ne-tuz-humb-jeten-punetori-nga-gjakova\/","title":{"rendered":"N\u00eb Tuz humb jet\u00ebn pun\u00ebtori nga Gjakova"},"content":{"rendered":"<p><strong><a href=\"http:\/\/www.visit-ulcinj.com\/blog\/wp-content\/uploads\/2014\/07\/ndertime-Tuze.jpg\"><img loading=\"lazy\" class=\"alignleft  wp-image-84083\" alt=\"ndertime-Tuze\" src=\"http:\/\/www.visit-ulcinj.com\/blog\/wp-content\/uploads\/2014\/07\/ndertime-Tuze.jpg\" width=\"508\" height=\"360\" \/><\/a>Tuz<\/strong> S.B. (32), pun\u00ebtor nga komuna e Gjakov\u00ebs, sot rreth mesdite ka humbur jet\u00ebn pasi ra nga skela nd\u00ebrsa po punonte n\u00eb nj\u00eb objekt t\u00eb kompanis\u00eb \u201cKova\u00e7i\u201d n\u00eb Tuz af\u00ebr Podgoric\u00ebs.<\/p>\n<p>Si\u00e7 njofton agjencia e lajmeve Mina, sipas informatave t\u00eb marra nga Policia, aksidenti ka ndodhur rreth or\u00ebs 12:00 t\u00eb dit\u00ebs s\u00eb mart\u00eb kur pun\u00ebtori fatkeq kishte r\u00ebn\u00eb nga lart\u00ebsia duke p\u00ebsuar l\u00ebndime\u00a0 t\u00eb r\u00ebnda<\/p>\n<p>I ndjeri edhe pse u transportua menj\u00ebher\u00eb n\u00eb Qendr\u00ebn Klinike t\u00eb Malit t\u00eb Zi n\u00eb Podgoric\u00eb ai nuk mundi t\u00eb shp\u00ebtonte nga plag\u00ebt e r\u00ebnda q\u00eb mori duke r\u00ebn\u00eb nga lart\u00ebsia.<\/p>\n<p>Hetuesit e Policis\u00eb kan\u00eb b\u00ebr\u00eb ekzaminimin e gjurm\u00ebve t\u00eb mbetura n\u00eb vendin e ngjarjes dhe po hetojn\u00eb shkaqet dhe rrethanat n\u00eb t\u00eb cilat tanim\u00eb i ndjeri S.B. humbi jet\u00ebn.<\/p>\n<p><strong>Z\u00ebri<\/strong><\/p>\n","protected":false},"excerpt":{"rendered":"<p>Tuz S.B. (32), pun\u00ebtor nga komuna e Gjakov\u00ebs, sot rreth mesdite ka humbur jet\u00ebn pasi ra nga skela nd\u00ebrsa po punonte n\u00eb nj\u00eb objekt t\u00eb kompanis\u00eb \u201cKova\u00e7i\u201d n\u00eb Tuz af\u00ebr Podgoric\u00ebs. Si\u00e7 njofton agjencia e lajmeve Mina, sipas informatave t\u00eb marra nga Policia, aksidenti ka ndodhur rreth or\u00ebs 12:00 t\u00eb dit\u00ebs s\u00eb mart\u00eb kur pun\u00ebtori [&hellip;]<\/p>\n","protected":false},"author":1,"featured_media":0,"comment_status":"closed","ping_status":"closed","sticky":false,"template":"","format":"standard","meta":{"spay_email":"","jetpack_publicize_message":"","jetpack_is_tweetstorm":false,"jetpack_publicize_feature_enabled":true},"categories":[14],"tags":[],"jetpack_publicize_connections":[],"yoast_head":"<!-- This site is optimized with the Yoast SEO plugin v19.1 - https:\/\/yoast.com\/wordpress\/plugins\/seo\/ -->\n<title>N\u00eb Tuz humb jet\u00ebn pun\u00ebtori nga Gjakova - Lajme nga Ulqini<\/title>\n<meta name=\"description\" content=\"Tuz S.B. (32), pun\u00ebtor nga komuna e Gjakov\u00ebs, sot rreth mesdite ka humbur jet\u00ebn pasi ra nga skela nd\u00ebrsa po punonte n\u00eb nj\u00eb objekt t\u00eb kompanis\u00eb \u201cKova\u00e7i\u201d n\u00eb\" \/>\n<meta name=\"robots\" content=\"index, follow, max-snippet:-1, max-image-preview:large, max-video-preview:-1\" \/>\n<link rel=\"canonical\" href=\"https:\/\/www.visit-ulcinj.com\/blog\/2014\/07\/15\/ne-tuz-humb-jeten-punetori-nga-gjakova\/\" \/>\n<meta property=\"og:locale\" content=\"en_US\" \/>\n<meta property=\"og:type\" content=\"article\" \/>\n<meta property=\"og:title\" content=\"N\u00eb Tuz humb jet\u00ebn pun\u00ebtori nga Gjakova - Lajme nga Ulqini\" \/>\n<meta property=\"og:description\" content=\"Tuz S.B. (32), pun\u00ebtor nga komuna e Gjakov\u00ebs, sot rreth mesdite ka humbur jet\u00ebn pasi ra nga skela nd\u00ebrsa po punonte n\u00eb nj\u00eb objekt t\u00eb kompanis\u00eb \u201cKova\u00e7i\u201d n\u00eb\" \/>\n<meta property=\"og:url\" content=\"https:\/\/www.visit-ulcinj.com\/blog\/2014\/07\/15\/ne-tuz-humb-jeten-punetori-nga-gjakova\/\" \/>\n<meta property=\"og:site_name\" content=\"Lajme nga Ulqini\" \/>\n<meta property=\"article:published_time\" content=\"2014-07-15T15:27:34+00:00\" \/>\n<meta property=\"og:image\" content=\"http:\/\/www.visit-ulcinj.com\/blog\/wp-content\/uploads\/2014\/07\/ndertime-Tuze.jpg\" \/>\n<meta name=\"twitter:label1\" content=\"Written by\" \/>\n\t<meta name=\"twitter:data1\" content=\"ulqini\" \/>\n\t<meta name=\"twitter:label2\" content=\"Est. reading time\" \/>\n\t<meta name=\"twitter:data2\" content=\"1 minute\" \/>\n<script type=\"application\/ld+json\" class=\"yoast-schema-graph\">{\"@context\":\"https:\/\/schema.org\",\"@graph\":[{\"@type\":\"WebSite\",\"@id\":\"https:\/\/www.visit-ulcinj.com\/blog\/#website\",\"url\":\"https:\/\/www.visit-ulcinj.com\/blog\/\",\"name\":\"Lajme nga Ulqini\",\"description\":\"Lajme,Vijesti,Ulqini,Ulqin,Crna Gora,Mali i Zi\",\"potentialAction\":[{\"@type\":\"SearchAction\",\"target\":{\"@type\":\"EntryPoint\",\"urlTemplate\":\"https:\/\/www.visit-ulcinj.com\/blog\/?s={search_term_string}\"},\"query-input\":\"required name=search_term_string\"}],\"inLanguage\":\"en-US\"},{\"@type\":\"ImageObject\",\"inLanguage\":\"en-US\",\"@id\":\"https:\/\/www.visit-ulcinj.com\/blog\/2014\/07\/15\/ne-tuz-humb-jeten-punetori-nga-gjakova\/#primaryimage\",\"url\":\"https:\/\/www.visit-ulcinj.com\/blog\/wp-content\/uploads\/2014\/07\/ndertime-Tuze.jpg\",\"contentUrl\":\"https:\/\/www.visit-ulcinj.com\/blog\/wp-content\/uploads\/2014\/07\/ndertime-Tuze.jpg\",\"width\":645,\"height\":376},{\"@type\":\"WebPage\",\"@id\":\"https:\/\/www.visit-ulcinj.com\/blog\/2014\/07\/15\/ne-tuz-humb-jeten-punetori-nga-gjakova\/#webpage\",\"url\":\"https:\/\/www.visit-ulcinj.com\/blog\/2014\/07\/15\/ne-tuz-humb-jeten-punetori-nga-gjakova\/\",\"name\":\"N\u00eb Tuz humb jet\u00ebn pun\u00ebtori nga Gjakova - Lajme nga Ulqini\",\"isPartOf\":{\"@id\":\"https:\/\/www.visit-ulcinj.com\/blog\/#website\"},\"primaryImageOfPage\":{\"@id\":\"https:\/\/www.visit-ulcinj.com\/blog\/2014\/07\/15\/ne-tuz-humb-jeten-punetori-nga-gjakova\/#primaryimage\"},\"datePublished\":\"2014-07-15T15:27:34+00:00\",\"dateModified\":\"2014-07-15T15:27:34+00:00\",\"author\":{\"@id\":\"https:\/\/www.visit-ulcinj.com\/blog\/#\/schema\/person\/dcab619c614d3038751c63bc2aadc06d\"},\"description\":\"Tuz S.B. (32), pun\u00ebtor nga komuna e Gjakov\u00ebs, sot rreth mesdite ka humbur jet\u00ebn pasi ra nga skela nd\u00ebrsa po punonte n\u00eb nj\u00eb objekt t\u00eb kompanis\u00eb \u201cKova\u00e7i\u201d n\u00eb\",\"breadcrumb\":{\"@id\":\"https:\/\/www.visit-ulcinj.com\/blog\/2014\/07\/15\/ne-tuz-humb-jeten-punetori-nga-gjakova\/#breadcrumb\"},\"inLanguage\":\"en-US\",\"potentialAction\":[{\"@type\":\"ReadAction\",\"target\":[\"https:\/\/www.visit-ulcinj.com\/blog\/2014\/07\/15\/ne-tuz-humb-jeten-punetori-nga-gjakova\/\"]}]},{\"@type\":\"BreadcrumbList\",\"@id\":\"https:\/\/www.visit-ulcinj.com\/blog\/2014\/07\/15\/ne-tuz-humb-jeten-punetori-nga-gjakova\/#breadcrumb\",\"itemListElement\":[{\"@type\":\"ListItem\",\"position\":1,\"name\":\"N\u00eb Tuz humb jet\u00ebn pun\u00ebtori nga Gjakova\"}]},{\"@type\":\"Person\",\"@id\":\"https:\/\/www.visit-ulcinj.com\/blog\/#\/schema\/person\/dcab619c614d3038751c63bc2aadc06d\",\"name\":\"ulqini\",\"sameAs\":[\"http:\/\/www.visit-ulcinj.com\"],\"url\":\"https:\/\/www.visit-ulcinj.com\/blog\/author\/admin\/\"}]}<\/script>\n<!-- \/ Yoast SEO plugin. -->","yoast_head_json":{"title":"N\u00eb Tuz humb jet\u00ebn pun\u00ebtori nga Gjakova - Lajme nga Ulqini","description":"Tuz S.B. (32), pun\u00ebtor nga komuna e Gjakov\u00ebs, sot rreth mesdite ka humbur jet\u00ebn pasi ra nga skela nd\u00ebrsa po punonte n\u00eb nj\u00eb objekt t\u00eb kompanis\u00eb \u201cKova\u00e7i\u201d n\u00eb","robots":{"index":"index","follow":"follow","max-snippet":"max-snippet:-1","max-image-preview":"max-image-preview:large","max-video-preview":"max-video-preview:-1"},"canonical":"https:\/\/www.visit-ulcinj.com\/blog\/2014\/07\/15\/ne-tuz-humb-jeten-punetori-nga-gjakova\/","og_locale":"en_US","og_type":"article","og_title":"N\u00eb Tuz humb jet\u00ebn pun\u00ebtori nga Gjakova - Lajme nga Ulqini","og_description":"Tuz S.B. (32), pun\u00ebtor nga komuna e Gjakov\u00ebs, sot rreth mesdite ka humbur jet\u00ebn pasi ra nga skela nd\u00ebrsa po punonte n\u00eb nj\u00eb objekt t\u00eb kompanis\u00eb \u201cKova\u00e7i\u201d n\u00eb","og_url":"https:\/\/www.visit-ulcinj.com\/blog\/2014\/07\/15\/ne-tuz-humb-jeten-punetori-nga-gjakova\/","og_site_name":"Lajme nga Ulqini","article_published_time":"2014-07-15T15:27:34+00:00","og_image":[{"url":"http:\/\/www.visit-ulcinj.com\/blog\/wp-content\/uploads\/2014\/07\/ndertime-Tuze.jpg"}],"twitter_misc":{"Written by":"ulqini","Est. reading time":"1 minute"},"schema":{"@context":"https:\/\/schema.org","@graph":[{"@type":"WebSite","@id":"https:\/\/www.visit-ulcinj.com\/blog\/#website","url":"https:\/\/www.visit-ulcinj.com\/blog\/","name":"Lajme nga Ulqini","description":"Lajme,Vijesti,Ulqini,Ulqin,Crna Gora,Mali i Zi","potentialAction":[{"@type":"SearchAction","target":{"@type":"EntryPoint","urlTemplate":"https:\/\/www.visit-ulcinj.com\/blog\/?s={search_term_string}"},"query-input":"required name=search_term_string"}],"inLanguage":"en-US"},{"@type":"ImageObject","inLanguage":"en-US","@id":"https:\/\/www.visit-ulcinj.com\/blog\/2014\/07\/15\/ne-tuz-humb-jeten-punetori-nga-gjakova\/#primaryimage","url":"https:\/\/www.visit-ulcinj.com\/blog\/wp-content\/uploads\/2014\/07\/ndertime-Tuze.jpg","contentUrl":"https:\/\/www.visit-ulcinj.com\/blog\/wp-content\/uploads\/2014\/07\/ndertime-Tuze.jpg","width":645,"height":376},{"@type":"WebPage","@id":"https:\/\/www.visit-ulcinj.com\/blog\/2014\/07\/15\/ne-tuz-humb-jeten-punetori-nga-gjakova\/#webpage","url":"https:\/\/www.visit-ulcinj.com\/blog\/2014\/07\/15\/ne-tuz-humb-jeten-punetori-nga-gjakova\/","name":"N\u00eb Tuz humb jet\u00ebn pun\u00ebtori nga Gjakova - Lajme nga Ulqini","isPartOf":{"@id":"https:\/\/www.visit-ulcinj.com\/blog\/#website"},"primaryImageOfPage":{"@id":"https:\/\/www.visit-ulcinj.com\/blog\/2014\/07\/15\/ne-tuz-humb-jeten-punetori-nga-gjakova\/#primaryimage"},"datePublished":"2014-07-15T15:27:34+00:00","dateModified":"2014-07-15T15:27:34+00:00","author":{"@id":"https:\/\/www.visit-ulcinj.com\/blog\/#\/schema\/person\/dcab619c614d3038751c63bc2aadc06d"},"description":"Tuz S.B. (32), pun\u00ebtor nga komuna e Gjakov\u00ebs, sot rreth mesdite ka humbur jet\u00ebn pasi ra nga skela nd\u00ebrsa po punonte n\u00eb nj\u00eb objekt t\u00eb kompanis\u00eb \u201cKova\u00e7i\u201d n\u00eb","breadcrumb":{"@id":"https:\/\/www.visit-ulcinj.com\/blog\/2014\/07\/15\/ne-tuz-humb-jeten-punetori-nga-gjakova\/#breadcrumb"},"inLanguage":"en-US","potentialAction":[{"@type":"ReadAction","target":["https:\/\/www.visit-ulcinj.com\/blog\/2014\/07\/15\/ne-tuz-humb-jeten-punetori-nga-gjakova\/"]}]},{"@type":"BreadcrumbList","@id":"https:\/\/www.visit-ulcinj.com\/blog\/2014\/07\/15\/ne-tuz-humb-jeten-punetori-nga-gjakova\/#breadcrumb","itemListElement":[{"@type":"ListItem","position":1,"name":"N\u00eb Tuz humb jet\u00ebn pun\u00ebtori nga Gjakova"}]},{"@type":"Person","@id":"https:\/\/www.visit-ulcinj.com\/blog\/#\/schema\/person\/dcab619c614d3038751c63bc2aadc06d","name":"ulqini","sameAs":["http:\/\/www.visit-ulcinj.com"],"url":"https:\/\/www.visit-ulcinj.com\/blog\/author\/admin\/"}]}},"jetpack_featured_media_url":"","jetpack_sharing_enabled":true,"jetpack_shortlink":"https:\/\/wp.me\/pe6lTn-lSa","_links":{"self":[{"href":"https:\/\/www.visit-ulcinj.com\/blog\/wp-json\/wp\/v2\/posts\/84082"}],"collection":[{"href":"https:\/\/www.visit-ulcinj.com\/blog\/wp-json\/wp\/v2\/posts"}],"about":[{"href":"https:\/\/www.visit-ulcinj.com\/blog\/wp-json\/wp\/v2\/types\/post"}],"author":[{"embeddable":true,"href":"https:\/\/www.visit-ulcinj.com\/blog\/wp-json\/wp\/v2\/users\/1"}],"replies":[{"embeddable":true,"href":"https:\/\/www.visit-ulcinj.com\/blog\/wp-json\/wp\/v2\/comments?post=84082"}],"version-history":[{"count":1,"href":"https:\/\/www.visit-ulcinj.com\/blog\/wp-json\/wp\/v2\/posts\/84082\/revisions"}],"predecessor-version":[{"id":84084,"href":"https:\/\/www.visit-ulcinj.com\/blog\/wp-json\/wp\/v2\/posts\/84082\/revisions\/84084"}],"wp:attachment":[{"href":"https:\/\/www.visit-ulcinj.com\/blog\/wp-json\/wp\/v2\/media?parent=84082"}],"wp:term":[{"taxonomy":"category","embeddable":true,"href":"https:\/\/www.visit-ulcinj.com\/blog\/wp-json\/wp\/v2\/categories?post=84082"},{"taxonomy":"post_tag","embeddable":true,"href":"https:\/\/www.visit-ulcinj.com\/blog\/wp-json\/wp\/v2\/tags?post=84082"}],"curies":[{"name":"wp","href":"https:\/\/api.w.org\/{rel}","templated":true}]}}