{"id":8409,"date":"2009-01-11T00:10:03","date_gmt":"2009-01-10T23:10:03","guid":{"rendered":"http:\/\/www.visit-ulcinj.com\/blog\/?p=8409"},"modified":"2009-01-12T18:48:48","modified_gmt":"2009-01-12T17:48:48","slug":"vdes-zekeria-cana","status":"publish","type":"post","link":"https:\/\/www.visit-ulcinj.com\/blog\/2009\/01\/11\/vdes-zekeria-cana\/","title":{"rendered":"In Memoriam: Vdes Zekeria Cana"},"content":{"rendered":"<p><a rel=\"attachment wp-att-8410\" href=\"http:\/\/www.visit-ulcinj.com\/blog\/2009\/01\/11\/vdes-zekeria-cana\/zekeria-cana\/\"><img loading=\"lazy\" class=\"alignleft size-full wp-image-8410\" title=\"zekeria-cana\" src=\"http:\/\/www.visit-ulcinj.com\/blog\/wp-content\/uploads\/2009\/01\/zekeria-cana.jpg\" alt=\"zekeria-cana\" width=\"343\" height=\"224\" srcset=\"https:\/\/www.visit-ulcinj.com\/blog\/wp-content\/uploads\/2009\/01\/zekeria-cana.jpg 490w, https:\/\/www.visit-ulcinj.com\/blog\/wp-content\/uploads\/2009\/01\/zekeria-cana-300x195.jpg 300w\" sizes=\"(max-width: 343px) 100vw, 343px\" \/><\/a>Ka vdekur n\u00eb mosh\u00ebn 75-vje\u00e7are, historiani dhe veprimtari i njohur p\u00ebr t\u00eb drejtat e njeriut, Zekeria Cana.<\/p>\n<p>Profesor Cana \u00ebsht\u00eb shquar p\u00ebr vlerat e larta profesionale dhe si hulumtues shkencor i periudh\u00ebs m\u00eb t\u00eb re historike. Ai ka publikuar nj\u00eb s\u00ebr\u00eb punimesh shkencore nga l\u00ebmi i historis\u00eb.<\/p>\n<p>Ai ka qen\u00eb shum\u00eb aktiv p\u00ebr veprimtarin\u00eb e tij patriotike p\u00ebr \u00e7lirimin e vendit, nd\u00ebrsa do t\u00eb mbahet mend sidomos p\u00ebr kontributin q\u00eb ka dh\u00ebn\u00eb n\u00eb koh\u00ebn e pajtimit t\u00eb gjaqeve n\u00eb Kosov\u00eb.<\/p>\n<p>Varrimi i profesor Can\u00ebs do t\u00eb b\u00ebhet nes\u00ebr n\u00eb varrezat e Prishtin\u00ebs.<\/p>\n<p><strong>Kush ishte Prof. Dr. Zekeria Cana?<\/strong><\/p>\n<p>Familjar\u00ebt dhe koleg\u00ebt e profesor Zekeria Can\u00ebs, n\u00eb mbledhjen komemorative q\u00eb u mbajt me rastin e vdekjes s\u00eb tij, e vler\u00ebsuan lart\u00eb kontributin e tij dh\u00ebn\u00eb historiografis\u00eb shqiptare dhe mbrojtjes s\u00eb t\u00eb drejtave t\u00eb shqiptar\u00ebve gjat\u00eb koh\u00ebs s\u00eb okupimit t\u00eb Kosov\u00ebs nga Serbia.<\/p>\n<p>Hysen Matoshi, drejtor i Institutit Albanologjik, theksoi se ngush\u00ebllimi m\u00eb i madh n\u00eb k\u00ebto qaste t\u00eb v\u00ebshtira t\u00eb ndarjes mbetet fakti se profesori do t\u00eb vazhdoj\u00eb t\u00eb jetoj\u00eb n\u00ebp\u00ebrmjet vepr\u00ebs s\u00eb tij shkencore dhe respektit ton\u00eb p\u00ebr t\u00eb. Ai e \u00e7moi kontributin e profesor Can\u00ebs dh\u00ebn\u00eb historiografis\u00eb shqiptare, duke e konsideruar si nj\u00eb figur\u00eb t\u00eb shumanshme.<\/p>\n<p>Nd\u00ebrkaq, akademik Pajazit Nushi, duke folur n\u00eb em\u00ebr t\u00eb K\u00ebshillit p\u00ebr Mbrojtjen e t\u00eb Drejtave dhe Lirive t\u00eb Njeriut, tha se profesor Zekeria Cana n\u00eb vitet e n\u00ebnt\u00ebdhjeta t\u00eb dy dekadave t\u00eb shekullit 20, qe b\u00ebr\u00eb simbol i rezistenc\u00ebs ndaj dhun\u00ebs, p\u00ebrndjekjeve, tmerreve dhe vrasjeve shqiptare.<\/p>\n<p>\u201cDita e ndarjes prej tij \u00ebsht\u00eb dit\u00eb pik\u00ebllimi jo vet\u00ebm e familjes, e farefisnis\u00eb, e shok\u00ebve dhe e miqve, por \u00ebsht\u00eb dit\u00eb pik\u00ebllimi i gjith\u00eb atyre q\u00eb din\u00eb \u00e7\u2019\u00ebsht\u00eb dinjiteti i njer\u00ebzor dhe mbrojtja me \u00e7do kusht e k\u00ebtij dinjiteti\u201d, tha Nushi.<\/p>\n<p style=\"text-align: center;\"><strong>Kush ishte Prof. Dr. Zekeria Cana?<a rel=\"attachment wp-att-8731\" href=\"http:\/\/www.visit-ulcinj.com\/blog\/2009\/01\/11\/vdes-zekeria-cana\/zekeria-cana1\/\"><img loading=\"lazy\" class=\"size-full wp-image-8731 aligncenter\" title=\"zekeria-cana1\" src=\"http:\/\/www.visit-ulcinj.com\/blog\/wp-content\/uploads\/2009\/01\/zekeria-cana1.jpg\" alt=\"zekeria-cana1\" width=\"442\" height=\"537\" srcset=\"https:\/\/www.visit-ulcinj.com\/blog\/wp-content\/uploads\/2009\/01\/zekeria-cana1.jpg 442w, https:\/\/www.visit-ulcinj.com\/blog\/wp-content\/uploads\/2009\/01\/zekeria-cana1-246x300.jpg 246w\" sizes=\"(max-width: 442px) 100vw, 442px\" \/><\/a><\/strong><\/p>\n<p>Prof. Dr. Zekeria Cana, nj\u00ebri nd\u00ebr veteran\u00ebt e histografis\u00eb shqiptare, figur\u00eb e dalluar e historis\u00eb son\u00eb komb\u00ebtare, u lind n\u00eb Gjakov\u00eb, m\u00eb 15 mars 1934. Shkoll\u00ebn fillore, Gjimnazin e ul\u00ebt dhe Normalen i kreu n\u00eb vendlindje. Punoi dy vjet si arsimtar n\u00eb Irzniq dhe De\u00e7an, duke u marr\u00eb nj\u00ebkoh\u00ebsisht me gazetari-si korrespodent i \u201cRilindjes\u201d dhe \u201cRadio Prishtin\u00ebs\u201d.<\/p>\n<p>M\u00eb 1954 i filloi studimet (si bursist i \u201cRilindjes\u201d) n\u00eb Universitetin e Beogradit, ku u diplomua n\u00eb deg\u00ebn e historis\u00eb. Punoi aktivisht n\u00eb organizatat studentore. \u00cbsht\u00eb nj\u00ebri nd\u00ebr themeluesit e Shoqat\u00ebs Shqiptare \u201cP\u00ebrpjekja\u201d t\u00eb student\u00ebve t\u00eb Beogradit dhe sekretar i par\u00eb i saj, q\u00eb me veprimtarin\u00eb e vet t\u00eb ngjeshur la gjurm\u00eb t\u00eb pashlyeshme. M\u00eb 1959 u largua nga PKJ p\u00ebr shkak t\u00eb mospajtimit me q\u00ebndrimin-politik\u00ebn jugosllave ndaj popullit shqiptar. Nga koha e diplomimit ushtroi detyr\u00ebn e profesorit t\u00eb historis\u00eb dhe t\u00eb ekonomis\u00eb politike n\u00eb shkollat e mesme t\u00eb Prishtin\u00ebs dhe Gjakov\u00ebs.<\/p>\n<p>M\u00eb 1962 u pushua nga puna dhe kaloi n\u00eb Arkivin Krahinor Shtet\u00ebror t\u00eb Prishtin\u00ebs, por e larguan edhe se andejmi dhe q\u00ebndroi nj\u00eb vit pa pun\u00eb. Status i tij u rregullua pas Plenumit IV t\u00eb LKJ t\u00eb Brioneve (1966). Me rithemelimin e Institutit Albanologjik (1967) u pranua aty si asistent n\u00eb Deg\u00ebn e Historis\u00eb. M\u00eb 1975 kreu studimet pasuniversitare n\u00eb Beograd dhe mbrojti tez\u00ebn e magjistratur\u00ebs me titull: \u201cL\u00ebvizja Komb\u00ebtare e Shqiptar\u00ebve n\u00eb Kosov\u00eb 1909-1912 dhe q\u00ebndrimi i Serbis\u00eb ndaj k\u00ebsaj l\u00ebvizjeje\u201d, kurse m\u00eb 1984 n\u00eb Fakultetin Filozofik t\u00eb Prishtin\u00ebs mbrojti disertacionin e doktorat\u00ebs: \u201cSocialdemokracia Serbe dhe \u00e7\u00ebshtja shqiptare 1903-1914\u201d, duke u b\u00ebr\u00eb model se si punohet dhe si mbrohet nj\u00eb disertacion shkencor e cil\u00ebsor.<\/p>\n<p>Gjat\u00eb pun\u00ebs n\u00eb Institutin Albanologjik kreu edhe detyr\u00ebn e sekretarit t\u00eb Bashk\u00ebsis\u00eb Krahinore t\u00eb Institucioneve shkencore, t\u00eb sekretarit shkencor t\u00eb \u201cGjurmimeve albanologjike\u201d dhe te sekretarit shkencor t\u00eb Institutit. Ve\u00e7 k\u00ebsaj u mor edhe m\u00eb p\u00ebrkthime nga gjuha serbokroate dhe ruse, me publicistik\u00eb dhe eseistik\u00eb, etj.<\/p>\n<p>Krahas pun\u00ebs k\u00ebrkimore-shkencore b\u00ebri aktivitete t\u00eb ngjeshura edhe n\u00eb rrafshin shoq\u00ebror, politik dhe humanitar. \u00cbsht\u00eb bashkautor dhe shp\u00ebrndar\u00ebs kryesor i Apelit t\u00eb 215 intelektual\u00ebve shqiptar\u00eb, themelues i K\u00ebshillit p\u00ebr Mbrojtjen e t\u00eb Drejtave dhe Lirive t\u00eb Njeriut, q\u00eb k\u00ebrkonte guxim e vendosm\u00ebri dhe sakrific\u00eb personale e familjare dhe nism\u00ebtar i L\u00ebvizjes s\u00eb Pajtimit t\u00eb Gjaqeve dhe t\u00eb Ngat\u00ebrresave dhe krah i djatht\u00eb i Prof.Anton \u00c7et\u00ebs.<\/p>\n<p>Shkrimet e para shkencore zuri t\u2019i shtjelloj\u00eb m\u00eb 1962. Duke pasur p\u00ebr baz\u00eb angazhimin shkencor (shif bibliografin\u00eb e punimeve studimore n\u00eb vazhdim), \u00ebsht\u00eb konstatim i p\u00ebrgjithsh\u00ebm i historiografis\u00eb shqiptare se Dr.Zekeria Cana, p\u00ebr ta shprehur bindsh\u00ebm L\u00ebvizjen Komb\u00ebtare Shqiptare gjat\u00eb viteve t\u00eb m\u00ebdha 1908-1912 dhe m\u00eb von\u00eb \u2013 fush\u00eb e interesimit t\u00eb dij\u00ebs s\u00eb tij, b\u00ebri nj\u00eb angazhim p\u00ebrgatitor e studiues nga shum\u00eb burime e n\u00eb detaje, q\u00eb t\u00eb hyhet thell\u00eb n\u00eb ngjarjet dhe ambientin e koh\u00ebs t\u00eb periudh\u00ebs s\u00eb caktuar.<\/p>\n<p>K\u00ebshtu n\u00eb themel t\u00eb \u00e7\u00ebshtjeve dhe problemeve q\u00eb trajtohen, studimet e Dr.Can\u00ebs, kan\u00eb mb\u00ebshtetje t\u00eb gjer\u00eb burimore, arkivore dhe bibliografike. Ato sjellin nj\u00eb kontribut t\u00eb r\u00ebnd\u00ebsish\u00ebm p\u00ebr kryengritjet e m\u00ebdha shqiptare 1908-1912, duke trajtuar edhe probleme t\u00eb mprehta politike, sociale, ekonomike, arsimore etj., gjat\u00eb periudh\u00ebs n\u00eb shqyrtim.<\/p>\n<p>Nga sfondi historik, q\u00eb jepet n\u00eb pjes\u00ebn m\u00eb t\u00eb madhe t\u00eb botimeve t\u00eb ve\u00e7anta dhe t\u00eb studimeve shkencore historike, del qart\u00eb se autori jo vet\u00eb q\u00eb i ka ndjekur hap pas hapi k\u00ebto kryengritje me karakter gjith\u00ebkomb\u00ebtar, por edhe i ka par\u00eb t\u00eb nd\u00ebrlidhura ngusht\u00eb me gjendjen e Shqip\u00ebris\u00eb Etnike, me detyrat e L\u00ebvizjes Komb\u00ebtare e Demokratike Shqiptare, kriter q\u00eb i ka dh\u00ebn\u00eb nj\u00eb vler\u00eb t\u00eb madhe trajtimit t\u00eb ngjarjeve dhe fakteve kryesore t\u00eb dy periudhave historike: para dhe pas shpalljes s\u00eb Pavar\u00ebsis\u00eb.<\/p>\n<p>Mbi baz\u00ebn e analizave shkencore, dhe duke pasur q\u00ebndrim kritik ndaj ngjarjeve t\u00eb viteve t\u00eb fush\u00ebs s\u00eb interesimit, Dr.Zekeria Cana b\u00ebn shpjegimin historik t\u00eb dokumenteve, pun\u00eb q\u00eb d\u00ebshmohet me an\u00eb te dokumenteve, duke demaskuar dhe duke hedhur posht\u00eb si pseudoshkenc\u00eb pik\u00ebpamjet dhe q\u00ebndrimet e histografis\u00eb ekspansioniste serbosllave lidhur me Shqip\u00ebrin\u00eb Etnike t\u00eb k\u00ebtyre viteve dhe me shqiptar\u00ebt, ve\u00e7mas thekson vler\u00ebsimin e drejt\u00eb te rolit t\u00eb masave dhe personaliteteve me pesh\u00eb historike n\u00eb k\u00ebto luft\u00ebra p\u00ebr \u00e7lirimin komb\u00ebtar shqiptar.<\/p>\n<p>K\u00ebto studime, q\u00eb pasqyrojn\u00eb objektivitetin historik t\u00eb ngjarjeve me r\u00ebnd\u00ebsi t\u00eb madhe p\u00ebr historin\u00eb e popullit shqiptar, t\u00eb shkruara me stil t\u00eb rrjedhsh\u00ebm, me gjuh\u00eb t\u00eb past\u00ebr, me fjali t\u00eb sakta, t\u00eb qarta e t\u00eb kuptueshme, kultivues e aktivizues i nj\u00eb leksiku t\u00eb rrall\u00eb, sjellim nj\u00eb kontribut t\u00eb r\u00ebnd\u00ebsish\u00ebm me njohjen e periudh\u00ebs s\u00eb L\u00ebvizjes Komb\u00ebtare Shqiptare dhe japin mund\u00ebsin\u00eb p\u00ebr studimet e thelluara nga kjo fush\u00eb. Nj\u00ebherit k\u00ebto studime qart\u00ebsojn\u00eb shum\u00eb koncepte dhe pik\u00ebpamje rreth mjaft \u00e7\u00ebshtjeve t\u00eb diskutueshme historiografike t\u00eb viteve 1908-1912.<\/p>\n<p>Dr.Zekeria Cana \u00ebsht\u00eb paraqitur edhe me referate dhe kumtesa n\u00eb simpoziume dhe kongrese shkencore t\u00eb mbajtura n\u00eb Kosov\u00eb, ish-Jugosllavi dhe jasht\u00eb saj, n\u00eb disa vende t\u00eb Evrop\u00ebs. Me kumtesat e paraqitura n\u00eb tubimet shkencore Dr.Zekeria Cana kudo u mir\u00ebprit me respekt nga opinioni shkencor.<\/p>\n<p><strong>Gazeta Express<\/strong><\/p>\n<p><strong><!--YouTube Error: bad URL entered--><\/strong><\/p>\n<p><strong><\/strong><\/p>\n","protected":false},"excerpt":{"rendered":"<p>Ka vdekur n\u00eb mosh\u00ebn 75-vje\u00e7are, historiani dhe veprimtari i njohur p\u00ebr t\u00eb drejtat e njeriut, Zekeria Cana. Profesor Cana \u00ebsht\u00eb shquar p\u00ebr vlerat e larta profesionale dhe si hulumtues shkencor i periudh\u00ebs m\u00eb t\u00eb re historike. Ai ka publikuar nj\u00eb s\u00ebr\u00eb punimesh shkencore nga l\u00ebmi i historis\u00eb. Ai ka qen\u00eb shum\u00eb aktiv p\u00ebr veprimtarin\u00eb e [&hellip;]<\/p>\n","protected":false},"author":1,"featured_media":0,"comment_status":"open","ping_status":"closed","sticky":false,"template":"","format":"standard","meta":{"spay_email":"","jetpack_publicize_message":"","jetpack_is_tweetstorm":false,"jetpack_publicize_feature_enabled":true},"categories":[14],"tags":[40,5668,5667,5669],"jetpack_publicize_connections":[],"yoast_head":"<!-- This site is optimized with the Yoast SEO plugin v19.1 - https:\/\/yoast.com\/wordpress\/plugins\/seo\/ -->\n<title>In Memoriam: Vdes Zekeria Cana - Lajme nga Ulqini<\/title>\n<meta name=\"description\" content=\"Ka vdekur n\u00eb mosh\u00ebn 75-vje\u00e7are, historiani dhe veprimtari i njohur p\u00ebr t\u00eb drejtat e njeriut, Zekeria Cana. Profesor Cana \u00ebsht\u00eb shquar p\u00ebr vlerat e larta\" \/>\n<meta name=\"robots\" content=\"index, follow, max-snippet:-1, max-image-preview:large, max-video-preview:-1\" \/>\n<link rel=\"canonical\" href=\"https:\/\/www.visit-ulcinj.com\/blog\/2009\/01\/11\/vdes-zekeria-cana\/\" \/>\n<meta property=\"og:locale\" content=\"en_US\" \/>\n<meta property=\"og:type\" content=\"article\" \/>\n<meta property=\"og:title\" content=\"In Memoriam: Vdes Zekeria Cana - Lajme nga Ulqini\" \/>\n<meta property=\"og:description\" content=\"Ka vdekur n\u00eb mosh\u00ebn 75-vje\u00e7are, historiani dhe veprimtari i njohur p\u00ebr t\u00eb drejtat e njeriut, Zekeria Cana. Profesor Cana \u00ebsht\u00eb shquar p\u00ebr vlerat e larta\" \/>\n<meta property=\"og:url\" content=\"https:\/\/www.visit-ulcinj.com\/blog\/2009\/01\/11\/vdes-zekeria-cana\/\" \/>\n<meta property=\"og:site_name\" content=\"Lajme nga Ulqini\" \/>\n<meta property=\"article:published_time\" content=\"2009-01-10T23:10:03+00:00\" \/>\n<meta property=\"article:modified_time\" content=\"2009-01-12T17:48:48+00:00\" \/>\n<meta property=\"og:image\" content=\"http:\/\/www.visit-ulcinj.com\/blog\/wp-content\/uploads\/2009\/01\/zekeria-cana.jpg\" \/>\n<meta name=\"twitter:label1\" content=\"Written by\" \/>\n\t<meta name=\"twitter:data1\" content=\"ulqini\" \/>\n\t<meta name=\"twitter:label2\" content=\"Est. reading time\" \/>\n\t<meta name=\"twitter:data2\" content=\"6 minutes\" \/>\n<script type=\"application\/ld+json\" class=\"yoast-schema-graph\">{\"@context\":\"https:\/\/schema.org\",\"@graph\":[{\"@type\":\"WebSite\",\"@id\":\"https:\/\/www.visit-ulcinj.com\/blog\/#website\",\"url\":\"https:\/\/www.visit-ulcinj.com\/blog\/\",\"name\":\"Lajme nga Ulqini\",\"description\":\"Lajme,Vijesti,Ulqini,Ulqin,Crna Gora,Mali i Zi\",\"potentialAction\":[{\"@type\":\"SearchAction\",\"target\":{\"@type\":\"EntryPoint\",\"urlTemplate\":\"https:\/\/www.visit-ulcinj.com\/blog\/?s={search_term_string}\"},\"query-input\":\"required name=search_term_string\"}],\"inLanguage\":\"en-US\"},{\"@type\":\"ImageObject\",\"inLanguage\":\"en-US\",\"@id\":\"https:\/\/www.visit-ulcinj.com\/blog\/2009\/01\/11\/vdes-zekeria-cana\/#primaryimage\",\"url\":\"https:\/\/www.visit-ulcinj.com\/blog\/wp-content\/uploads\/2009\/01\/zekeria-cana.jpg\",\"contentUrl\":\"https:\/\/www.visit-ulcinj.com\/blog\/wp-content\/uploads\/2009\/01\/zekeria-cana.jpg\",\"width\":\"490\",\"height\":\"320\"},{\"@type\":\"WebPage\",\"@id\":\"https:\/\/www.visit-ulcinj.com\/blog\/2009\/01\/11\/vdes-zekeria-cana\/#webpage\",\"url\":\"https:\/\/www.visit-ulcinj.com\/blog\/2009\/01\/11\/vdes-zekeria-cana\/\",\"name\":\"In Memoriam: Vdes Zekeria Cana - Lajme nga Ulqini\",\"isPartOf\":{\"@id\":\"https:\/\/www.visit-ulcinj.com\/blog\/#website\"},\"primaryImageOfPage\":{\"@id\":\"https:\/\/www.visit-ulcinj.com\/blog\/2009\/01\/11\/vdes-zekeria-cana\/#primaryimage\"},\"datePublished\":\"2009-01-10T23:10:03+00:00\",\"dateModified\":\"2009-01-12T17:48:48+00:00\",\"author\":{\"@id\":\"https:\/\/www.visit-ulcinj.com\/blog\/#\/schema\/person\/dcab619c614d3038751c63bc2aadc06d\"},\"description\":\"Ka vdekur n\u00eb mosh\u00ebn 75-vje\u00e7are, historiani dhe veprimtari i njohur p\u00ebr t\u00eb drejtat e njeriut, Zekeria Cana. Profesor Cana \u00ebsht\u00eb shquar p\u00ebr vlerat e larta\",\"breadcrumb\":{\"@id\":\"https:\/\/www.visit-ulcinj.com\/blog\/2009\/01\/11\/vdes-zekeria-cana\/#breadcrumb\"},\"inLanguage\":\"en-US\",\"potentialAction\":[{\"@type\":\"ReadAction\",\"target\":[\"https:\/\/www.visit-ulcinj.com\/blog\/2009\/01\/11\/vdes-zekeria-cana\/\"]}]},{\"@type\":\"BreadcrumbList\",\"@id\":\"https:\/\/www.visit-ulcinj.com\/blog\/2009\/01\/11\/vdes-zekeria-cana\/#breadcrumb\",\"itemListElement\":[{\"@type\":\"ListItem\",\"position\":1,\"name\":\"In Memoriam: Vdes Zekeria Cana\"}]},{\"@type\":\"Person\",\"@id\":\"https:\/\/www.visit-ulcinj.com\/blog\/#\/schema\/person\/dcab619c614d3038751c63bc2aadc06d\",\"name\":\"ulqini\",\"sameAs\":[\"http:\/\/www.visit-ulcinj.com\"],\"url\":\"https:\/\/www.visit-ulcinj.com\/blog\/author\/admin\/\"}]}<\/script>\n<!-- \/ Yoast SEO plugin. -->","yoast_head_json":{"title":"In Memoriam: Vdes Zekeria Cana - Lajme nga Ulqini","description":"Ka vdekur n\u00eb mosh\u00ebn 75-vje\u00e7are, historiani dhe veprimtari i njohur p\u00ebr t\u00eb drejtat e njeriut, Zekeria Cana. Profesor Cana \u00ebsht\u00eb shquar p\u00ebr vlerat e larta","robots":{"index":"index","follow":"follow","max-snippet":"max-snippet:-1","max-image-preview":"max-image-preview:large","max-video-preview":"max-video-preview:-1"},"canonical":"https:\/\/www.visit-ulcinj.com\/blog\/2009\/01\/11\/vdes-zekeria-cana\/","og_locale":"en_US","og_type":"article","og_title":"In Memoriam: Vdes Zekeria Cana - Lajme nga Ulqini","og_description":"Ka vdekur n\u00eb mosh\u00ebn 75-vje\u00e7are, historiani dhe veprimtari i njohur p\u00ebr t\u00eb drejtat e njeriut, Zekeria Cana. Profesor Cana \u00ebsht\u00eb shquar p\u00ebr vlerat e larta","og_url":"https:\/\/www.visit-ulcinj.com\/blog\/2009\/01\/11\/vdes-zekeria-cana\/","og_site_name":"Lajme nga Ulqini","article_published_time":"2009-01-10T23:10:03+00:00","article_modified_time":"2009-01-12T17:48:48+00:00","og_image":[{"url":"http:\/\/www.visit-ulcinj.com\/blog\/wp-content\/uploads\/2009\/01\/zekeria-cana.jpg"}],"twitter_misc":{"Written by":"ulqini","Est. reading time":"6 minutes"},"schema":{"@context":"https:\/\/schema.org","@graph":[{"@type":"WebSite","@id":"https:\/\/www.visit-ulcinj.com\/blog\/#website","url":"https:\/\/www.visit-ulcinj.com\/blog\/","name":"Lajme nga Ulqini","description":"Lajme,Vijesti,Ulqini,Ulqin,Crna Gora,Mali i Zi","potentialAction":[{"@type":"SearchAction","target":{"@type":"EntryPoint","urlTemplate":"https:\/\/www.visit-ulcinj.com\/blog\/?s={search_term_string}"},"query-input":"required name=search_term_string"}],"inLanguage":"en-US"},{"@type":"ImageObject","inLanguage":"en-US","@id":"https:\/\/www.visit-ulcinj.com\/blog\/2009\/01\/11\/vdes-zekeria-cana\/#primaryimage","url":"https:\/\/www.visit-ulcinj.com\/blog\/wp-content\/uploads\/2009\/01\/zekeria-cana.jpg","contentUrl":"https:\/\/www.visit-ulcinj.com\/blog\/wp-content\/uploads\/2009\/01\/zekeria-cana.jpg","width":"490","height":"320"},{"@type":"WebPage","@id":"https:\/\/www.visit-ulcinj.com\/blog\/2009\/01\/11\/vdes-zekeria-cana\/#webpage","url":"https:\/\/www.visit-ulcinj.com\/blog\/2009\/01\/11\/vdes-zekeria-cana\/","name":"In Memoriam: Vdes Zekeria Cana - Lajme nga Ulqini","isPartOf":{"@id":"https:\/\/www.visit-ulcinj.com\/blog\/#website"},"primaryImageOfPage":{"@id":"https:\/\/www.visit-ulcinj.com\/blog\/2009\/01\/11\/vdes-zekeria-cana\/#primaryimage"},"datePublished":"2009-01-10T23:10:03+00:00","dateModified":"2009-01-12T17:48:48+00:00","author":{"@id":"https:\/\/www.visit-ulcinj.com\/blog\/#\/schema\/person\/dcab619c614d3038751c63bc2aadc06d"},"description":"Ka vdekur n\u00eb mosh\u00ebn 75-vje\u00e7are, historiani dhe veprimtari i njohur p\u00ebr t\u00eb drejtat e njeriut, Zekeria Cana. Profesor Cana \u00ebsht\u00eb shquar p\u00ebr vlerat e larta","breadcrumb":{"@id":"https:\/\/www.visit-ulcinj.com\/blog\/2009\/01\/11\/vdes-zekeria-cana\/#breadcrumb"},"inLanguage":"en-US","potentialAction":[{"@type":"ReadAction","target":["https:\/\/www.visit-ulcinj.com\/blog\/2009\/01\/11\/vdes-zekeria-cana\/"]}]},{"@type":"BreadcrumbList","@id":"https:\/\/www.visit-ulcinj.com\/blog\/2009\/01\/11\/vdes-zekeria-cana\/#breadcrumb","itemListElement":[{"@type":"ListItem","position":1,"name":"In Memoriam: Vdes Zekeria Cana"}]},{"@type":"Person","@id":"https:\/\/www.visit-ulcinj.com\/blog\/#\/schema\/person\/dcab619c614d3038751c63bc2aadc06d","name":"ulqini","sameAs":["http:\/\/www.visit-ulcinj.com"],"url":"https:\/\/www.visit-ulcinj.com\/blog\/author\/admin\/"}]}},"jetpack_featured_media_url":"","jetpack_sharing_enabled":true,"jetpack_shortlink":"https:\/\/wp.me\/pe6lTn-2bD","_links":{"self":[{"href":"https:\/\/www.visit-ulcinj.com\/blog\/wp-json\/wp\/v2\/posts\/8409"}],"collection":[{"href":"https:\/\/www.visit-ulcinj.com\/blog\/wp-json\/wp\/v2\/posts"}],"about":[{"href":"https:\/\/www.visit-ulcinj.com\/blog\/wp-json\/wp\/v2\/types\/post"}],"author":[{"embeddable":true,"href":"https:\/\/www.visit-ulcinj.com\/blog\/wp-json\/wp\/v2\/users\/1"}],"replies":[{"embeddable":true,"href":"https:\/\/www.visit-ulcinj.com\/blog\/wp-json\/wp\/v2\/comments?post=8409"}],"version-history":[{"count":0,"href":"https:\/\/www.visit-ulcinj.com\/blog\/wp-json\/wp\/v2\/posts\/8409\/revisions"}],"wp:attachment":[{"href":"https:\/\/www.visit-ulcinj.com\/blog\/wp-json\/wp\/v2\/media?parent=8409"}],"wp:term":[{"taxonomy":"category","embeddable":true,"href":"https:\/\/www.visit-ulcinj.com\/blog\/wp-json\/wp\/v2\/categories?post=8409"},{"taxonomy":"post_tag","embeddable":true,"href":"https:\/\/www.visit-ulcinj.com\/blog\/wp-json\/wp\/v2\/tags?post=8409"}],"curies":[{"name":"wp","href":"https:\/\/api.w.org\/{rel}","templated":true}]}}