{"id":84090,"date":"2014-07-16T18:14:44","date_gmt":"2014-07-16T17:14:44","guid":{"rendered":"http:\/\/www.visit-ulcinj.com\/blog\/?p=84090"},"modified":"2014-07-16T18:59:41","modified_gmt":"2014-07-16T17:59:41","slug":"shqyrtim-publik-plani-hapesinor-urbanistik-ulqinit","status":"publish","type":"post","link":"https:\/\/www.visit-ulcinj.com\/blog\/2014\/07\/16\/shqyrtim-publik-plani-hapesinor-urbanistik-ulqinit\/","title":{"rendered":"Shqyrtim publik &#8211; Plani hap\u00ebsinor urbanistik i Ulqinit"},"content":{"rendered":"<p><strong><a href=\"http:\/\/www.visit-ulcinj.com\/blog\/wp-content\/uploads\/2014\/07\/Plani-hapsinor-urbanistik-i-ulqinit.jpg\"><img loading=\"lazy\" class=\"alignleft  wp-image-84091\" alt=\"Plani-hapsinor-urbanistik-i-ulqinit\" src=\"http:\/\/www.visit-ulcinj.com\/blog\/wp-content\/uploads\/2014\/07\/Plani-hapsinor-urbanistik-i-ulqinit.jpg\" width=\"508\" height=\"600\" \/><\/a>SHQYRTUMI PUBLIK do t\u00eb mbahet 17.08.2014<\/strong><\/p>\n<p>P\u00ebr draftin e planit hap\u00ebsinor-urbanistik t\u00eb komun\u00ebs s\u00eb Ulqinint dhe p\u00ebr draftin e raportit mbi vler\u00ebsimin strategjik t\u00eb ndikimit n\u00eb ambijent<\/p>\n<p>Shqyrtimi publik do t\u00eb mbahet n\u00eb organizim t\u00eb Ministris\u00eb p\u00ebr zhvillim t\u00eb q\u00ebndruesh\u00ebm dhe turiz\u00ebm dhe Komun\u00ebs s\u00eb Ulqinit .<\/p>\n<p>Q\u00ebllimi i shqyrtimit publik \u00ebsht\u00eb q\u00eb n\u00eb m\u00ebnyr\u00eb t\u00eb organizuar t\u00eb njoftohet publiku me draftin e planit dhe me propozimet e planit si dhe me draftin e raportit mbi vler\u00ebsimin strategjik t\u00eb ndikimit n\u00eb ambijent. Nga Shqyrtimi publik pritet q\u00eb t i nxis\u00eb profesionist\u00ebt dhe publikun e gj\u00ebr\u00eb q\u00eb t\u00eb ky\u00e7en dhe t\u00eb japin propozimet konkrete mendimet dhe komentet.<\/p>\n<p>Gjat\u00eb Shqyrtimit publik n\u00eb bashk\u00ebpunim me Komun\u00ebn e Ulqinit do t\u00eb organizohen prezantime dhe tryeza e rrumbullak\u00ebt p\u00ebr Draftin e dokumentit planifikues dhe draftin e raportit mbi vler\u00ebsimin strategjik t\u00eb ndikimit n\u00eb ambijent.<\/p>\n<p>Prezantimi do t \u00eb mbahet :<\/p>\n<p>&#8211; N\u00eb Ulqin,t\u00eb merkuren, m\u00eb 23.07.2014 prej 13-15 h, n\u00eb sallen e madhe t\u00eb Kuendit t\u00eb Komun\u00ebs s\u00eb Ulqinit,<br \/>\n&#8211; N\u00eb Kat\u00ebrkoll\u00eb, t\u00eb enjten, m\u00eb 24.07.2014 prej 11-13 h n\u00eb sall\u00ebn e kinemas\u00eb.<\/p>\n<p><a href=\"http:\/\/www.visit-ulcinj.com\/blog\/wp-content\/uploads\/2014\/07\/shqyrtim-publik-komuna-ulqinit.jpg\"><img loading=\"lazy\" class=\"alignleft size-full wp-image-84099\" alt=\"shqyrtim-publik-komuna-ulqinit\" src=\"http:\/\/www.visit-ulcinj.com\/blog\/wp-content\/uploads\/2014\/07\/shqyrtim-publik-komuna-ulqinit.jpg\" width=\"275\" height=\"366\" srcset=\"https:\/\/www.visit-ulcinj.com\/blog\/wp-content\/uploads\/2014\/07\/shqyrtim-publik-komuna-ulqinit.jpg 275w, https:\/\/www.visit-ulcinj.com\/blog\/wp-content\/uploads\/2014\/07\/shqyrtim-publik-komuna-ulqinit-225x300.jpg 225w\" sizes=\"(max-width: 275px) 100vw, 275px\" \/><\/a>Tryeza e rrumbullak\u00ebt do t\u00eb mbahet:<br \/>\n&#8211; t\u00eb enjten, m\u00eb 07.08.2014 prej 11-13 h n\u00eb sal\u00ebn e vog\u00ebl t\u00eb Kuvendit t\u00eb Komun\u00ebs.<\/p>\n<p>Me q\u00ebllim t\u00eb sigurimt t\u00eb kushteve optimale p\u00ebr dh\u00ebnien e v\u00ebrejtjeve dhe sygjerimeve nga ana e subjekteve t\u00eb ineresuara, drafti i planit hapsinor\u00eb i komun\u00ebs s\u00eb Ulqinit dhe drafti i raportit mbi vler\u00ebsimin strategjik t\u00eb ndikimit n\u00eb ambijent do t\u00eb jen\u00eb n\u00eb dispozicion t\u00eb publikut gjat\u00eb koh\u00ebs s\u00eb zgjatjes s\u00eb shqyrtimit publik n\u00eb:<\/p>\n<p>&#8211; Ministrin\u00eb p\u00ebr zhvillim t\u00eb q\u00ebndruesh\u00ebm dhe turiz\u00ebm , Podgorica,IV Proleterske brigade nr. 19 zyra nr.309, prej 10-13 h<br \/>\n&#8211; Sekretariatin p\u00ebr planifikim hap\u00ebsinor dhe zhvillim t\u00eb q\u00ebndruesh\u00ebm t\u00eb komun\u00ebs s\u00eb Ulqinit,\u00e7do dit\u00eb prej 11-13 h<\/p>\n<p>Drafti i planit hap\u00ebsinor i komun\u00ebs s\u00eb Ulqinit dhe drafti i raportit mbi vler\u00ebsimin strategjik t\u00eb ndikimit n\u00eb ambijent do jen\u00eb t\u00eb paraqitur m\u00eb posht\u00eb si dhe n\u00eb web sajtin e Ministris\u00eb p\u00ebr zhvillim t\u00eb q\u00ebndruesh\u00ebm dhe turiz\u00ebm \/www.mrt.gov.me, kurse v\u00ebrejtjet dhe sygjerimet mund\u00eb t\u00eb d\u00ebrgohen p\u00ebrmes e-mail-a: <a href=\"mailto:javna.rasprava@mrt.gov.me\">javna.rasprava@mrt.gov.me<\/a> ose direkt n\u00eb arkivin e Ministris\u00eb p\u00ebr zhvillim t\u00eb q\u00ebndruesh\u00ebm dhe turiz\u00ebm dhe n\u00eb arkivin e Komun\u00ebs s\u00eb Ulqinit.<\/p>\n<p>&nbsp;<\/p>\n<p><strong><a href=\"http:\/\/ul-gov.me\/images\/PUP160714\/Knjiga%201%20-%20Tekst.pdf\">Teksti<\/a><\/strong><\/p>\n<p><strong><a href=\"http:\/\/ul-gov.me\/images\/PUP160714\/PUP%20_plan%20namjene%20povrsina.pdf\">Pjesa grafike 1<\/a><\/strong><\/p>\n<p><strong><a href=\"http:\/\/ul-gov.me\/images\/PUP160714\/GUR%20centra%20Ulcinja_%20plan%20namjene%20povrsina.pdf\">Pjesa grafike 2<\/a><\/strong><\/p>\n<p><strong><a href=\"http:\/\/ul-gov.me\/images\/PUP160714\/SPU_Nov.%202013.pdf\">Drafti i raportit mbi vler\u00ebsimin strategjik t\u00eb ndikimit n\u00eb ambijent<\/a><\/strong><\/p>\n","protected":false},"excerpt":{"rendered":"<p>SHQYRTUMI PUBLIK do t\u00eb mbahet 17.08.2014 P\u00ebr draftin e planit hap\u00ebsinor-urbanistik t\u00eb komun\u00ebs s\u00eb Ulqinint dhe p\u00ebr draftin e raportit mbi vler\u00ebsimin strategjik t\u00eb ndikimit n\u00eb ambijent Shqyrtimi publik do t\u00eb mbahet n\u00eb organizim t\u00eb Ministris\u00eb p\u00ebr zhvillim t\u00eb q\u00ebndruesh\u00ebm dhe turiz\u00ebm dhe Komun\u00ebs s\u00eb Ulqinit . Q\u00ebllimi i shqyrtimit publik \u00ebsht\u00eb q\u00eb n\u00eb m\u00ebnyr\u00eb [&hellip;]<\/p>\n","protected":false},"author":1,"featured_media":0,"comment_status":"closed","ping_status":"closed","sticky":false,"template":"","format":"standard","meta":{"spay_email":"","jetpack_publicize_message":"","jetpack_is_tweetstorm":false,"jetpack_publicize_feature_enabled":true},"categories":[11],"tags":[],"jetpack_publicize_connections":[],"yoast_head":"<!-- This site is optimized with the Yoast SEO plugin v19.1 - https:\/\/yoast.com\/wordpress\/plugins\/seo\/ -->\n<title>Shqyrtim publik - Plani hap\u00ebsinor urbanistik i Ulqinit - Lajme nga Ulqini<\/title>\n<meta name=\"description\" content=\"SHQYRTUMI PUBLIK do t\u00eb mbahet 17.08.2014 P\u00ebr draftin e planit hap\u00ebsinor-urbanistik t\u00eb komun\u00ebs s\u00eb Ulqinint dhe p\u00ebr draftin e raportit mbi vler\u00ebsimin\" \/>\n<meta name=\"robots\" content=\"index, follow, max-snippet:-1, max-image-preview:large, max-video-preview:-1\" \/>\n<link rel=\"canonical\" href=\"https:\/\/www.visit-ulcinj.com\/blog\/2014\/07\/16\/shqyrtim-publik-plani-hapesinor-urbanistik-ulqinit\/\" \/>\n<meta property=\"og:locale\" content=\"en_US\" \/>\n<meta property=\"og:type\" content=\"article\" \/>\n<meta property=\"og:title\" content=\"Shqyrtim publik - Plani hap\u00ebsinor urbanistik i Ulqinit - Lajme nga Ulqini\" \/>\n<meta property=\"og:description\" content=\"SHQYRTUMI PUBLIK do t\u00eb mbahet 17.08.2014 P\u00ebr draftin e planit hap\u00ebsinor-urbanistik t\u00eb komun\u00ebs s\u00eb Ulqinint dhe p\u00ebr draftin e raportit mbi vler\u00ebsimin\" \/>\n<meta property=\"og:url\" content=\"https:\/\/www.visit-ulcinj.com\/blog\/2014\/07\/16\/shqyrtim-publik-plani-hapesinor-urbanistik-ulqinit\/\" \/>\n<meta property=\"og:site_name\" content=\"Lajme nga Ulqini\" \/>\n<meta property=\"article:published_time\" content=\"2014-07-16T17:14:44+00:00\" \/>\n<meta property=\"article:modified_time\" content=\"2014-07-16T17:59:41+00:00\" \/>\n<meta property=\"og:image\" content=\"http:\/\/www.visit-ulcinj.com\/blog\/wp-content\/uploads\/2014\/07\/Plani-hapsinor-urbanistik-i-ulqinit.jpg\" \/>\n<meta name=\"twitter:label1\" content=\"Written by\" \/>\n\t<meta name=\"twitter:data1\" content=\"ulqini\" \/>\n\t<meta name=\"twitter:label2\" content=\"Est. reading time\" \/>\n\t<meta name=\"twitter:data2\" content=\"2 minutes\" \/>\n<script type=\"application\/ld+json\" class=\"yoast-schema-graph\">{\"@context\":\"https:\/\/schema.org\",\"@graph\":[{\"@type\":\"WebSite\",\"@id\":\"https:\/\/www.visit-ulcinj.com\/blog\/#website\",\"url\":\"https:\/\/www.visit-ulcinj.com\/blog\/\",\"name\":\"Lajme nga Ulqini\",\"description\":\"Lajme,Vijesti,Ulqini,Ulqin,Crna Gora,Mali i Zi\",\"potentialAction\":[{\"@type\":\"SearchAction\",\"target\":{\"@type\":\"EntryPoint\",\"urlTemplate\":\"https:\/\/www.visit-ulcinj.com\/blog\/?s={search_term_string}\"},\"query-input\":\"required name=search_term_string\"}],\"inLanguage\":\"en-US\"},{\"@type\":\"ImageObject\",\"inLanguage\":\"en-US\",\"@id\":\"https:\/\/www.visit-ulcinj.com\/blog\/2014\/07\/16\/shqyrtim-publik-plani-hapesinor-urbanistik-ulqinit\/#primaryimage\",\"url\":\"https:\/\/www.visit-ulcinj.com\/blog\/wp-content\/uploads\/2014\/07\/Plani-hapsinor-urbanistik-i-ulqinit.jpg\",\"contentUrl\":\"https:\/\/www.visit-ulcinj.com\/blog\/wp-content\/uploads\/2014\/07\/Plani-hapsinor-urbanistik-i-ulqinit.jpg\",\"width\":623,\"height\":646},{\"@type\":\"WebPage\",\"@id\":\"https:\/\/www.visit-ulcinj.com\/blog\/2014\/07\/16\/shqyrtim-publik-plani-hapesinor-urbanistik-ulqinit\/#webpage\",\"url\":\"https:\/\/www.visit-ulcinj.com\/blog\/2014\/07\/16\/shqyrtim-publik-plani-hapesinor-urbanistik-ulqinit\/\",\"name\":\"Shqyrtim publik - Plani hap\u00ebsinor urbanistik i Ulqinit - Lajme nga Ulqini\",\"isPartOf\":{\"@id\":\"https:\/\/www.visit-ulcinj.com\/blog\/#website\"},\"primaryImageOfPage\":{\"@id\":\"https:\/\/www.visit-ulcinj.com\/blog\/2014\/07\/16\/shqyrtim-publik-plani-hapesinor-urbanistik-ulqinit\/#primaryimage\"},\"datePublished\":\"2014-07-16T17:14:44+00:00\",\"dateModified\":\"2014-07-16T17:59:41+00:00\",\"author\":{\"@id\":\"https:\/\/www.visit-ulcinj.com\/blog\/#\/schema\/person\/dcab619c614d3038751c63bc2aadc06d\"},\"description\":\"SHQYRTUMI PUBLIK do t\u00eb mbahet 17.08.2014 P\u00ebr draftin e planit hap\u00ebsinor-urbanistik t\u00eb komun\u00ebs s\u00eb Ulqinint dhe p\u00ebr draftin e raportit mbi vler\u00ebsimin\",\"breadcrumb\":{\"@id\":\"https:\/\/www.visit-ulcinj.com\/blog\/2014\/07\/16\/shqyrtim-publik-plani-hapesinor-urbanistik-ulqinit\/#breadcrumb\"},\"inLanguage\":\"en-US\",\"potentialAction\":[{\"@type\":\"ReadAction\",\"target\":[\"https:\/\/www.visit-ulcinj.com\/blog\/2014\/07\/16\/shqyrtim-publik-plani-hapesinor-urbanistik-ulqinit\/\"]}]},{\"@type\":\"BreadcrumbList\",\"@id\":\"https:\/\/www.visit-ulcinj.com\/blog\/2014\/07\/16\/shqyrtim-publik-plani-hapesinor-urbanistik-ulqinit\/#breadcrumb\",\"itemListElement\":[{\"@type\":\"ListItem\",\"position\":1,\"name\":\"Shqyrtim publik &#8211; Plani hap\u00ebsinor urbanistik i Ulqinit\"}]},{\"@type\":\"Person\",\"@id\":\"https:\/\/www.visit-ulcinj.com\/blog\/#\/schema\/person\/dcab619c614d3038751c63bc2aadc06d\",\"name\":\"ulqini\",\"sameAs\":[\"http:\/\/www.visit-ulcinj.com\"],\"url\":\"https:\/\/www.visit-ulcinj.com\/blog\/author\/admin\/\"}]}<\/script>\n<!-- \/ Yoast SEO plugin. -->","yoast_head_json":{"title":"Shqyrtim publik - Plani hap\u00ebsinor urbanistik i Ulqinit - Lajme nga Ulqini","description":"SHQYRTUMI PUBLIK do t\u00eb mbahet 17.08.2014 P\u00ebr draftin e planit hap\u00ebsinor-urbanistik t\u00eb komun\u00ebs s\u00eb Ulqinint dhe p\u00ebr draftin e raportit mbi vler\u00ebsimin","robots":{"index":"index","follow":"follow","max-snippet":"max-snippet:-1","max-image-preview":"max-image-preview:large","max-video-preview":"max-video-preview:-1"},"canonical":"https:\/\/www.visit-ulcinj.com\/blog\/2014\/07\/16\/shqyrtim-publik-plani-hapesinor-urbanistik-ulqinit\/","og_locale":"en_US","og_type":"article","og_title":"Shqyrtim publik - Plani hap\u00ebsinor urbanistik i Ulqinit - Lajme nga Ulqini","og_description":"SHQYRTUMI PUBLIK do t\u00eb mbahet 17.08.2014 P\u00ebr draftin e planit hap\u00ebsinor-urbanistik t\u00eb komun\u00ebs s\u00eb Ulqinint dhe p\u00ebr draftin e raportit mbi vler\u00ebsimin","og_url":"https:\/\/www.visit-ulcinj.com\/blog\/2014\/07\/16\/shqyrtim-publik-plani-hapesinor-urbanistik-ulqinit\/","og_site_name":"Lajme nga Ulqini","article_published_time":"2014-07-16T17:14:44+00:00","article_modified_time":"2014-07-16T17:59:41+00:00","og_image":[{"url":"http:\/\/www.visit-ulcinj.com\/blog\/wp-content\/uploads\/2014\/07\/Plani-hapsinor-urbanistik-i-ulqinit.jpg"}],"twitter_misc":{"Written by":"ulqini","Est. reading time":"2 minutes"},"schema":{"@context":"https:\/\/schema.org","@graph":[{"@type":"WebSite","@id":"https:\/\/www.visit-ulcinj.com\/blog\/#website","url":"https:\/\/www.visit-ulcinj.com\/blog\/","name":"Lajme nga Ulqini","description":"Lajme,Vijesti,Ulqini,Ulqin,Crna Gora,Mali i Zi","potentialAction":[{"@type":"SearchAction","target":{"@type":"EntryPoint","urlTemplate":"https:\/\/www.visit-ulcinj.com\/blog\/?s={search_term_string}"},"query-input":"required name=search_term_string"}],"inLanguage":"en-US"},{"@type":"ImageObject","inLanguage":"en-US","@id":"https:\/\/www.visit-ulcinj.com\/blog\/2014\/07\/16\/shqyrtim-publik-plani-hapesinor-urbanistik-ulqinit\/#primaryimage","url":"https:\/\/www.visit-ulcinj.com\/blog\/wp-content\/uploads\/2014\/07\/Plani-hapsinor-urbanistik-i-ulqinit.jpg","contentUrl":"https:\/\/www.visit-ulcinj.com\/blog\/wp-content\/uploads\/2014\/07\/Plani-hapsinor-urbanistik-i-ulqinit.jpg","width":623,"height":646},{"@type":"WebPage","@id":"https:\/\/www.visit-ulcinj.com\/blog\/2014\/07\/16\/shqyrtim-publik-plani-hapesinor-urbanistik-ulqinit\/#webpage","url":"https:\/\/www.visit-ulcinj.com\/blog\/2014\/07\/16\/shqyrtim-publik-plani-hapesinor-urbanistik-ulqinit\/","name":"Shqyrtim publik - Plani hap\u00ebsinor urbanistik i Ulqinit - Lajme nga Ulqini","isPartOf":{"@id":"https:\/\/www.visit-ulcinj.com\/blog\/#website"},"primaryImageOfPage":{"@id":"https:\/\/www.visit-ulcinj.com\/blog\/2014\/07\/16\/shqyrtim-publik-plani-hapesinor-urbanistik-ulqinit\/#primaryimage"},"datePublished":"2014-07-16T17:14:44+00:00","dateModified":"2014-07-16T17:59:41+00:00","author":{"@id":"https:\/\/www.visit-ulcinj.com\/blog\/#\/schema\/person\/dcab619c614d3038751c63bc2aadc06d"},"description":"SHQYRTUMI PUBLIK do t\u00eb mbahet 17.08.2014 P\u00ebr draftin e planit hap\u00ebsinor-urbanistik t\u00eb komun\u00ebs s\u00eb Ulqinint dhe p\u00ebr draftin e raportit mbi vler\u00ebsimin","breadcrumb":{"@id":"https:\/\/www.visit-ulcinj.com\/blog\/2014\/07\/16\/shqyrtim-publik-plani-hapesinor-urbanistik-ulqinit\/#breadcrumb"},"inLanguage":"en-US","potentialAction":[{"@type":"ReadAction","target":["https:\/\/www.visit-ulcinj.com\/blog\/2014\/07\/16\/shqyrtim-publik-plani-hapesinor-urbanistik-ulqinit\/"]}]},{"@type":"BreadcrumbList","@id":"https:\/\/www.visit-ulcinj.com\/blog\/2014\/07\/16\/shqyrtim-publik-plani-hapesinor-urbanistik-ulqinit\/#breadcrumb","itemListElement":[{"@type":"ListItem","position":1,"name":"Shqyrtim publik &#8211; Plani hap\u00ebsinor urbanistik i Ulqinit"}]},{"@type":"Person","@id":"https:\/\/www.visit-ulcinj.com\/blog\/#\/schema\/person\/dcab619c614d3038751c63bc2aadc06d","name":"ulqini","sameAs":["http:\/\/www.visit-ulcinj.com"],"url":"https:\/\/www.visit-ulcinj.com\/blog\/author\/admin\/"}]}},"jetpack_featured_media_url":"","jetpack_sharing_enabled":true,"jetpack_shortlink":"https:\/\/wp.me\/pe6lTn-lSi","_links":{"self":[{"href":"https:\/\/www.visit-ulcinj.com\/blog\/wp-json\/wp\/v2\/posts\/84090"}],"collection":[{"href":"https:\/\/www.visit-ulcinj.com\/blog\/wp-json\/wp\/v2\/posts"}],"about":[{"href":"https:\/\/www.visit-ulcinj.com\/blog\/wp-json\/wp\/v2\/types\/post"}],"author":[{"embeddable":true,"href":"https:\/\/www.visit-ulcinj.com\/blog\/wp-json\/wp\/v2\/users\/1"}],"replies":[{"embeddable":true,"href":"https:\/\/www.visit-ulcinj.com\/blog\/wp-json\/wp\/v2\/comments?post=84090"}],"version-history":[{"count":3,"href":"https:\/\/www.visit-ulcinj.com\/blog\/wp-json\/wp\/v2\/posts\/84090\/revisions"}],"predecessor-version":[{"id":84100,"href":"https:\/\/www.visit-ulcinj.com\/blog\/wp-json\/wp\/v2\/posts\/84090\/revisions\/84100"}],"wp:attachment":[{"href":"https:\/\/www.visit-ulcinj.com\/blog\/wp-json\/wp\/v2\/media?parent=84090"}],"wp:term":[{"taxonomy":"category","embeddable":true,"href":"https:\/\/www.visit-ulcinj.com\/blog\/wp-json\/wp\/v2\/categories?post=84090"},{"taxonomy":"post_tag","embeddable":true,"href":"https:\/\/www.visit-ulcinj.com\/blog\/wp-json\/wp\/v2\/tags?post=84090"}],"curies":[{"name":"wp","href":"https:\/\/api.w.org\/{rel}","templated":true}]}}