{"id":84120,"date":"2014-07-18T15:18:06","date_gmt":"2014-07-18T14:18:06","guid":{"rendered":"http:\/\/www.visit-ulcinj.com\/blog\/?p=84120"},"modified":"2014-07-18T15:21:41","modified_gmt":"2014-07-18T14:21:41","slug":"kunst-aus-ulcinj-bringt-ferienlaune","status":"publish","type":"post","link":"https:\/\/www.visit-ulcinj.com\/blog\/2014\/07\/18\/kunst-aus-ulcinj-bringt-ferienlaune\/","title":{"rendered":"Kunst  aus Ulcinj bringt Ferienlaune"},"content":{"rendered":"<p><a href=\"http:\/\/www.visit-ulcinj.com\/blog\/wp-content\/uploads\/2014\/07\/Ulqini-ekspozon-n\u00eb-Zvic\u00ebr-Bilal-Nikeziqi-Edin-Kapllani-dhe-Ismet-Karamnaga.jpg\"><img loading=\"lazy\" class=\"alignleft  wp-image-84107\" alt=\"Ulqini ekspozon n\u00eb Zvic\u00ebr - Bilal Nikeziqi &amp; Edin Kapllani dhe Ismet Karamnaga\" src=\"http:\/\/www.visit-ulcinj.com\/blog\/wp-content\/uploads\/2014\/07\/Ulqini-ekspozon-n\u00eb-Zvic\u00ebr-Bilal-Nikeziqi-Edin-Kapllani-dhe-Ismet-Karamnaga.jpg\" width=\"508\" height=\"400\" \/><\/a>Altstadt-Pr\u00e4sident Ismet Karamanaga h\u00e4lt seine Rede, flankiert von den K\u00fcnstlern Bilal Nikeziqi (links) und Edin Kapallani. Das Bild neben Mirjam Hadorn zeigt ein typisches Motiv aus Ulcinj. (Bild: Alexandra Scherrer)<\/p>\n<p><strong>Die Ausstellung in der Galerie Hadorn bringt Kunst aus Montenegro ins Toggenburg. Die Ausstellung \u00abUlcinj meets Lichtensteig\u00bb stellt die Heimat der K\u00fcnstler auf verschiedene Weisen vor. Die Vernissage fand am Mittwoch statt.<\/strong><\/p>\n<p>ALEXANDRA SCHERRER<\/p>\n<p>LICHTENSTEIG. Wer am Mittwochabend in Lichtensteig unterwegs war, wurde vielleicht vom Duft gebratenen Fleisches angelockt. Jene, die dieser Verlockung folgten, wurden geradewegs in die Hintergasse gef\u00fchrt, n\u00e4mlich zur Galerie Hadorn. \u00abUlcinj meets Lichtensteig\u00bb lautet der Titel der neuen Ausstellung, die an diesem Sommerabend er\u00f6ffnet wurde. Mirjam Hadorn, Besitzerin der Lichtensteiger Galerie, organisiert damit ein Sommerspecial mit dem Ziel, dem Publikum auch in dieser Zeit etwas zu bieten. Daf\u00fcr stellt sie zum ersten Mal Bilder ausl\u00e4ndischer K\u00fcnstler aus und \u00f6ffnet die Galerie gar zwei Nachmittage mehr als \u00fcblich. \u00abIch wollte etwas Sommerliches zeigen\u00bb, sagt sie.<\/p>\n<h4>Von adriatischer K\u00fcste inspiriert<\/h4>\n<p>Die Bilder im Parterre entf\u00fchren an einen Ort am Mittelmeer: Fischerboote und Fische sind die \u00fcberwiegenden Motive. Starke Farben machen Lust auf Sonne und Strand. Diese Werke stammen von K\u00fcnstler Edin Kapallani. Sein Kollege und ehemaliger Lehrer Bilal Nikeziqi stellt im ersten Stock aus. Auch dort sind Fischerboote zu sehen. Aber auch Werke, die von der Inspiration aus seiner Liebe zu Frauen leben.<\/p>\n<p>Die beiden K\u00fcnstler, die den ganzen Weg von Montenegro in die Schweiz mit dem Auto gereist sind \u2013 auch ihre Bilder haben sie erstaunlicherweise so transportiert \u2013, werden von ihrer Heimatstadt Ulcinj inspiriert. Die s\u00fcdlichste Stadt Montenegros nahe der Grenze zu Albanien mit einer geschichtstr\u00e4chtigen Altstadt und einem dreizehn Kilometer langen Sandstrand bis zur M\u00fcndung des Flusses Bojana und der Insel Ada. Auch sogenannte Kalimeras, die in den mitgebrachten Brosch\u00fcren als Fischerh\u00fctten beschrieben werden, finden sich dort. Sowohl Edin Kapallani als auch Bilal Nikeziqi haben sie gemalt.<\/p>\n<h4>Kultur vermitteln<\/h4>\n<p>W\u00e4hrend es den Besucher in der Galerie wegen der Bilder nach Ferien gel\u00fcstet, ist dies draussen wegen des Essens der Fall. Spezialit\u00e4ten aus dem Land der K\u00fcnstler, wie beispielsweise die s\u00fcsse Baklava, bringen dem Publikum Ulcinj auf kulinarischem Weg n\u00e4her. Senad Dragaj vom Happy-Life-Pub k\u00fcmmert sich um das Hackfleisch auf dem Grill, den sogenannten Cevapcici. Der Grillmeister des Abends hat sich entschlossen zum Entstehen der Ausstellung etwas beigetragen. Dank ihm konnte der Kontakt zwischen den K\u00fcnstlern und der Ausstellerin gekn\u00fcpft werden. Er war ehemaliger Sch\u00fcler von Ismet Karamanaga, des Pr\u00e4sidenten des Vereins Altstadt Ulcinj, der ebenfalls extra angereist ist, um in seiner Rede nicht nur die Stadt, sondern auch das Land Montenegro n\u00e4herzubringen. Er erz\u00e4hlt von sch\u00f6nen Str\u00e4nden, atemberaubenden Sonnenunterg\u00e4ngen und faszinierender Architektur.<\/p>\n<p>Gleichzeitig schw\u00e4rmt er von Lichtensteig, das so sauber, so sch\u00f6n und so kultiviert sei. Eine Partnerschaft mit diesem St\u00e4dtchen w\u00fcrde er sehr begr\u00fcssen. Vielleicht hat er das sogar dem anwesenden Stadtpr\u00e4sidenten Mathias M\u00fcller vorgeschlagen. Mirjam Hadorn freut sich, dass durch die Ausstellung eine andere Kultur vermittelt wird. \u00abUnterschiede sollen aufgezeigt und gegenseitiges Verst\u00e4ndnis gef\u00f6rdert werden\u00bb, sagt sie. Die angebotenen Spezialit\u00e4ten, aber vor allem die Ehreng\u00e4ste haben an dieser Vernissage erheblich zum Gelingen des Anlasses beigetragen.<\/p>\n<div>Ausstellung \u00abUlcinj meets Lichtensteig\u00bb vom 16. Juli bis 23. August; \u00d6ffnungszeiten auf <a href=\"http:\/\/www.galeriehadorn.ch\">www.galeriehadorn.ch<\/a>. Zwischen dem 17. Juli und 2. August ist die Ausstellung zus\u00e4tzlich am Mittwoch und Donnerstag von 14 Uhr bis 18 Uhr ge\u00f6ffnet.<\/div>\n<div><\/div>\n<div><strong><a href=\"http:\/\/www.tagblatt.ch\" target=\"_blank\">Source:<\/a> <a href=\"http:\/\/www.tagblatt.ch\" target=\"_blank\">http:\/\/www.tagblatt.ch<\/a><\/strong><\/div>\n<p><iframe loading=\"lazy\" frameborder=\"0\" width=\"508\" height=\"360\" src=\"\/\/www.dailymotion.com\/embed\/video\/x1yc78?autoPlay=1\" allowfullscreen><\/iframe><\/p>\n","protected":false},"excerpt":{"rendered":"<p>Altstadt-Pr\u00e4sident Ismet Karamanaga h\u00e4lt seine Rede, flankiert von den K\u00fcnstlern Bilal Nikeziqi (links) und Edin Kapallani. Das Bild neben Mirjam Hadorn zeigt ein typisches Motiv aus Ulcinj. (Bild: Alexandra Scherrer) Die Ausstellung in der Galerie Hadorn bringt Kunst aus Montenegro ins Toggenburg. Die Ausstellung \u00abUlcinj meets Lichtensteig\u00bb stellt die Heimat der K\u00fcnstler auf verschiedene Weisen [&hellip;]<\/p>\n","protected":false},"author":1,"featured_media":0,"comment_status":"closed","ping_status":"closed","sticky":false,"template":"","format":"standard","meta":{"spay_email":"","jetpack_publicize_message":"","jetpack_is_tweetstorm":false,"jetpack_publicize_feature_enabled":true},"categories":[7],"tags":[],"jetpack_publicize_connections":[],"yoast_head":"<!-- This site is optimized with the Yoast SEO plugin v19.1 - https:\/\/yoast.com\/wordpress\/plugins\/seo\/ -->\n<title>Kunst aus Ulcinj bringt Ferienlaune - Lajme nga Ulqini<\/title>\n<meta name=\"description\" content=\"Altstadt-Pr\u00e4sident Ismet Karamanaga h\u00e4lt seine Rede, flankiert von den K\u00fcnstlern Bilal Nikeziqi (links) und Edin Kapallani. Das Bild neben Mirjam Hadorn\" \/>\n<meta name=\"robots\" content=\"index, follow, max-snippet:-1, max-image-preview:large, max-video-preview:-1\" \/>\n<link rel=\"canonical\" href=\"https:\/\/www.visit-ulcinj.com\/blog\/2014\/07\/18\/kunst-aus-ulcinj-bringt-ferienlaune\/\" \/>\n<meta property=\"og:locale\" content=\"en_US\" \/>\n<meta property=\"og:type\" content=\"article\" \/>\n<meta property=\"og:title\" content=\"Kunst aus Ulcinj bringt Ferienlaune - Lajme nga Ulqini\" \/>\n<meta property=\"og:description\" content=\"Altstadt-Pr\u00e4sident Ismet Karamanaga h\u00e4lt seine Rede, flankiert von den K\u00fcnstlern Bilal Nikeziqi (links) und Edin Kapallani. Das Bild neben Mirjam Hadorn\" \/>\n<meta property=\"og:url\" content=\"https:\/\/www.visit-ulcinj.com\/blog\/2014\/07\/18\/kunst-aus-ulcinj-bringt-ferienlaune\/\" \/>\n<meta property=\"og:site_name\" content=\"Lajme nga Ulqini\" \/>\n<meta property=\"article:published_time\" content=\"2014-07-18T14:18:06+00:00\" \/>\n<meta property=\"article:modified_time\" content=\"2014-07-18T14:21:41+00:00\" \/>\n<meta name=\"twitter:label1\" content=\"Written by\" \/>\n\t<meta name=\"twitter:data1\" content=\"ulqini\" \/>\n\t<meta name=\"twitter:label2\" content=\"Est. reading time\" \/>\n\t<meta name=\"twitter:data2\" content=\"3 minutes\" \/>\n<script type=\"application\/ld+json\" class=\"yoast-schema-graph\">{\"@context\":\"https:\/\/schema.org\",\"@graph\":[{\"@type\":\"WebSite\",\"@id\":\"https:\/\/www.visit-ulcinj.com\/blog\/#website\",\"url\":\"https:\/\/www.visit-ulcinj.com\/blog\/\",\"name\":\"Lajme nga Ulqini\",\"description\":\"Lajme,Vijesti,Ulqini,Ulqin,Crna Gora,Mali i Zi\",\"potentialAction\":[{\"@type\":\"SearchAction\",\"target\":{\"@type\":\"EntryPoint\",\"urlTemplate\":\"https:\/\/www.visit-ulcinj.com\/blog\/?s={search_term_string}\"},\"query-input\":\"required name=search_term_string\"}],\"inLanguage\":\"en-US\"},{\"@type\":\"WebPage\",\"@id\":\"https:\/\/www.visit-ulcinj.com\/blog\/2014\/07\/18\/kunst-aus-ulcinj-bringt-ferienlaune\/#webpage\",\"url\":\"https:\/\/www.visit-ulcinj.com\/blog\/2014\/07\/18\/kunst-aus-ulcinj-bringt-ferienlaune\/\",\"name\":\"Kunst aus Ulcinj bringt Ferienlaune - Lajme nga Ulqini\",\"isPartOf\":{\"@id\":\"https:\/\/www.visit-ulcinj.com\/blog\/#website\"},\"datePublished\":\"2014-07-18T14:18:06+00:00\",\"dateModified\":\"2014-07-18T14:21:41+00:00\",\"author\":{\"@id\":\"https:\/\/www.visit-ulcinj.com\/blog\/#\/schema\/person\/dcab619c614d3038751c63bc2aadc06d\"},\"description\":\"Altstadt-Pr\u00e4sident Ismet Karamanaga h\u00e4lt seine Rede, flankiert von den K\u00fcnstlern Bilal Nikeziqi (links) und Edin Kapallani. Das Bild neben Mirjam Hadorn\",\"breadcrumb\":{\"@id\":\"https:\/\/www.visit-ulcinj.com\/blog\/2014\/07\/18\/kunst-aus-ulcinj-bringt-ferienlaune\/#breadcrumb\"},\"inLanguage\":\"en-US\",\"potentialAction\":[{\"@type\":\"ReadAction\",\"target\":[\"https:\/\/www.visit-ulcinj.com\/blog\/2014\/07\/18\/kunst-aus-ulcinj-bringt-ferienlaune\/\"]}]},{\"@type\":\"BreadcrumbList\",\"@id\":\"https:\/\/www.visit-ulcinj.com\/blog\/2014\/07\/18\/kunst-aus-ulcinj-bringt-ferienlaune\/#breadcrumb\",\"itemListElement\":[{\"@type\":\"ListItem\",\"position\":1,\"name\":\"Kunst aus Ulcinj bringt Ferienlaune\"}]},{\"@type\":\"Person\",\"@id\":\"https:\/\/www.visit-ulcinj.com\/blog\/#\/schema\/person\/dcab619c614d3038751c63bc2aadc06d\",\"name\":\"ulqini\",\"sameAs\":[\"http:\/\/www.visit-ulcinj.com\"],\"url\":\"https:\/\/www.visit-ulcinj.com\/blog\/author\/admin\/\"}]}<\/script>\n<!-- \/ Yoast SEO plugin. -->","yoast_head_json":{"title":"Kunst aus Ulcinj bringt Ferienlaune - Lajme nga Ulqini","description":"Altstadt-Pr\u00e4sident Ismet Karamanaga h\u00e4lt seine Rede, flankiert von den K\u00fcnstlern Bilal Nikeziqi (links) und Edin Kapallani. Das Bild neben Mirjam Hadorn","robots":{"index":"index","follow":"follow","max-snippet":"max-snippet:-1","max-image-preview":"max-image-preview:large","max-video-preview":"max-video-preview:-1"},"canonical":"https:\/\/www.visit-ulcinj.com\/blog\/2014\/07\/18\/kunst-aus-ulcinj-bringt-ferienlaune\/","og_locale":"en_US","og_type":"article","og_title":"Kunst aus Ulcinj bringt Ferienlaune - Lajme nga Ulqini","og_description":"Altstadt-Pr\u00e4sident Ismet Karamanaga h\u00e4lt seine Rede, flankiert von den K\u00fcnstlern Bilal Nikeziqi (links) und Edin Kapallani. Das Bild neben Mirjam Hadorn","og_url":"https:\/\/www.visit-ulcinj.com\/blog\/2014\/07\/18\/kunst-aus-ulcinj-bringt-ferienlaune\/","og_site_name":"Lajme nga Ulqini","article_published_time":"2014-07-18T14:18:06+00:00","article_modified_time":"2014-07-18T14:21:41+00:00","twitter_misc":{"Written by":"ulqini","Est. reading time":"3 minutes"},"schema":{"@context":"https:\/\/schema.org","@graph":[{"@type":"WebSite","@id":"https:\/\/www.visit-ulcinj.com\/blog\/#website","url":"https:\/\/www.visit-ulcinj.com\/blog\/","name":"Lajme nga Ulqini","description":"Lajme,Vijesti,Ulqini,Ulqin,Crna Gora,Mali i Zi","potentialAction":[{"@type":"SearchAction","target":{"@type":"EntryPoint","urlTemplate":"https:\/\/www.visit-ulcinj.com\/blog\/?s={search_term_string}"},"query-input":"required name=search_term_string"}],"inLanguage":"en-US"},{"@type":"WebPage","@id":"https:\/\/www.visit-ulcinj.com\/blog\/2014\/07\/18\/kunst-aus-ulcinj-bringt-ferienlaune\/#webpage","url":"https:\/\/www.visit-ulcinj.com\/blog\/2014\/07\/18\/kunst-aus-ulcinj-bringt-ferienlaune\/","name":"Kunst aus Ulcinj bringt Ferienlaune - Lajme nga Ulqini","isPartOf":{"@id":"https:\/\/www.visit-ulcinj.com\/blog\/#website"},"datePublished":"2014-07-18T14:18:06+00:00","dateModified":"2014-07-18T14:21:41+00:00","author":{"@id":"https:\/\/www.visit-ulcinj.com\/blog\/#\/schema\/person\/dcab619c614d3038751c63bc2aadc06d"},"description":"Altstadt-Pr\u00e4sident Ismet Karamanaga h\u00e4lt seine Rede, flankiert von den K\u00fcnstlern Bilal Nikeziqi (links) und Edin Kapallani. Das Bild neben Mirjam Hadorn","breadcrumb":{"@id":"https:\/\/www.visit-ulcinj.com\/blog\/2014\/07\/18\/kunst-aus-ulcinj-bringt-ferienlaune\/#breadcrumb"},"inLanguage":"en-US","potentialAction":[{"@type":"ReadAction","target":["https:\/\/www.visit-ulcinj.com\/blog\/2014\/07\/18\/kunst-aus-ulcinj-bringt-ferienlaune\/"]}]},{"@type":"BreadcrumbList","@id":"https:\/\/www.visit-ulcinj.com\/blog\/2014\/07\/18\/kunst-aus-ulcinj-bringt-ferienlaune\/#breadcrumb","itemListElement":[{"@type":"ListItem","position":1,"name":"Kunst aus Ulcinj bringt Ferienlaune"}]},{"@type":"Person","@id":"https:\/\/www.visit-ulcinj.com\/blog\/#\/schema\/person\/dcab619c614d3038751c63bc2aadc06d","name":"ulqini","sameAs":["http:\/\/www.visit-ulcinj.com"],"url":"https:\/\/www.visit-ulcinj.com\/blog\/author\/admin\/"}]}},"jetpack_featured_media_url":"","jetpack_sharing_enabled":true,"jetpack_shortlink":"https:\/\/wp.me\/pe6lTn-lSM","_links":{"self":[{"href":"https:\/\/www.visit-ulcinj.com\/blog\/wp-json\/wp\/v2\/posts\/84120"}],"collection":[{"href":"https:\/\/www.visit-ulcinj.com\/blog\/wp-json\/wp\/v2\/posts"}],"about":[{"href":"https:\/\/www.visit-ulcinj.com\/blog\/wp-json\/wp\/v2\/types\/post"}],"author":[{"embeddable":true,"href":"https:\/\/www.visit-ulcinj.com\/blog\/wp-json\/wp\/v2\/users\/1"}],"replies":[{"embeddable":true,"href":"https:\/\/www.visit-ulcinj.com\/blog\/wp-json\/wp\/v2\/comments?post=84120"}],"version-history":[{"count":3,"href":"https:\/\/www.visit-ulcinj.com\/blog\/wp-json\/wp\/v2\/posts\/84120\/revisions"}],"predecessor-version":[{"id":84123,"href":"https:\/\/www.visit-ulcinj.com\/blog\/wp-json\/wp\/v2\/posts\/84120\/revisions\/84123"}],"wp:attachment":[{"href":"https:\/\/www.visit-ulcinj.com\/blog\/wp-json\/wp\/v2\/media?parent=84120"}],"wp:term":[{"taxonomy":"category","embeddable":true,"href":"https:\/\/www.visit-ulcinj.com\/blog\/wp-json\/wp\/v2\/categories?post=84120"},{"taxonomy":"post_tag","embeddable":true,"href":"https:\/\/www.visit-ulcinj.com\/blog\/wp-json\/wp\/v2\/tags?post=84120"}],"curies":[{"name":"wp","href":"https:\/\/api.w.org\/{rel}","templated":true}]}}