{"id":84135,"date":"2014-07-18T19:18:14","date_gmt":"2014-07-18T18:18:14","guid":{"rendered":"http:\/\/www.visit-ulcinj.com\/blog\/?p=84135"},"modified":"2014-07-18T19:21:17","modified_gmt":"2014-07-18T18:21:17","slug":"ledri-vula-mbreme-ne-koncert-e-kalli-ulqinin","status":"publish","type":"post","link":"https:\/\/www.visit-ulcinj.com\/blog\/2014\/07\/18\/ledri-vula-mbreme-ne-koncert-e-kalli-ulqinin\/","title":{"rendered":"Ledri Vula mbr\u00ebm\u00eb n\u00eb koncert e &#8216;kalli&#8217; Ulqinin"},"content":{"rendered":"<p><a href=\"http:\/\/www.visit-ulcinj.com\/blog\/wp-content\/uploads\/2014\/07\/Ledri-vula-Ulqin.jpg\"><img loading=\"lazy\" class=\"alignleft  wp-image-84137\" alt=\"Ledri-vula-Ulqin\" src=\"http:\/\/www.visit-ulcinj.com\/blog\/wp-content\/uploads\/2014\/07\/Ledri-vula-Ulqin.jpg\" width=\"508\" height=\"360\" \/><\/a>K\u00ebng\u00ebtari i cili adhurohet shum\u00eb nga fansat, Ledri Vula mbr\u00ebm\u00eb ka mbajtur nj\u00eb koncert n\u00eb Ulqin.<\/p>\n<p>Ledri si duket ka ndezur atmosfer\u00ebn dhe temperaturat n\u00eb k\u00ebto dit\u00eb t\u00eb nxehta t\u00eb ver\u00ebs, sidomos n\u00eb nj\u00eb vend i cili vizitohet shum\u00eb nga turist\u00ebt, si Ulqini.<\/p>\n<p>K\u00ebng\u00ebtari ka postuar nj\u00eb &#8220;selfie&#8221; n\u00eb rrjetin social Facebook, ku shihet me mikrofon n\u00eb dor\u00eb, teksa prapa tij ishin t\u00eb pranish\u00ebm nj\u00eb num\u00ebr i madh i fansave.<\/p>\n<p>Ata e prit\u00ebn shum\u00eb mir\u00eb koncertin e Ledrit, teksa n\u00eb num\u00ebr t\u00eb madh ishin fansat e mosh\u00ebs s\u00eb re.<\/p>\n<p>&nbsp;<\/p>\n<p><strong>Lajmi.net<br \/>\n<\/strong><\/p>\n<!--YouTube Error: bad URL entered-->\n","protected":false},"excerpt":{"rendered":"<p>K\u00ebng\u00ebtari i cili adhurohet shum\u00eb nga fansat, Ledri Vula mbr\u00ebm\u00eb ka mbajtur nj\u00eb koncert n\u00eb Ulqin. Ledri si duket ka ndezur atmosfer\u00ebn dhe temperaturat n\u00eb k\u00ebto dit\u00eb t\u00eb nxehta t\u00eb ver\u00ebs, sidomos n\u00eb nj\u00eb vend i cili vizitohet shum\u00eb nga turist\u00ebt, si Ulqini. K\u00ebng\u00ebtari ka postuar nj\u00eb &#8220;selfie&#8221; n\u00eb rrjetin social Facebook, ku shihet me [&hellip;]<\/p>\n","protected":false},"author":1,"featured_media":0,"comment_status":"closed","ping_status":"closed","sticky":false,"template":"","format":"standard","meta":{"spay_email":"","jetpack_publicize_message":"","jetpack_is_tweetstorm":false,"jetpack_publicize_feature_enabled":true},"categories":[1],"tags":[],"jetpack_publicize_connections":[],"yoast_head":"<!-- This site is optimized with the Yoast SEO plugin v19.1 - https:\/\/yoast.com\/wordpress\/plugins\/seo\/ -->\n<title>Ledri Vula mbr\u00ebm\u00eb n\u00eb koncert e &#039;kalli&#039; Ulqinin - Lajme nga Ulqini<\/title>\n<meta name=\"description\" content=\"K\u00ebng\u00ebtari i cili adhurohet shum\u00eb nga fansat, Ledri Vula mbr\u00ebm\u00eb ka mbajtur nj\u00eb koncert n\u00eb Ulqin. Ledri si duket ka ndezur atmosfer\u00ebn dhe temperaturat n\u00eb\" \/>\n<meta name=\"robots\" content=\"index, follow, max-snippet:-1, max-image-preview:large, max-video-preview:-1\" \/>\n<link rel=\"canonical\" href=\"https:\/\/www.visit-ulcinj.com\/blog\/2014\/07\/18\/ledri-vula-mbreme-ne-koncert-e-kalli-ulqinin\/\" \/>\n<meta property=\"og:locale\" content=\"en_US\" \/>\n<meta property=\"og:type\" content=\"article\" \/>\n<meta property=\"og:title\" content=\"Ledri Vula mbr\u00ebm\u00eb n\u00eb koncert e &#039;kalli&#039; Ulqinin - Lajme nga Ulqini\" \/>\n<meta property=\"og:description\" content=\"K\u00ebng\u00ebtari i cili adhurohet shum\u00eb nga fansat, Ledri Vula mbr\u00ebm\u00eb ka mbajtur nj\u00eb koncert n\u00eb Ulqin. Ledri si duket ka ndezur atmosfer\u00ebn dhe temperaturat n\u00eb\" \/>\n<meta property=\"og:url\" content=\"https:\/\/www.visit-ulcinj.com\/blog\/2014\/07\/18\/ledri-vula-mbreme-ne-koncert-e-kalli-ulqinin\/\" \/>\n<meta property=\"og:site_name\" content=\"Lajme nga Ulqini\" \/>\n<meta property=\"article:published_time\" content=\"2014-07-18T18:18:14+00:00\" \/>\n<meta property=\"article:modified_time\" content=\"2014-07-18T18:21:17+00:00\" \/>\n<meta property=\"og:image\" content=\"http:\/\/www.visit-ulcinj.com\/blog\/wp-content\/uploads\/2014\/07\/Ledri-vula-Ulqin.jpg\" \/>\n<meta name=\"twitter:label1\" content=\"Written by\" \/>\n\t<meta name=\"twitter:data1\" content=\"ulqini\" \/>\n\t<meta name=\"twitter:label2\" content=\"Est. reading time\" \/>\n\t<meta name=\"twitter:data2\" content=\"1 minute\" \/>\n<script type=\"application\/ld+json\" class=\"yoast-schema-graph\">{\"@context\":\"https:\/\/schema.org\",\"@graph\":[{\"@type\":\"WebSite\",\"@id\":\"https:\/\/www.visit-ulcinj.com\/blog\/#website\",\"url\":\"https:\/\/www.visit-ulcinj.com\/blog\/\",\"name\":\"Lajme nga Ulqini\",\"description\":\"Lajme,Vijesti,Ulqini,Ulqin,Crna Gora,Mali i Zi\",\"potentialAction\":[{\"@type\":\"SearchAction\",\"target\":{\"@type\":\"EntryPoint\",\"urlTemplate\":\"https:\/\/www.visit-ulcinj.com\/blog\/?s={search_term_string}\"},\"query-input\":\"required name=search_term_string\"}],\"inLanguage\":\"en-US\"},{\"@type\":\"ImageObject\",\"inLanguage\":\"en-US\",\"@id\":\"https:\/\/www.visit-ulcinj.com\/blog\/2014\/07\/18\/ledri-vula-mbreme-ne-koncert-e-kalli-ulqinin\/#primaryimage\",\"url\":\"http:\/\/www.visit-ulcinj.com\/blog\/wp-content\/uploads\/2014\/07\/Ledri-vula-Ulqin.jpg\",\"contentUrl\":\"http:\/\/www.visit-ulcinj.com\/blog\/wp-content\/uploads\/2014\/07\/Ledri-vula-Ulqin.jpg\"},{\"@type\":\"WebPage\",\"@id\":\"https:\/\/www.visit-ulcinj.com\/blog\/2014\/07\/18\/ledri-vula-mbreme-ne-koncert-e-kalli-ulqinin\/#webpage\",\"url\":\"https:\/\/www.visit-ulcinj.com\/blog\/2014\/07\/18\/ledri-vula-mbreme-ne-koncert-e-kalli-ulqinin\/\",\"name\":\"Ledri Vula mbr\u00ebm\u00eb n\u00eb koncert e 'kalli' Ulqinin - Lajme nga Ulqini\",\"isPartOf\":{\"@id\":\"https:\/\/www.visit-ulcinj.com\/blog\/#website\"},\"primaryImageOfPage\":{\"@id\":\"https:\/\/www.visit-ulcinj.com\/blog\/2014\/07\/18\/ledri-vula-mbreme-ne-koncert-e-kalli-ulqinin\/#primaryimage\"},\"datePublished\":\"2014-07-18T18:18:14+00:00\",\"dateModified\":\"2014-07-18T18:21:17+00:00\",\"author\":{\"@id\":\"https:\/\/www.visit-ulcinj.com\/blog\/#\/schema\/person\/dcab619c614d3038751c63bc2aadc06d\"},\"description\":\"K\u00ebng\u00ebtari i cili adhurohet shum\u00eb nga fansat, Ledri Vula mbr\u00ebm\u00eb ka mbajtur nj\u00eb koncert n\u00eb Ulqin. Ledri si duket ka ndezur atmosfer\u00ebn dhe temperaturat n\u00eb\",\"breadcrumb\":{\"@id\":\"https:\/\/www.visit-ulcinj.com\/blog\/2014\/07\/18\/ledri-vula-mbreme-ne-koncert-e-kalli-ulqinin\/#breadcrumb\"},\"inLanguage\":\"en-US\",\"potentialAction\":[{\"@type\":\"ReadAction\",\"target\":[\"https:\/\/www.visit-ulcinj.com\/blog\/2014\/07\/18\/ledri-vula-mbreme-ne-koncert-e-kalli-ulqinin\/\"]}]},{\"@type\":\"BreadcrumbList\",\"@id\":\"https:\/\/www.visit-ulcinj.com\/blog\/2014\/07\/18\/ledri-vula-mbreme-ne-koncert-e-kalli-ulqinin\/#breadcrumb\",\"itemListElement\":[{\"@type\":\"ListItem\",\"position\":1,\"name\":\"Ledri Vula mbr\u00ebm\u00eb n\u00eb koncert e &#8216;kalli&#8217; Ulqinin\"}]},{\"@type\":\"Person\",\"@id\":\"https:\/\/www.visit-ulcinj.com\/blog\/#\/schema\/person\/dcab619c614d3038751c63bc2aadc06d\",\"name\":\"ulqini\",\"sameAs\":[\"http:\/\/www.visit-ulcinj.com\"],\"url\":\"https:\/\/www.visit-ulcinj.com\/blog\/author\/admin\/\"}]}<\/script>\n<!-- \/ Yoast SEO plugin. -->","yoast_head_json":{"title":"Ledri Vula mbr\u00ebm\u00eb n\u00eb koncert e 'kalli' Ulqinin - Lajme nga Ulqini","description":"K\u00ebng\u00ebtari i cili adhurohet shum\u00eb nga fansat, Ledri Vula mbr\u00ebm\u00eb ka mbajtur nj\u00eb koncert n\u00eb Ulqin. Ledri si duket ka ndezur atmosfer\u00ebn dhe temperaturat n\u00eb","robots":{"index":"index","follow":"follow","max-snippet":"max-snippet:-1","max-image-preview":"max-image-preview:large","max-video-preview":"max-video-preview:-1"},"canonical":"https:\/\/www.visit-ulcinj.com\/blog\/2014\/07\/18\/ledri-vula-mbreme-ne-koncert-e-kalli-ulqinin\/","og_locale":"en_US","og_type":"article","og_title":"Ledri Vula mbr\u00ebm\u00eb n\u00eb koncert e 'kalli' Ulqinin - Lajme nga Ulqini","og_description":"K\u00ebng\u00ebtari i cili adhurohet shum\u00eb nga fansat, Ledri Vula mbr\u00ebm\u00eb ka mbajtur nj\u00eb koncert n\u00eb Ulqin. Ledri si duket ka ndezur atmosfer\u00ebn dhe temperaturat n\u00eb","og_url":"https:\/\/www.visit-ulcinj.com\/blog\/2014\/07\/18\/ledri-vula-mbreme-ne-koncert-e-kalli-ulqinin\/","og_site_name":"Lajme nga Ulqini","article_published_time":"2014-07-18T18:18:14+00:00","article_modified_time":"2014-07-18T18:21:17+00:00","og_image":[{"url":"http:\/\/www.visit-ulcinj.com\/blog\/wp-content\/uploads\/2014\/07\/Ledri-vula-Ulqin.jpg"}],"twitter_misc":{"Written by":"ulqini","Est. reading time":"1 minute"},"schema":{"@context":"https:\/\/schema.org","@graph":[{"@type":"WebSite","@id":"https:\/\/www.visit-ulcinj.com\/blog\/#website","url":"https:\/\/www.visit-ulcinj.com\/blog\/","name":"Lajme nga Ulqini","description":"Lajme,Vijesti,Ulqini,Ulqin,Crna Gora,Mali i Zi","potentialAction":[{"@type":"SearchAction","target":{"@type":"EntryPoint","urlTemplate":"https:\/\/www.visit-ulcinj.com\/blog\/?s={search_term_string}"},"query-input":"required name=search_term_string"}],"inLanguage":"en-US"},{"@type":"ImageObject","inLanguage":"en-US","@id":"https:\/\/www.visit-ulcinj.com\/blog\/2014\/07\/18\/ledri-vula-mbreme-ne-koncert-e-kalli-ulqinin\/#primaryimage","url":"http:\/\/www.visit-ulcinj.com\/blog\/wp-content\/uploads\/2014\/07\/Ledri-vula-Ulqin.jpg","contentUrl":"http:\/\/www.visit-ulcinj.com\/blog\/wp-content\/uploads\/2014\/07\/Ledri-vula-Ulqin.jpg"},{"@type":"WebPage","@id":"https:\/\/www.visit-ulcinj.com\/blog\/2014\/07\/18\/ledri-vula-mbreme-ne-koncert-e-kalli-ulqinin\/#webpage","url":"https:\/\/www.visit-ulcinj.com\/blog\/2014\/07\/18\/ledri-vula-mbreme-ne-koncert-e-kalli-ulqinin\/","name":"Ledri Vula mbr\u00ebm\u00eb n\u00eb koncert e 'kalli' Ulqinin - Lajme nga Ulqini","isPartOf":{"@id":"https:\/\/www.visit-ulcinj.com\/blog\/#website"},"primaryImageOfPage":{"@id":"https:\/\/www.visit-ulcinj.com\/blog\/2014\/07\/18\/ledri-vula-mbreme-ne-koncert-e-kalli-ulqinin\/#primaryimage"},"datePublished":"2014-07-18T18:18:14+00:00","dateModified":"2014-07-18T18:21:17+00:00","author":{"@id":"https:\/\/www.visit-ulcinj.com\/blog\/#\/schema\/person\/dcab619c614d3038751c63bc2aadc06d"},"description":"K\u00ebng\u00ebtari i cili adhurohet shum\u00eb nga fansat, Ledri Vula mbr\u00ebm\u00eb ka mbajtur nj\u00eb koncert n\u00eb Ulqin. Ledri si duket ka ndezur atmosfer\u00ebn dhe temperaturat n\u00eb","breadcrumb":{"@id":"https:\/\/www.visit-ulcinj.com\/blog\/2014\/07\/18\/ledri-vula-mbreme-ne-koncert-e-kalli-ulqinin\/#breadcrumb"},"inLanguage":"en-US","potentialAction":[{"@type":"ReadAction","target":["https:\/\/www.visit-ulcinj.com\/blog\/2014\/07\/18\/ledri-vula-mbreme-ne-koncert-e-kalli-ulqinin\/"]}]},{"@type":"BreadcrumbList","@id":"https:\/\/www.visit-ulcinj.com\/blog\/2014\/07\/18\/ledri-vula-mbreme-ne-koncert-e-kalli-ulqinin\/#breadcrumb","itemListElement":[{"@type":"ListItem","position":1,"name":"Ledri Vula mbr\u00ebm\u00eb n\u00eb koncert e &#8216;kalli&#8217; Ulqinin"}]},{"@type":"Person","@id":"https:\/\/www.visit-ulcinj.com\/blog\/#\/schema\/person\/dcab619c614d3038751c63bc2aadc06d","name":"ulqini","sameAs":["http:\/\/www.visit-ulcinj.com"],"url":"https:\/\/www.visit-ulcinj.com\/blog\/author\/admin\/"}]}},"jetpack_featured_media_url":"","jetpack_sharing_enabled":true,"jetpack_shortlink":"https:\/\/wp.me\/pe6lTn-lT1","_links":{"self":[{"href":"https:\/\/www.visit-ulcinj.com\/blog\/wp-json\/wp\/v2\/posts\/84135"}],"collection":[{"href":"https:\/\/www.visit-ulcinj.com\/blog\/wp-json\/wp\/v2\/posts"}],"about":[{"href":"https:\/\/www.visit-ulcinj.com\/blog\/wp-json\/wp\/v2\/types\/post"}],"author":[{"embeddable":true,"href":"https:\/\/www.visit-ulcinj.com\/blog\/wp-json\/wp\/v2\/users\/1"}],"replies":[{"embeddable":true,"href":"https:\/\/www.visit-ulcinj.com\/blog\/wp-json\/wp\/v2\/comments?post=84135"}],"version-history":[{"count":3,"href":"https:\/\/www.visit-ulcinj.com\/blog\/wp-json\/wp\/v2\/posts\/84135\/revisions"}],"predecessor-version":[{"id":84140,"href":"https:\/\/www.visit-ulcinj.com\/blog\/wp-json\/wp\/v2\/posts\/84135\/revisions\/84140"}],"wp:attachment":[{"href":"https:\/\/www.visit-ulcinj.com\/blog\/wp-json\/wp\/v2\/media?parent=84135"}],"wp:term":[{"taxonomy":"category","embeddable":true,"href":"https:\/\/www.visit-ulcinj.com\/blog\/wp-json\/wp\/v2\/categories?post=84135"},{"taxonomy":"post_tag","embeddable":true,"href":"https:\/\/www.visit-ulcinj.com\/blog\/wp-json\/wp\/v2\/tags?post=84135"}],"curies":[{"name":"wp","href":"https:\/\/api.w.org\/{rel}","templated":true}]}}