{"id":84141,"date":"2014-07-18T19:27:05","date_gmt":"2014-07-18T18:27:05","guid":{"rendered":"http:\/\/www.visit-ulcinj.com\/blog\/?p=84141"},"modified":"2014-07-18T19:27:05","modified_gmt":"2014-07-18T18:27:05","slug":"gjyste-vulaj-e-kall-ulqinin","status":"publish","type":"post","link":"https:\/\/www.visit-ulcinj.com\/blog\/2014\/07\/18\/gjyste-vulaj-e-kall-ulqinin\/","title":{"rendered":"Gjyste Vulaj e \u2018kall\u2019 Ulqinin"},"content":{"rendered":"<p><a href=\"http:\/\/www.visit-ulcinj.com\/blog\/wp-content\/uploads\/2014\/07\/Gjyste-Vulaj-e-\u2018kall\u2019-Ulqinin.jpg\"><img loading=\"lazy\" class=\"alignleft  wp-image-84142\" alt=\"Gjyste Vulaj e \u2018kall\u2019 Ulqinin\" src=\"http:\/\/www.visit-ulcinj.com\/blog\/wp-content\/uploads\/2014\/07\/Gjyste-Vulaj-e-\u2018kall\u2019-Ulqinin.jpg\" width=\"508\" height=\"356\" \/><\/a>Dim\u00eb q\u00eb \u00ebsht\u00eb nj\u00eb nga k\u00ebng\u00ebtaret m\u00eb t\u00eb angazhuara dhe gjithmon\u00eb e z\u00ebn\u00eb me koncerte. Ka vite q\u00eb k\u00ebndon e asnj\u00ebher\u00eb nuk b\u00ebhet bajat p\u00ebr shkak t\u00eb performancave t\u00eb nxehta.<\/p>\n<p>Kjo ver\u00eb e ka sjell\u00eb akoma m\u00eb n\u00eb form\u00eb tashm\u00eb si n\u00ebn\u00eb p\u00ebr her\u00eb t\u00eb dyt\u00eb q\u00eb \u00ebsht\u00eb b\u00ebr\u00eb, Gjystja \u00ebsht\u00eb rikthyer me koncerte pafund.<\/p>\n<p><a href=\"http:\/\/www.visit-ulcinj.com\/blog\/wp-content\/uploads\/2014\/07\/Gjyste-Vulaj-e-\u2018kall\u2019-Ulqinin-1.jpg\"><img loading=\"lazy\" class=\"alignleft  wp-image-84143\" alt=\"Gjyste Vulaj e \u2018kall\u2019 Ulqinin-1\" src=\"http:\/\/www.visit-ulcinj.com\/blog\/wp-content\/uploads\/2014\/07\/Gjyste-Vulaj-e-\u2018kall\u2019-Ulqinin-1.jpg\" width=\"508\" height=\"360\" \/><\/a><\/p>\n<p>Mbr\u00ebm\u00eb ajo ka djegur Ulqinin duke k\u00ebnduar para shum\u00eb shqiptar\u00ebve atje t\u00eb cil\u00ebt jan\u00eb duke kaluar pushimet dhe kishin zgjedhur pik\u00ebrisht mbr\u00ebmjen e Gjystes p\u00ebr t\u2019u arg\u00ebtuar.<\/p>\n<p><strong>FishMedia<\/strong><\/p>\n<!--YouTube Error: bad URL entered-->\n","protected":false},"excerpt":{"rendered":"<p>Dim\u00eb q\u00eb \u00ebsht\u00eb nj\u00eb nga k\u00ebng\u00ebtaret m\u00eb t\u00eb angazhuara dhe gjithmon\u00eb e z\u00ebn\u00eb me koncerte. Ka vite q\u00eb k\u00ebndon e asnj\u00ebher\u00eb nuk b\u00ebhet bajat p\u00ebr shkak t\u00eb performancave t\u00eb nxehta. Kjo ver\u00eb e ka sjell\u00eb akoma m\u00eb n\u00eb form\u00eb tashm\u00eb si n\u00ebn\u00eb p\u00ebr her\u00eb t\u00eb dyt\u00eb q\u00eb \u00ebsht\u00eb b\u00ebr\u00eb, Gjystja \u00ebsht\u00eb rikthyer me koncerte pafund. [&hellip;]<\/p>\n","protected":false},"author":1,"featured_media":0,"comment_status":"closed","ping_status":"closed","sticky":false,"template":"","format":"standard","meta":{"spay_email":"","jetpack_publicize_message":"","jetpack_is_tweetstorm":false,"jetpack_publicize_feature_enabled":true},"categories":[1],"tags":[],"jetpack_publicize_connections":[],"yoast_head":"<!-- This site is optimized with the Yoast SEO plugin v19.1 - https:\/\/yoast.com\/wordpress\/plugins\/seo\/ -->\n<title>Gjyste Vulaj e \u2018kall\u2019 Ulqinin - Lajme nga Ulqini<\/title>\n<meta name=\"description\" content=\"Dim\u00eb q\u00eb \u00ebsht\u00eb nj\u00eb nga k\u00ebng\u00ebtaret m\u00eb t\u00eb angazhuara dhe gjithmon\u00eb e z\u00ebn\u00eb me koncerte. Ka vite q\u00eb k\u00ebndon e asnj\u00ebher\u00eb nuk b\u00ebhet bajat p\u00ebr shkak t\u00eb\" \/>\n<meta name=\"robots\" content=\"index, follow, max-snippet:-1, max-image-preview:large, max-video-preview:-1\" \/>\n<link rel=\"canonical\" href=\"https:\/\/www.visit-ulcinj.com\/blog\/2014\/07\/18\/gjyste-vulaj-e-kall-ulqinin\/\" \/>\n<meta property=\"og:locale\" content=\"en_US\" \/>\n<meta property=\"og:type\" content=\"article\" \/>\n<meta property=\"og:title\" content=\"Gjyste Vulaj e \u2018kall\u2019 Ulqinin - Lajme nga Ulqini\" \/>\n<meta property=\"og:description\" content=\"Dim\u00eb q\u00eb \u00ebsht\u00eb nj\u00eb nga k\u00ebng\u00ebtaret m\u00eb t\u00eb angazhuara dhe gjithmon\u00eb e z\u00ebn\u00eb me koncerte. Ka vite q\u00eb k\u00ebndon e asnj\u00ebher\u00eb nuk b\u00ebhet bajat p\u00ebr shkak t\u00eb\" \/>\n<meta property=\"og:url\" content=\"https:\/\/www.visit-ulcinj.com\/blog\/2014\/07\/18\/gjyste-vulaj-e-kall-ulqinin\/\" \/>\n<meta property=\"og:site_name\" content=\"Lajme nga Ulqini\" \/>\n<meta property=\"article:published_time\" content=\"2014-07-18T18:27:05+00:00\" \/>\n<meta name=\"twitter:label1\" content=\"Written by\" \/>\n\t<meta name=\"twitter:data1\" content=\"ulqini\" \/>\n\t<meta name=\"twitter:label2\" content=\"Est. reading time\" \/>\n\t<meta name=\"twitter:data2\" content=\"1 minute\" \/>\n<script type=\"application\/ld+json\" class=\"yoast-schema-graph\">{\"@context\":\"https:\/\/schema.org\",\"@graph\":[{\"@type\":\"WebSite\",\"@id\":\"https:\/\/www.visit-ulcinj.com\/blog\/#website\",\"url\":\"https:\/\/www.visit-ulcinj.com\/blog\/\",\"name\":\"Lajme nga Ulqini\",\"description\":\"Lajme,Vijesti,Ulqini,Ulqin,Crna Gora,Mali i Zi\",\"potentialAction\":[{\"@type\":\"SearchAction\",\"target\":{\"@type\":\"EntryPoint\",\"urlTemplate\":\"https:\/\/www.visit-ulcinj.com\/blog\/?s={search_term_string}\"},\"query-input\":\"required name=search_term_string\"}],\"inLanguage\":\"en-US\"},{\"@type\":\"WebPage\",\"@id\":\"https:\/\/www.visit-ulcinj.com\/blog\/2014\/07\/18\/gjyste-vulaj-e-kall-ulqinin\/#webpage\",\"url\":\"https:\/\/www.visit-ulcinj.com\/blog\/2014\/07\/18\/gjyste-vulaj-e-kall-ulqinin\/\",\"name\":\"Gjyste Vulaj e \u2018kall\u2019 Ulqinin - Lajme nga Ulqini\",\"isPartOf\":{\"@id\":\"https:\/\/www.visit-ulcinj.com\/blog\/#website\"},\"datePublished\":\"2014-07-18T18:27:05+00:00\",\"dateModified\":\"2014-07-18T18:27:05+00:00\",\"author\":{\"@id\":\"https:\/\/www.visit-ulcinj.com\/blog\/#\/schema\/person\/dcab619c614d3038751c63bc2aadc06d\"},\"description\":\"Dim\u00eb q\u00eb \u00ebsht\u00eb nj\u00eb nga k\u00ebng\u00ebtaret m\u00eb t\u00eb angazhuara dhe gjithmon\u00eb e z\u00ebn\u00eb me koncerte. Ka vite q\u00eb k\u00ebndon e asnj\u00ebher\u00eb nuk b\u00ebhet bajat p\u00ebr shkak t\u00eb\",\"breadcrumb\":{\"@id\":\"https:\/\/www.visit-ulcinj.com\/blog\/2014\/07\/18\/gjyste-vulaj-e-kall-ulqinin\/#breadcrumb\"},\"inLanguage\":\"en-US\",\"potentialAction\":[{\"@type\":\"ReadAction\",\"target\":[\"https:\/\/www.visit-ulcinj.com\/blog\/2014\/07\/18\/gjyste-vulaj-e-kall-ulqinin\/\"]}]},{\"@type\":\"BreadcrumbList\",\"@id\":\"https:\/\/www.visit-ulcinj.com\/blog\/2014\/07\/18\/gjyste-vulaj-e-kall-ulqinin\/#breadcrumb\",\"itemListElement\":[{\"@type\":\"ListItem\",\"position\":1,\"name\":\"Gjyste Vulaj e \u2018kall\u2019 Ulqinin\"}]},{\"@type\":\"Person\",\"@id\":\"https:\/\/www.visit-ulcinj.com\/blog\/#\/schema\/person\/dcab619c614d3038751c63bc2aadc06d\",\"name\":\"ulqini\",\"sameAs\":[\"http:\/\/www.visit-ulcinj.com\"],\"url\":\"https:\/\/www.visit-ulcinj.com\/blog\/author\/admin\/\"}]}<\/script>\n<!-- \/ Yoast SEO plugin. -->","yoast_head_json":{"title":"Gjyste Vulaj e \u2018kall\u2019 Ulqinin - Lajme nga Ulqini","description":"Dim\u00eb q\u00eb \u00ebsht\u00eb nj\u00eb nga k\u00ebng\u00ebtaret m\u00eb t\u00eb angazhuara dhe gjithmon\u00eb e z\u00ebn\u00eb me koncerte. Ka vite q\u00eb k\u00ebndon e asnj\u00ebher\u00eb nuk b\u00ebhet bajat p\u00ebr shkak t\u00eb","robots":{"index":"index","follow":"follow","max-snippet":"max-snippet:-1","max-image-preview":"max-image-preview:large","max-video-preview":"max-video-preview:-1"},"canonical":"https:\/\/www.visit-ulcinj.com\/blog\/2014\/07\/18\/gjyste-vulaj-e-kall-ulqinin\/","og_locale":"en_US","og_type":"article","og_title":"Gjyste Vulaj e \u2018kall\u2019 Ulqinin - Lajme nga Ulqini","og_description":"Dim\u00eb q\u00eb \u00ebsht\u00eb nj\u00eb nga k\u00ebng\u00ebtaret m\u00eb t\u00eb angazhuara dhe gjithmon\u00eb e z\u00ebn\u00eb me koncerte. Ka vite q\u00eb k\u00ebndon e asnj\u00ebher\u00eb nuk b\u00ebhet bajat p\u00ebr shkak t\u00eb","og_url":"https:\/\/www.visit-ulcinj.com\/blog\/2014\/07\/18\/gjyste-vulaj-e-kall-ulqinin\/","og_site_name":"Lajme nga Ulqini","article_published_time":"2014-07-18T18:27:05+00:00","twitter_misc":{"Written by":"ulqini","Est. reading time":"1 minute"},"schema":{"@context":"https:\/\/schema.org","@graph":[{"@type":"WebSite","@id":"https:\/\/www.visit-ulcinj.com\/blog\/#website","url":"https:\/\/www.visit-ulcinj.com\/blog\/","name":"Lajme nga Ulqini","description":"Lajme,Vijesti,Ulqini,Ulqin,Crna Gora,Mali i Zi","potentialAction":[{"@type":"SearchAction","target":{"@type":"EntryPoint","urlTemplate":"https:\/\/www.visit-ulcinj.com\/blog\/?s={search_term_string}"},"query-input":"required name=search_term_string"}],"inLanguage":"en-US"},{"@type":"WebPage","@id":"https:\/\/www.visit-ulcinj.com\/blog\/2014\/07\/18\/gjyste-vulaj-e-kall-ulqinin\/#webpage","url":"https:\/\/www.visit-ulcinj.com\/blog\/2014\/07\/18\/gjyste-vulaj-e-kall-ulqinin\/","name":"Gjyste Vulaj e \u2018kall\u2019 Ulqinin - Lajme nga Ulqini","isPartOf":{"@id":"https:\/\/www.visit-ulcinj.com\/blog\/#website"},"datePublished":"2014-07-18T18:27:05+00:00","dateModified":"2014-07-18T18:27:05+00:00","author":{"@id":"https:\/\/www.visit-ulcinj.com\/blog\/#\/schema\/person\/dcab619c614d3038751c63bc2aadc06d"},"description":"Dim\u00eb q\u00eb \u00ebsht\u00eb nj\u00eb nga k\u00ebng\u00ebtaret m\u00eb t\u00eb angazhuara dhe gjithmon\u00eb e z\u00ebn\u00eb me koncerte. Ka vite q\u00eb k\u00ebndon e asnj\u00ebher\u00eb nuk b\u00ebhet bajat p\u00ebr shkak t\u00eb","breadcrumb":{"@id":"https:\/\/www.visit-ulcinj.com\/blog\/2014\/07\/18\/gjyste-vulaj-e-kall-ulqinin\/#breadcrumb"},"inLanguage":"en-US","potentialAction":[{"@type":"ReadAction","target":["https:\/\/www.visit-ulcinj.com\/blog\/2014\/07\/18\/gjyste-vulaj-e-kall-ulqinin\/"]}]},{"@type":"BreadcrumbList","@id":"https:\/\/www.visit-ulcinj.com\/blog\/2014\/07\/18\/gjyste-vulaj-e-kall-ulqinin\/#breadcrumb","itemListElement":[{"@type":"ListItem","position":1,"name":"Gjyste Vulaj e \u2018kall\u2019 Ulqinin"}]},{"@type":"Person","@id":"https:\/\/www.visit-ulcinj.com\/blog\/#\/schema\/person\/dcab619c614d3038751c63bc2aadc06d","name":"ulqini","sameAs":["http:\/\/www.visit-ulcinj.com"],"url":"https:\/\/www.visit-ulcinj.com\/blog\/author\/admin\/"}]}},"jetpack_featured_media_url":"","jetpack_sharing_enabled":true,"jetpack_shortlink":"https:\/\/wp.me\/pe6lTn-lT7","_links":{"self":[{"href":"https:\/\/www.visit-ulcinj.com\/blog\/wp-json\/wp\/v2\/posts\/84141"}],"collection":[{"href":"https:\/\/www.visit-ulcinj.com\/blog\/wp-json\/wp\/v2\/posts"}],"about":[{"href":"https:\/\/www.visit-ulcinj.com\/blog\/wp-json\/wp\/v2\/types\/post"}],"author":[{"embeddable":true,"href":"https:\/\/www.visit-ulcinj.com\/blog\/wp-json\/wp\/v2\/users\/1"}],"replies":[{"embeddable":true,"href":"https:\/\/www.visit-ulcinj.com\/blog\/wp-json\/wp\/v2\/comments?post=84141"}],"version-history":[{"count":1,"href":"https:\/\/www.visit-ulcinj.com\/blog\/wp-json\/wp\/v2\/posts\/84141\/revisions"}],"predecessor-version":[{"id":84144,"href":"https:\/\/www.visit-ulcinj.com\/blog\/wp-json\/wp\/v2\/posts\/84141\/revisions\/84144"}],"wp:attachment":[{"href":"https:\/\/www.visit-ulcinj.com\/blog\/wp-json\/wp\/v2\/media?parent=84141"}],"wp:term":[{"taxonomy":"category","embeddable":true,"href":"https:\/\/www.visit-ulcinj.com\/blog\/wp-json\/wp\/v2\/categories?post=84141"},{"taxonomy":"post_tag","embeddable":true,"href":"https:\/\/www.visit-ulcinj.com\/blog\/wp-json\/wp\/v2\/tags?post=84141"}],"curies":[{"name":"wp","href":"https:\/\/api.w.org\/{rel}","templated":true}]}}