{"id":84146,"date":"2014-07-19T10:22:40","date_gmt":"2014-07-19T09:22:40","guid":{"rendered":"http:\/\/www.visit-ulcinj.com\/blog\/?p=84146"},"modified":"2014-07-19T12:06:09","modified_gmt":"2014-07-19T11:06:09","slug":"kriza-ekonomike-godete-sektorin-e-turizmit-ne-ulqin-video","status":"publish","type":"post","link":"https:\/\/www.visit-ulcinj.com\/blog\/2014\/07\/19\/kriza-ekonomike-godete-sektorin-e-turizmit-ne-ulqin-video\/","title":{"rendered":"Kriza ekonomike godet\u00eb sektorin e turizmit n\u00eb Ulqin &#8211; Video"},"content":{"rendered":"<p><a href=\"http:\/\/www.visit-ulcinj.com\/blog\/wp-content\/uploads\/2014\/07\/Plazhi-Saranda-Beach-Ulqin.jpg\"><img loading=\"lazy\" class=\"alignleft  wp-image-84147\" alt=\"Plazhi-Saranda-Beach-Ulqin\" src=\"http:\/\/www.visit-ulcinj.com\/blog\/wp-content\/uploads\/2014\/07\/Plazhi-Saranda-Beach-Ulqin.jpg\" width=\"508\" height=\"360\" \/><\/a><strong>Foto nga Saranda Beach Ulqin sot<br \/>\n<\/strong><\/p>\n<p>Kriza ekonomike parashikohet t\u00eb godas\u00eb k\u00ebt\u00eb vit edhe sektorin e turizmit n\u00eb Ulqin. Parashikimet tashm\u00eb jan\u00eb n\u00eb nivel rajonal, nd\u00ebrkoh\u00eb q\u00eb vende tjera n\u00eb Mal\u00eb t\u00eb Zi, sikurse Budva, Porto Montenegro n\u00eb Tivat, Petrovaci, Tivari jan n\u00eb nj\u00eb pjes\u00eb tejet t\u00eb r\u00ebnd\u00ebsishme t\u00eb investimeve dhe infrastruktur\u00ebs q\u00eb ia kan\u00eb dedikuar turizmit kan\u00eb filluar t\u00eb marrin masa emergjente p\u00ebr t\u2019i b\u00ebr\u00eb ball\u00eb efekteve ekonomike. Ulqini nuk p\u00ebrjashtohet nga vendet e rrezikuara.<\/p>\n<p>Muaji i Ramazanit &#8220;boshatisi&#8221; plazhin e Ulqinit. Disa operator\u00eb turistik\u00eb deklaruan se hotelet dhe lokalet punojn\u00eb me 20 p\u00ebr qind t\u00eb kapacitetit t\u00eb tyre. Gjat\u00eb 15 dit\u00ebshit t\u00eb par\u00eb t\u00eb korrikut ka nj\u00eb ulje drastike t\u00eb frekuentuesve t\u00eb plazhit m\u00eb t\u00eb madh n\u00eb vend, i cili prej vitesh \u00ebsht\u00eb b\u00ebr\u00eb destinacioni edhe i pushuesve nga Kosova e shqiptar\u00ebt e Maqedonis\u00eb dhe turist\u00ebve nga Bosna dhe Hercegovina. N\u00eb pikun e k\u00ebtij sezoni vizitor\u00ebt kan\u00eb preferuar t\u00eb agj\u00ebrojn\u00eb gjat\u00eb muajit t\u00eb Ramazanit, i cili sipas kalendarit mbyllet n\u00eb fund t\u00eb k\u00ebtij muaji, me fest\u00ebn e Bajramit t\u00eb madh m\u00eb 28 korrik.<\/p>\n<p>Lokalet n\u00eb lagjen e Shtojit jan\u00eb bosh. N\u00eb t\u00eb nj\u00ebjt\u00ebn situat\u00eb jan\u00eb edhe hotelet dhe banesat private n\u00eb lagjen Shtoj q\u00eb jan\u00eb t\u00eb boshatisura..,ku sipas nj\u00eb banori nga lagja tha se &#8220;&#8221;Shtojaket jan\u00eb ba me fol me veti se sa mir\u00eb esht\u00eb&#8221;.<\/p>\n<p>&#8220;Nuk ka prenotime fare p\u00ebr muajin korrik, turizmin n\u00eb Ulqin e b\u00ebjn\u00eb kosovar\u00ebt, boshnjak\u00ebt, serbet dhe\u00a0 maqedonasit. Hotelet, lokalet dhe restorantet jan\u00eb t\u00eb boshatisur, po ashtu edhe banesat private&#8221; u shpreh\u00ebn menaxher\u00ebt e k\u00ebtyre subjekteve q\u00eb i takuam n\u00eb rrug\u00eb, n\u00eb p\u00ebrpjekje p\u00ebr t\u00eb gjetur qoft\u00eb edhe nj\u00eb pushues p\u00ebr klientel\u00eb.<\/p>\n<p><a href=\"http:\/\/www.visit-ulcinj.com\/blog\/wp-content\/uploads\/2014\/07\/ACUARIUS-ULQIN.jpg\"><img loading=\"lazy\" class=\"alignleft  wp-image-84148\" alt=\"ACUARIUS-ULQIN\" src=\"http:\/\/www.visit-ulcinj.com\/blog\/wp-content\/uploads\/2014\/07\/ACUARIUS-ULQIN.jpg\" width=\"508\" height=\"360\" \/><\/a><strong>Aquarius Beach Ulqin sot<br \/>\n<\/strong><\/p>\n<p>Kjo situat\u00eb ka sjell\u00eb edhe uljen drastike t\u00eb \u00e7mimeve n\u00eb restorante dhe hotele si dhe banesat q\u00eb jepen me qira, por jo edhe t\u00eb mobiljarit n\u00eb plazhet e Ulqinit. Nga ana tjet\u00ebr, plazhi \u00ebsht\u00eb m\u00eb i past\u00ebr n\u00eb krahasim me vitet e tjera p\u00ebr shkak t\u00eb uljes s\u00eb numrit t\u00eb pushuesve.<\/p>\n<p>Nd\u00ebrkaq edhe pushuesit vendas jan\u00eb prekur nga efektet e kriz\u00ebs ekonomike ndaj edhe ata parashikohen t\u00eb shpenzojn\u00eb m\u00eb pak n\u00eb sektroin e turzimit. Kjo do t\u00eb thot\u00eb se n\u00eb p\u00ebrgjith\u00ebsi situata paraqitet t\u00eb mos jet\u00eb dramatike, por t\u00eb pakt\u00ebn e v\u00ebshtir\u00eb. N\u00eb fakt, jan\u00eb diaspora Kosovare dhe turizmi n\u00eb pergjith\u00ebsi ato q\u00eb deri m\u00eb sot kan\u00eb shp\u00ebtuar ekonomin\u00eb e Ulqinit.<\/p>\n<p>Ket\u00eb vit\u00eb Qeveria e Malit t\u00eb Zi ftoi publikisht pak koh\u00eb m\u00eb par\u00eb turist\u00ebt nga Kosova, Maqedonia, Bosna &amp; Hrcegovina, Shqip\u00ebria etj t\u00eb vizitojn\u00eb k\u00ebt\u00eb vend, duke premtuar \u00e7mime \u201cn\u00eb p\u00ebrputhje me kushtet e krijuara nga kriza\u201d.<\/p>\n<p>Prandaj k\u00ebrkohet nga popullata e Malit t\u00eb Zi q\u00eb premtimet e dh\u00ebna ti bejn\u00eb realitet.<\/p>\n<!--YouTube Error: bad URL entered-->\n","protected":false},"excerpt":{"rendered":"<p>Foto nga Saranda Beach Ulqin sot Kriza ekonomike parashikohet t\u00eb godas\u00eb k\u00ebt\u00eb vit edhe sektorin e turizmit n\u00eb Ulqin. Parashikimet tashm\u00eb jan\u00eb n\u00eb nivel rajonal, nd\u00ebrkoh\u00eb q\u00eb vende tjera n\u00eb Mal\u00eb t\u00eb Zi, sikurse Budva, Porto Montenegro n\u00eb Tivat, Petrovaci, Tivari jan n\u00eb nj\u00eb pjes\u00eb tejet t\u00eb r\u00ebnd\u00ebsishme t\u00eb investimeve dhe infrastruktur\u00ebs q\u00eb ia kan\u00eb [&hellip;]<\/p>\n","protected":false},"author":1,"featured_media":0,"comment_status":"closed","ping_status":"closed","sticky":false,"template":"","format":"standard","meta":{"spay_email":"","jetpack_publicize_message":"","jetpack_is_tweetstorm":false,"jetpack_publicize_feature_enabled":true},"categories":[10,1],"tags":[],"jetpack_publicize_connections":[],"yoast_head":"<!-- This site is optimized with the Yoast SEO plugin v19.1 - https:\/\/yoast.com\/wordpress\/plugins\/seo\/ -->\n<title>Kriza ekonomike godet\u00eb sektorin e turizmit n\u00eb Ulqin - Video - Lajme nga Ulqini<\/title>\n<meta name=\"description\" content=\"Foto nga Saranda Beach Ulqin sot Kriza ekonomike parashikohet t\u00eb godas\u00eb k\u00ebt\u00eb vit edhe sektorin e turizmit n\u00eb Ulqin. Parashikimet tashm\u00eb jan\u00eb n\u00eb nivel\" \/>\n<meta name=\"robots\" content=\"index, follow, max-snippet:-1, max-image-preview:large, max-video-preview:-1\" \/>\n<link rel=\"canonical\" href=\"https:\/\/www.visit-ulcinj.com\/blog\/2014\/07\/19\/kriza-ekonomike-godete-sektorin-e-turizmit-ne-ulqin-video\/\" \/>\n<meta property=\"og:locale\" content=\"en_US\" \/>\n<meta property=\"og:type\" content=\"article\" \/>\n<meta property=\"og:title\" content=\"Kriza ekonomike godet\u00eb sektorin e turizmit n\u00eb Ulqin - Video - Lajme nga Ulqini\" \/>\n<meta property=\"og:description\" content=\"Foto nga Saranda Beach Ulqin sot Kriza ekonomike parashikohet t\u00eb godas\u00eb k\u00ebt\u00eb vit edhe sektorin e turizmit n\u00eb Ulqin. Parashikimet tashm\u00eb jan\u00eb n\u00eb nivel\" \/>\n<meta property=\"og:url\" content=\"https:\/\/www.visit-ulcinj.com\/blog\/2014\/07\/19\/kriza-ekonomike-godete-sektorin-e-turizmit-ne-ulqin-video\/\" \/>\n<meta property=\"og:site_name\" content=\"Lajme nga Ulqini\" \/>\n<meta property=\"article:published_time\" content=\"2014-07-19T09:22:40+00:00\" \/>\n<meta property=\"article:modified_time\" content=\"2014-07-19T11:06:09+00:00\" \/>\n<meta property=\"og:image\" content=\"http:\/\/www.visit-ulcinj.com\/blog\/wp-content\/uploads\/2014\/07\/Plazhi-Saranda-Beach-Ulqin.jpg\" \/>\n<meta name=\"twitter:label1\" content=\"Written by\" \/>\n\t<meta name=\"twitter:data1\" content=\"ulqini\" \/>\n\t<meta name=\"twitter:label2\" content=\"Est. reading time\" \/>\n\t<meta name=\"twitter:data2\" content=\"2 minutes\" \/>\n<script type=\"application\/ld+json\" class=\"yoast-schema-graph\">{\"@context\":\"https:\/\/schema.org\",\"@graph\":[{\"@type\":\"WebSite\",\"@id\":\"https:\/\/www.visit-ulcinj.com\/blog\/#website\",\"url\":\"https:\/\/www.visit-ulcinj.com\/blog\/\",\"name\":\"Lajme nga Ulqini\",\"description\":\"Lajme,Vijesti,Ulqini,Ulqin,Crna Gora,Mali i Zi\",\"potentialAction\":[{\"@type\":\"SearchAction\",\"target\":{\"@type\":\"EntryPoint\",\"urlTemplate\":\"https:\/\/www.visit-ulcinj.com\/blog\/?s={search_term_string}\"},\"query-input\":\"required name=search_term_string\"}],\"inLanguage\":\"en-US\"},{\"@type\":\"ImageObject\",\"inLanguage\":\"en-US\",\"@id\":\"https:\/\/www.visit-ulcinj.com\/blog\/2014\/07\/19\/kriza-ekonomike-godete-sektorin-e-turizmit-ne-ulqin-video\/#primaryimage\",\"url\":\"http:\/\/www.visit-ulcinj.com\/blog\/wp-content\/uploads\/2014\/07\/Plazhi-Saranda-Beach-Ulqin.jpg\",\"contentUrl\":\"http:\/\/www.visit-ulcinj.com\/blog\/wp-content\/uploads\/2014\/07\/Plazhi-Saranda-Beach-Ulqin.jpg\"},{\"@type\":\"WebPage\",\"@id\":\"https:\/\/www.visit-ulcinj.com\/blog\/2014\/07\/19\/kriza-ekonomike-godete-sektorin-e-turizmit-ne-ulqin-video\/#webpage\",\"url\":\"https:\/\/www.visit-ulcinj.com\/blog\/2014\/07\/19\/kriza-ekonomike-godete-sektorin-e-turizmit-ne-ulqin-video\/\",\"name\":\"Kriza ekonomike godet\u00eb sektorin e turizmit n\u00eb Ulqin - Video - Lajme nga Ulqini\",\"isPartOf\":{\"@id\":\"https:\/\/www.visit-ulcinj.com\/blog\/#website\"},\"primaryImageOfPage\":{\"@id\":\"https:\/\/www.visit-ulcinj.com\/blog\/2014\/07\/19\/kriza-ekonomike-godete-sektorin-e-turizmit-ne-ulqin-video\/#primaryimage\"},\"datePublished\":\"2014-07-19T09:22:40+00:00\",\"dateModified\":\"2014-07-19T11:06:09+00:00\",\"author\":{\"@id\":\"https:\/\/www.visit-ulcinj.com\/blog\/#\/schema\/person\/dcab619c614d3038751c63bc2aadc06d\"},\"description\":\"Foto nga Saranda Beach Ulqin sot Kriza ekonomike parashikohet t\u00eb godas\u00eb k\u00ebt\u00eb vit edhe sektorin e turizmit n\u00eb Ulqin. Parashikimet tashm\u00eb jan\u00eb n\u00eb nivel\",\"breadcrumb\":{\"@id\":\"https:\/\/www.visit-ulcinj.com\/blog\/2014\/07\/19\/kriza-ekonomike-godete-sektorin-e-turizmit-ne-ulqin-video\/#breadcrumb\"},\"inLanguage\":\"en-US\",\"potentialAction\":[{\"@type\":\"ReadAction\",\"target\":[\"https:\/\/www.visit-ulcinj.com\/blog\/2014\/07\/19\/kriza-ekonomike-godete-sektorin-e-turizmit-ne-ulqin-video\/\"]}]},{\"@type\":\"BreadcrumbList\",\"@id\":\"https:\/\/www.visit-ulcinj.com\/blog\/2014\/07\/19\/kriza-ekonomike-godete-sektorin-e-turizmit-ne-ulqin-video\/#breadcrumb\",\"itemListElement\":[{\"@type\":\"ListItem\",\"position\":1,\"name\":\"Kriza ekonomike godet\u00eb sektorin e turizmit n\u00eb Ulqin &#8211; Video\"}]},{\"@type\":\"Person\",\"@id\":\"https:\/\/www.visit-ulcinj.com\/blog\/#\/schema\/person\/dcab619c614d3038751c63bc2aadc06d\",\"name\":\"ulqini\",\"sameAs\":[\"http:\/\/www.visit-ulcinj.com\"],\"url\":\"https:\/\/www.visit-ulcinj.com\/blog\/author\/admin\/\"}]}<\/script>\n<!-- \/ Yoast SEO plugin. -->","yoast_head_json":{"title":"Kriza ekonomike godet\u00eb sektorin e turizmit n\u00eb Ulqin - Video - Lajme nga Ulqini","description":"Foto nga Saranda Beach Ulqin sot Kriza ekonomike parashikohet t\u00eb godas\u00eb k\u00ebt\u00eb vit edhe sektorin e turizmit n\u00eb Ulqin. Parashikimet tashm\u00eb jan\u00eb n\u00eb nivel","robots":{"index":"index","follow":"follow","max-snippet":"max-snippet:-1","max-image-preview":"max-image-preview:large","max-video-preview":"max-video-preview:-1"},"canonical":"https:\/\/www.visit-ulcinj.com\/blog\/2014\/07\/19\/kriza-ekonomike-godete-sektorin-e-turizmit-ne-ulqin-video\/","og_locale":"en_US","og_type":"article","og_title":"Kriza ekonomike godet\u00eb sektorin e turizmit n\u00eb Ulqin - Video - Lajme nga Ulqini","og_description":"Foto nga Saranda Beach Ulqin sot Kriza ekonomike parashikohet t\u00eb godas\u00eb k\u00ebt\u00eb vit edhe sektorin e turizmit n\u00eb Ulqin. Parashikimet tashm\u00eb jan\u00eb n\u00eb nivel","og_url":"https:\/\/www.visit-ulcinj.com\/blog\/2014\/07\/19\/kriza-ekonomike-godete-sektorin-e-turizmit-ne-ulqin-video\/","og_site_name":"Lajme nga Ulqini","article_published_time":"2014-07-19T09:22:40+00:00","article_modified_time":"2014-07-19T11:06:09+00:00","og_image":[{"url":"http:\/\/www.visit-ulcinj.com\/blog\/wp-content\/uploads\/2014\/07\/Plazhi-Saranda-Beach-Ulqin.jpg"}],"twitter_misc":{"Written by":"ulqini","Est. reading time":"2 minutes"},"schema":{"@context":"https:\/\/schema.org","@graph":[{"@type":"WebSite","@id":"https:\/\/www.visit-ulcinj.com\/blog\/#website","url":"https:\/\/www.visit-ulcinj.com\/blog\/","name":"Lajme nga Ulqini","description":"Lajme,Vijesti,Ulqini,Ulqin,Crna Gora,Mali i Zi","potentialAction":[{"@type":"SearchAction","target":{"@type":"EntryPoint","urlTemplate":"https:\/\/www.visit-ulcinj.com\/blog\/?s={search_term_string}"},"query-input":"required name=search_term_string"}],"inLanguage":"en-US"},{"@type":"ImageObject","inLanguage":"en-US","@id":"https:\/\/www.visit-ulcinj.com\/blog\/2014\/07\/19\/kriza-ekonomike-godete-sektorin-e-turizmit-ne-ulqin-video\/#primaryimage","url":"http:\/\/www.visit-ulcinj.com\/blog\/wp-content\/uploads\/2014\/07\/Plazhi-Saranda-Beach-Ulqin.jpg","contentUrl":"http:\/\/www.visit-ulcinj.com\/blog\/wp-content\/uploads\/2014\/07\/Plazhi-Saranda-Beach-Ulqin.jpg"},{"@type":"WebPage","@id":"https:\/\/www.visit-ulcinj.com\/blog\/2014\/07\/19\/kriza-ekonomike-godete-sektorin-e-turizmit-ne-ulqin-video\/#webpage","url":"https:\/\/www.visit-ulcinj.com\/blog\/2014\/07\/19\/kriza-ekonomike-godete-sektorin-e-turizmit-ne-ulqin-video\/","name":"Kriza ekonomike godet\u00eb sektorin e turizmit n\u00eb Ulqin - Video - Lajme nga Ulqini","isPartOf":{"@id":"https:\/\/www.visit-ulcinj.com\/blog\/#website"},"primaryImageOfPage":{"@id":"https:\/\/www.visit-ulcinj.com\/blog\/2014\/07\/19\/kriza-ekonomike-godete-sektorin-e-turizmit-ne-ulqin-video\/#primaryimage"},"datePublished":"2014-07-19T09:22:40+00:00","dateModified":"2014-07-19T11:06:09+00:00","author":{"@id":"https:\/\/www.visit-ulcinj.com\/blog\/#\/schema\/person\/dcab619c614d3038751c63bc2aadc06d"},"description":"Foto nga Saranda Beach Ulqin sot Kriza ekonomike parashikohet t\u00eb godas\u00eb k\u00ebt\u00eb vit edhe sektorin e turizmit n\u00eb Ulqin. Parashikimet tashm\u00eb jan\u00eb n\u00eb nivel","breadcrumb":{"@id":"https:\/\/www.visit-ulcinj.com\/blog\/2014\/07\/19\/kriza-ekonomike-godete-sektorin-e-turizmit-ne-ulqin-video\/#breadcrumb"},"inLanguage":"en-US","potentialAction":[{"@type":"ReadAction","target":["https:\/\/www.visit-ulcinj.com\/blog\/2014\/07\/19\/kriza-ekonomike-godete-sektorin-e-turizmit-ne-ulqin-video\/"]}]},{"@type":"BreadcrumbList","@id":"https:\/\/www.visit-ulcinj.com\/blog\/2014\/07\/19\/kriza-ekonomike-godete-sektorin-e-turizmit-ne-ulqin-video\/#breadcrumb","itemListElement":[{"@type":"ListItem","position":1,"name":"Kriza ekonomike godet\u00eb sektorin e turizmit n\u00eb Ulqin &#8211; Video"}]},{"@type":"Person","@id":"https:\/\/www.visit-ulcinj.com\/blog\/#\/schema\/person\/dcab619c614d3038751c63bc2aadc06d","name":"ulqini","sameAs":["http:\/\/www.visit-ulcinj.com"],"url":"https:\/\/www.visit-ulcinj.com\/blog\/author\/admin\/"}]}},"jetpack_featured_media_url":"","jetpack_sharing_enabled":true,"jetpack_shortlink":"https:\/\/wp.me\/pe6lTn-lTc","_links":{"self":[{"href":"https:\/\/www.visit-ulcinj.com\/blog\/wp-json\/wp\/v2\/posts\/84146"}],"collection":[{"href":"https:\/\/www.visit-ulcinj.com\/blog\/wp-json\/wp\/v2\/posts"}],"about":[{"href":"https:\/\/www.visit-ulcinj.com\/blog\/wp-json\/wp\/v2\/types\/post"}],"author":[{"embeddable":true,"href":"https:\/\/www.visit-ulcinj.com\/blog\/wp-json\/wp\/v2\/users\/1"}],"replies":[{"embeddable":true,"href":"https:\/\/www.visit-ulcinj.com\/blog\/wp-json\/wp\/v2\/comments?post=84146"}],"version-history":[{"count":8,"href":"https:\/\/www.visit-ulcinj.com\/blog\/wp-json\/wp\/v2\/posts\/84146\/revisions"}],"predecessor-version":[{"id":84156,"href":"https:\/\/www.visit-ulcinj.com\/blog\/wp-json\/wp\/v2\/posts\/84146\/revisions\/84156"}],"wp:attachment":[{"href":"https:\/\/www.visit-ulcinj.com\/blog\/wp-json\/wp\/v2\/media?parent=84146"}],"wp:term":[{"taxonomy":"category","embeddable":true,"href":"https:\/\/www.visit-ulcinj.com\/blog\/wp-json\/wp\/v2\/categories?post=84146"},{"taxonomy":"post_tag","embeddable":true,"href":"https:\/\/www.visit-ulcinj.com\/blog\/wp-json\/wp\/v2\/tags?post=84146"}],"curies":[{"name":"wp","href":"https:\/\/api.w.org\/{rel}","templated":true}]}}