{"id":84166,"date":"2014-07-19T14:46:20","date_gmt":"2014-07-19T13:46:20","guid":{"rendered":"http:\/\/www.visit-ulcinj.com\/blog\/?p=84166"},"modified":"2014-07-19T14:46:20","modified_gmt":"2014-07-19T13:46:20","slug":"pikekalimi-sukobine-muriqan-hapet-per-qarkullimin-e-mallrave-komerciale","status":"publish","type":"post","link":"https:\/\/www.visit-ulcinj.com\/blog\/2014\/07\/19\/pikekalimi-sukobine-muriqan-hapet-per-qarkullimin-e-mallrave-komerciale\/","title":{"rendered":"Pik\u00ebkalimi Sukobin\u00eb &#8211; Muriqan do hapet p\u00ebr qarkullimin e mallrave komerciale"},"content":{"rendered":"<p><strong><a href=\"http:\/\/www.visit-ulcinj.com\/blog\/wp-content\/uploads\/2012\/06\/muriqan_sukobin.jpg\"><img loading=\"lazy\" class=\"alignleft wp-image-61687 size-full\" src=\"http:\/\/www.visit-ulcinj.com\/blog\/wp-content\/uploads\/2012\/06\/muriqan_sukobin.jpg\" alt=\"muriqan_sukobin\" width=\"508\" height=\"360\" \/><\/a>Pik\u00ebkalimi n\u00eb Muriqan do t\u00eb hapet p\u00ebr mallra pas p\u00ebrfundimit t\u00eb rrug\u00ebs Sukobin\u00eb-Ulqin<\/strong><\/p>\n<p><strong>Pik\u00ebkalimi kufitar Muriqan-Sukobin\u00eb, q\u00eb lidh Shkodr\u00ebn me Malin e Zi, s\u00eb shpejti do t\u00eb sh\u00ebrbej\u00eb edhe p\u00ebr qarkullimin e mallrave.<\/strong><\/p>\n<p>K\u00ebt\u00eb fakt e kan\u00eb b\u00ebr\u00eb t\u00eb ditur zyrtar\u00eb t\u00eb Qeveris\u00eb n\u00eb Malin e Zi, ku kan\u00eb b\u00ebr\u00eb t\u00eb njohur se me p\u00ebrfundimin e plot\u00eb t\u00eb rrug\u00ebs Sukobin\u00eb- Ulqin mund t\u00eb nisin procedurat p\u00ebr t\u00eb shqyrtuar mund\u00ebsin\u00eb e kalimit t\u00eb mallrave n\u00ebp\u00ebr k\u00ebt\u00eb dogan\u00eb n\u00eb dy an\u00ebt e kufirit.<\/p>\n<p>\u201cNj\u00eb pjes\u00eb e rrug\u00ebs prej 15 km \u00ebsht\u00eb p\u00ebrfunduar dhe tashm\u00eb pritet pjesa tjet\u00ebr nga fshati Kryth\u00eb deri n\u00eb Ulqin. Pritet q\u00eb n\u00eb vjesht\u00eb t\u00eb filloj\u00eb faza e tret\u00eb e rikonstruktimit t\u00eb k\u00ebsaj rruge, gjegj\u00ebsisht punimet n\u00eb aksin prej Kryth\u00ebs deri n\u00eb Ulqin, nd\u00ebrsa e gjith\u00eb puna do t\u00eb p\u00ebrfundoj\u00eb vitin e ardhsh\u00ebm\u201d, theksojn\u00eb zyrtar\u00ebt e Ministris\u00eb s\u00eb Transporteve dhe \u00c7\u00ebshtjeve Detare t\u00eb Malit t\u00eb Zi&#8230; <strong>(m\u00eb gjer\u00ebsisht lexoni sot n\u00eb \u201cKoha Ditore\u201d) <\/strong><\/p>\n<p><strong>Koha Net<\/strong><\/p>\n","protected":false},"excerpt":{"rendered":"<p>Pik\u00ebkalimi n\u00eb Muriqan do t\u00eb hapet p\u00ebr mallra pas p\u00ebrfundimit t\u00eb rrug\u00ebs Sukobin\u00eb-Ulqin Pik\u00ebkalimi kufitar Muriqan-Sukobin\u00eb, q\u00eb lidh Shkodr\u00ebn me Malin e Zi, s\u00eb shpejti do t\u00eb sh\u00ebrbej\u00eb edhe p\u00ebr qarkullimin e mallrave. K\u00ebt\u00eb fakt e kan\u00eb b\u00ebr\u00eb t\u00eb ditur zyrtar\u00eb t\u00eb Qeveris\u00eb n\u00eb Malin e Zi, ku kan\u00eb b\u00ebr\u00eb t\u00eb njohur se me p\u00ebrfundimin [&hellip;]<\/p>\n","protected":false},"author":1,"featured_media":0,"comment_status":"closed","ping_status":"closed","sticky":false,"template":"","format":"standard","meta":{"spay_email":"","jetpack_publicize_message":"","jetpack_is_tweetstorm":false,"jetpack_publicize_feature_enabled":true},"categories":[13],"tags":[],"jetpack_publicize_connections":[],"yoast_head":"<!-- This site is optimized with the Yoast SEO plugin v19.1 - https:\/\/yoast.com\/wordpress\/plugins\/seo\/ -->\n<title>Pik\u00ebkalimi Sukobin\u00eb - Muriqan do hapet p\u00ebr qarkullimin e mallrave komerciale - Lajme nga Ulqini<\/title>\n<meta name=\"description\" content=\"Pik\u00ebkalimi n\u00eb Muriqan do t\u00eb hapet p\u00ebr mallra pas p\u00ebrfundimit t\u00eb rrug\u00ebs Sukobin\u00eb-Ulqin Pik\u00ebkalimi kufitar Muriqan-Sukobin\u00eb, q\u00eb lidh Shkodr\u00ebn me Malin e Zi,\" \/>\n<meta name=\"robots\" content=\"index, follow, max-snippet:-1, max-image-preview:large, max-video-preview:-1\" \/>\n<link rel=\"canonical\" href=\"https:\/\/www.visit-ulcinj.com\/blog\/2014\/07\/19\/pikekalimi-sukobine-muriqan-hapet-per-qarkullimin-e-mallrave-komerciale\/\" \/>\n<meta property=\"og:locale\" content=\"en_US\" \/>\n<meta property=\"og:type\" content=\"article\" \/>\n<meta property=\"og:title\" content=\"Pik\u00ebkalimi Sukobin\u00eb - Muriqan do hapet p\u00ebr qarkullimin e mallrave komerciale - Lajme nga Ulqini\" \/>\n<meta property=\"og:description\" content=\"Pik\u00ebkalimi n\u00eb Muriqan do t\u00eb hapet p\u00ebr mallra pas p\u00ebrfundimit t\u00eb rrug\u00ebs Sukobin\u00eb-Ulqin Pik\u00ebkalimi kufitar Muriqan-Sukobin\u00eb, q\u00eb lidh Shkodr\u00ebn me Malin e Zi,\" \/>\n<meta property=\"og:url\" content=\"https:\/\/www.visit-ulcinj.com\/blog\/2014\/07\/19\/pikekalimi-sukobine-muriqan-hapet-per-qarkullimin-e-mallrave-komerciale\/\" \/>\n<meta property=\"og:site_name\" content=\"Lajme nga Ulqini\" \/>\n<meta property=\"article:published_time\" content=\"2014-07-19T13:46:20+00:00\" \/>\n<meta property=\"og:image\" content=\"http:\/\/www.visit-ulcinj.com\/blog\/wp-content\/uploads\/2012\/06\/muriqan_sukobin.jpg\" \/>\n<meta name=\"twitter:label1\" content=\"Written by\" \/>\n\t<meta name=\"twitter:data1\" content=\"ulqini\" \/>\n\t<meta name=\"twitter:label2\" content=\"Est. reading time\" \/>\n\t<meta name=\"twitter:data2\" content=\"1 minute\" \/>\n<script type=\"application\/ld+json\" class=\"yoast-schema-graph\">{\"@context\":\"https:\/\/schema.org\",\"@graph\":[{\"@type\":\"WebSite\",\"@id\":\"https:\/\/www.visit-ulcinj.com\/blog\/#website\",\"url\":\"https:\/\/www.visit-ulcinj.com\/blog\/\",\"name\":\"Lajme nga Ulqini\",\"description\":\"Lajme,Vijesti,Ulqini,Ulqin,Crna Gora,Mali i Zi\",\"potentialAction\":[{\"@type\":\"SearchAction\",\"target\":{\"@type\":\"EntryPoint\",\"urlTemplate\":\"https:\/\/www.visit-ulcinj.com\/blog\/?s={search_term_string}\"},\"query-input\":\"required name=search_term_string\"}],\"inLanguage\":\"en-US\"},{\"@type\":\"ImageObject\",\"inLanguage\":\"en-US\",\"@id\":\"https:\/\/www.visit-ulcinj.com\/blog\/2014\/07\/19\/pikekalimi-sukobine-muriqan-hapet-per-qarkullimin-e-mallrave-komerciale\/#primaryimage\",\"url\":\"https:\/\/www.visit-ulcinj.com\/blog\/wp-content\/uploads\/2012\/06\/muriqan_sukobin.jpg\",\"contentUrl\":\"https:\/\/www.visit-ulcinj.com\/blog\/wp-content\/uploads\/2012\/06\/muriqan_sukobin.jpg\",\"width\":\"800\",\"height\":\"600\"},{\"@type\":\"WebPage\",\"@id\":\"https:\/\/www.visit-ulcinj.com\/blog\/2014\/07\/19\/pikekalimi-sukobine-muriqan-hapet-per-qarkullimin-e-mallrave-komerciale\/#webpage\",\"url\":\"https:\/\/www.visit-ulcinj.com\/blog\/2014\/07\/19\/pikekalimi-sukobine-muriqan-hapet-per-qarkullimin-e-mallrave-komerciale\/\",\"name\":\"Pik\u00ebkalimi Sukobin\u00eb - Muriqan do hapet p\u00ebr qarkullimin e mallrave komerciale - Lajme nga Ulqini\",\"isPartOf\":{\"@id\":\"https:\/\/www.visit-ulcinj.com\/blog\/#website\"},\"primaryImageOfPage\":{\"@id\":\"https:\/\/www.visit-ulcinj.com\/blog\/2014\/07\/19\/pikekalimi-sukobine-muriqan-hapet-per-qarkullimin-e-mallrave-komerciale\/#primaryimage\"},\"datePublished\":\"2014-07-19T13:46:20+00:00\",\"dateModified\":\"2014-07-19T13:46:20+00:00\",\"author\":{\"@id\":\"https:\/\/www.visit-ulcinj.com\/blog\/#\/schema\/person\/dcab619c614d3038751c63bc2aadc06d\"},\"description\":\"Pik\u00ebkalimi n\u00eb Muriqan do t\u00eb hapet p\u00ebr mallra pas p\u00ebrfundimit t\u00eb rrug\u00ebs Sukobin\u00eb-Ulqin Pik\u00ebkalimi kufitar Muriqan-Sukobin\u00eb, q\u00eb lidh Shkodr\u00ebn me Malin e Zi,\",\"breadcrumb\":{\"@id\":\"https:\/\/www.visit-ulcinj.com\/blog\/2014\/07\/19\/pikekalimi-sukobine-muriqan-hapet-per-qarkullimin-e-mallrave-komerciale\/#breadcrumb\"},\"inLanguage\":\"en-US\",\"potentialAction\":[{\"@type\":\"ReadAction\",\"target\":[\"https:\/\/www.visit-ulcinj.com\/blog\/2014\/07\/19\/pikekalimi-sukobine-muriqan-hapet-per-qarkullimin-e-mallrave-komerciale\/\"]}]},{\"@type\":\"BreadcrumbList\",\"@id\":\"https:\/\/www.visit-ulcinj.com\/blog\/2014\/07\/19\/pikekalimi-sukobine-muriqan-hapet-per-qarkullimin-e-mallrave-komerciale\/#breadcrumb\",\"itemListElement\":[{\"@type\":\"ListItem\",\"position\":1,\"name\":\"Pik\u00ebkalimi Sukobin\u00eb &#8211; Muriqan do hapet p\u00ebr qarkullimin e mallrave komerciale\"}]},{\"@type\":\"Person\",\"@id\":\"https:\/\/www.visit-ulcinj.com\/blog\/#\/schema\/person\/dcab619c614d3038751c63bc2aadc06d\",\"name\":\"ulqini\",\"sameAs\":[\"http:\/\/www.visit-ulcinj.com\"],\"url\":\"https:\/\/www.visit-ulcinj.com\/blog\/author\/admin\/\"}]}<\/script>\n<!-- \/ Yoast SEO plugin. -->","yoast_head_json":{"title":"Pik\u00ebkalimi Sukobin\u00eb - Muriqan do hapet p\u00ebr qarkullimin e mallrave komerciale - Lajme nga Ulqini","description":"Pik\u00ebkalimi n\u00eb Muriqan do t\u00eb hapet p\u00ebr mallra pas p\u00ebrfundimit t\u00eb rrug\u00ebs Sukobin\u00eb-Ulqin Pik\u00ebkalimi kufitar Muriqan-Sukobin\u00eb, q\u00eb lidh Shkodr\u00ebn me Malin e Zi,","robots":{"index":"index","follow":"follow","max-snippet":"max-snippet:-1","max-image-preview":"max-image-preview:large","max-video-preview":"max-video-preview:-1"},"canonical":"https:\/\/www.visit-ulcinj.com\/blog\/2014\/07\/19\/pikekalimi-sukobine-muriqan-hapet-per-qarkullimin-e-mallrave-komerciale\/","og_locale":"en_US","og_type":"article","og_title":"Pik\u00ebkalimi Sukobin\u00eb - Muriqan do hapet p\u00ebr qarkullimin e mallrave komerciale - Lajme nga Ulqini","og_description":"Pik\u00ebkalimi n\u00eb Muriqan do t\u00eb hapet p\u00ebr mallra pas p\u00ebrfundimit t\u00eb rrug\u00ebs Sukobin\u00eb-Ulqin Pik\u00ebkalimi kufitar Muriqan-Sukobin\u00eb, q\u00eb lidh Shkodr\u00ebn me Malin e Zi,","og_url":"https:\/\/www.visit-ulcinj.com\/blog\/2014\/07\/19\/pikekalimi-sukobine-muriqan-hapet-per-qarkullimin-e-mallrave-komerciale\/","og_site_name":"Lajme nga Ulqini","article_published_time":"2014-07-19T13:46:20+00:00","og_image":[{"url":"http:\/\/www.visit-ulcinj.com\/blog\/wp-content\/uploads\/2012\/06\/muriqan_sukobin.jpg"}],"twitter_misc":{"Written by":"ulqini","Est. reading time":"1 minute"},"schema":{"@context":"https:\/\/schema.org","@graph":[{"@type":"WebSite","@id":"https:\/\/www.visit-ulcinj.com\/blog\/#website","url":"https:\/\/www.visit-ulcinj.com\/blog\/","name":"Lajme nga Ulqini","description":"Lajme,Vijesti,Ulqini,Ulqin,Crna Gora,Mali i Zi","potentialAction":[{"@type":"SearchAction","target":{"@type":"EntryPoint","urlTemplate":"https:\/\/www.visit-ulcinj.com\/blog\/?s={search_term_string}"},"query-input":"required name=search_term_string"}],"inLanguage":"en-US"},{"@type":"ImageObject","inLanguage":"en-US","@id":"https:\/\/www.visit-ulcinj.com\/blog\/2014\/07\/19\/pikekalimi-sukobine-muriqan-hapet-per-qarkullimin-e-mallrave-komerciale\/#primaryimage","url":"https:\/\/www.visit-ulcinj.com\/blog\/wp-content\/uploads\/2012\/06\/muriqan_sukobin.jpg","contentUrl":"https:\/\/www.visit-ulcinj.com\/blog\/wp-content\/uploads\/2012\/06\/muriqan_sukobin.jpg","width":"800","height":"600"},{"@type":"WebPage","@id":"https:\/\/www.visit-ulcinj.com\/blog\/2014\/07\/19\/pikekalimi-sukobine-muriqan-hapet-per-qarkullimin-e-mallrave-komerciale\/#webpage","url":"https:\/\/www.visit-ulcinj.com\/blog\/2014\/07\/19\/pikekalimi-sukobine-muriqan-hapet-per-qarkullimin-e-mallrave-komerciale\/","name":"Pik\u00ebkalimi Sukobin\u00eb - Muriqan do hapet p\u00ebr qarkullimin e mallrave komerciale - Lajme nga Ulqini","isPartOf":{"@id":"https:\/\/www.visit-ulcinj.com\/blog\/#website"},"primaryImageOfPage":{"@id":"https:\/\/www.visit-ulcinj.com\/blog\/2014\/07\/19\/pikekalimi-sukobine-muriqan-hapet-per-qarkullimin-e-mallrave-komerciale\/#primaryimage"},"datePublished":"2014-07-19T13:46:20+00:00","dateModified":"2014-07-19T13:46:20+00:00","author":{"@id":"https:\/\/www.visit-ulcinj.com\/blog\/#\/schema\/person\/dcab619c614d3038751c63bc2aadc06d"},"description":"Pik\u00ebkalimi n\u00eb Muriqan do t\u00eb hapet p\u00ebr mallra pas p\u00ebrfundimit t\u00eb rrug\u00ebs Sukobin\u00eb-Ulqin Pik\u00ebkalimi kufitar Muriqan-Sukobin\u00eb, q\u00eb lidh Shkodr\u00ebn me Malin e Zi,","breadcrumb":{"@id":"https:\/\/www.visit-ulcinj.com\/blog\/2014\/07\/19\/pikekalimi-sukobine-muriqan-hapet-per-qarkullimin-e-mallrave-komerciale\/#breadcrumb"},"inLanguage":"en-US","potentialAction":[{"@type":"ReadAction","target":["https:\/\/www.visit-ulcinj.com\/blog\/2014\/07\/19\/pikekalimi-sukobine-muriqan-hapet-per-qarkullimin-e-mallrave-komerciale\/"]}]},{"@type":"BreadcrumbList","@id":"https:\/\/www.visit-ulcinj.com\/blog\/2014\/07\/19\/pikekalimi-sukobine-muriqan-hapet-per-qarkullimin-e-mallrave-komerciale\/#breadcrumb","itemListElement":[{"@type":"ListItem","position":1,"name":"Pik\u00ebkalimi Sukobin\u00eb &#8211; Muriqan do hapet p\u00ebr qarkullimin e mallrave komerciale"}]},{"@type":"Person","@id":"https:\/\/www.visit-ulcinj.com\/blog\/#\/schema\/person\/dcab619c614d3038751c63bc2aadc06d","name":"ulqini","sameAs":["http:\/\/www.visit-ulcinj.com"],"url":"https:\/\/www.visit-ulcinj.com\/blog\/author\/admin\/"}]}},"jetpack_featured_media_url":"","jetpack_sharing_enabled":true,"jetpack_shortlink":"https:\/\/wp.me\/pe6lTn-lTw","_links":{"self":[{"href":"https:\/\/www.visit-ulcinj.com\/blog\/wp-json\/wp\/v2\/posts\/84166"}],"collection":[{"href":"https:\/\/www.visit-ulcinj.com\/blog\/wp-json\/wp\/v2\/posts"}],"about":[{"href":"https:\/\/www.visit-ulcinj.com\/blog\/wp-json\/wp\/v2\/types\/post"}],"author":[{"embeddable":true,"href":"https:\/\/www.visit-ulcinj.com\/blog\/wp-json\/wp\/v2\/users\/1"}],"replies":[{"embeddable":true,"href":"https:\/\/www.visit-ulcinj.com\/blog\/wp-json\/wp\/v2\/comments?post=84166"}],"version-history":[{"count":1,"href":"https:\/\/www.visit-ulcinj.com\/blog\/wp-json\/wp\/v2\/posts\/84166\/revisions"}],"predecessor-version":[{"id":84167,"href":"https:\/\/www.visit-ulcinj.com\/blog\/wp-json\/wp\/v2\/posts\/84166\/revisions\/84167"}],"wp:attachment":[{"href":"https:\/\/www.visit-ulcinj.com\/blog\/wp-json\/wp\/v2\/media?parent=84166"}],"wp:term":[{"taxonomy":"category","embeddable":true,"href":"https:\/\/www.visit-ulcinj.com\/blog\/wp-json\/wp\/v2\/categories?post=84166"},{"taxonomy":"post_tag","embeddable":true,"href":"https:\/\/www.visit-ulcinj.com\/blog\/wp-json\/wp\/v2\/tags?post=84166"}],"curies":[{"name":"wp","href":"https:\/\/api.w.org\/{rel}","templated":true}]}}