{"id":84178,"date":"2014-07-20T10:31:50","date_gmt":"2014-07-20T09:31:50","guid":{"rendered":"http:\/\/www.visit-ulcinj.com\/blog\/?p=84178"},"modified":"2014-07-20T10:31:50","modified_gmt":"2014-07-20T09:31:50","slug":"pocela-akcija-prosjak-u-ulcinju","status":"publish","type":"post","link":"https:\/\/www.visit-ulcinj.com\/blog\/2014\/07\/20\/pocela-akcija-prosjak-u-ulcinju\/","title":{"rendered":"Po\u010dela akcija \u201eProsjak\u201c u Ulcinju"},"content":{"rendered":"<p><a href=\"http:\/\/www.visit-ulcinj.com\/blog\/wp-content\/uploads\/2013\/06\/Prosjaci-opsjedaju-turiste-Ulcinja.jpg\"><img loading=\"lazy\" class=\"alignleft wp-image-72796\" src=\"http:\/\/www.visit-ulcinj.com\/blog\/wp-content\/uploads\/2013\/06\/Prosjaci-opsjedaju-turiste-Ulcinja.jpg\" alt=\"Prosjaci-opsjedaju-turiste -Ulcinja\" width=\"508\" height=\"290\" \/><\/a>Nakon \u0161to je na gotovo svim dosada\u0161njim sjednicama Koordinacionog tijela za pra\u0107enje turisti\u010dke sezone jednoglasno konstatovano da veliki broj prosjaka na ulicama uti\u010de na sliku koju gosti steknu o Ulcinju, op\u0161tina i policija su u \u010detvrtak ve\u010de krenuli u akciju.<\/p>\n<p style=\"text-align: justify;\">Kako saznaje portal Ul-info, ve\u0107 je vi\u0161e od 20 osoba romske nacionalnosti preba\u010deno u njihova mjesta boravi\u0161ta, u Berane ili do kosovske granice.<\/p>\n<p style=\"text-align: justify;\">Ova akcija \u0107e biti nastavljena i narednih dana. Nezvani\u010dno je ovom portalu re\u010deno da su prosjaci, u pravilu, maloljetne osobe koje bli\u017ei ili daljnji ro\u0111aci navode na prosja\u010denje.<\/p>\n<p style=\"text-align: justify;\">\n","protected":false},"excerpt":{"rendered":"<p>Nakon \u0161to je na gotovo svim dosada\u0161njim sjednicama Koordinacionog tijela za pra\u0107enje turisti\u010dke sezone jednoglasno konstatovano da veliki broj prosjaka na ulicama uti\u010de na sliku koju gosti steknu o Ulcinju, op\u0161tina i policija su u \u010detvrtak ve\u010de krenuli u akciju. Kako saznaje portal Ul-info, ve\u0107 je vi\u0161e od 20 osoba romske nacionalnosti preba\u010deno u njihova [&hellip;]<\/p>\n","protected":false},"author":1,"featured_media":0,"comment_status":"closed","ping_status":"closed","sticky":false,"template":"","format":"standard","meta":{"spay_email":"","jetpack_publicize_message":"","jetpack_is_tweetstorm":false,"jetpack_publicize_feature_enabled":true},"categories":[8337],"tags":[],"jetpack_publicize_connections":[],"yoast_head":"<!-- This site is optimized with the Yoast SEO plugin v19.1 - https:\/\/yoast.com\/wordpress\/plugins\/seo\/ -->\n<title>Po\u010dela akcija \u201eProsjak\u201c u Ulcinju - Lajme nga Ulqini<\/title>\n<meta name=\"description\" content=\"Nakon \u0161to je na gotovo svim dosada\u0161njim sjednicama Koordinacionog tijela za pra\u0107enje turisti\u010dke sezone jednoglasno konstatovano da veliki broj prosjaka na\" \/>\n<meta name=\"robots\" content=\"index, follow, max-snippet:-1, max-image-preview:large, max-video-preview:-1\" \/>\n<link rel=\"canonical\" href=\"https:\/\/www.visit-ulcinj.com\/blog\/2014\/07\/20\/pocela-akcija-prosjak-u-ulcinju\/\" \/>\n<meta property=\"og:locale\" content=\"en_US\" \/>\n<meta property=\"og:type\" content=\"article\" \/>\n<meta property=\"og:title\" content=\"Po\u010dela akcija \u201eProsjak\u201c u Ulcinju - Lajme nga Ulqini\" \/>\n<meta property=\"og:description\" content=\"Nakon \u0161to je na gotovo svim dosada\u0161njim sjednicama Koordinacionog tijela za pra\u0107enje turisti\u010dke sezone jednoglasno konstatovano da veliki broj prosjaka na\" \/>\n<meta property=\"og:url\" content=\"https:\/\/www.visit-ulcinj.com\/blog\/2014\/07\/20\/pocela-akcija-prosjak-u-ulcinju\/\" \/>\n<meta property=\"og:site_name\" content=\"Lajme nga Ulqini\" \/>\n<meta property=\"article:published_time\" content=\"2014-07-20T09:31:50+00:00\" \/>\n<meta property=\"og:image\" content=\"http:\/\/www.visit-ulcinj.com\/blog\/wp-content\/uploads\/2013\/06\/Prosjaci-opsjedaju-turiste-Ulcinja.jpg\" \/>\n<meta name=\"twitter:label1\" content=\"Written by\" \/>\n\t<meta name=\"twitter:data1\" content=\"ulqini\" \/>\n\t<meta name=\"twitter:label2\" content=\"Est. reading time\" \/>\n\t<meta name=\"twitter:data2\" content=\"1 minute\" \/>\n<script type=\"application\/ld+json\" class=\"yoast-schema-graph\">{\"@context\":\"https:\/\/schema.org\",\"@graph\":[{\"@type\":\"WebSite\",\"@id\":\"https:\/\/www.visit-ulcinj.com\/blog\/#website\",\"url\":\"https:\/\/www.visit-ulcinj.com\/blog\/\",\"name\":\"Lajme nga Ulqini\",\"description\":\"Lajme,Vijesti,Ulqini,Ulqin,Crna Gora,Mali i Zi\",\"potentialAction\":[{\"@type\":\"SearchAction\",\"target\":{\"@type\":\"EntryPoint\",\"urlTemplate\":\"https:\/\/www.visit-ulcinj.com\/blog\/?s={search_term_string}\"},\"query-input\":\"required name=search_term_string\"}],\"inLanguage\":\"en-US\"},{\"@type\":\"ImageObject\",\"inLanguage\":\"en-US\",\"@id\":\"https:\/\/www.visit-ulcinj.com\/blog\/2014\/07\/20\/pocela-akcija-prosjak-u-ulcinju\/#primaryimage\",\"url\":\"http:\/\/www.visit-ulcinj.com\/blog\/wp-content\/uploads\/2013\/06\/Prosjaci-opsjedaju-turiste-Ulcinja.jpg\",\"contentUrl\":\"http:\/\/www.visit-ulcinj.com\/blog\/wp-content\/uploads\/2013\/06\/Prosjaci-opsjedaju-turiste-Ulcinja.jpg\"},{\"@type\":\"WebPage\",\"@id\":\"https:\/\/www.visit-ulcinj.com\/blog\/2014\/07\/20\/pocela-akcija-prosjak-u-ulcinju\/#webpage\",\"url\":\"https:\/\/www.visit-ulcinj.com\/blog\/2014\/07\/20\/pocela-akcija-prosjak-u-ulcinju\/\",\"name\":\"Po\u010dela akcija \u201eProsjak\u201c u Ulcinju - Lajme nga Ulqini\",\"isPartOf\":{\"@id\":\"https:\/\/www.visit-ulcinj.com\/blog\/#website\"},\"primaryImageOfPage\":{\"@id\":\"https:\/\/www.visit-ulcinj.com\/blog\/2014\/07\/20\/pocela-akcija-prosjak-u-ulcinju\/#primaryimage\"},\"datePublished\":\"2014-07-20T09:31:50+00:00\",\"dateModified\":\"2014-07-20T09:31:50+00:00\",\"author\":{\"@id\":\"https:\/\/www.visit-ulcinj.com\/blog\/#\/schema\/person\/dcab619c614d3038751c63bc2aadc06d\"},\"description\":\"Nakon \u0161to je na gotovo svim dosada\u0161njim sjednicama Koordinacionog tijela za pra\u0107enje turisti\u010dke sezone jednoglasno konstatovano da veliki broj prosjaka na\",\"breadcrumb\":{\"@id\":\"https:\/\/www.visit-ulcinj.com\/blog\/2014\/07\/20\/pocela-akcija-prosjak-u-ulcinju\/#breadcrumb\"},\"inLanguage\":\"en-US\",\"potentialAction\":[{\"@type\":\"ReadAction\",\"target\":[\"https:\/\/www.visit-ulcinj.com\/blog\/2014\/07\/20\/pocela-akcija-prosjak-u-ulcinju\/\"]}]},{\"@type\":\"BreadcrumbList\",\"@id\":\"https:\/\/www.visit-ulcinj.com\/blog\/2014\/07\/20\/pocela-akcija-prosjak-u-ulcinju\/#breadcrumb\",\"itemListElement\":[{\"@type\":\"ListItem\",\"position\":1,\"name\":\"Po\u010dela akcija \u201eProsjak\u201c u Ulcinju\"}]},{\"@type\":\"Person\",\"@id\":\"https:\/\/www.visit-ulcinj.com\/blog\/#\/schema\/person\/dcab619c614d3038751c63bc2aadc06d\",\"name\":\"ulqini\",\"sameAs\":[\"http:\/\/www.visit-ulcinj.com\"],\"url\":\"https:\/\/www.visit-ulcinj.com\/blog\/author\/admin\/\"}]}<\/script>\n<!-- \/ Yoast SEO plugin. -->","yoast_head_json":{"title":"Po\u010dela akcija \u201eProsjak\u201c u Ulcinju - Lajme nga Ulqini","description":"Nakon \u0161to je na gotovo svim dosada\u0161njim sjednicama Koordinacionog tijela za pra\u0107enje turisti\u010dke sezone jednoglasno konstatovano da veliki broj prosjaka na","robots":{"index":"index","follow":"follow","max-snippet":"max-snippet:-1","max-image-preview":"max-image-preview:large","max-video-preview":"max-video-preview:-1"},"canonical":"https:\/\/www.visit-ulcinj.com\/blog\/2014\/07\/20\/pocela-akcija-prosjak-u-ulcinju\/","og_locale":"en_US","og_type":"article","og_title":"Po\u010dela akcija \u201eProsjak\u201c u Ulcinju - Lajme nga Ulqini","og_description":"Nakon \u0161to je na gotovo svim dosada\u0161njim sjednicama Koordinacionog tijela za pra\u0107enje turisti\u010dke sezone jednoglasno konstatovano da veliki broj prosjaka na","og_url":"https:\/\/www.visit-ulcinj.com\/blog\/2014\/07\/20\/pocela-akcija-prosjak-u-ulcinju\/","og_site_name":"Lajme nga Ulqini","article_published_time":"2014-07-20T09:31:50+00:00","og_image":[{"url":"http:\/\/www.visit-ulcinj.com\/blog\/wp-content\/uploads\/2013\/06\/Prosjaci-opsjedaju-turiste-Ulcinja.jpg"}],"twitter_misc":{"Written by":"ulqini","Est. reading time":"1 minute"},"schema":{"@context":"https:\/\/schema.org","@graph":[{"@type":"WebSite","@id":"https:\/\/www.visit-ulcinj.com\/blog\/#website","url":"https:\/\/www.visit-ulcinj.com\/blog\/","name":"Lajme nga Ulqini","description":"Lajme,Vijesti,Ulqini,Ulqin,Crna Gora,Mali i Zi","potentialAction":[{"@type":"SearchAction","target":{"@type":"EntryPoint","urlTemplate":"https:\/\/www.visit-ulcinj.com\/blog\/?s={search_term_string}"},"query-input":"required name=search_term_string"}],"inLanguage":"en-US"},{"@type":"ImageObject","inLanguage":"en-US","@id":"https:\/\/www.visit-ulcinj.com\/blog\/2014\/07\/20\/pocela-akcija-prosjak-u-ulcinju\/#primaryimage","url":"http:\/\/www.visit-ulcinj.com\/blog\/wp-content\/uploads\/2013\/06\/Prosjaci-opsjedaju-turiste-Ulcinja.jpg","contentUrl":"http:\/\/www.visit-ulcinj.com\/blog\/wp-content\/uploads\/2013\/06\/Prosjaci-opsjedaju-turiste-Ulcinja.jpg"},{"@type":"WebPage","@id":"https:\/\/www.visit-ulcinj.com\/blog\/2014\/07\/20\/pocela-akcija-prosjak-u-ulcinju\/#webpage","url":"https:\/\/www.visit-ulcinj.com\/blog\/2014\/07\/20\/pocela-akcija-prosjak-u-ulcinju\/","name":"Po\u010dela akcija \u201eProsjak\u201c u Ulcinju - Lajme nga Ulqini","isPartOf":{"@id":"https:\/\/www.visit-ulcinj.com\/blog\/#website"},"primaryImageOfPage":{"@id":"https:\/\/www.visit-ulcinj.com\/blog\/2014\/07\/20\/pocela-akcija-prosjak-u-ulcinju\/#primaryimage"},"datePublished":"2014-07-20T09:31:50+00:00","dateModified":"2014-07-20T09:31:50+00:00","author":{"@id":"https:\/\/www.visit-ulcinj.com\/blog\/#\/schema\/person\/dcab619c614d3038751c63bc2aadc06d"},"description":"Nakon \u0161to je na gotovo svim dosada\u0161njim sjednicama Koordinacionog tijela za pra\u0107enje turisti\u010dke sezone jednoglasno konstatovano da veliki broj prosjaka na","breadcrumb":{"@id":"https:\/\/www.visit-ulcinj.com\/blog\/2014\/07\/20\/pocela-akcija-prosjak-u-ulcinju\/#breadcrumb"},"inLanguage":"en-US","potentialAction":[{"@type":"ReadAction","target":["https:\/\/www.visit-ulcinj.com\/blog\/2014\/07\/20\/pocela-akcija-prosjak-u-ulcinju\/"]}]},{"@type":"BreadcrumbList","@id":"https:\/\/www.visit-ulcinj.com\/blog\/2014\/07\/20\/pocela-akcija-prosjak-u-ulcinju\/#breadcrumb","itemListElement":[{"@type":"ListItem","position":1,"name":"Po\u010dela akcija \u201eProsjak\u201c u Ulcinju"}]},{"@type":"Person","@id":"https:\/\/www.visit-ulcinj.com\/blog\/#\/schema\/person\/dcab619c614d3038751c63bc2aadc06d","name":"ulqini","sameAs":["http:\/\/www.visit-ulcinj.com"],"url":"https:\/\/www.visit-ulcinj.com\/blog\/author\/admin\/"}]}},"jetpack_featured_media_url":"","jetpack_sharing_enabled":true,"jetpack_shortlink":"https:\/\/wp.me\/pe6lTn-lTI","_links":{"self":[{"href":"https:\/\/www.visit-ulcinj.com\/blog\/wp-json\/wp\/v2\/posts\/84178"}],"collection":[{"href":"https:\/\/www.visit-ulcinj.com\/blog\/wp-json\/wp\/v2\/posts"}],"about":[{"href":"https:\/\/www.visit-ulcinj.com\/blog\/wp-json\/wp\/v2\/types\/post"}],"author":[{"embeddable":true,"href":"https:\/\/www.visit-ulcinj.com\/blog\/wp-json\/wp\/v2\/users\/1"}],"replies":[{"embeddable":true,"href":"https:\/\/www.visit-ulcinj.com\/blog\/wp-json\/wp\/v2\/comments?post=84178"}],"version-history":[{"count":1,"href":"https:\/\/www.visit-ulcinj.com\/blog\/wp-json\/wp\/v2\/posts\/84178\/revisions"}],"predecessor-version":[{"id":84179,"href":"https:\/\/www.visit-ulcinj.com\/blog\/wp-json\/wp\/v2\/posts\/84178\/revisions\/84179"}],"wp:attachment":[{"href":"https:\/\/www.visit-ulcinj.com\/blog\/wp-json\/wp\/v2\/media?parent=84178"}],"wp:term":[{"taxonomy":"category","embeddable":true,"href":"https:\/\/www.visit-ulcinj.com\/blog\/wp-json\/wp\/v2\/categories?post=84178"},{"taxonomy":"post_tag","embeddable":true,"href":"https:\/\/www.visit-ulcinj.com\/blog\/wp-json\/wp\/v2\/tags?post=84178"}],"curies":[{"name":"wp","href":"https:\/\/api.w.org\/{rel}","templated":true}]}}