{"id":84180,"date":"2014-07-20T10:42:37","date_gmt":"2014-07-20T09:42:37","guid":{"rendered":"http:\/\/www.visit-ulcinj.com\/blog\/?p=84180"},"modified":"2014-07-20T10:46:23","modified_gmt":"2014-07-20T09:46:23","slug":"ulqin-policia-largon-20-lypsare-nga-mali-zi","status":"publish","type":"post","link":"https:\/\/www.visit-ulcinj.com\/blog\/2014\/07\/20\/ulqin-policia-largon-20-lypsare-nga-mali-zi\/","title":{"rendered":"Ulqin, policia largon 20 lypsar\u00eb nga Mali i Zi"},"content":{"rendered":"<p><span style=\"font-size: 13px;\"><strong><a href=\"http:\/\/www.visit-ulcinj.com\/blog\/wp-content\/uploads\/2013\/06\/Prosjaci-opsjedaju-turiste-Ulcinja.jpg\"><img loading=\"lazy\" class=\"alignleft wp-image-72796\" src=\"http:\/\/www.visit-ulcinj.com\/blog\/wp-content\/uploads\/2013\/06\/Prosjaci-opsjedaju-turiste-Ulcinja.jpg\" alt=\"Prosjaci-opsjedaju-turiste -Ulcinja\" width=\"508\" height=\"290\" \/><\/a>Policia n\u00eb Ulqin ka larguar dje nga rruga 20 lypsar\u00eb<\/strong><span style=\"display: inline-block; width: 0px; height: 0px; overflow: hidden; zoom: 1;\"> http:\/\/www.albeu.com\/shqiperi\/prizren-policia-largon-42-lypsare-nga-shqiperia\/160633\/<\/span><\/span><\/p>\n<p><span style=\"font-size: 13px;\">Mbasi q\u00eb n\u00eb gati \u00e7do mbledhje t\u00eb deritashme t\u00eb Trupit koordinues p\u00ebr p\u00ebrcjelljen e sezonit turistik nj\u00ebz\u00ebri \u00ebsht\u00eb konstatuar q\u00eb numri i madh i lyp\u00ebsve n\u00eb rrug\u00eb ndikon n\u00eb fotografin\u00eb q\u00eb mysafir\u00ebt krijojn\u00eb p\u00ebr Ulqinin, komuna dhe policia t\u00eb enjten n\u00eb mbr\u00ebmje nis\u00ebn aksionin, njofton portali <span class=\"st\">i pavarur\u00a0 <\/span>indormativ Ul-info.<br \/>\n<\/span><\/p>\n<p>Si\u00e7 m\u00ebsojm\u00eb, k\u00ebt\u00eb her\u00eb mbi 20 persona t\u00eb komb\u00ebsis\u00eb rome jan\u00eb transportuar n\u00eb vendbanimet e veta, n\u00eb Berane apo deri n\u00eb kufirin e Kosov\u00ebs.<\/p>\n<p>Ky aksion do t\u00eb vazhdoj\u00eb edhe dit\u00ebt e ardhshme. Jozyrtarisht Portalit Ul-info \u00ebsht\u00eb th\u00ebn\u00eb q\u00eb lyp\u00ebsit, zakonisht, jan\u00eb persona minoren t\u00eb cil\u00ebt t\u00eb kush\u00ebrinjt\u00eb e af\u00ebrt apo t\u00eb larg\u00ebt i shtyjn\u00eb t\u00eb lypin.<\/p>\n","protected":false},"excerpt":{"rendered":"<p>Policia n\u00eb Ulqin ka larguar dje nga rruga 20 lypsar\u00eb http:\/\/www.albeu.com\/shqiperi\/prizren-policia-largon-42-lypsare-nga-shqiperia\/160633\/ Mbasi q\u00eb n\u00eb gati \u00e7do mbledhje t\u00eb deritashme t\u00eb Trupit koordinues p\u00ebr p\u00ebrcjelljen e sezonit turistik nj\u00ebz\u00ebri \u00ebsht\u00eb konstatuar q\u00eb numri i madh i lyp\u00ebsve n\u00eb rrug\u00eb ndikon n\u00eb fotografin\u00eb q\u00eb mysafir\u00ebt krijojn\u00eb p\u00ebr Ulqinin, komuna dhe policia t\u00eb enjten n\u00eb mbr\u00ebmje nis\u00ebn aksionin, [&hellip;]<\/p>\n","protected":false},"author":1,"featured_media":0,"comment_status":"closed","ping_status":"closed","sticky":false,"template":"","format":"standard","meta":{"spay_email":"","jetpack_publicize_message":"","jetpack_is_tweetstorm":false,"jetpack_publicize_feature_enabled":true},"categories":[11],"tags":[],"jetpack_publicize_connections":[],"yoast_head":"<!-- This site is optimized with the Yoast SEO plugin v19.1 - https:\/\/yoast.com\/wordpress\/plugins\/seo\/ -->\n<title>Ulqin, policia largon 20 lypsar\u00eb nga Mali i Zi - Lajme nga Ulqini<\/title>\n<meta name=\"description\" content=\"Policia n\u00eb Ulqin ka larguar dje nga rruga 20 lypsar\u00eb http:\/\/www.albeu.com\/shqiperi\/prizren-policia-largon-42-lypsare-nga-shqiperia\/160633\/ Mbasi q\u00eb n\u00eb\" \/>\n<meta name=\"robots\" content=\"index, follow, max-snippet:-1, max-image-preview:large, max-video-preview:-1\" \/>\n<link rel=\"canonical\" href=\"https:\/\/www.visit-ulcinj.com\/blog\/2014\/07\/20\/ulqin-policia-largon-20-lypsare-nga-mali-zi\/\" \/>\n<meta property=\"og:locale\" content=\"en_US\" \/>\n<meta property=\"og:type\" content=\"article\" \/>\n<meta property=\"og:title\" content=\"Ulqin, policia largon 20 lypsar\u00eb nga Mali i Zi - Lajme nga Ulqini\" \/>\n<meta property=\"og:description\" content=\"Policia n\u00eb Ulqin ka larguar dje nga rruga 20 lypsar\u00eb http:\/\/www.albeu.com\/shqiperi\/prizren-policia-largon-42-lypsare-nga-shqiperia\/160633\/ Mbasi q\u00eb n\u00eb\" \/>\n<meta property=\"og:url\" content=\"https:\/\/www.visit-ulcinj.com\/blog\/2014\/07\/20\/ulqin-policia-largon-20-lypsare-nga-mali-zi\/\" \/>\n<meta property=\"og:site_name\" content=\"Lajme nga Ulqini\" \/>\n<meta property=\"article:published_time\" content=\"2014-07-20T09:42:37+00:00\" \/>\n<meta property=\"article:modified_time\" content=\"2014-07-20T09:46:23+00:00\" \/>\n<meta property=\"og:image\" content=\"http:\/\/www.visit-ulcinj.com\/blog\/wp-content\/uploads\/2013\/06\/Prosjaci-opsjedaju-turiste-Ulcinja.jpg\" \/>\n<meta name=\"twitter:label1\" content=\"Written by\" \/>\n\t<meta name=\"twitter:data1\" content=\"ulqini\" \/>\n\t<meta name=\"twitter:label2\" content=\"Est. reading time\" \/>\n\t<meta name=\"twitter:data2\" content=\"1 minute\" \/>\n<script type=\"application\/ld+json\" class=\"yoast-schema-graph\">{\"@context\":\"https:\/\/schema.org\",\"@graph\":[{\"@type\":\"WebSite\",\"@id\":\"https:\/\/www.visit-ulcinj.com\/blog\/#website\",\"url\":\"https:\/\/www.visit-ulcinj.com\/blog\/\",\"name\":\"Lajme nga Ulqini\",\"description\":\"Lajme,Vijesti,Ulqini,Ulqin,Crna Gora,Mali i Zi\",\"potentialAction\":[{\"@type\":\"SearchAction\",\"target\":{\"@type\":\"EntryPoint\",\"urlTemplate\":\"https:\/\/www.visit-ulcinj.com\/blog\/?s={search_term_string}\"},\"query-input\":\"required name=search_term_string\"}],\"inLanguage\":\"en-US\"},{\"@type\":\"ImageObject\",\"inLanguage\":\"en-US\",\"@id\":\"https:\/\/www.visit-ulcinj.com\/blog\/2014\/07\/20\/ulqin-policia-largon-20-lypsare-nga-mali-zi\/#primaryimage\",\"url\":\"http:\/\/www.visit-ulcinj.com\/blog\/wp-content\/uploads\/2013\/06\/Prosjaci-opsjedaju-turiste-Ulcinja.jpg\",\"contentUrl\":\"http:\/\/www.visit-ulcinj.com\/blog\/wp-content\/uploads\/2013\/06\/Prosjaci-opsjedaju-turiste-Ulcinja.jpg\"},{\"@type\":\"WebPage\",\"@id\":\"https:\/\/www.visit-ulcinj.com\/blog\/2014\/07\/20\/ulqin-policia-largon-20-lypsare-nga-mali-zi\/#webpage\",\"url\":\"https:\/\/www.visit-ulcinj.com\/blog\/2014\/07\/20\/ulqin-policia-largon-20-lypsare-nga-mali-zi\/\",\"name\":\"Ulqin, policia largon 20 lypsar\u00eb nga Mali i Zi - Lajme nga Ulqini\",\"isPartOf\":{\"@id\":\"https:\/\/www.visit-ulcinj.com\/blog\/#website\"},\"primaryImageOfPage\":{\"@id\":\"https:\/\/www.visit-ulcinj.com\/blog\/2014\/07\/20\/ulqin-policia-largon-20-lypsare-nga-mali-zi\/#primaryimage\"},\"datePublished\":\"2014-07-20T09:42:37+00:00\",\"dateModified\":\"2014-07-20T09:46:23+00:00\",\"author\":{\"@id\":\"https:\/\/www.visit-ulcinj.com\/blog\/#\/schema\/person\/dcab619c614d3038751c63bc2aadc06d\"},\"description\":\"Policia n\u00eb Ulqin ka larguar dje nga rruga 20 lypsar\u00eb http:\/\/www.albeu.com\/shqiperi\/prizren-policia-largon-42-lypsare-nga-shqiperia\/160633\/ Mbasi q\u00eb n\u00eb\",\"breadcrumb\":{\"@id\":\"https:\/\/www.visit-ulcinj.com\/blog\/2014\/07\/20\/ulqin-policia-largon-20-lypsare-nga-mali-zi\/#breadcrumb\"},\"inLanguage\":\"en-US\",\"potentialAction\":[{\"@type\":\"ReadAction\",\"target\":[\"https:\/\/www.visit-ulcinj.com\/blog\/2014\/07\/20\/ulqin-policia-largon-20-lypsare-nga-mali-zi\/\"]}]},{\"@type\":\"BreadcrumbList\",\"@id\":\"https:\/\/www.visit-ulcinj.com\/blog\/2014\/07\/20\/ulqin-policia-largon-20-lypsare-nga-mali-zi\/#breadcrumb\",\"itemListElement\":[{\"@type\":\"ListItem\",\"position\":1,\"name\":\"Ulqin, policia largon 20 lypsar\u00eb nga Mali i Zi\"}]},{\"@type\":\"Person\",\"@id\":\"https:\/\/www.visit-ulcinj.com\/blog\/#\/schema\/person\/dcab619c614d3038751c63bc2aadc06d\",\"name\":\"ulqini\",\"sameAs\":[\"http:\/\/www.visit-ulcinj.com\"],\"url\":\"https:\/\/www.visit-ulcinj.com\/blog\/author\/admin\/\"}]}<\/script>\n<!-- \/ Yoast SEO plugin. -->","yoast_head_json":{"title":"Ulqin, policia largon 20 lypsar\u00eb nga Mali i Zi - Lajme nga Ulqini","description":"Policia n\u00eb Ulqin ka larguar dje nga rruga 20 lypsar\u00eb http:\/\/www.albeu.com\/shqiperi\/prizren-policia-largon-42-lypsare-nga-shqiperia\/160633\/ Mbasi q\u00eb n\u00eb","robots":{"index":"index","follow":"follow","max-snippet":"max-snippet:-1","max-image-preview":"max-image-preview:large","max-video-preview":"max-video-preview:-1"},"canonical":"https:\/\/www.visit-ulcinj.com\/blog\/2014\/07\/20\/ulqin-policia-largon-20-lypsare-nga-mali-zi\/","og_locale":"en_US","og_type":"article","og_title":"Ulqin, policia largon 20 lypsar\u00eb nga Mali i Zi - Lajme nga Ulqini","og_description":"Policia n\u00eb Ulqin ka larguar dje nga rruga 20 lypsar\u00eb http:\/\/www.albeu.com\/shqiperi\/prizren-policia-largon-42-lypsare-nga-shqiperia\/160633\/ Mbasi q\u00eb n\u00eb","og_url":"https:\/\/www.visit-ulcinj.com\/blog\/2014\/07\/20\/ulqin-policia-largon-20-lypsare-nga-mali-zi\/","og_site_name":"Lajme nga Ulqini","article_published_time":"2014-07-20T09:42:37+00:00","article_modified_time":"2014-07-20T09:46:23+00:00","og_image":[{"url":"http:\/\/www.visit-ulcinj.com\/blog\/wp-content\/uploads\/2013\/06\/Prosjaci-opsjedaju-turiste-Ulcinja.jpg"}],"twitter_misc":{"Written by":"ulqini","Est. reading time":"1 minute"},"schema":{"@context":"https:\/\/schema.org","@graph":[{"@type":"WebSite","@id":"https:\/\/www.visit-ulcinj.com\/blog\/#website","url":"https:\/\/www.visit-ulcinj.com\/blog\/","name":"Lajme nga Ulqini","description":"Lajme,Vijesti,Ulqini,Ulqin,Crna Gora,Mali i Zi","potentialAction":[{"@type":"SearchAction","target":{"@type":"EntryPoint","urlTemplate":"https:\/\/www.visit-ulcinj.com\/blog\/?s={search_term_string}"},"query-input":"required name=search_term_string"}],"inLanguage":"en-US"},{"@type":"ImageObject","inLanguage":"en-US","@id":"https:\/\/www.visit-ulcinj.com\/blog\/2014\/07\/20\/ulqin-policia-largon-20-lypsare-nga-mali-zi\/#primaryimage","url":"http:\/\/www.visit-ulcinj.com\/blog\/wp-content\/uploads\/2013\/06\/Prosjaci-opsjedaju-turiste-Ulcinja.jpg","contentUrl":"http:\/\/www.visit-ulcinj.com\/blog\/wp-content\/uploads\/2013\/06\/Prosjaci-opsjedaju-turiste-Ulcinja.jpg"},{"@type":"WebPage","@id":"https:\/\/www.visit-ulcinj.com\/blog\/2014\/07\/20\/ulqin-policia-largon-20-lypsare-nga-mali-zi\/#webpage","url":"https:\/\/www.visit-ulcinj.com\/blog\/2014\/07\/20\/ulqin-policia-largon-20-lypsare-nga-mali-zi\/","name":"Ulqin, policia largon 20 lypsar\u00eb nga Mali i Zi - Lajme nga Ulqini","isPartOf":{"@id":"https:\/\/www.visit-ulcinj.com\/blog\/#website"},"primaryImageOfPage":{"@id":"https:\/\/www.visit-ulcinj.com\/blog\/2014\/07\/20\/ulqin-policia-largon-20-lypsare-nga-mali-zi\/#primaryimage"},"datePublished":"2014-07-20T09:42:37+00:00","dateModified":"2014-07-20T09:46:23+00:00","author":{"@id":"https:\/\/www.visit-ulcinj.com\/blog\/#\/schema\/person\/dcab619c614d3038751c63bc2aadc06d"},"description":"Policia n\u00eb Ulqin ka larguar dje nga rruga 20 lypsar\u00eb http:\/\/www.albeu.com\/shqiperi\/prizren-policia-largon-42-lypsare-nga-shqiperia\/160633\/ Mbasi q\u00eb n\u00eb","breadcrumb":{"@id":"https:\/\/www.visit-ulcinj.com\/blog\/2014\/07\/20\/ulqin-policia-largon-20-lypsare-nga-mali-zi\/#breadcrumb"},"inLanguage":"en-US","potentialAction":[{"@type":"ReadAction","target":["https:\/\/www.visit-ulcinj.com\/blog\/2014\/07\/20\/ulqin-policia-largon-20-lypsare-nga-mali-zi\/"]}]},{"@type":"BreadcrumbList","@id":"https:\/\/www.visit-ulcinj.com\/blog\/2014\/07\/20\/ulqin-policia-largon-20-lypsare-nga-mali-zi\/#breadcrumb","itemListElement":[{"@type":"ListItem","position":1,"name":"Ulqin, policia largon 20 lypsar\u00eb nga Mali i Zi"}]},{"@type":"Person","@id":"https:\/\/www.visit-ulcinj.com\/blog\/#\/schema\/person\/dcab619c614d3038751c63bc2aadc06d","name":"ulqini","sameAs":["http:\/\/www.visit-ulcinj.com"],"url":"https:\/\/www.visit-ulcinj.com\/blog\/author\/admin\/"}]}},"jetpack_featured_media_url":"","jetpack_sharing_enabled":true,"jetpack_shortlink":"https:\/\/wp.me\/pe6lTn-lTK","_links":{"self":[{"href":"https:\/\/www.visit-ulcinj.com\/blog\/wp-json\/wp\/v2\/posts\/84180"}],"collection":[{"href":"https:\/\/www.visit-ulcinj.com\/blog\/wp-json\/wp\/v2\/posts"}],"about":[{"href":"https:\/\/www.visit-ulcinj.com\/blog\/wp-json\/wp\/v2\/types\/post"}],"author":[{"embeddable":true,"href":"https:\/\/www.visit-ulcinj.com\/blog\/wp-json\/wp\/v2\/users\/1"}],"replies":[{"embeddable":true,"href":"https:\/\/www.visit-ulcinj.com\/blog\/wp-json\/wp\/v2\/comments?post=84180"}],"version-history":[{"count":4,"href":"https:\/\/www.visit-ulcinj.com\/blog\/wp-json\/wp\/v2\/posts\/84180\/revisions"}],"predecessor-version":[{"id":84184,"href":"https:\/\/www.visit-ulcinj.com\/blog\/wp-json\/wp\/v2\/posts\/84180\/revisions\/84184"}],"wp:attachment":[{"href":"https:\/\/www.visit-ulcinj.com\/blog\/wp-json\/wp\/v2\/media?parent=84180"}],"wp:term":[{"taxonomy":"category","embeddable":true,"href":"https:\/\/www.visit-ulcinj.com\/blog\/wp-json\/wp\/v2\/categories?post=84180"},{"taxonomy":"post_tag","embeddable":true,"href":"https:\/\/www.visit-ulcinj.com\/blog\/wp-json\/wp\/v2\/tags?post=84180"}],"curies":[{"name":"wp","href":"https:\/\/api.w.org\/{rel}","templated":true}]}}