{"id":84211,"date":"2014-07-21T15:43:45","date_gmt":"2014-07-21T14:43:45","guid":{"rendered":"http:\/\/www.visit-ulcinj.com\/blog\/?p=84211"},"modified":"2014-07-21T15:48:14","modified_gmt":"2014-07-21T14:48:14","slug":"komuna-ulqinit-thirrje-publike","status":"publish","type":"post","link":"https:\/\/www.visit-ulcinj.com\/blog\/2014\/07\/21\/komuna-ulqinit-thirrje-publike\/","title":{"rendered":"Komuna Ulqinit &#8211; Thirrje publike"},"content":{"rendered":"<p><a href=\"http:\/\/www.visit-ulcinj.com\/blog\/wp-content\/uploads\/2011\/03\/Opstina-Ulcinj-Press.jpg\"><img loading=\"lazy\" class=\"alignleft wp-image-45233\" src=\"http:\/\/www.visit-ulcinj.com\/blog\/wp-content\/uploads\/2011\/03\/Opstina-Ulcinj-Press.jpg\" alt=\"Opstina Ulcinj Press\" width=\"508\" height=\"406\" srcset=\"https:\/\/www.visit-ulcinj.com\/blog\/wp-content\/uploads\/2011\/03\/Opstina-Ulcinj-Press.jpg 720w, https:\/\/www.visit-ulcinj.com\/blog\/wp-content\/uploads\/2011\/03\/Opstina-Ulcinj-Press-300x240.jpg 300w\" sizes=\"(max-width: 508px) 100vw, 508px\" \/><\/a>N\u00eb baz\u00eb t\u00eb nenit 18 t\u00eb Vendimit p\u00ebr K\u00ebshillin p\u00ebr zhvillimin dhe mbrojtjen e vet\u00ebqeverisjes lokale (\u201cFl. zyr. MZ\u201d \u2013 dispozitat e komun\u00ebs, nr. 38\/08) K\u00ebshilli p\u00ebr zgjedhje dhe em\u00ebrime i Kuvendit t\u00eb Komun\u00ebs s\u00eb Ulqinit drejton<\/p>\n<p>&nbsp;<\/p>\n<p style=\"text-align: center;\"><strong>THIRRJE PUBLIKE<\/strong><\/p>\n<p>Institucioneve profesionale, organizatave, organizatave joqeveritare, shoqatave profesionale, bashk\u00ebsive lokale, asociacionit t\u00eb pushtetit lokal dhe qytetar\u00ebve<br \/>\nq\u00eb n\u00eb afat prej 15 dit\u00ebsh nga dita e publikimit t\u00eb<br \/>\nDor\u00ebzojn\u00eb propozimet<br \/>\ne kandidat\u00ebve p\u00ebr zgjedhjen e an\u00ebtar\u00ebve t\u00eb K\u00ebshillit p\u00ebr zhvillimin dhe mbrojtjen e vet\u00ebqeverisjes lokale<br \/>\nK\u00ebshilli p\u00ebr zhvillimin dhe mbrojtjen e vet\u00ebqeverisjes lokale ka kryetarin dhe 6 (gjasht\u00eb) an\u00ebtar\u00eb.<br \/>\nAn\u00ebtar i K\u00ebshillit mund t\u00eb zgjidhet nj\u00eb person nga radh\u00ebt e qytetar\u00ebve t\u00eb shquar t\u00eb Komun\u00ebs s\u00eb Ulqinit dhe ekspert\u00ebt nga fusha t\u00eb r\u00ebnd\u00ebsishme p\u00ebr vet\u00ebqeverisjen lokale.<br \/>\nAn\u00ebtar i K\u00ebshillit nuk mund t\u00eb zgjidhet:<br \/>\n-deputeti apo k\u00ebshilltari,<\/p>\n<p>-funksionari lokal, eprori i organit t\u00eb administrat\u00ebs lokale dhe udh\u00ebheq\u00ebsi i sh\u00ebrbimit publik,<\/p>\n<p>-personat e zgjedhur dhe em\u00ebruar n\u00eb Qeverin\u00eb e Malit t\u00eb Zi dhe organet e administrat\u00ebs shtet\u00ebrore,<\/p>\n<p>-funksionar\u00ebt dhe an\u00ebtar\u00ebt e organeve t\u00eb partive politike (kryetar\u00ebt e partive, an\u00ebtar\u00ebt e kryesive,<br \/>\nz\u00ebvend\u00ebsit e tyre, an\u00ebtar\u00ebt e k\u00ebshillave ekzekutive dhe kryesore, si dhe funksionar\u00ebt e tjer\u00eb partiak\u00eb),<br \/>\n-personat e d\u00ebnuar penalisht me aktvendim t\u00eb form\u00ebs s\u00eb prer\u00eb p\u00ebr vepra penale kund\u00ebr detyr\u00ebs<br \/>\nzyrtare, pa marr\u00eb parasysh sanksionin e shqiptuar, apo jan\u00eb d\u00ebnuar p\u00ebrfundimisht p\u00ebr ndonj\u00eb vep\u00ebr tjet\u00ebr penale me burg m\u00eb shum\u00eb se 6 (gjasht\u00eb) muaj.<\/p>\n<p>Propozimet e kandidat\u00ebve p\u00ebr an\u00ebtar\u00eb t\u00eb K\u00ebshillit p\u00ebr zhvillimin dhe mbrojtjen e vet\u00ebqeverisjes lokale t\u00eb dor\u00ebzohen Kuvendit t\u00eb Komun\u00ebs s\u00eb Ulqinit \u2013 K\u00ebshillit p\u00ebr zgjedhje dhe em\u00ebrime.<\/p>\n<p>Kjo Thirrje publike do t\u00eb publikohet s\u00eb paku n\u00eb nj\u00eb gazet\u00eb ditore, p\u00ebrmes TV Teut\u00ebs \u2013 Ulqin, p\u00ebrmes ueb site t\u00eb Komun\u00ebs s\u00eb Ulqinit prej, m\u00eb 17.07. 2014 deri, m\u00eb 01.08. 2014.<\/p>\n<p>&nbsp;<\/p>\n<p style=\"text-align: right;\">K\u00cbSHILLI P\u00cbR ZGJEDHJE DHE EM\u00cbRIME<br \/>\nK R Y E T A R I<br \/>\nXhaudet Cakuli<\/p>\n","protected":false},"excerpt":{"rendered":"<p>N\u00eb baz\u00eb t\u00eb nenit 18 t\u00eb Vendimit p\u00ebr K\u00ebshillin p\u00ebr zhvillimin dhe mbrojtjen e vet\u00ebqeverisjes lokale (\u201cFl. zyr. MZ\u201d \u2013 dispozitat e komun\u00ebs, nr. 38\/08) K\u00ebshilli p\u00ebr zgjedhje dhe em\u00ebrime i Kuvendit t\u00eb Komun\u00ebs s\u00eb Ulqinit drejton &nbsp; THIRRJE PUBLIKE Institucioneve profesionale, organizatave, organizatave joqeveritare, shoqatave profesionale, bashk\u00ebsive lokale, asociacionit t\u00eb pushtetit lokal dhe qytetar\u00ebve [&hellip;]<\/p>\n","protected":false},"author":1,"featured_media":0,"comment_status":"closed","ping_status":"closed","sticky":false,"template":"","format":"standard","meta":{"spay_email":"","jetpack_publicize_message":"","jetpack_is_tweetstorm":false,"jetpack_publicize_feature_enabled":true},"categories":[6],"tags":[],"jetpack_publicize_connections":[],"yoast_head":"<!-- This site is optimized with the Yoast SEO plugin v19.1 - https:\/\/yoast.com\/wordpress\/plugins\/seo\/ -->\n<title>Komuna Ulqinit - Thirrje publike - Lajme nga Ulqini<\/title>\n<meta name=\"description\" content=\"N\u00eb baz\u00eb t\u00eb nenit 18 t\u00eb Vendimit p\u00ebr K\u00ebshillin p\u00ebr zhvillimin dhe mbrojtjen e vet\u00ebqeverisjes lokale (\u201cFl. zyr. MZ\u201d \u2013 dispozitat e komun\u00ebs, nr. 38\/08)\" \/>\n<meta name=\"robots\" content=\"index, follow, max-snippet:-1, max-image-preview:large, max-video-preview:-1\" \/>\n<link rel=\"canonical\" href=\"https:\/\/www.visit-ulcinj.com\/blog\/2014\/07\/21\/komuna-ulqinit-thirrje-publike\/\" \/>\n<meta property=\"og:locale\" content=\"en_US\" \/>\n<meta property=\"og:type\" content=\"article\" \/>\n<meta property=\"og:title\" content=\"Komuna Ulqinit - Thirrje publike - Lajme nga Ulqini\" \/>\n<meta property=\"og:description\" content=\"N\u00eb baz\u00eb t\u00eb nenit 18 t\u00eb Vendimit p\u00ebr K\u00ebshillin p\u00ebr zhvillimin dhe mbrojtjen e vet\u00ebqeverisjes lokale (\u201cFl. zyr. MZ\u201d \u2013 dispozitat e komun\u00ebs, nr. 38\/08)\" \/>\n<meta property=\"og:url\" content=\"https:\/\/www.visit-ulcinj.com\/blog\/2014\/07\/21\/komuna-ulqinit-thirrje-publike\/\" \/>\n<meta property=\"og:site_name\" content=\"Lajme nga Ulqini\" \/>\n<meta property=\"article:published_time\" content=\"2014-07-21T14:43:45+00:00\" \/>\n<meta property=\"article:modified_time\" content=\"2014-07-21T14:48:14+00:00\" \/>\n<meta property=\"og:image\" content=\"http:\/\/www.visit-ulcinj.com\/blog\/wp-content\/uploads\/2011\/03\/Opstina-Ulcinj-Press.jpg\" \/>\n<meta name=\"twitter:label1\" content=\"Written by\" \/>\n\t<meta name=\"twitter:data1\" content=\"ulqini\" \/>\n\t<meta name=\"twitter:label2\" content=\"Est. reading time\" \/>\n\t<meta name=\"twitter:data2\" content=\"2 minutes\" \/>\n<script type=\"application\/ld+json\" class=\"yoast-schema-graph\">{\"@context\":\"https:\/\/schema.org\",\"@graph\":[{\"@type\":\"WebSite\",\"@id\":\"https:\/\/www.visit-ulcinj.com\/blog\/#website\",\"url\":\"https:\/\/www.visit-ulcinj.com\/blog\/\",\"name\":\"Lajme nga Ulqini\",\"description\":\"Lajme,Vijesti,Ulqini,Ulqin,Crna Gora,Mali i Zi\",\"potentialAction\":[{\"@type\":\"SearchAction\",\"target\":{\"@type\":\"EntryPoint\",\"urlTemplate\":\"https:\/\/www.visit-ulcinj.com\/blog\/?s={search_term_string}\"},\"query-input\":\"required name=search_term_string\"}],\"inLanguage\":\"en-US\"},{\"@type\":\"ImageObject\",\"inLanguage\":\"en-US\",\"@id\":\"https:\/\/www.visit-ulcinj.com\/blog\/2014\/07\/21\/komuna-ulqinit-thirrje-publike\/#primaryimage\",\"url\":\"https:\/\/www.visit-ulcinj.com\/blog\/wp-content\/uploads\/2011\/03\/Opstina-Ulcinj-Press.jpg\",\"contentUrl\":\"https:\/\/www.visit-ulcinj.com\/blog\/wp-content\/uploads\/2011\/03\/Opstina-Ulcinj-Press.jpg\",\"width\":\"720\",\"height\":\"576\"},{\"@type\":\"WebPage\",\"@id\":\"https:\/\/www.visit-ulcinj.com\/blog\/2014\/07\/21\/komuna-ulqinit-thirrje-publike\/#webpage\",\"url\":\"https:\/\/www.visit-ulcinj.com\/blog\/2014\/07\/21\/komuna-ulqinit-thirrje-publike\/\",\"name\":\"Komuna Ulqinit - Thirrje publike - Lajme nga Ulqini\",\"isPartOf\":{\"@id\":\"https:\/\/www.visit-ulcinj.com\/blog\/#website\"},\"primaryImageOfPage\":{\"@id\":\"https:\/\/www.visit-ulcinj.com\/blog\/2014\/07\/21\/komuna-ulqinit-thirrje-publike\/#primaryimage\"},\"datePublished\":\"2014-07-21T14:43:45+00:00\",\"dateModified\":\"2014-07-21T14:48:14+00:00\",\"author\":{\"@id\":\"https:\/\/www.visit-ulcinj.com\/blog\/#\/schema\/person\/dcab619c614d3038751c63bc2aadc06d\"},\"description\":\"N\u00eb baz\u00eb t\u00eb nenit 18 t\u00eb Vendimit p\u00ebr K\u00ebshillin p\u00ebr zhvillimin dhe mbrojtjen e vet\u00ebqeverisjes lokale (\u201cFl. zyr. MZ\u201d \u2013 dispozitat e komun\u00ebs, nr. 38\/08)\",\"breadcrumb\":{\"@id\":\"https:\/\/www.visit-ulcinj.com\/blog\/2014\/07\/21\/komuna-ulqinit-thirrje-publike\/#breadcrumb\"},\"inLanguage\":\"en-US\",\"potentialAction\":[{\"@type\":\"ReadAction\",\"target\":[\"https:\/\/www.visit-ulcinj.com\/blog\/2014\/07\/21\/komuna-ulqinit-thirrje-publike\/\"]}]},{\"@type\":\"BreadcrumbList\",\"@id\":\"https:\/\/www.visit-ulcinj.com\/blog\/2014\/07\/21\/komuna-ulqinit-thirrje-publike\/#breadcrumb\",\"itemListElement\":[{\"@type\":\"ListItem\",\"position\":1,\"name\":\"Komuna Ulqinit &#8211; Thirrje publike\"}]},{\"@type\":\"Person\",\"@id\":\"https:\/\/www.visit-ulcinj.com\/blog\/#\/schema\/person\/dcab619c614d3038751c63bc2aadc06d\",\"name\":\"ulqini\",\"sameAs\":[\"http:\/\/www.visit-ulcinj.com\"],\"url\":\"https:\/\/www.visit-ulcinj.com\/blog\/author\/admin\/\"}]}<\/script>\n<!-- \/ Yoast SEO plugin. -->","yoast_head_json":{"title":"Komuna Ulqinit - Thirrje publike - Lajme nga Ulqini","description":"N\u00eb baz\u00eb t\u00eb nenit 18 t\u00eb Vendimit p\u00ebr K\u00ebshillin p\u00ebr zhvillimin dhe mbrojtjen e vet\u00ebqeverisjes lokale (\u201cFl. zyr. MZ\u201d \u2013 dispozitat e komun\u00ebs, nr. 38\/08)","robots":{"index":"index","follow":"follow","max-snippet":"max-snippet:-1","max-image-preview":"max-image-preview:large","max-video-preview":"max-video-preview:-1"},"canonical":"https:\/\/www.visit-ulcinj.com\/blog\/2014\/07\/21\/komuna-ulqinit-thirrje-publike\/","og_locale":"en_US","og_type":"article","og_title":"Komuna Ulqinit - Thirrje publike - Lajme nga Ulqini","og_description":"N\u00eb baz\u00eb t\u00eb nenit 18 t\u00eb Vendimit p\u00ebr K\u00ebshillin p\u00ebr zhvillimin dhe mbrojtjen e vet\u00ebqeverisjes lokale (\u201cFl. zyr. MZ\u201d \u2013 dispozitat e komun\u00ebs, nr. 38\/08)","og_url":"https:\/\/www.visit-ulcinj.com\/blog\/2014\/07\/21\/komuna-ulqinit-thirrje-publike\/","og_site_name":"Lajme nga Ulqini","article_published_time":"2014-07-21T14:43:45+00:00","article_modified_time":"2014-07-21T14:48:14+00:00","og_image":[{"url":"http:\/\/www.visit-ulcinj.com\/blog\/wp-content\/uploads\/2011\/03\/Opstina-Ulcinj-Press.jpg"}],"twitter_misc":{"Written by":"ulqini","Est. reading time":"2 minutes"},"schema":{"@context":"https:\/\/schema.org","@graph":[{"@type":"WebSite","@id":"https:\/\/www.visit-ulcinj.com\/blog\/#website","url":"https:\/\/www.visit-ulcinj.com\/blog\/","name":"Lajme nga Ulqini","description":"Lajme,Vijesti,Ulqini,Ulqin,Crna Gora,Mali i Zi","potentialAction":[{"@type":"SearchAction","target":{"@type":"EntryPoint","urlTemplate":"https:\/\/www.visit-ulcinj.com\/blog\/?s={search_term_string}"},"query-input":"required name=search_term_string"}],"inLanguage":"en-US"},{"@type":"ImageObject","inLanguage":"en-US","@id":"https:\/\/www.visit-ulcinj.com\/blog\/2014\/07\/21\/komuna-ulqinit-thirrje-publike\/#primaryimage","url":"https:\/\/www.visit-ulcinj.com\/blog\/wp-content\/uploads\/2011\/03\/Opstina-Ulcinj-Press.jpg","contentUrl":"https:\/\/www.visit-ulcinj.com\/blog\/wp-content\/uploads\/2011\/03\/Opstina-Ulcinj-Press.jpg","width":"720","height":"576"},{"@type":"WebPage","@id":"https:\/\/www.visit-ulcinj.com\/blog\/2014\/07\/21\/komuna-ulqinit-thirrje-publike\/#webpage","url":"https:\/\/www.visit-ulcinj.com\/blog\/2014\/07\/21\/komuna-ulqinit-thirrje-publike\/","name":"Komuna Ulqinit - Thirrje publike - Lajme nga Ulqini","isPartOf":{"@id":"https:\/\/www.visit-ulcinj.com\/blog\/#website"},"primaryImageOfPage":{"@id":"https:\/\/www.visit-ulcinj.com\/blog\/2014\/07\/21\/komuna-ulqinit-thirrje-publike\/#primaryimage"},"datePublished":"2014-07-21T14:43:45+00:00","dateModified":"2014-07-21T14:48:14+00:00","author":{"@id":"https:\/\/www.visit-ulcinj.com\/blog\/#\/schema\/person\/dcab619c614d3038751c63bc2aadc06d"},"description":"N\u00eb baz\u00eb t\u00eb nenit 18 t\u00eb Vendimit p\u00ebr K\u00ebshillin p\u00ebr zhvillimin dhe mbrojtjen e vet\u00ebqeverisjes lokale (\u201cFl. zyr. MZ\u201d \u2013 dispozitat e komun\u00ebs, nr. 38\/08)","breadcrumb":{"@id":"https:\/\/www.visit-ulcinj.com\/blog\/2014\/07\/21\/komuna-ulqinit-thirrje-publike\/#breadcrumb"},"inLanguage":"en-US","potentialAction":[{"@type":"ReadAction","target":["https:\/\/www.visit-ulcinj.com\/blog\/2014\/07\/21\/komuna-ulqinit-thirrje-publike\/"]}]},{"@type":"BreadcrumbList","@id":"https:\/\/www.visit-ulcinj.com\/blog\/2014\/07\/21\/komuna-ulqinit-thirrje-publike\/#breadcrumb","itemListElement":[{"@type":"ListItem","position":1,"name":"Komuna Ulqinit &#8211; Thirrje publike"}]},{"@type":"Person","@id":"https:\/\/www.visit-ulcinj.com\/blog\/#\/schema\/person\/dcab619c614d3038751c63bc2aadc06d","name":"ulqini","sameAs":["http:\/\/www.visit-ulcinj.com"],"url":"https:\/\/www.visit-ulcinj.com\/blog\/author\/admin\/"}]}},"jetpack_featured_media_url":"","jetpack_sharing_enabled":true,"jetpack_shortlink":"https:\/\/wp.me\/pe6lTn-lUf","_links":{"self":[{"href":"https:\/\/www.visit-ulcinj.com\/blog\/wp-json\/wp\/v2\/posts\/84211"}],"collection":[{"href":"https:\/\/www.visit-ulcinj.com\/blog\/wp-json\/wp\/v2\/posts"}],"about":[{"href":"https:\/\/www.visit-ulcinj.com\/blog\/wp-json\/wp\/v2\/types\/post"}],"author":[{"embeddable":true,"href":"https:\/\/www.visit-ulcinj.com\/blog\/wp-json\/wp\/v2\/users\/1"}],"replies":[{"embeddable":true,"href":"https:\/\/www.visit-ulcinj.com\/blog\/wp-json\/wp\/v2\/comments?post=84211"}],"version-history":[{"count":2,"href":"https:\/\/www.visit-ulcinj.com\/blog\/wp-json\/wp\/v2\/posts\/84211\/revisions"}],"predecessor-version":[{"id":84214,"href":"https:\/\/www.visit-ulcinj.com\/blog\/wp-json\/wp\/v2\/posts\/84211\/revisions\/84214"}],"wp:attachment":[{"href":"https:\/\/www.visit-ulcinj.com\/blog\/wp-json\/wp\/v2\/media?parent=84211"}],"wp:term":[{"taxonomy":"category","embeddable":true,"href":"https:\/\/www.visit-ulcinj.com\/blog\/wp-json\/wp\/v2\/categories?post=84211"},{"taxonomy":"post_tag","embeddable":true,"href":"https:\/\/www.visit-ulcinj.com\/blog\/wp-json\/wp\/v2\/tags?post=84211"}],"curies":[{"name":"wp","href":"https:\/\/api.w.org\/{rel}","templated":true}]}}