{"id":84218,"date":"2014-07-21T17:22:18","date_gmt":"2014-07-21T16:22:18","guid":{"rendered":"http:\/\/www.visit-ulcinj.com\/blog\/?p=84218"},"modified":"2014-07-21T17:22:18","modified_gmt":"2014-07-21T16:22:18","slug":"ne-ulqin-noizy-dhe-ledri-performojne-se-bashku","status":"publish","type":"post","link":"https:\/\/www.visit-ulcinj.com\/blog\/2014\/07\/21\/ne-ulqin-noizy-dhe-ledri-performojne-se-bashku\/","title":{"rendered":"N\u00eb Ulqin Noizy dhe Ledri performojn\u00eb s\u00eb bashku"},"content":{"rendered":"<p><a href=\"http:\/\/www.visit-ulcinj.com\/blog\/wp-content\/uploads\/2014\/07\/Noizy-Ledri-Ulqin-Ulqini.jpg\"><img loading=\"lazy\" class=\"alignleft wp-image-84219\" src=\"http:\/\/www.visit-ulcinj.com\/blog\/wp-content\/uploads\/2014\/07\/Noizy-Ledri-Ulqin-Ulqini.jpg\" alt=\"Noizy-Ledri-Ulqin-Ulqini\" width=\"508\" height=\"286\" \/><\/a>Noizy ka publikuar nj\u00eb foto n\u00eb Facebook ku tregon se do performoj\u00eb n\u00eb nj\u00eb club nate n\u00eb Ulqin. Kjo nuk \u00ebsht\u00eb aspak \u00e7udi. Ajo q\u00eb ka habitur fansat \u00ebsht\u00eb p\u00ebr her\u00eb t\u00eb par\u00eb dy reperat q\u00eb jan\u00eb n\u00eb nj\u00eb konflikt, Ledri dhe Noizy do jen\u00eb t\u00eb dy t\u00eb pranish\u00ebm n\u00eb k\u00ebt\u00eb mbr\u00ebmje.<\/p>\n<p>Prej koh\u00ebsh dy reperat e njohur ishin pjes\u00eb e nj\u00eb konflikti ku mor\u00ebn pjes\u00eb edhe njer\u00ebz t\u00eb tjer\u00eb.<\/p>\n<p>Noizy ka b\u00ebr\u00eb edhe nj\u00eb k\u00ebng\u00eb kushtuar Ledrit t\u00eb cilit i shan Dafin\u00ebn, n\u00eb at\u00eb koh\u00eb partnerja e k\u00ebtij t\u00eb dytit.<\/p>\n<p>Nuk dihet se \u00e7far\u00eb do ndodhe, pasi t\u00eb dy e kan\u00eb shprehur haptazi rivalitetin megjithat\u00eb fansat jan\u00eb treguar t\u00eb ashp\u00ebr me komente.<\/p>\n<p>ORA NEWS<\/p>\n<!--YouTube Error: bad URL entered-->\n","protected":false},"excerpt":{"rendered":"<p>Noizy ka publikuar nj\u00eb foto n\u00eb Facebook ku tregon se do performoj\u00eb n\u00eb nj\u00eb club nate n\u00eb Ulqin. Kjo nuk \u00ebsht\u00eb aspak \u00e7udi. Ajo q\u00eb ka habitur fansat \u00ebsht\u00eb p\u00ebr her\u00eb t\u00eb par\u00eb dy reperat q\u00eb jan\u00eb n\u00eb nj\u00eb konflikt, Ledri dhe Noizy do jen\u00eb t\u00eb dy t\u00eb pranish\u00ebm n\u00eb k\u00ebt\u00eb mbr\u00ebmje. Prej koh\u00ebsh dy [&hellip;]<\/p>\n","protected":false},"author":1,"featured_media":0,"comment_status":"closed","ping_status":"closed","sticky":false,"template":"","format":"standard","meta":{"spay_email":"","jetpack_publicize_message":"","jetpack_is_tweetstorm":false,"jetpack_publicize_feature_enabled":true},"categories":[1],"tags":[],"jetpack_publicize_connections":[],"yoast_head":"<!-- This site is optimized with the Yoast SEO plugin v19.1 - https:\/\/yoast.com\/wordpress\/plugins\/seo\/ -->\n<title>N\u00eb Ulqin Noizy dhe Ledri performojn\u00eb s\u00eb bashku - Lajme nga Ulqini<\/title>\n<meta name=\"description\" content=\"Noizy ka publikuar nj\u00eb foto n\u00eb Facebook ku tregon se do performoj\u00eb n\u00eb nj\u00eb club nate n\u00eb Ulqin. Kjo nuk \u00ebsht\u00eb aspak \u00e7udi. Ajo q\u00eb ka habitur fansat \u00ebsht\u00eb p\u00ebr\" \/>\n<meta name=\"robots\" content=\"index, follow, max-snippet:-1, max-image-preview:large, max-video-preview:-1\" \/>\n<link rel=\"canonical\" href=\"https:\/\/www.visit-ulcinj.com\/blog\/2014\/07\/21\/ne-ulqin-noizy-dhe-ledri-performojne-se-bashku\/\" \/>\n<meta property=\"og:locale\" content=\"en_US\" \/>\n<meta property=\"og:type\" content=\"article\" \/>\n<meta property=\"og:title\" content=\"N\u00eb Ulqin Noizy dhe Ledri performojn\u00eb s\u00eb bashku - Lajme nga Ulqini\" \/>\n<meta property=\"og:description\" content=\"Noizy ka publikuar nj\u00eb foto n\u00eb Facebook ku tregon se do performoj\u00eb n\u00eb nj\u00eb club nate n\u00eb Ulqin. Kjo nuk \u00ebsht\u00eb aspak \u00e7udi. Ajo q\u00eb ka habitur fansat \u00ebsht\u00eb p\u00ebr\" \/>\n<meta property=\"og:url\" content=\"https:\/\/www.visit-ulcinj.com\/blog\/2014\/07\/21\/ne-ulqin-noizy-dhe-ledri-performojne-se-bashku\/\" \/>\n<meta property=\"og:site_name\" content=\"Lajme nga Ulqini\" \/>\n<meta property=\"article:published_time\" content=\"2014-07-21T16:22:18+00:00\" \/>\n<meta property=\"og:image\" content=\"http:\/\/www.visit-ulcinj.com\/blog\/wp-content\/uploads\/2014\/07\/Noizy-Ledri-Ulqin-Ulqini.jpg\" \/>\n<meta name=\"twitter:label1\" content=\"Written by\" \/>\n\t<meta name=\"twitter:data1\" content=\"ulqini\" \/>\n\t<meta name=\"twitter:label2\" content=\"Est. reading time\" \/>\n\t<meta name=\"twitter:data2\" content=\"1 minute\" \/>\n<script type=\"application\/ld+json\" class=\"yoast-schema-graph\">{\"@context\":\"https:\/\/schema.org\",\"@graph\":[{\"@type\":\"WebSite\",\"@id\":\"https:\/\/www.visit-ulcinj.com\/blog\/#website\",\"url\":\"https:\/\/www.visit-ulcinj.com\/blog\/\",\"name\":\"Lajme nga Ulqini\",\"description\":\"Lajme,Vijesti,Ulqini,Ulqin,Crna Gora,Mali i Zi\",\"potentialAction\":[{\"@type\":\"SearchAction\",\"target\":{\"@type\":\"EntryPoint\",\"urlTemplate\":\"https:\/\/www.visit-ulcinj.com\/blog\/?s={search_term_string}\"},\"query-input\":\"required name=search_term_string\"}],\"inLanguage\":\"en-US\"},{\"@type\":\"ImageObject\",\"inLanguage\":\"en-US\",\"@id\":\"https:\/\/www.visit-ulcinj.com\/blog\/2014\/07\/21\/ne-ulqin-noizy-dhe-ledri-performojne-se-bashku\/#primaryimage\",\"url\":\"http:\/\/www.visit-ulcinj.com\/blog\/wp-content\/uploads\/2014\/07\/Noizy-Ledri-Ulqin-Ulqini.jpg\",\"contentUrl\":\"http:\/\/www.visit-ulcinj.com\/blog\/wp-content\/uploads\/2014\/07\/Noizy-Ledri-Ulqin-Ulqini.jpg\"},{\"@type\":\"WebPage\",\"@id\":\"https:\/\/www.visit-ulcinj.com\/blog\/2014\/07\/21\/ne-ulqin-noizy-dhe-ledri-performojne-se-bashku\/#webpage\",\"url\":\"https:\/\/www.visit-ulcinj.com\/blog\/2014\/07\/21\/ne-ulqin-noizy-dhe-ledri-performojne-se-bashku\/\",\"name\":\"N\u00eb Ulqin Noizy dhe Ledri performojn\u00eb s\u00eb bashku - Lajme nga Ulqini\",\"isPartOf\":{\"@id\":\"https:\/\/www.visit-ulcinj.com\/blog\/#website\"},\"primaryImageOfPage\":{\"@id\":\"https:\/\/www.visit-ulcinj.com\/blog\/2014\/07\/21\/ne-ulqin-noizy-dhe-ledri-performojne-se-bashku\/#primaryimage\"},\"datePublished\":\"2014-07-21T16:22:18+00:00\",\"dateModified\":\"2014-07-21T16:22:18+00:00\",\"author\":{\"@id\":\"https:\/\/www.visit-ulcinj.com\/blog\/#\/schema\/person\/dcab619c614d3038751c63bc2aadc06d\"},\"description\":\"Noizy ka publikuar nj\u00eb foto n\u00eb Facebook ku tregon se do performoj\u00eb n\u00eb nj\u00eb club nate n\u00eb Ulqin. Kjo nuk \u00ebsht\u00eb aspak \u00e7udi. Ajo q\u00eb ka habitur fansat \u00ebsht\u00eb p\u00ebr\",\"breadcrumb\":{\"@id\":\"https:\/\/www.visit-ulcinj.com\/blog\/2014\/07\/21\/ne-ulqin-noizy-dhe-ledri-performojne-se-bashku\/#breadcrumb\"},\"inLanguage\":\"en-US\",\"potentialAction\":[{\"@type\":\"ReadAction\",\"target\":[\"https:\/\/www.visit-ulcinj.com\/blog\/2014\/07\/21\/ne-ulqin-noizy-dhe-ledri-performojne-se-bashku\/\"]}]},{\"@type\":\"BreadcrumbList\",\"@id\":\"https:\/\/www.visit-ulcinj.com\/blog\/2014\/07\/21\/ne-ulqin-noizy-dhe-ledri-performojne-se-bashku\/#breadcrumb\",\"itemListElement\":[{\"@type\":\"ListItem\",\"position\":1,\"name\":\"N\u00eb Ulqin Noizy dhe Ledri performojn\u00eb s\u00eb bashku\"}]},{\"@type\":\"Person\",\"@id\":\"https:\/\/www.visit-ulcinj.com\/blog\/#\/schema\/person\/dcab619c614d3038751c63bc2aadc06d\",\"name\":\"ulqini\",\"sameAs\":[\"http:\/\/www.visit-ulcinj.com\"],\"url\":\"https:\/\/www.visit-ulcinj.com\/blog\/author\/admin\/\"}]}<\/script>\n<!-- \/ Yoast SEO plugin. -->","yoast_head_json":{"title":"N\u00eb Ulqin Noizy dhe Ledri performojn\u00eb s\u00eb bashku - Lajme nga Ulqini","description":"Noizy ka publikuar nj\u00eb foto n\u00eb Facebook ku tregon se do performoj\u00eb n\u00eb nj\u00eb club nate n\u00eb Ulqin. Kjo nuk \u00ebsht\u00eb aspak \u00e7udi. Ajo q\u00eb ka habitur fansat \u00ebsht\u00eb p\u00ebr","robots":{"index":"index","follow":"follow","max-snippet":"max-snippet:-1","max-image-preview":"max-image-preview:large","max-video-preview":"max-video-preview:-1"},"canonical":"https:\/\/www.visit-ulcinj.com\/blog\/2014\/07\/21\/ne-ulqin-noizy-dhe-ledri-performojne-se-bashku\/","og_locale":"en_US","og_type":"article","og_title":"N\u00eb Ulqin Noizy dhe Ledri performojn\u00eb s\u00eb bashku - Lajme nga Ulqini","og_description":"Noizy ka publikuar nj\u00eb foto n\u00eb Facebook ku tregon se do performoj\u00eb n\u00eb nj\u00eb club nate n\u00eb Ulqin. Kjo nuk \u00ebsht\u00eb aspak \u00e7udi. Ajo q\u00eb ka habitur fansat \u00ebsht\u00eb p\u00ebr","og_url":"https:\/\/www.visit-ulcinj.com\/blog\/2014\/07\/21\/ne-ulqin-noizy-dhe-ledri-performojne-se-bashku\/","og_site_name":"Lajme nga Ulqini","article_published_time":"2014-07-21T16:22:18+00:00","og_image":[{"url":"http:\/\/www.visit-ulcinj.com\/blog\/wp-content\/uploads\/2014\/07\/Noizy-Ledri-Ulqin-Ulqini.jpg"}],"twitter_misc":{"Written by":"ulqini","Est. reading time":"1 minute"},"schema":{"@context":"https:\/\/schema.org","@graph":[{"@type":"WebSite","@id":"https:\/\/www.visit-ulcinj.com\/blog\/#website","url":"https:\/\/www.visit-ulcinj.com\/blog\/","name":"Lajme nga Ulqini","description":"Lajme,Vijesti,Ulqini,Ulqin,Crna Gora,Mali i Zi","potentialAction":[{"@type":"SearchAction","target":{"@type":"EntryPoint","urlTemplate":"https:\/\/www.visit-ulcinj.com\/blog\/?s={search_term_string}"},"query-input":"required name=search_term_string"}],"inLanguage":"en-US"},{"@type":"ImageObject","inLanguage":"en-US","@id":"https:\/\/www.visit-ulcinj.com\/blog\/2014\/07\/21\/ne-ulqin-noizy-dhe-ledri-performojne-se-bashku\/#primaryimage","url":"http:\/\/www.visit-ulcinj.com\/blog\/wp-content\/uploads\/2014\/07\/Noizy-Ledri-Ulqin-Ulqini.jpg","contentUrl":"http:\/\/www.visit-ulcinj.com\/blog\/wp-content\/uploads\/2014\/07\/Noizy-Ledri-Ulqin-Ulqini.jpg"},{"@type":"WebPage","@id":"https:\/\/www.visit-ulcinj.com\/blog\/2014\/07\/21\/ne-ulqin-noizy-dhe-ledri-performojne-se-bashku\/#webpage","url":"https:\/\/www.visit-ulcinj.com\/blog\/2014\/07\/21\/ne-ulqin-noizy-dhe-ledri-performojne-se-bashku\/","name":"N\u00eb Ulqin Noizy dhe Ledri performojn\u00eb s\u00eb bashku - Lajme nga Ulqini","isPartOf":{"@id":"https:\/\/www.visit-ulcinj.com\/blog\/#website"},"primaryImageOfPage":{"@id":"https:\/\/www.visit-ulcinj.com\/blog\/2014\/07\/21\/ne-ulqin-noizy-dhe-ledri-performojne-se-bashku\/#primaryimage"},"datePublished":"2014-07-21T16:22:18+00:00","dateModified":"2014-07-21T16:22:18+00:00","author":{"@id":"https:\/\/www.visit-ulcinj.com\/blog\/#\/schema\/person\/dcab619c614d3038751c63bc2aadc06d"},"description":"Noizy ka publikuar nj\u00eb foto n\u00eb Facebook ku tregon se do performoj\u00eb n\u00eb nj\u00eb club nate n\u00eb Ulqin. Kjo nuk \u00ebsht\u00eb aspak \u00e7udi. Ajo q\u00eb ka habitur fansat \u00ebsht\u00eb p\u00ebr","breadcrumb":{"@id":"https:\/\/www.visit-ulcinj.com\/blog\/2014\/07\/21\/ne-ulqin-noizy-dhe-ledri-performojne-se-bashku\/#breadcrumb"},"inLanguage":"en-US","potentialAction":[{"@type":"ReadAction","target":["https:\/\/www.visit-ulcinj.com\/blog\/2014\/07\/21\/ne-ulqin-noizy-dhe-ledri-performojne-se-bashku\/"]}]},{"@type":"BreadcrumbList","@id":"https:\/\/www.visit-ulcinj.com\/blog\/2014\/07\/21\/ne-ulqin-noizy-dhe-ledri-performojne-se-bashku\/#breadcrumb","itemListElement":[{"@type":"ListItem","position":1,"name":"N\u00eb Ulqin Noizy dhe Ledri performojn\u00eb s\u00eb bashku"}]},{"@type":"Person","@id":"https:\/\/www.visit-ulcinj.com\/blog\/#\/schema\/person\/dcab619c614d3038751c63bc2aadc06d","name":"ulqini","sameAs":["http:\/\/www.visit-ulcinj.com"],"url":"https:\/\/www.visit-ulcinj.com\/blog\/author\/admin\/"}]}},"jetpack_featured_media_url":"","jetpack_sharing_enabled":true,"jetpack_shortlink":"https:\/\/wp.me\/pe6lTn-lUm","_links":{"self":[{"href":"https:\/\/www.visit-ulcinj.com\/blog\/wp-json\/wp\/v2\/posts\/84218"}],"collection":[{"href":"https:\/\/www.visit-ulcinj.com\/blog\/wp-json\/wp\/v2\/posts"}],"about":[{"href":"https:\/\/www.visit-ulcinj.com\/blog\/wp-json\/wp\/v2\/types\/post"}],"author":[{"embeddable":true,"href":"https:\/\/www.visit-ulcinj.com\/blog\/wp-json\/wp\/v2\/users\/1"}],"replies":[{"embeddable":true,"href":"https:\/\/www.visit-ulcinj.com\/blog\/wp-json\/wp\/v2\/comments?post=84218"}],"version-history":[{"count":1,"href":"https:\/\/www.visit-ulcinj.com\/blog\/wp-json\/wp\/v2\/posts\/84218\/revisions"}],"predecessor-version":[{"id":84220,"href":"https:\/\/www.visit-ulcinj.com\/blog\/wp-json\/wp\/v2\/posts\/84218\/revisions\/84220"}],"wp:attachment":[{"href":"https:\/\/www.visit-ulcinj.com\/blog\/wp-json\/wp\/v2\/media?parent=84218"}],"wp:term":[{"taxonomy":"category","embeddable":true,"href":"https:\/\/www.visit-ulcinj.com\/blog\/wp-json\/wp\/v2\/categories?post=84218"},{"taxonomy":"post_tag","embeddable":true,"href":"https:\/\/www.visit-ulcinj.com\/blog\/wp-json\/wp\/v2\/tags?post=84218"}],"curies":[{"name":"wp","href":"https:\/\/api.w.org\/{rel}","templated":true}]}}