{"id":84248,"date":"2014-07-24T13:36:02","date_gmt":"2014-07-24T12:36:02","guid":{"rendered":"http:\/\/www.visit-ulcinj.com\/blog\/?p=84248"},"modified":"2014-07-24T18:54:39","modified_gmt":"2014-07-24T17:54:39","slug":"afera-e-mushkajave-coi-ne-kollaps-komunen-e-ulqinit","status":"publish","type":"post","link":"https:\/\/www.visit-ulcinj.com\/blog\/2014\/07\/24\/afera-e-mushkajave-coi-ne-kollaps-komunen-e-ulqinit\/","title":{"rendered":"&#8220;Afera e mushkajave&#8221; \u00e7oi n\u00eb \u201c kollaps\u201d Komun\u00ebn e Ulqinit"},"content":{"rendered":"<p><strong><em><a href=\"http:\/\/www.visit-ulcinj.com\/blog\/wp-content\/uploads\/2014\/07\/zaprasivanje-krpelja-.jpg\"><img loading=\"lazy\" class=\"alignleft wp-image-84249\" src=\"http:\/\/www.visit-ulcinj.com\/blog\/wp-content\/uploads\/2014\/07\/zaprasivanje-krpelja-.jpg\" alt=\"zaprasivanje-krpelja-\" width=\"508\" height=\"286\" srcset=\"https:\/\/www.visit-ulcinj.com\/blog\/wp-content\/uploads\/2014\/07\/zaprasivanje-krpelja-.jpg 850w, https:\/\/www.visit-ulcinj.com\/blog\/wp-content\/uploads\/2014\/07\/zaprasivanje-krpelja--300x168.jpg 300w\" sizes=\"(max-width: 508px) 100vw, 508px\" \/><\/a>Shkruan Muhamet Nika<\/em><\/strong><\/p>\n<p><strong><em> DY FJAL\u00cb P\u00cbR AFER\u00cbN E MUSHKAJAVE Q\u00cb DIKUR \u00c7OI N\u00cb \u201c KOLLAPS\u201d KOMUN\u00cbN E ULQINIT-(1)<\/em><\/strong><\/p>\n<p><strong><em> P\u00ebrse duhet t\u00eb jemi m\u00eb konkret dhe praktik n\u00eb veprim p\u00ebr dalje nga kriza&#8230;?!!!<\/em><\/strong><\/p>\n<p><em>Vlera e pun\u00ebs, sipas kontrat\u00ebs \u00a0me kontraktuesin, gjith\u00ebsejt duhej t\u00eb kushtonte 30 mij\u00eb euro , mir\u00ebpo mbi baz\u00ebn e do vendimeve t\u00eb gjykatave, shohim se l\u00ebnda u fry nga gjykatat dhe komun\u00ebs procesi n\u00eb fund i kushtoi 250 mij\u00eb euro.<\/em><\/p>\n<p><em> Duke qen\u00eb thell\u00ebsisht t\u00eb bindur q\u00eb gjykatat nuk mund t\u00eb jen\u00eb t\u00eb nj\u00ebanshme dhe t\u00eb korruptuara deri n\u00eb k\u00ebt\u00eb shkall\u00eb , si\u00e7 mendojn\u00eb do\u201d patriota t\u00eb izoluar t\u00eb kombit\u201d, nga proceset e tilla dhe nga vet\u00eb procesi i mosnjohjes s\u00eb funksionimit t\u00eb pushtetit n\u00eb p\u00ebrgjith\u00ebsi themi se binja nuk qendron.Kjo atyre u \u00ebsht\u00eb formuar si bindje, mbi baz\u00ebn e do paragjykimeve t\u00eb shpikura nga politika nacionale&#8230;?!!! Mendoj q\u00eb aktualisht do t\u00eb nevoitej nj\u00eb shfryt\u00ebzim i gjith\u00eb mekanizmit t\u00eb drejt\u00ebsis\u00eb nga ata q\u00eb jan\u00eb m\u00eb t\u00eb goditur nga bllokimet e shpeshta duke filluar nga t\u00eb pun\u00ebsuarit e komun\u00ebs e deri te qytetar\u00ebt.<\/em><\/p>\n<p>Pasi n\u00eb disa shkrime , fol\u00ebm p\u00ebr\u00a0\u00a0 proceset gjyqsore q\u00eb ndodhen ose pritet t\u00eb ndodhin n\u00eb d\u00ebm t\u00eb Komuns s\u00eb Ulqinit, t\u00eb krijuara nga vendime t\u00eb pamatura politike dhe l\u00ebshime \u201c t\u00eb q\u00ebllimta profesionale\u201d nga komuna, e shohim t\u00eb arsyeshme t\u00eb p\u00ebrmendim edhe afer\u00ebn e mushkajave si l\u00ebnd\u00eb gjyqsore e cila \u00ebsht\u00eb e para e k\u00ebtij lloji n\u00eb nivel t\u00eb komun\u00ebs dhe republik\u00ebs . Kjo l\u00ebnd\u00eb po duket GJYKATAVE u sh\u00ebrbeu m\u00eb von\u00eb si shpikje p\u00ebr t\u00eb bllokuar n\u00eb m\u00ebnyr\u00eb institucionale jo vet\u00ebm komun\u00ebn e Ulqinit, por t\u00eb gjitha komunat tjera n\u00eb Mal t\u00eb Zi. Sot proceset gjyqsore t\u00eb k\u00ebsaj natyre i r\u00ebndojn\u00eb komun\u00ebs si gur i varur n\u00eb litar rreth\u00a0\u00a0 qaf\u00ebs s\u00eb saj.<\/p>\n<p>Madje thuhet se edhe vet\u00eb Strazburi, k\u00ebrkon nga gjykatat t\u00eb b\u00ebjn\u00eb ekzekutimin e vendimeve t\u00eb gjykatave n\u00eb d\u00ebm t\u00eb komun\u00ebs qofshin ata edhe n\u00eb shum\u00ebn e rastit t\u00eb \u201cK- 1-shit \u201d?! Mesiguri q\u00eb drejt\u00ebsia nd\u00ebrkomb\u00ebtare, n\u00eb k\u00ebto situata, niset nga parimi q\u00eb l\u00ebnd\u00ebt duhet t\u00eb jen\u00eb\u00a0\u00a0 gjykuar si duhet. Kurse n\u00eb k\u00ebt\u00eb pik\u00ebpamje ata edhe mund t\u00eb ken\u00eb t\u00eb drejt\u00eb sepse komuna nuk ka treguar gatishm\u00ebri deri m\u00eb sot, p\u00ebr t\u00eb shfryt\u00ebzuar t\u00eb gjith\u00eb mekanizmin dhe kapacitetin juridik n\u00eb mbrojtje duke llogaritur edhe kapacitetin e gjykatave nd\u00ebrkomb\u00ebtare.<\/p>\n<p><strong><em>Si lidi ky skandal financiar<\/em><\/strong><\/p>\n<p>Diku para viteve 90 komuna e Ulqinit , nxjerr nj\u00eb vendim p\u00ebr t\u00eb paguar nj\u00eb taks\u00eb nga qytetar\u00ebt n\u00eb em\u00ebr t\u00eb st\u00ebrpikjes s\u00eb mushkajave n\u00eb qytet. Fillimisht duhet cekur se komuna nuk kishte mandat ligjor p\u00ebr nxjerrjen e nj\u00eb vendimi t\u00eb k\u00ebtill\u00eb sepse me ligj st\u00ebrpikjen e mushkajave at\u00ebher\u00eb edhe sot e b\u00ebn\u00eb ministria p\u00ebrkat\u00ebse p\u00ebrmes institutit p\u00ebrkat\u00ebs. Asaj i lejohet vet\u00ebm st\u00ebrpikja brenda objekteve komunale. Mir\u00ebpo megjith\u00eb ate, shohim se st\u00ebrpikja e mushkajave funksiononte edhe pse sipas ligjit, i binte t\u00eb ishte nj\u00eb mashtim i qytetar\u00ebve. Kurse pun\u00ebt e sterpikjes at\u00ebher\u00eb i ishin besuar AVIO KOSOV\u00cbS . Thuhet se n\u00eb koh\u00ebn e vet, kjo firm\u00eb ishte e licensuar p\u00ebr k\u00ebt\u00eb pun\u00eb, dhe dispononte me ajroplan\u00eb bujq\u00ebsor\u00eb p\u00ebr tretmanin e tyre.\u00a0\u00a0 St\u00ebrpikja vazhdoi edhe me ardhjen n\u00eb pushtet t\u00eb Lidhjes Demokratike \u2013 Mehmet Bardhit, mir\u00ebpo n\u00eb k\u00ebt\u00eb koh\u00eb, shohim se p\u00ebr k\u00ebt\u00eb pun\u00eb, n\u00eb Pobjed\u00eb , nga ish drejtoresha e Radio Ulqinit, q\u00eb ishte zhgarkua mga ky post , pa vullnetin e saj , t\u00eb publikohet nj\u00eb shkrim n\u00eb t\u00eb cilin thoshte se st\u00ebrpikja e mushkaja ve n\u00eb Ulqin , ishte nj\u00eb rast , q\u00eb parat\u00eb e buxhetit t\u00eb Ulqinit t\u00eb shkonin si ndihm\u00eb p\u00ebr irredent\u00ebn n\u00eb Kosov\u00eb rreth p\u00ebrgatitjeve, p\u00ebr l\u00ebvizje \u00e7lirimtare t\u00eb Rugov\u00ebs.<\/p>\n<p>Shkrimi si i till\u00eb, si duket, duhet t\u00eb ket\u00eb krijuar panik\u00eb n\u00eb qarqet e pushtetit vendor\u00eb t\u00eb at\u00ebhesh\u00ebm. T\u00eb gjetur n\u00eb nj\u00eb atmosfer\u00eb aspak t\u00eb p\u00eblqyeshme nga ky shkrim i shtypit zyrtar\u00eb, k\u00ebshilli ekzekutiv i at\u00ebhersh\u00ebm i komun\u00ebs , me n\u00eb krye Shaban Dollakun, i hyp pun\u00ebs p\u00ebr t\u00eb kontraktuar st\u00ebrpikjen e mushkajave me nj\u00eb person tjet\u00ebr. Dhe p\u00ebr\u00e7udi , e mbase( me siguri p\u00ebr t\u00eb fshir\u00eb akuzat) , pushteti i at\u00ebhersh\u00ebm , vendos dhe ik prej nj\u00ebrit ekstremit n\u00eb ekstremin tjet\u00ebr &#8230; pun\u00ebn ia jep dikujt tjet\u00ebr- nj\u00eb serbi&#8230;?!!<\/p>\n<p><strong><em> Puna p\u00ebr sterpikjen e mushkajave i besohet nj\u00eb serbi nga Sao Kraina- Milan Knezheviqit&#8230;?!!!<\/em><\/strong><\/p>\n<p>P\u00ebr k\u00ebt\u00eb person, me profesion pilot, i cili po duket se kish lidhje t\u00eb forta me forcat ajrore t\u00eb ish \u2013 Jugosllavis\u00eb, V\u00cbREJM\u00cb q\u00eb p\u00ebr k\u00ebt\u00eb \u00e7\u00ebshtje, ai regjistron nj\u00eb firm\u00eb duke huazuar me qira nj\u00eb airoplan p\u00ebr st\u00ebrpikjen e mushkajave t\u00eb k\u00ebrkuara nga komuna.P\u00ebr k\u00ebt\u00eb pun\u00eb ai , lidh edhe nj\u00eb kontrat\u00eb me kryetarin e k\u00ebshillit ekzekutiv t\u00eb komun\u00ebs s\u00eb at\u00ebhershme t\u00eb Ulqinit . Merret vesh q\u00eb kontrata u lidh nj\u00eb dit\u00eb para se k\u00ebshillit ekzekutiv t\u00eb at\u00ebhersh\u00ebm, t\u2019i pushonin me ligj kompetencat t\u00eb cilat\u00a0\u00a0 i kaluan \u00a0kryetarit t\u00eb komun\u00ebs.<\/p>\n<p>Shikuar mga k\u00ebndi i sodit kontrata si kontrat\u00eb po duket kish edhe shum\u00eb l\u00ebshime profesionale t\u00eb b\u00ebra nga juristi- p\u00ebrpiluesi i kontrat\u00ebs t\u00eb cilit i ish besuar hartimi i saj . N\u00eb kontrat p\u00ebrve\u00e7 tjerash \u00a0\u00a0\u00a0shohim se futen nene t\u00eb fajdeve t\u00eb cilat jan\u00eb t\u00eb denueshme me ligj . N\u00eb nj\u00ebrin nen t\u00eb sajin shkruante se n\u00eb qoft\u00eb q\u00eb komuna vonohet n\u00eb pages\u00eb t\u00eb borxhit p\u00ebr pun\u00ebn e kryer , ajo at\u00ebher\u00eb m\u00eb em\u00ebr t\u00eb kamat\u00ebs , p\u00ebr \u00e7do dit\u00eb vones\u00eb detyrohet q\u00eb pun\u00ebmarr\u00ebsit t\u2019i paguaj shumen e p\u00ebrgjithshme nga vlera e kontrat\u00ebs&#8230;.?!!! Pas k\u00ebsaj kjo kontrata e dyshimt\u00eb iu dha p\u00ebr n\u00ebnshkrim kryetarit t\u00eb k\u00ebshillit ekzekutiv . M\u00eb pas v\u00ebrejm\u00eb q\u00eb p\u00ebr mos respektim t\u00eb sajajin dhe shkputjen e nj\u00ebanshme t\u00eb kontrat\u00ebs , krijohet nj\u00eb afer\u00eb financiare prej nj\u00eb \u00e7erek milioni, t\u00eb cilin e pagoi komuna mbi baz\u00ebn e nj\u00eb vendimi gjyqsor.<\/p>\n<p><strong><em>P\u00ebrse u prish kontrata dhe nga kush&#8230;?!!!<\/em><\/strong><\/p>\n<p>Si duket kontrata prishet, n\u00eb m\u00ebnyr\u00eb t\u00eb nj\u00ebanshme , pasi sekretari p\u00ebr ekonomi i at\u00ebhersh\u00ebm, Osman Rexha, k\u00ebrkon q\u00eb Millani t\u00eb b\u00ebj\u00eb vet\u00ebm sterpikjen, kurse helmet p\u00ebr sterpikje t\u2019i siguroj\u00eb nga nj\u00eb firm\u00eb tjet\u00ebr private \u00e7ka edhe b\u00ebhet. K\u00ebsaj i thon\u00eb sikur komunales ti besohet shitja e ujit, por klorin ta blej kouna&#8230;.?!!<\/p>\n<p>P\u00ebrzierja n\u00eb k\u00ebt\u00eb \u00e7\u00ebshtje , kuptohet se te Millani , krijon pasknaq\u00ebsi, dhe po duket q\u00eb ai nuk ish i k\u00ebnaqur me k\u00ebt\u00eb, dhe sipas d\u00ebshmive t\u00eb komun\u00ebs ai , nuk e kish b\u00ebr\u00eb tretmanin e sterpikjes. Si duket ai akuzohej se e kish mbushur airoplanin me uj\u00eb , duke shitur sasin\u00eb e helmit t\u00eb siguruar nga komuna. &#8230;?!!Thuhet se komuna kish ngritur edhe nj\u00eb komision , p\u00ebr t\u00eb hetuar \u00e7\u00ebshtjen , por kuptohet q\u00eb komisioni i formuar , nuk ishte nga ekspert\u00ebt .<\/p>\n<p>Mbi k\u00ebto d\u00ebshmi Millanit i merret puna, por nuk i shkputet kontrata. Ai kuptohet q\u00eb hesht , mir\u00ebpo pas disa viteve e aktivizon l\u00ebnden dhe e fiton at\u00eb n\u00eb gjyq, duke shfryt\u00ebzuar dob\u00ebsin\u00eb e mbrojtejes komunale. Kryetari i Komun\u00ebs, Osman Rexha q\u00eb n\u00eb nj\u00ebrast, t\u00eb b\u00ebr\u00eb rreth ngritjes s\u00eb \u00e7\u00ebshtjes kish kontaktuar, kryetarin e gjykat\u00ebs , dhe ai i pat th\u00ebn\u00eb se \u201d nuk e kish t\u00eb qart\u00eb q\u00eb ke mbron avokati- interesat e komun\u00ebs apo t\u00eb firm\u00ebs q\u00eb padiste komuna\u201d?!<\/p>\n<p><strong><em>Ku gaboi komuna<\/em><\/strong><\/p>\n<p>Komuna duket se gaboi , duke e nd\u00ebrprer\u00eb kontrat\u00ebn n\u00eb m\u00ebnyr\u00eb t\u00eb nj\u00eb anshme dhe duke mos e lajm\u00ebruar fare firm\u00ebn p\u00ebrkat\u00ebse sipas protokollit. Pastaj kur kryetari Bardhi, nuk d\u00ebgjoi k\u00ebshill\u00ebn e Osman Rexh\u00ebs, p\u00ebr ta paditur firmen p\u00ebr mashtrim n\u00eb polici -st\u00ebrpik\u00ebsin e mushkajkave edhe pse Bardhi ia kish ndaluar Millanit , hyrjen n\u00eb komun\u00eb me vendim t\u00eb tijin sepse i k\u00ebrcnonte zyrtar\u00ebt e saj. Por edhe at\u00ebher\u00eb kur n\u00eb koh\u00ebn e inflacionit , atij i kish ardhur nj\u00eb shkres\u00eb me t\u00eb cil\u00ebn, vlera e borxhit q\u00eb kish komuna ndaj pal\u00ebs ishte vet\u00ebm nj\u00eb euro&#8230;.?!!! Po t\u00eb ndodhnin k\u00ebto veprime do t\u00eb kishim pasur do rrethan\u00eb krejt tjet\u00ebra n\u00eb favor t\u00ebkomun\u00ebs.<\/p>\n<p><strong><em>Ku u gjet\u00ebn par\u00ebt p\u00ebr t\u00eb shlyer k\u00ebt\u00eb borxh<\/em><\/strong><\/p>\n<p>Ajo q\u00eb l\u00eb dyshim n\u00eb k\u00ebt\u00eb \u00e7\u00ebshtje, \u00ebsht\u00eb fakti se p\u00ebr nj\u00eb koh\u00eb t\u00eb shkurt\u00eb numri i personazzheve q\u00eb duket se p\u00ebrfitojn\u00eb nga ekzekutimi i l\u00ebnd\u00ebs sa vjen e shtohet&#8230;?!!! Nga kjo koh\u00eb n\u00eb em\u00ebr t\u00eb taks\u00ebs p\u00ebr \u00a0rregullimin e tok\u00ebs nd\u00ebrtimore , komun\u00ebs i detyroheshin shum\u00eb subjekte t\u00eb shtetit.\u00a0\u00a0 Ky detyrim, vet\u00ebm p\u00ebr Kripore\u00a0\u00a0 ta z\u00ebm\u00eb\u00a0\u00a0 ishte 0, 1 cent dhe pagesa e tij, q\u00eb u b\u00eb n\u00eb k\u00ebt\u00eb koh\u00eb, fillon e ndikonte n\u00eb mbushjen e ark\u00ebs s\u00eb komun\u00ebs &#8230;?!!!<\/p>\n<p>Interesant \u00ebsht\u00eb q\u00eb as m\u00eb her\u00ebt, por as m\u00eb von\u00eb, e madje as sot subjektet e m\u00ebdha, nuk ia paguajn\u00eb komun\u00ebs k\u00ebt\u00eb detyrim. &#8230;?!!! <strong><em>Por as kuvendi n\u00eb fakt sh\u00ebrbimet e komun\u00ebs nuk i fakturojn\u00eb k\u00ebto borxhe q\u00eb i obligon subjektet e tilla me ligji e kjo ishte edhe v\u00ebrejtje e revizorit shtetror&#8230;?!!!<\/em><\/strong><\/p>\n<p>Metoda e injorimit t\u00eb kuvendit dhe marrja e kompetencave t\u00eb tij , q\u00eb u shpik nga kjo koh\u00eb, \u00ebsht\u00eb dhe vazhdon t\u2019i v\u00ebj\u00eb gj\u00ebrat n\u00eb veprim n\u00eb d\u00ebm t\u00eb komun\u00ebs. Askush m\u00eb nga kjo koh\u00eb nuk e informoj \u00a0m\u00eb kuvendin ose opinionin p\u00ebr rreziqet e bllokimit t\u00eb komun\u00ebs n\u00eb shum\u00ebn e vlerave kontestuese, q\u00eb sanksionon ligji \u2013 p\u00ebrjashtuar k\u00ebtu, vet\u00ebm koh\u00ebn e Skender Hoxhes i cili mblodhi kuvend dhe dha informacion&#8230;?!!<\/p>\n<p>Nd\u00ebrsa , p\u00ebr t\u00eb qart\u00ebsuar pun\u00ebn,themi se, \u00e7do ekonomist i diplomuar- qoft\u00eb ai edhe n\u00eb Universitetin Luigj Gurakuqi t\u00eb Shkodres, n\u00eb provim e m\u00ebson q\u00eb n\u00eb vendet ku aplikohet \u201c TREZORI I BUXHETOR\u00cbVE- THESARI(thes-ari), NUK GUXON Q\u00cb K\u00cbRKUSH TA BLLOKOJ\u00cb AT\u00cb MELIGJ, PRA AS GJYKATAT&#8230;.?!!! V\u00ebrtet\u00eb ne jemi sh\u00ebndrruar n\u00eb n\u00ebn\u00ebn e vakive, p\u00ebr shkelje dhe shkrramje ligjorer ???!!!!<\/p>\n","protected":false},"excerpt":{"rendered":"<p>Shkruan Muhamet Nika DY FJAL\u00cb P\u00cbR AFER\u00cbN E MUSHKAJAVE Q\u00cb DIKUR \u00c7OI N\u00cb \u201c KOLLAPS\u201d KOMUN\u00cbN E ULQINIT-(1) P\u00ebrse duhet t\u00eb jemi m\u00eb konkret dhe praktik n\u00eb veprim p\u00ebr dalje nga kriza&#8230;?!!! Vlera e pun\u00ebs, sipas kontrat\u00ebs \u00a0me kontraktuesin, gjith\u00ebsejt duhej t\u00eb kushtonte 30 mij\u00eb euro , mir\u00ebpo mbi baz\u00ebn e do vendimeve t\u00eb gjykatave, [&hellip;]<\/p>\n","protected":false},"author":1,"featured_media":0,"comment_status":"closed","ping_status":"closed","sticky":false,"template":"","format":"standard","meta":{"spay_email":"","jetpack_publicize_message":"","jetpack_is_tweetstorm":false,"jetpack_publicize_feature_enabled":true},"categories":[1,6],"tags":[],"jetpack_publicize_connections":[],"yoast_head":"<!-- This site is optimized with the Yoast SEO plugin v19.1 - https:\/\/yoast.com\/wordpress\/plugins\/seo\/ -->\n<title>&quot;Afera e mushkajave&quot; \u00e7oi n\u00eb \u201c kollaps\u201d Komun\u00ebn e Ulqinit - Lajme nga Ulqini<\/title>\n<meta name=\"description\" content=\"Shkruan Muhamet Nika DY FJAL\u00cb P\u00cbR AFER\u00cbN E MUSHKAJAVE Q\u00cb DIKUR \u00c7OI N\u00cb \u201c KOLLAPS\u201d KOMUN\u00cbN E ULQINIT-(1) P\u00ebrse duhet t\u00eb jemi m\u00eb konkret dhe praktik n\u00eb\" \/>\n<meta name=\"robots\" content=\"index, follow, max-snippet:-1, max-image-preview:large, max-video-preview:-1\" \/>\n<link rel=\"canonical\" href=\"https:\/\/www.visit-ulcinj.com\/blog\/2014\/07\/24\/afera-e-mushkajave-coi-ne-kollaps-komunen-e-ulqinit\/\" \/>\n<meta property=\"og:locale\" content=\"en_US\" \/>\n<meta property=\"og:type\" content=\"article\" \/>\n<meta property=\"og:title\" content=\"&quot;Afera e mushkajave&quot; \u00e7oi n\u00eb \u201c kollaps\u201d Komun\u00ebn e Ulqinit - Lajme nga Ulqini\" \/>\n<meta property=\"og:description\" content=\"Shkruan Muhamet Nika DY FJAL\u00cb P\u00cbR AFER\u00cbN E MUSHKAJAVE Q\u00cb DIKUR \u00c7OI N\u00cb \u201c KOLLAPS\u201d KOMUN\u00cbN E ULQINIT-(1) P\u00ebrse duhet t\u00eb jemi m\u00eb konkret dhe praktik n\u00eb\" \/>\n<meta property=\"og:url\" content=\"https:\/\/www.visit-ulcinj.com\/blog\/2014\/07\/24\/afera-e-mushkajave-coi-ne-kollaps-komunen-e-ulqinit\/\" \/>\n<meta property=\"og:site_name\" content=\"Lajme nga Ulqini\" \/>\n<meta property=\"article:published_time\" content=\"2014-07-24T12:36:02+00:00\" \/>\n<meta property=\"article:modified_time\" content=\"2014-07-24T17:54:39+00:00\" \/>\n<meta property=\"og:image\" content=\"http:\/\/www.visit-ulcinj.com\/blog\/wp-content\/uploads\/2014\/07\/zaprasivanje-krpelja-.jpg\" \/>\n<meta name=\"twitter:label1\" content=\"Written by\" \/>\n\t<meta name=\"twitter:data1\" content=\"ulqini\" \/>\n\t<meta name=\"twitter:label2\" content=\"Est. reading time\" \/>\n\t<meta name=\"twitter:data2\" content=\"9 minutes\" \/>\n<script type=\"application\/ld+json\" class=\"yoast-schema-graph\">{\"@context\":\"https:\/\/schema.org\",\"@graph\":[{\"@type\":\"WebSite\",\"@id\":\"https:\/\/www.visit-ulcinj.com\/blog\/#website\",\"url\":\"https:\/\/www.visit-ulcinj.com\/blog\/\",\"name\":\"Lajme nga Ulqini\",\"description\":\"Lajme,Vijesti,Ulqini,Ulqin,Crna Gora,Mali i Zi\",\"potentialAction\":[{\"@type\":\"SearchAction\",\"target\":{\"@type\":\"EntryPoint\",\"urlTemplate\":\"https:\/\/www.visit-ulcinj.com\/blog\/?s={search_term_string}\"},\"query-input\":\"required name=search_term_string\"}],\"inLanguage\":\"en-US\"},{\"@type\":\"ImageObject\",\"inLanguage\":\"en-US\",\"@id\":\"https:\/\/www.visit-ulcinj.com\/blog\/2014\/07\/24\/afera-e-mushkajave-coi-ne-kollaps-komunen-e-ulqinit\/#primaryimage\",\"url\":\"https:\/\/www.visit-ulcinj.com\/blog\/wp-content\/uploads\/2014\/07\/zaprasivanje-krpelja-.jpg\",\"contentUrl\":\"https:\/\/www.visit-ulcinj.com\/blog\/wp-content\/uploads\/2014\/07\/zaprasivanje-krpelja-.jpg\",\"width\":850,\"height\":478},{\"@type\":\"WebPage\",\"@id\":\"https:\/\/www.visit-ulcinj.com\/blog\/2014\/07\/24\/afera-e-mushkajave-coi-ne-kollaps-komunen-e-ulqinit\/#webpage\",\"url\":\"https:\/\/www.visit-ulcinj.com\/blog\/2014\/07\/24\/afera-e-mushkajave-coi-ne-kollaps-komunen-e-ulqinit\/\",\"name\":\"\\\"Afera e mushkajave\\\" \u00e7oi n\u00eb \u201c kollaps\u201d Komun\u00ebn e Ulqinit - Lajme nga Ulqini\",\"isPartOf\":{\"@id\":\"https:\/\/www.visit-ulcinj.com\/blog\/#website\"},\"primaryImageOfPage\":{\"@id\":\"https:\/\/www.visit-ulcinj.com\/blog\/2014\/07\/24\/afera-e-mushkajave-coi-ne-kollaps-komunen-e-ulqinit\/#primaryimage\"},\"datePublished\":\"2014-07-24T12:36:02+00:00\",\"dateModified\":\"2014-07-24T17:54:39+00:00\",\"author\":{\"@id\":\"https:\/\/www.visit-ulcinj.com\/blog\/#\/schema\/person\/dcab619c614d3038751c63bc2aadc06d\"},\"description\":\"Shkruan Muhamet Nika DY FJAL\u00cb P\u00cbR AFER\u00cbN E MUSHKAJAVE Q\u00cb DIKUR \u00c7OI N\u00cb \u201c KOLLAPS\u201d KOMUN\u00cbN E ULQINIT-(1) P\u00ebrse duhet t\u00eb jemi m\u00eb konkret dhe praktik n\u00eb\",\"breadcrumb\":{\"@id\":\"https:\/\/www.visit-ulcinj.com\/blog\/2014\/07\/24\/afera-e-mushkajave-coi-ne-kollaps-komunen-e-ulqinit\/#breadcrumb\"},\"inLanguage\":\"en-US\",\"potentialAction\":[{\"@type\":\"ReadAction\",\"target\":[\"https:\/\/www.visit-ulcinj.com\/blog\/2014\/07\/24\/afera-e-mushkajave-coi-ne-kollaps-komunen-e-ulqinit\/\"]}]},{\"@type\":\"BreadcrumbList\",\"@id\":\"https:\/\/www.visit-ulcinj.com\/blog\/2014\/07\/24\/afera-e-mushkajave-coi-ne-kollaps-komunen-e-ulqinit\/#breadcrumb\",\"itemListElement\":[{\"@type\":\"ListItem\",\"position\":1,\"name\":\"&#8220;Afera e mushkajave&#8221; \u00e7oi n\u00eb \u201c kollaps\u201d Komun\u00ebn e Ulqinit\"}]},{\"@type\":\"Person\",\"@id\":\"https:\/\/www.visit-ulcinj.com\/blog\/#\/schema\/person\/dcab619c614d3038751c63bc2aadc06d\",\"name\":\"ulqini\",\"sameAs\":[\"http:\/\/www.visit-ulcinj.com\"],\"url\":\"https:\/\/www.visit-ulcinj.com\/blog\/author\/admin\/\"}]}<\/script>\n<!-- \/ Yoast SEO plugin. -->","yoast_head_json":{"title":"\"Afera e mushkajave\" \u00e7oi n\u00eb \u201c kollaps\u201d Komun\u00ebn e Ulqinit - Lajme nga Ulqini","description":"Shkruan Muhamet Nika DY FJAL\u00cb P\u00cbR AFER\u00cbN E MUSHKAJAVE Q\u00cb DIKUR \u00c7OI N\u00cb \u201c KOLLAPS\u201d KOMUN\u00cbN E ULQINIT-(1) P\u00ebrse duhet t\u00eb jemi m\u00eb konkret dhe praktik n\u00eb","robots":{"index":"index","follow":"follow","max-snippet":"max-snippet:-1","max-image-preview":"max-image-preview:large","max-video-preview":"max-video-preview:-1"},"canonical":"https:\/\/www.visit-ulcinj.com\/blog\/2014\/07\/24\/afera-e-mushkajave-coi-ne-kollaps-komunen-e-ulqinit\/","og_locale":"en_US","og_type":"article","og_title":"\"Afera e mushkajave\" \u00e7oi n\u00eb \u201c kollaps\u201d Komun\u00ebn e Ulqinit - Lajme nga Ulqini","og_description":"Shkruan Muhamet Nika DY FJAL\u00cb P\u00cbR AFER\u00cbN E MUSHKAJAVE Q\u00cb DIKUR \u00c7OI N\u00cb \u201c KOLLAPS\u201d KOMUN\u00cbN E ULQINIT-(1) P\u00ebrse duhet t\u00eb jemi m\u00eb konkret dhe praktik n\u00eb","og_url":"https:\/\/www.visit-ulcinj.com\/blog\/2014\/07\/24\/afera-e-mushkajave-coi-ne-kollaps-komunen-e-ulqinit\/","og_site_name":"Lajme nga Ulqini","article_published_time":"2014-07-24T12:36:02+00:00","article_modified_time":"2014-07-24T17:54:39+00:00","og_image":[{"url":"http:\/\/www.visit-ulcinj.com\/blog\/wp-content\/uploads\/2014\/07\/zaprasivanje-krpelja-.jpg"}],"twitter_misc":{"Written by":"ulqini","Est. reading time":"9 minutes"},"schema":{"@context":"https:\/\/schema.org","@graph":[{"@type":"WebSite","@id":"https:\/\/www.visit-ulcinj.com\/blog\/#website","url":"https:\/\/www.visit-ulcinj.com\/blog\/","name":"Lajme nga Ulqini","description":"Lajme,Vijesti,Ulqini,Ulqin,Crna Gora,Mali i Zi","potentialAction":[{"@type":"SearchAction","target":{"@type":"EntryPoint","urlTemplate":"https:\/\/www.visit-ulcinj.com\/blog\/?s={search_term_string}"},"query-input":"required name=search_term_string"}],"inLanguage":"en-US"},{"@type":"ImageObject","inLanguage":"en-US","@id":"https:\/\/www.visit-ulcinj.com\/blog\/2014\/07\/24\/afera-e-mushkajave-coi-ne-kollaps-komunen-e-ulqinit\/#primaryimage","url":"https:\/\/www.visit-ulcinj.com\/blog\/wp-content\/uploads\/2014\/07\/zaprasivanje-krpelja-.jpg","contentUrl":"https:\/\/www.visit-ulcinj.com\/blog\/wp-content\/uploads\/2014\/07\/zaprasivanje-krpelja-.jpg","width":850,"height":478},{"@type":"WebPage","@id":"https:\/\/www.visit-ulcinj.com\/blog\/2014\/07\/24\/afera-e-mushkajave-coi-ne-kollaps-komunen-e-ulqinit\/#webpage","url":"https:\/\/www.visit-ulcinj.com\/blog\/2014\/07\/24\/afera-e-mushkajave-coi-ne-kollaps-komunen-e-ulqinit\/","name":"\"Afera e mushkajave\" \u00e7oi n\u00eb \u201c kollaps\u201d Komun\u00ebn e Ulqinit - Lajme nga Ulqini","isPartOf":{"@id":"https:\/\/www.visit-ulcinj.com\/blog\/#website"},"primaryImageOfPage":{"@id":"https:\/\/www.visit-ulcinj.com\/blog\/2014\/07\/24\/afera-e-mushkajave-coi-ne-kollaps-komunen-e-ulqinit\/#primaryimage"},"datePublished":"2014-07-24T12:36:02+00:00","dateModified":"2014-07-24T17:54:39+00:00","author":{"@id":"https:\/\/www.visit-ulcinj.com\/blog\/#\/schema\/person\/dcab619c614d3038751c63bc2aadc06d"},"description":"Shkruan Muhamet Nika DY FJAL\u00cb P\u00cbR AFER\u00cbN E MUSHKAJAVE Q\u00cb DIKUR \u00c7OI N\u00cb \u201c KOLLAPS\u201d KOMUN\u00cbN E ULQINIT-(1) P\u00ebrse duhet t\u00eb jemi m\u00eb konkret dhe praktik n\u00eb","breadcrumb":{"@id":"https:\/\/www.visit-ulcinj.com\/blog\/2014\/07\/24\/afera-e-mushkajave-coi-ne-kollaps-komunen-e-ulqinit\/#breadcrumb"},"inLanguage":"en-US","potentialAction":[{"@type":"ReadAction","target":["https:\/\/www.visit-ulcinj.com\/blog\/2014\/07\/24\/afera-e-mushkajave-coi-ne-kollaps-komunen-e-ulqinit\/"]}]},{"@type":"BreadcrumbList","@id":"https:\/\/www.visit-ulcinj.com\/blog\/2014\/07\/24\/afera-e-mushkajave-coi-ne-kollaps-komunen-e-ulqinit\/#breadcrumb","itemListElement":[{"@type":"ListItem","position":1,"name":"&#8220;Afera e mushkajave&#8221; \u00e7oi n\u00eb \u201c kollaps\u201d Komun\u00ebn e Ulqinit"}]},{"@type":"Person","@id":"https:\/\/www.visit-ulcinj.com\/blog\/#\/schema\/person\/dcab619c614d3038751c63bc2aadc06d","name":"ulqini","sameAs":["http:\/\/www.visit-ulcinj.com"],"url":"https:\/\/www.visit-ulcinj.com\/blog\/author\/admin\/"}]}},"jetpack_featured_media_url":"","jetpack_sharing_enabled":true,"jetpack_shortlink":"https:\/\/wp.me\/pe6lTn-lUQ","_links":{"self":[{"href":"https:\/\/www.visit-ulcinj.com\/blog\/wp-json\/wp\/v2\/posts\/84248"}],"collection":[{"href":"https:\/\/www.visit-ulcinj.com\/blog\/wp-json\/wp\/v2\/posts"}],"about":[{"href":"https:\/\/www.visit-ulcinj.com\/blog\/wp-json\/wp\/v2\/types\/post"}],"author":[{"embeddable":true,"href":"https:\/\/www.visit-ulcinj.com\/blog\/wp-json\/wp\/v2\/users\/1"}],"replies":[{"embeddable":true,"href":"https:\/\/www.visit-ulcinj.com\/blog\/wp-json\/wp\/v2\/comments?post=84248"}],"version-history":[{"count":1,"href":"https:\/\/www.visit-ulcinj.com\/blog\/wp-json\/wp\/v2\/posts\/84248\/revisions"}],"predecessor-version":[{"id":84250,"href":"https:\/\/www.visit-ulcinj.com\/blog\/wp-json\/wp\/v2\/posts\/84248\/revisions\/84250"}],"wp:attachment":[{"href":"https:\/\/www.visit-ulcinj.com\/blog\/wp-json\/wp\/v2\/media?parent=84248"}],"wp:term":[{"taxonomy":"category","embeddable":true,"href":"https:\/\/www.visit-ulcinj.com\/blog\/wp-json\/wp\/v2\/categories?post=84248"},{"taxonomy":"post_tag","embeddable":true,"href":"https:\/\/www.visit-ulcinj.com\/blog\/wp-json\/wp\/v2\/tags?post=84248"}],"curies":[{"name":"wp","href":"https:\/\/api.w.org\/{rel}","templated":true}]}}